{"id":14924,"date":"2018-05-20T10:10:07","date_gmt":"2018-05-20T15:10:07","guid":{"rendered":"http:\/\/vientosur.top\/museo\/?p=14924"},"modified":"2018-05-20T10:10:07","modified_gmt":"2018-05-20T15:10:07","slug":"museo-violeta-parra-exhibira-combate-naval-ii-este-lunes-21-mayo","status":"publish","type":"post","link":"http:\/\/vientosur.top\/museo\/museo-violeta-parra-exhibira-combate-naval-ii-este-lunes-21-mayo\/","title":{"rendered":"Museo Violeta Parra conmemor\u00f3 el 21 de mayo con recorrido guiado"},"content":{"rendered":"<div class=\"f_cc2-xp-fv g_cc2-xjyj6 clearfix\"><\/div>\n<div class=\"_5pbx userContent _3576\" data-ft=\"{&quot;tn&quot;:&quot;K&quot;}\">\n<p>El Museo Violeta Parra abri\u00f3 especialmente sus puertas, con el objetivo de conmemorar el 21 de Mayo, poniendo a disposici\u00f3n del p\u00fablico la emblem\u00e1tica arpillera \u201cCombate Naval de Iquique II\u201d.<\/p>\n<p>A las 12:00 horas, la Directora Cecilia Garc\u00eda-Huidobro hizo un recorrido guiado por el museo y de la arpillera que se muestra con esta ocasi\u00f3n.<\/p>\n<p>En la foto, parte del grupo que asisti\u00f3.<\/p>\n<\/div>\n<p><a href=\"http:\/\/vientosur.top\/museo\/wp-content\/uploads\/2018\/05\/21demayo.jpg\"><img fetchpriority=\"high\" decoding=\"async\" class=\"alignnone size-full wp-image-14937\" src=\"http:\/\/vientosur.top\/museo\/wp-content\/uploads\/2018\/05\/21demayo.jpg\" alt=\"\" width=\"640\" height=\"480\" \/><\/a><\/p>\n","protected":false},"excerpt":{"rendered":"<p>El Museo Violeta Parra abri\u00f3 especialmente sus puertas, con el objetivo de conmemorar el 21 de Mayo, poniendo a disposici\u00f3n del p\u00fablico la emblem\u00e1tica arpillera \u201cCombate Naval de Iquique II\u201d. A las 12:00 horas, la Directora Cecilia Garc\u00eda-Huidobro hizo un recorrido guiado por el museo y de la arpillera que se muestra con esta ocasi\u00f3n. [&hellip;]<\/p>\n","protected":false},"author":5,"featured_media":14919,"comment_status":"open","ping_status":"open","sticky":false,"template":"","format":"standard","meta":{"site-sidebar-layout":"default","site-content-layout":"","ast-site-content-layout":"default","site-content-style":"default","site-sidebar-style":"default","ast-global-header-display":"","ast-banner-title-visibility":"","ast-main-header-display":"","ast-hfb-above-header-display":"","ast-hfb-below-header-display":"","ast-hfb-mobile-header-display":"","site-post-title":"","ast-breadcrumbs-content":"","ast-featured-img":"","footer-sml-layout":"","theme-transparent-header-meta":"","adv-header-id-meta":"","stick-header-meta":"","header-above-stick-meta":"","header-main-stick-meta":"","header-below-stick-meta":"","astra-migrate-meta-layouts":"default","ast-page-background-enabled":"default","ast-page-background-meta":{"desktop":{"background-color":"var(--ast-global-color-4)","background-image":"","background-repeat":"repeat","background-position":"center center","background-size":"auto","background-attachment":"scroll","background-type":"","background-media":"","overlay-type":"","overlay-color":"","overlay-opacity":"","overlay-gradient":""},"tablet":{"background-color":"","background-image":"","background-repeat":"repeat","background-position":"center center","background-size":"auto","background-attachment":"scroll","background-type":"","background-media":"","overlay-type":"","overlay-color":"","overlay-opacity":"","overlay-gradient":""},"mobile":{"background-color":"","background-image":"","background-repeat":"repeat","background-position":"center center","background-size":"auto","background-attachment":"scroll","background-type":"","background-media":"","overlay-type":"","overlay-color":"","overlay-opacity":"","overlay-gradient":""}},"ast-content-background-meta":{"desktop":{"background-color":"var(--ast-global-color-5)","background-image":"","background-repeat":"repeat","background-position":"center center","background-size":"auto","background-attachment":"scroll","background-type":"","background-media":"","overlay-type":"","overlay-color":"","overlay-opacity":"","overlay-gradient":""},"tablet":{"background-color":"var(--ast-global-color-5)","background-image":"","background-repeat":"repeat","background-position":"center center","background-size":"auto","background-attachment":"scroll","background-type":"","background-media":"","overlay-type":"","overlay-color":"","overlay-opacity":"","overlay-gradient":""},"mobile":{"background-color":"var(--ast-global-color-5)","background-image":"","background-repeat":"repeat","background-position":"center center","background-size":"auto","background-attachment":"scroll","background-type":"","background-media":"","overlay-type":"","overlay-color":"","overlay-opacity":"","overlay-gradient":""}},"footnotes":""},"categories":[59,8,61],"tags":[],"class_list":["post-14924","post","type-post","status-publish","format-standard","has-post-thumbnail","hentry","category-destacado-noticia","category-noticias","category-novedades"],"yoast_head":"<!-- This site is optimized with the Yoast SEO plugin v25.4 - https:\/\/yoast.com\/wordpress\/plugins\/seo\/ -->\n<title>Museo Violeta Parra conmemor\u00f3 el 21 de mayo con recorrido guiado - Museo Violeta Parra<\/title>\n<meta name=\"robots\" content=\"index, follow, max-snippet:-1, max-image-preview:large, max-video-preview:-1\" \/>\n<link rel=\"canonical\" href=\"http:\/\/vientosur.top\/museo\/museo-violeta-parra-exhibira-combate-naval-ii-este-lunes-21-mayo\/\" \/>\n<meta property=\"og:locale\" content=\"es_ES\" \/>\n<meta property=\"og:type\" content=\"article\" \/>\n<meta property=\"og:title\" content=\"Museo Violeta Parra conmemor\u00f3 el 21 de mayo con recorrido guiado - Museo Violeta Parra\" \/>\n<meta property=\"og:description\" content=\"El Museo Violeta Parra abri\u00f3 especialmente sus puertas, con el objetivo de conmemorar el 21 de Mayo, poniendo a disposici\u00f3n del p\u00fablico la emblem\u00e1tica arpillera \u201cCombate Naval de Iquique II\u201d. A las 12:00 horas, la Directora Cecilia Garc\u00eda-Huidobro hizo un recorrido guiado por el museo y de la arpillera que se muestra con esta ocasi\u00f3n. [&hellip;]\" \/>\n<meta property=\"og:url\" content=\"http:\/\/vientosur.top\/museo\/museo-violeta-parra-exhibira-combate-naval-ii-este-lunes-21-mayo\/\" \/>\n<meta property=\"og:site_name\" content=\"Museo Violeta Parra\" \/>\n<meta property=\"article:published_time\" content=\"2018-05-20T15:10:07+00:00\" \/>\n<meta property=\"og:image\" content=\"http:\/\/vientosur.top\/museo\/wp-content\/uploads\/2018\/05\/combatenaval-scaled.jpg\" \/>\n\t<meta property=\"og:image:width\" content=\"2560\" \/>\n\t<meta property=\"og:image:height\" content=\"1266\" \/>\n\t<meta property=\"og:image:type\" content=\"image\/jpeg\" \/>\n<meta name=\"author\" content=\"admin\" \/>\n<meta name=\"twitter:card\" content=\"summary_large_image\" \/>\n<meta name=\"twitter:label1\" content=\"Escrito por\" \/>\n\t<meta name=\"twitter:data1\" content=\"admin\" \/>\n<script type=\"application\/ld+json\" class=\"yoast-schema-graph\">{\"@context\":\"https:\/\/schema.org\",\"@graph\":[{\"@type\":\"WebPage\",\"@id\":\"http:\/\/vientosur.top\/museo\/museo-violeta-parra-exhibira-combate-naval-ii-este-lunes-21-mayo\/\",\"url\":\"http:\/\/vientosur.top\/museo\/museo-violeta-parra-exhibira-combate-naval-ii-este-lunes-21-mayo\/\",\"name\":\"Museo Violeta Parra conmemor\u00f3 el 21 de mayo con recorrido guiado - Museo Violeta Parra\",\"isPartOf\":{\"@id\":\"http:\/\/vientosur.top\/museo\/#website\"},\"primaryImageOfPage\":{\"@id\":\"http:\/\/vientosur.top\/museo\/museo-violeta-parra-exhibira-combate-naval-ii-este-lunes-21-mayo\/#primaryimage\"},\"image\":{\"@id\":\"http:\/\/vientosur.top\/museo\/museo-violeta-parra-exhibira-combate-naval-ii-este-lunes-21-mayo\/#primaryimage\"},\"thumbnailUrl\":\"http:\/\/vientosur.top\/museo\/wp-content\/uploads\/2018\/05\/combatenaval-scaled.jpg\",\"datePublished\":\"2018-05-20T15:10:07+00:00\",\"author\":{\"@id\":\"http:\/\/vientosur.top\/museo\/#\/schema\/person\/20c79d3c38800971feec8c2693c3dd9c\"},\"breadcrumb\":{\"@id\":\"http:\/\/vientosur.top\/museo\/museo-violeta-parra-exhibira-combate-naval-ii-este-lunes-21-mayo\/#breadcrumb\"},\"inLanguage\":\"es\",\"potentialAction\":[{\"@type\":\"ReadAction\",\"target\":[\"http:\/\/vientosur.top\/museo\/museo-violeta-parra-exhibira-combate-naval-ii-este-lunes-21-mayo\/\"]}]},{\"@type\":\"ImageObject\",\"inLanguage\":\"es\",\"@id\":\"http:\/\/vientosur.top\/museo\/museo-violeta-parra-exhibira-combate-naval-ii-este-lunes-21-mayo\/#primaryimage\",\"url\":\"http:\/\/vientosur.top\/museo\/wp-content\/uploads\/2018\/05\/combatenaval-scaled.jpg\",\"contentUrl\":\"http:\/\/vientosur.top\/museo\/wp-content\/uploads\/2018\/05\/combatenaval-scaled.jpg\",\"width\":2560,\"height\":1266},{\"@type\":\"BreadcrumbList\",\"@id\":\"http:\/\/vientosur.top\/museo\/museo-violeta-parra-exhibira-combate-naval-ii-este-lunes-21-mayo\/#breadcrumb\",\"itemListElement\":[{\"@type\":\"ListItem\",\"position\":1,\"name\":\"Portada\",\"item\":\"http:\/\/vientosur.top\/museo\/\"},{\"@type\":\"ListItem\",\"position\":2,\"name\":\"Museo Violeta Parra conmemor\u00f3 el 21 de mayo con recorrido guiado\"}]},{\"@type\":\"WebSite\",\"@id\":\"http:\/\/vientosur.top\/museo\/#website\",\"url\":\"http:\/\/vientosur.top\/museo\/\",\"name\":\"Museo Violeta Parra\",\"description\":\"Espacio que alberga tanto la memoria y legado creativo de la artista\",\"potentialAction\":[{\"@type\":\"SearchAction\",\"target\":{\"@type\":\"EntryPoint\",\"urlTemplate\":\"http:\/\/vientosur.top\/museo\/?s={search_term_string}\"},\"query-input\":{\"@type\":\"PropertyValueSpecification\",\"valueRequired\":true,\"valueName\":\"search_term_string\"}}],\"inLanguage\":\"es\"},{\"@type\":\"Person\",\"@id\":\"http:\/\/vientosur.top\/museo\/#\/schema\/person\/20c79d3c38800971feec8c2693c3dd9c\",\"name\":\"admin\",\"image\":{\"@type\":\"ImageObject\",\"inLanguage\":\"es\",\"@id\":\"http:\/\/vientosur.top\/museo\/#\/schema\/person\/image\/\",\"url\":\"https:\/\/secure.gravatar.com\/avatar\/713677ece3ffa642287213a80e5b773bce9ab81c269dd6d95102a990951c922f?s=96&d=mm&r=g\",\"contentUrl\":\"https:\/\/secure.gravatar.com\/avatar\/713677ece3ffa642287213a80e5b773bce9ab81c269dd6d95102a990951c922f?s=96&d=mm&r=g\",\"caption\":\"admin\"},\"sameAs\":[\"http:\/\/vientosur.top\/museo\"],\"url\":\"http:\/\/vientosur.top\/museo\/author\/comunicacionesmvp\/\"}]}<\/script>\n<!-- \/ Yoast SEO plugin. -->","yoast_head_json":{"title":"Museo Violeta Parra conmemor\u00f3 el 21 de mayo con recorrido guiado - Museo Violeta Parra","robots":{"index":"index","follow":"follow","max-snippet":"max-snippet:-1","max-image-preview":"max-image-preview:large","max-video-preview":"max-video-preview:-1"},"canonical":"http:\/\/vientosur.top\/museo\/museo-violeta-parra-exhibira-combate-naval-ii-este-lunes-21-mayo\/","og_locale":"es_ES","og_type":"article","og_title":"Museo Violeta Parra conmemor\u00f3 el 21 de mayo con recorrido guiado - Museo Violeta Parra","og_description":"El Museo Violeta Parra abri\u00f3 especialmente sus puertas, con el objetivo de conmemorar el 21 de Mayo, poniendo a disposici\u00f3n del p\u00fablico la emblem\u00e1tica arpillera \u201cCombate Naval de Iquique II\u201d. A las 12:00 horas, la Directora Cecilia Garc\u00eda-Huidobro hizo un recorrido guiado por el museo y de la arpillera que se muestra con esta ocasi\u00f3n. [&hellip;]","og_url":"http:\/\/vientosur.top\/museo\/museo-violeta-parra-exhibira-combate-naval-ii-este-lunes-21-mayo\/","og_site_name":"Museo Violeta Parra","article_published_time":"2018-05-20T15:10:07+00:00","og_image":[{"width":2560,"height":1266,"url":"http:\/\/vientosur.top\/museo\/wp-content\/uploads\/2018\/05\/combatenaval-scaled.jpg","type":"image\/jpeg"}],"author":"admin","twitter_card":"summary_large_image","twitter_misc":{"Escrito por":"admin"},"schema":{"@context":"https:\/\/schema.org","@graph":[{"@type":"WebPage","@id":"http:\/\/vientosur.top\/museo\/museo-violeta-parra-exhibira-combate-naval-ii-este-lunes-21-mayo\/","url":"http:\/\/vientosur.top\/museo\/museo-violeta-parra-exhibira-combate-naval-ii-este-lunes-21-mayo\/","name":"Museo Violeta Parra conmemor\u00f3 el 21 de mayo con recorrido guiado - Museo Violeta Parra","isPartOf":{"@id":"http:\/\/vientosur.top\/museo\/#website"},"primaryImageOfPage":{"@id":"http:\/\/vientosur.top\/museo\/museo-violeta-parra-exhibira-combate-naval-ii-este-lunes-21-mayo\/#primaryimage"},"image":{"@id":"http:\/\/vientosur.top\/museo\/museo-violeta-parra-exhibira-combate-naval-ii-este-lunes-21-mayo\/#primaryimage"},"thumbnailUrl":"http:\/\/vientosur.top\/museo\/wp-content\/uploads\/2018\/05\/combatenaval-scaled.jpg","datePublished":"2018-05-20T15:10:07+00:00","author":{"@id":"http:\/\/vientosur.top\/museo\/#\/schema\/person\/20c79d3c38800971feec8c2693c3dd9c"},"breadcrumb":{"@id":"http:\/\/vientosur.top\/museo\/museo-violeta-parra-exhibira-combate-naval-ii-este-lunes-21-mayo\/#breadcrumb"},"inLanguage":"es","potentialAction":[{"@type":"ReadAction","target":["http:\/\/vientosur.top\/museo\/museo-violeta-parra-exhibira-combate-naval-ii-este-lunes-21-mayo\/"]}]},{"@type":"ImageObject","inLanguage":"es","@id":"http:\/\/vientosur.top\/museo\/museo-violeta-parra-exhibira-combate-naval-ii-este-lunes-21-mayo\/#primaryimage","url":"http:\/\/vientosur.top\/museo\/wp-content\/uploads\/2018\/05\/combatenaval-scaled.jpg","contentUrl":"http:\/\/vientosur.top\/museo\/wp-content\/uploads\/2018\/05\/combatenaval-scaled.jpg","width":2560,"height":1266},{"@type":"BreadcrumbList","@id":"http:\/\/vientosur.top\/museo\/museo-violeta-parra-exhibira-combate-naval-ii-este-lunes-21-mayo\/#breadcrumb","itemListElement":[{"@type":"ListItem","position":1,"name":"Portada","item":"http:\/\/vientosur.top\/museo\/"},{"@type":"ListItem","position":2,"name":"Museo Violeta Parra conmemor\u00f3 el 21 de mayo con recorrido guiado"}]},{"@type":"WebSite","@id":"http:\/\/vientosur.top\/museo\/#website","url":"http:\/\/vientosur.top\/museo\/","name":"Museo Violeta Parra","description":"Espacio que alberga tanto la memoria y legado creativo de la artista","potentialAction":[{"@type":"SearchAction","target":{"@type":"EntryPoint","urlTemplate":"http:\/\/vientosur.top\/museo\/?s={search_term_string}"},"query-input":{"@type":"PropertyValueSpecification","valueRequired":true,"valueName":"search_term_string"}}],"inLanguage":"es"},{"@type":"Person","@id":"http:\/\/vientosur.top\/museo\/#\/schema\/person\/20c79d3c38800971feec8c2693c3dd9c","name":"admin","image":{"@type":"ImageObject","inLanguage":"es","@id":"http:\/\/vientosur.top\/museo\/#\/schema\/person\/image\/","url":"https:\/\/secure.gravatar.com\/avatar\/713677ece3ffa642287213a80e5b773bce9ab81c269dd6d95102a990951c922f?s=96&d=mm&r=g","contentUrl":"https:\/\/secure.gravatar.com\/avatar\/713677ece3ffa642287213a80e5b773bce9ab81c269dd6d95102a990951c922f?s=96&d=mm&r=g","caption":"admin"},"sameAs":["http:\/\/vientosur.top\/museo"],"url":"http:\/\/vientosur.top\/museo\/author\/comunicacionesmvp\/"}]}},"_links":{"self":[{"href":"http:\/\/vientosur.top\/museo\/wp-json\/wp\/v2\/posts\/14924","targetHints":{"allow":["GET"]}}],"collection":[{"href":"http:\/\/vientosur.top\/museo\/wp-json\/wp\/v2\/posts"}],"about":[{"href":"http:\/\/vientosur.top\/museo\/wp-json\/wp\/v2\/types\/post"}],"author":[{"embeddable":true,"href":"http:\/\/vientosur.top\/museo\/wp-json\/wp\/v2\/users\/5"}],"replies":[{"embeddable":true,"href":"http:\/\/vientosur.top\/museo\/wp-json\/wp\/v2\/comments?post=14924"}],"version-history":[{"count":0,"href":"http:\/\/vientosur.top\/museo\/wp-json\/wp\/v2\/posts\/14924\/revisions"}],"wp:featuredmedia":[{"embeddable":true,"href":"http:\/\/vientosur.top\/museo\/wp-json\/wp\/v2\/media\/14919"}],"wp:attachment":[{"href":"http:\/\/vientosur.top\/museo\/wp-json\/wp\/v2\/media?parent=14924"}],"wp:term":[{"taxonomy":"category","embeddable":true,"href":"http:\/\/vientosur.top\/museo\/wp-json\/wp\/v2\/categories?post=14924"},{"taxonomy":"post_tag","embeddable":true,"href":"http:\/\/vientosur.top\/museo\/wp-json\/wp\/v2\/tags?post=14924"}],"curies":[{"name":"wp","href":"https:\/\/api.w.org\/{rel}","templated":true}]}}