{"id":14931,"date":"2018-05-22T08:26:11","date_gmt":"2018-05-22T13:26:11","guid":{"rendered":"http:\/\/vientosur.top\/museo\/?p=14931"},"modified":"2018-05-22T08:26:11","modified_gmt":"2018-05-22T13:26:11","slug":"jefa-coleccion-realizara-charla-violeta-parra-museo-del-louvre-este-miercoles","status":"publish","type":"post","link":"http:\/\/vientosur.top\/museo\/jefa-coleccion-realizara-charla-violeta-parra-museo-del-louvre-este-miercoles\/","title":{"rendered":"Jefa de Colecci\u00f3n realiz\u00f3 la charla \u00abVioleta Parra en el Museo del Louvre\u00bb"},"content":{"rendered":"<p>Milena Rojas Cereceda, Jefa de Colecci\u00f3n y Patrimonio del Museo Violeta Parra, expuso sobre la exhibici\u00f3n de la artista en el Museo de Artes Decorativas del Palacio del Louvre, inaugurada en abril de 1964.<\/p>\n<p>La actividad se realiz\u00f3 el mi\u00e9rcoles 23 de mayo en la Sala Run Run del Museo Violeta Parra. Los asistentes conocieron m\u00e1s antecedentes de la exhibici\u00f3n de la artista chilena en el museo franc\u00e9s para luego participar de una visita por la Sala Humana del museo, donde se exhiben algunos de los trabajos que Violeta Parra expuso en el\u00a0Museo de Artes Decorativas del Palacio del Louvre.<\/p>\n<p><a href=\"https:\/\/www.facebook.com\/MuseoVioletaParra\/photos\/ms.c.eJw9y8sNACAIBNGODLsgn~;4bM0Hl~_jJDgApTbo90s8UH0aA1oCVAhX~_waHBOkXfJKeoWcgAJcxRJ.bps.a.2112314312345312.1073742681.1619584511618297\/2112314325678644\/?type=3&amp;theater\" target=\"_blank\" rel=\"noopener noreferrer\">Mira una galer\u00eda de im\u00e1genes aqu\u00ed\u00a0<\/a><\/p>\n<p><b>Imagen:\u00a0<\/b><b>\u00a9 Fundaci\u00f3n Violeta Parra<\/b><\/p>\n","protected":false},"excerpt":{"rendered":"<p>Milena Rojas Cereceda, Jefa de Colecci\u00f3n y Patrimonio del Museo Violeta Parra, expuso sobre la exhibici\u00f3n de la artista en el Museo de Artes Decorativas del Palacio del Louvre, inaugurada en abril de 1964. La actividad se realiz\u00f3 el mi\u00e9rcoles 23 de mayo en la Sala Run Run del Museo Violeta Parra. Los asistentes conocieron [&hellip;]<\/p>\n","protected":false},"author":5,"featured_media":14733,"comment_status":"open","ping_status":"open","sticky":false,"template":"","format":"standard","meta":{"site-sidebar-layout":"default","site-content-layout":"","ast-site-content-layout":"default","site-content-style":"default","site-sidebar-style":"default","ast-global-header-display":"","ast-banner-title-visibility":"","ast-main-header-display":"","ast-hfb-above-header-display":"","ast-hfb-below-header-display":"","ast-hfb-mobile-header-display":"","site-post-title":"","ast-breadcrumbs-content":"","ast-featured-img":"","footer-sml-layout":"","theme-transparent-header-meta":"","adv-header-id-meta":"","stick-header-meta":"","header-above-stick-meta":"","header-main-stick-meta":"","header-below-stick-meta":"","astra-migrate-meta-layouts":"default","ast-page-background-enabled":"default","ast-page-background-meta":{"desktop":{"background-color":"var(--ast-global-color-4)","background-image":"","background-repeat":"repeat","background-position":"center center","background-size":"auto","background-attachment":"scroll","background-type":"","background-media":"","overlay-type":"","overlay-color":"","overlay-opacity":"","overlay-gradient":""},"tablet":{"background-color":"","background-image":"","background-repeat":"repeat","background-position":"center center","background-size":"auto","background-attachment":"scroll","background-type":"","background-media":"","overlay-type":"","overlay-color":"","overlay-opacity":"","overlay-gradient":""},"mobile":{"background-color":"","background-image":"","background-repeat":"repeat","background-position":"center center","background-size":"auto","background-attachment":"scroll","background-type":"","background-media":"","overlay-type":"","overlay-color":"","overlay-opacity":"","overlay-gradient":""}},"ast-content-background-meta":{"desktop":{"background-color":"var(--ast-global-color-5)","background-image":"","background-repeat":"repeat","background-position":"center center","background-size":"auto","background-attachment":"scroll","background-type":"","background-media":"","overlay-type":"","overlay-color":"","overlay-opacity":"","overlay-gradient":""},"tablet":{"background-color":"var(--ast-global-color-5)","background-image":"","background-repeat":"repeat","background-position":"center center","background-size":"auto","background-attachment":"scroll","background-type":"","background-media":"","overlay-type":"","overlay-color":"","overlay-opacity":"","overlay-gradient":""},"mobile":{"background-color":"var(--ast-global-color-5)","background-image":"","background-repeat":"repeat","background-position":"center center","background-size":"auto","background-attachment":"scroll","background-type":"","background-media":"","overlay-type":"","overlay-color":"","overlay-opacity":"","overlay-gradient":""}},"footnotes":""},"categories":[59,8,61],"tags":[],"class_list":["post-14931","post","type-post","status-publish","format-standard","has-post-thumbnail","hentry","category-destacado-noticia","category-noticias","category-novedades"],"yoast_head":"<!-- This site is optimized with the Yoast SEO plugin v25.4 - https:\/\/yoast.com\/wordpress\/plugins\/seo\/ -->\n<title>Jefa de Colecci\u00f3n realiz\u00f3 la charla &quot;Violeta Parra en el Museo del Louvre&quot; - Museo Violeta Parra<\/title>\n<meta name=\"robots\" content=\"index, follow, max-snippet:-1, max-image-preview:large, max-video-preview:-1\" \/>\n<link rel=\"canonical\" href=\"http:\/\/vientosur.top\/museo\/jefa-coleccion-realizara-charla-violeta-parra-museo-del-louvre-este-miercoles\/\" \/>\n<meta property=\"og:locale\" content=\"es_ES\" \/>\n<meta property=\"og:type\" content=\"article\" \/>\n<meta property=\"og:title\" content=\"Jefa de Colecci\u00f3n realiz\u00f3 la charla &quot;Violeta Parra en el Museo del Louvre&quot; - Museo Violeta Parra\" \/>\n<meta property=\"og:description\" content=\"Milena Rojas Cereceda, Jefa de Colecci\u00f3n y Patrimonio del Museo Violeta Parra, expuso sobre la exhibici\u00f3n de la artista en el Museo de Artes Decorativas del Palacio del Louvre, inaugurada en abril de 1964. La actividad se realiz\u00f3 el mi\u00e9rcoles 23 de mayo en la Sala Run Run del Museo Violeta Parra. Los asistentes conocieron [&hellip;]\" \/>\n<meta property=\"og:url\" content=\"http:\/\/vientosur.top\/museo\/jefa-coleccion-realizara-charla-violeta-parra-museo-del-louvre-este-miercoles\/\" \/>\n<meta property=\"og:site_name\" content=\"Museo Violeta Parra\" \/>\n<meta property=\"article:published_time\" content=\"2018-05-22T13:26:11+00:00\" \/>\n<meta property=\"og:image\" content=\"http:\/\/vientosur.top\/museo\/wp-content\/uploads\/2018\/05\/louvre.jpg\" \/>\n\t<meta property=\"og:image:width\" content=\"597\" \/>\n\t<meta property=\"og:image:height\" content=\"750\" \/>\n\t<meta property=\"og:image:type\" content=\"image\/jpeg\" \/>\n<meta name=\"author\" content=\"admin\" \/>\n<meta name=\"twitter:card\" content=\"summary_large_image\" \/>\n<meta name=\"twitter:label1\" content=\"Escrito por\" \/>\n\t<meta name=\"twitter:data1\" content=\"admin\" \/>\n\t<meta name=\"twitter:label2\" content=\"Tiempo de lectura\" \/>\n\t<meta name=\"twitter:data2\" content=\"1 minuto\" \/>\n<script type=\"application\/ld+json\" class=\"yoast-schema-graph\">{\"@context\":\"https:\/\/schema.org\",\"@graph\":[{\"@type\":\"WebPage\",\"@id\":\"http:\/\/vientosur.top\/museo\/jefa-coleccion-realizara-charla-violeta-parra-museo-del-louvre-este-miercoles\/\",\"url\":\"http:\/\/vientosur.top\/museo\/jefa-coleccion-realizara-charla-violeta-parra-museo-del-louvre-este-miercoles\/\",\"name\":\"Jefa de Colecci\u00f3n realiz\u00f3 la charla \\\"Violeta Parra en el Museo del Louvre\\\" - Museo Violeta Parra\",\"isPartOf\":{\"@id\":\"http:\/\/vientosur.top\/museo\/#website\"},\"primaryImageOfPage\":{\"@id\":\"http:\/\/vientosur.top\/museo\/jefa-coleccion-realizara-charla-violeta-parra-museo-del-louvre-este-miercoles\/#primaryimage\"},\"image\":{\"@id\":\"http:\/\/vientosur.top\/museo\/jefa-coleccion-realizara-charla-violeta-parra-museo-del-louvre-este-miercoles\/#primaryimage\"},\"thumbnailUrl\":\"http:\/\/vientosur.top\/museo\/wp-content\/uploads\/2018\/05\/louvre.jpg\",\"datePublished\":\"2018-05-22T13:26:11+00:00\",\"author\":{\"@id\":\"http:\/\/vientosur.top\/museo\/#\/schema\/person\/20c79d3c38800971feec8c2693c3dd9c\"},\"breadcrumb\":{\"@id\":\"http:\/\/vientosur.top\/museo\/jefa-coleccion-realizara-charla-violeta-parra-museo-del-louvre-este-miercoles\/#breadcrumb\"},\"inLanguage\":\"es\",\"potentialAction\":[{\"@type\":\"ReadAction\",\"target\":[\"http:\/\/vientosur.top\/museo\/jefa-coleccion-realizara-charla-violeta-parra-museo-del-louvre-este-miercoles\/\"]}]},{\"@type\":\"ImageObject\",\"inLanguage\":\"es\",\"@id\":\"http:\/\/vientosur.top\/museo\/jefa-coleccion-realizara-charla-violeta-parra-museo-del-louvre-este-miercoles\/#primaryimage\",\"url\":\"http:\/\/vientosur.top\/museo\/wp-content\/uploads\/2018\/05\/louvre.jpg\",\"contentUrl\":\"http:\/\/vientosur.top\/museo\/wp-content\/uploads\/2018\/05\/louvre.jpg\",\"width\":597,\"height\":750},{\"@type\":\"BreadcrumbList\",\"@id\":\"http:\/\/vientosur.top\/museo\/jefa-coleccion-realizara-charla-violeta-parra-museo-del-louvre-este-miercoles\/#breadcrumb\",\"itemListElement\":[{\"@type\":\"ListItem\",\"position\":1,\"name\":\"Portada\",\"item\":\"http:\/\/vientosur.top\/museo\/\"},{\"@type\":\"ListItem\",\"position\":2,\"name\":\"Jefa de Colecci\u00f3n realiz\u00f3 la charla \u00abVioleta Parra en el Museo del Louvre\u00bb\"}]},{\"@type\":\"WebSite\",\"@id\":\"http:\/\/vientosur.top\/museo\/#website\",\"url\":\"http:\/\/vientosur.top\/museo\/\",\"name\":\"Museo Violeta Parra\",\"description\":\"Espacio que alberga tanto la memoria y legado creativo de la artista\",\"potentialAction\":[{\"@type\":\"SearchAction\",\"target\":{\"@type\":\"EntryPoint\",\"urlTemplate\":\"http:\/\/vientosur.top\/museo\/?s={search_term_string}\"},\"query-input\":{\"@type\":\"PropertyValueSpecification\",\"valueRequired\":true,\"valueName\":\"search_term_string\"}}],\"inLanguage\":\"es\"},{\"@type\":\"Person\",\"@id\":\"http:\/\/vientosur.top\/museo\/#\/schema\/person\/20c79d3c38800971feec8c2693c3dd9c\",\"name\":\"admin\",\"image\":{\"@type\":\"ImageObject\",\"inLanguage\":\"es\",\"@id\":\"http:\/\/vientosur.top\/museo\/#\/schema\/person\/image\/\",\"url\":\"https:\/\/secure.gravatar.com\/avatar\/713677ece3ffa642287213a80e5b773bce9ab81c269dd6d95102a990951c922f?s=96&d=mm&r=g\",\"contentUrl\":\"https:\/\/secure.gravatar.com\/avatar\/713677ece3ffa642287213a80e5b773bce9ab81c269dd6d95102a990951c922f?s=96&d=mm&r=g\",\"caption\":\"admin\"},\"sameAs\":[\"http:\/\/vientosur.top\/museo\"],\"url\":\"http:\/\/vientosur.top\/museo\/author\/comunicacionesmvp\/\"}]}<\/script>\n<!-- \/ Yoast SEO plugin. -->","yoast_head_json":{"title":"Jefa de Colecci\u00f3n realiz\u00f3 la charla \"Violeta Parra en el Museo del Louvre\" - Museo Violeta Parra","robots":{"index":"index","follow":"follow","max-snippet":"max-snippet:-1","max-image-preview":"max-image-preview:large","max-video-preview":"max-video-preview:-1"},"canonical":"http:\/\/vientosur.top\/museo\/jefa-coleccion-realizara-charla-violeta-parra-museo-del-louvre-este-miercoles\/","og_locale":"es_ES","og_type":"article","og_title":"Jefa de Colecci\u00f3n realiz\u00f3 la charla \"Violeta Parra en el Museo del Louvre\" - Museo Violeta Parra","og_description":"Milena Rojas Cereceda, Jefa de Colecci\u00f3n y Patrimonio del Museo Violeta Parra, expuso sobre la exhibici\u00f3n de la artista en el Museo de Artes Decorativas del Palacio del Louvre, inaugurada en abril de 1964. La actividad se realiz\u00f3 el mi\u00e9rcoles 23 de mayo en la Sala Run Run del Museo Violeta Parra. Los asistentes conocieron [&hellip;]","og_url":"http:\/\/vientosur.top\/museo\/jefa-coleccion-realizara-charla-violeta-parra-museo-del-louvre-este-miercoles\/","og_site_name":"Museo Violeta Parra","article_published_time":"2018-05-22T13:26:11+00:00","og_image":[{"width":597,"height":750,"url":"http:\/\/vientosur.top\/museo\/wp-content\/uploads\/2018\/05\/louvre.jpg","type":"image\/jpeg"}],"author":"admin","twitter_card":"summary_large_image","twitter_misc":{"Escrito por":"admin","Tiempo de lectura":"1 minuto"},"schema":{"@context":"https:\/\/schema.org","@graph":[{"@type":"WebPage","@id":"http:\/\/vientosur.top\/museo\/jefa-coleccion-realizara-charla-violeta-parra-museo-del-louvre-este-miercoles\/","url":"http:\/\/vientosur.top\/museo\/jefa-coleccion-realizara-charla-violeta-parra-museo-del-louvre-este-miercoles\/","name":"Jefa de Colecci\u00f3n realiz\u00f3 la charla \"Violeta Parra en el Museo del Louvre\" - Museo Violeta Parra","isPartOf":{"@id":"http:\/\/vientosur.top\/museo\/#website"},"primaryImageOfPage":{"@id":"http:\/\/vientosur.top\/museo\/jefa-coleccion-realizara-charla-violeta-parra-museo-del-louvre-este-miercoles\/#primaryimage"},"image":{"@id":"http:\/\/vientosur.top\/museo\/jefa-coleccion-realizara-charla-violeta-parra-museo-del-louvre-este-miercoles\/#primaryimage"},"thumbnailUrl":"http:\/\/vientosur.top\/museo\/wp-content\/uploads\/2018\/05\/louvre.jpg","datePublished":"2018-05-22T13:26:11+00:00","author":{"@id":"http:\/\/vientosur.top\/museo\/#\/schema\/person\/20c79d3c38800971feec8c2693c3dd9c"},"breadcrumb":{"@id":"http:\/\/vientosur.top\/museo\/jefa-coleccion-realizara-charla-violeta-parra-museo-del-louvre-este-miercoles\/#breadcrumb"},"inLanguage":"es","potentialAction":[{"@type":"ReadAction","target":["http:\/\/vientosur.top\/museo\/jefa-coleccion-realizara-charla-violeta-parra-museo-del-louvre-este-miercoles\/"]}]},{"@type":"ImageObject","inLanguage":"es","@id":"http:\/\/vientosur.top\/museo\/jefa-coleccion-realizara-charla-violeta-parra-museo-del-louvre-este-miercoles\/#primaryimage","url":"http:\/\/vientosur.top\/museo\/wp-content\/uploads\/2018\/05\/louvre.jpg","contentUrl":"http:\/\/vientosur.top\/museo\/wp-content\/uploads\/2018\/05\/louvre.jpg","width":597,"height":750},{"@type":"BreadcrumbList","@id":"http:\/\/vientosur.top\/museo\/jefa-coleccion-realizara-charla-violeta-parra-museo-del-louvre-este-miercoles\/#breadcrumb","itemListElement":[{"@type":"ListItem","position":1,"name":"Portada","item":"http:\/\/vientosur.top\/museo\/"},{"@type":"ListItem","position":2,"name":"Jefa de Colecci\u00f3n realiz\u00f3 la charla \u00abVioleta Parra en el Museo del Louvre\u00bb"}]},{"@type":"WebSite","@id":"http:\/\/vientosur.top\/museo\/#website","url":"http:\/\/vientosur.top\/museo\/","name":"Museo Violeta Parra","description":"Espacio que alberga tanto la memoria y legado creativo de la artista","potentialAction":[{"@type":"SearchAction","target":{"@type":"EntryPoint","urlTemplate":"http:\/\/vientosur.top\/museo\/?s={search_term_string}"},"query-input":{"@type":"PropertyValueSpecification","valueRequired":true,"valueName":"search_term_string"}}],"inLanguage":"es"},{"@type":"Person","@id":"http:\/\/vientosur.top\/museo\/#\/schema\/person\/20c79d3c38800971feec8c2693c3dd9c","name":"admin","image":{"@type":"ImageObject","inLanguage":"es","@id":"http:\/\/vientosur.top\/museo\/#\/schema\/person\/image\/","url":"https:\/\/secure.gravatar.com\/avatar\/713677ece3ffa642287213a80e5b773bce9ab81c269dd6d95102a990951c922f?s=96&d=mm&r=g","contentUrl":"https:\/\/secure.gravatar.com\/avatar\/713677ece3ffa642287213a80e5b773bce9ab81c269dd6d95102a990951c922f?s=96&d=mm&r=g","caption":"admin"},"sameAs":["http:\/\/vientosur.top\/museo"],"url":"http:\/\/vientosur.top\/museo\/author\/comunicacionesmvp\/"}]}},"_links":{"self":[{"href":"http:\/\/vientosur.top\/museo\/wp-json\/wp\/v2\/posts\/14931","targetHints":{"allow":["GET"]}}],"collection":[{"href":"http:\/\/vientosur.top\/museo\/wp-json\/wp\/v2\/posts"}],"about":[{"href":"http:\/\/vientosur.top\/museo\/wp-json\/wp\/v2\/types\/post"}],"author":[{"embeddable":true,"href":"http:\/\/vientosur.top\/museo\/wp-json\/wp\/v2\/users\/5"}],"replies":[{"embeddable":true,"href":"http:\/\/vientosur.top\/museo\/wp-json\/wp\/v2\/comments?post=14931"}],"version-history":[{"count":0,"href":"http:\/\/vientosur.top\/museo\/wp-json\/wp\/v2\/posts\/14931\/revisions"}],"wp:featuredmedia":[{"embeddable":true,"href":"http:\/\/vientosur.top\/museo\/wp-json\/wp\/v2\/media\/14733"}],"wp:attachment":[{"href":"http:\/\/vientosur.top\/museo\/wp-json\/wp\/v2\/media?parent=14931"}],"wp:term":[{"taxonomy":"category","embeddable":true,"href":"http:\/\/vientosur.top\/museo\/wp-json\/wp\/v2\/categories?post=14931"},{"taxonomy":"post_tag","embeddable":true,"href":"http:\/\/vientosur.top\/museo\/wp-json\/wp\/v2\/tags?post=14931"}],"curies":[{"name":"wp","href":"https:\/\/api.w.org\/{rel}","templated":true}]}}