{"id":14946,"date":"2018-05-27T10:19:23","date_gmt":"2018-05-27T15:19:23","guid":{"rendered":"http:\/\/vientosur.top\/museo\/?p=14946"},"modified":"2018-05-27T10:19:23","modified_gmt":"2018-05-27T15:19:23","slug":"museo-violeta-parra-celebrara-dia-del-patrimonio-bailes-la-colonia-cuecas-vivo","status":"publish","type":"post","link":"http:\/\/vientosur.top\/museo\/museo-violeta-parra-celebrara-dia-del-patrimonio-bailes-la-colonia-cuecas-vivo\/","title":{"rendered":"Museo Violeta Parra celebr\u00f3 D\u00eda del Patrimonio con Agrupaci\u00f3n Folkl\u00f3rica Chilena Raquel Barros y Los Santiaguinos"},"content":{"rendered":"<p style=\"font-weight: 400;\"><em>La exhibici\u00f3n del trabajo del mimbrero Luis Arnoldo Mart\u00ednez, visitas mediadas, \u201cLa Maleta de Violeta\u201d, adem\u00e1s de las proyecciones de un recital de Isabel y \u00c1ngel Parra y del hist\u00f3rico documental \u201cVioleta Parra. Bordadora chilena\u201d formaron parte del programa de la jornada.\u00a0<\/em><\/p>\n<p>Entre las 11:00 y las 18:00 horas de este domingo 27 de mayo, y por tercera vez en su historia, el Museo Violeta Parra celebr\u00f3 el D\u00eda del Patrimonio Cultural.\u00a0Junto con recorrer la exhibici\u00f3n permanente, los m\u00e1s de 1.500 visitantes pudieron disfrutar de diversas actividades durante toda la jornada.<\/p>\n<p><a href=\"http:\/\/vientosur.top\/museo\/wp-content\/uploads\/2018\/05\/DSC_0053.jpg\"><img fetchpriority=\"high\" decoding=\"async\" class=\"alignnone size-large wp-image-14994\" src=\"http:\/\/vientosur.top\/museo\/wp-content\/uploads\/2018\/05\/DSC_0053-1024x681.jpg\" alt=\"\" width=\"840\" height=\"559\" \/><\/a><\/p>\n<p><strong>Mimbre, canciones y \u00abLa Maleta de Violeta\u00bb<\/strong><\/p>\n<p>En la Sala Run Run, desde la apertura de puertas y hasta las 18:00 horas, se exhibi\u00f3 el\u00a0recital que los hermanos Isabel y \u00c1ngel Parra ofrecieron en el museo en diciembre de 2015, a s\u00f3lo dos meses de su inauguraci\u00f3n.<\/p>\n<p>En 1957, Violeta Parra musicaliz\u00f3 el documental \u00abMimbre\u00bb, dirigido por Sergio Bravo. Luis Arnoldo Mart\u00ednez, quien lleva m\u00e1s de medio siglo trabajando en ese material, estuvo presente toda la jornada. El artesano de Quinta Normal mostr\u00f3 su trabajo y convers\u00f3 con el p\u00fablico sobre la t\u00e9cnica del tejido con fibra vegetal del mimbre.<\/p>\n<p>A las 14:30 horas se present\u00f3 \u00abLa Maleta de Violeta\u00bb. El proyecto educativo itinerante \u2013que ha visitado diversas regiones del pa\u00eds\u2013 incluye elementos visuales, t\u00e1ctiles y sonoros. Los participantes pudieron armar un puzzle de la arpillera \u201cContra la guerra\u201d, realizada por la artista en 1962.<\/p>\n<p><a href=\"http:\/\/vientosur.top\/museo\/wp-content\/uploads\/2018\/05\/arb.jpg\"><img decoding=\"async\" class=\"alignnone size-large wp-image-14996\" src=\"http:\/\/vientosur.top\/museo\/wp-content\/uploads\/2018\/05\/arb-1024x502.jpg\" alt=\"\" width=\"840\" height=\"412\" \/><\/a><\/p>\n<p><strong>De los bailes de la Colonia a la cueca brava<\/strong><\/p>\n<p>La m\u00fasica estuvo presente con la presentaci\u00f3n de la Agrupaci\u00f3n Folkl\u00f3rica Chilena \u201cRaquel Barros Aldunate\u201d, que con m\u00e1s de 65 a\u00f1os de historia present\u00f3 el espect\u00e1culo \u201cCantos y danzas del pueblo en la Colonia\u201d, inspirado en el \u00f3leo \u201cLa reina del mercado\u201d, del pintor alem\u00e1n Juan Mauricio Rugendas. Obra que, aunque fue realizada en M\u00e9xico, refleja la \u00e9poca de Hispanoam\u00e9rica alrededor de 1830. Por la tarde, en la Sala Antar se exhibi\u00f3 el hist\u00f3rico documental \u201cVioleta Parra. Bordadora chilena\u201d, realizado por la periodista\u00a0Marie-Magdeleine Brumagne\u00a0para\u00a0la Televisi\u00f3n Suiza en 1965.<\/p>\n<p><a href=\"http:\/\/vientosur.top\/museo\/wp-content\/uploads\/2018\/05\/arb2.jpg\"><img decoding=\"async\" class=\"alignnone size-large wp-image-14995\" src=\"http:\/\/vientosur.top\/museo\/wp-content\/uploads\/2018\/05\/arb2-1024x681.jpg\" alt=\"\" width=\"840\" height=\"559\" \/><\/a><\/p>\n<p>Finalmente, la cueca fue protagonista del cierre del D\u00eda del Patrimonio. Los Santiaguinos, agrupaci\u00f3n conformada en 1998 que fue pionera en retomar la cueca urbana durante la d\u00e9cada de los noventa, se present\u00f3 en la explanada del museo a las 16:00 horas.<\/p>\n<p><a href=\"https:\/\/www.facebook.com\/pg\/MuseoVioletaParra\/photos\/?tab=album&amp;album_id=2114524442124299\" target=\"_blank\" rel=\"noopener noreferrer\"><strong>Ver galer\u00eda de im\u00e1genes\u00a0<\/strong><\/a><\/p>\n","protected":false},"excerpt":{"rendered":"<p>La exhibici\u00f3n del trabajo del mimbrero Luis Arnoldo Mart\u00ednez, visitas mediadas, \u201cLa Maleta de Violeta\u201d, adem\u00e1s de las proyecciones de un recital de Isabel y \u00c1ngel Parra y del hist\u00f3rico documental \u201cVioleta Parra. Bordadora chilena\u201d formaron parte del programa de la jornada.\u00a0 Entre las 11:00 y las 18:00 horas de este domingo 27 de mayo, [&hellip;]<\/p>\n","protected":false},"author":5,"featured_media":14989,"comment_status":"open","ping_status":"open","sticky":false,"template":"","format":"standard","meta":{"site-sidebar-layout":"default","site-content-layout":"","ast-site-content-layout":"default","site-content-style":"default","site-sidebar-style":"default","ast-global-header-display":"","ast-banner-title-visibility":"","ast-main-header-display":"","ast-hfb-above-header-display":"","ast-hfb-below-header-display":"","ast-hfb-mobile-header-display":"","site-post-title":"","ast-breadcrumbs-content":"","ast-featured-img":"","footer-sml-layout":"","theme-transparent-header-meta":"","adv-header-id-meta":"","stick-header-meta":"","header-above-stick-meta":"","header-main-stick-meta":"","header-below-stick-meta":"","astra-migrate-meta-layouts":"default","ast-page-background-enabled":"default","ast-page-background-meta":{"desktop":{"background-color":"var(--ast-global-color-4)","background-image":"","background-repeat":"repeat","background-position":"center center","background-size":"auto","background-attachment":"scroll","background-type":"","background-media":"","overlay-type":"","overlay-color":"","overlay-opacity":"","overlay-gradient":""},"tablet":{"background-color":"","background-image":"","background-repeat":"repeat","background-position":"center center","background-size":"auto","background-attachment":"scroll","background-type":"","background-media":"","overlay-type":"","overlay-color":"","overlay-opacity":"","overlay-gradient":""},"mobile":{"background-color":"","background-image":"","background-repeat":"repeat","background-position":"center center","background-size":"auto","background-attachment":"scroll","background-type":"","background-media":"","overlay-type":"","overlay-color":"","overlay-opacity":"","overlay-gradient":""}},"ast-content-background-meta":{"desktop":{"background-color":"var(--ast-global-color-5)","background-image":"","background-repeat":"repeat","background-position":"center center","background-size":"auto","background-attachment":"scroll","background-type":"","background-media":"","overlay-type":"","overlay-color":"","overlay-opacity":"","overlay-gradient":""},"tablet":{"background-color":"var(--ast-global-color-5)","background-image":"","background-repeat":"repeat","background-position":"center center","background-size":"auto","background-attachment":"scroll","background-type":"","background-media":"","overlay-type":"","overlay-color":"","overlay-opacity":"","overlay-gradient":""},"mobile":{"background-color":"var(--ast-global-color-5)","background-image":"","background-repeat":"repeat","background-position":"center center","background-size":"auto","background-attachment":"scroll","background-type":"","background-media":"","overlay-type":"","overlay-color":"","overlay-opacity":"","overlay-gradient":""}},"footnotes":""},"categories":[59,8,61],"tags":[],"class_list":["post-14946","post","type-post","status-publish","format-standard","has-post-thumbnail","hentry","category-destacado-noticia","category-noticias","category-novedades"],"yoast_head":"<!-- This site is optimized with the Yoast SEO plugin v25.4 - https:\/\/yoast.com\/wordpress\/plugins\/seo\/ -->\n<title>Museo Violeta Parra celebr\u00f3 D\u00eda del Patrimonio con Agrupaci\u00f3n Folkl\u00f3rica Chilena Raquel Barros y Los Santiaguinos - Museo Violeta Parra<\/title>\n<meta name=\"robots\" content=\"index, follow, max-snippet:-1, max-image-preview:large, max-video-preview:-1\" \/>\n<link rel=\"canonical\" href=\"http:\/\/vientosur.top\/museo\/museo-violeta-parra-celebrara-dia-del-patrimonio-bailes-la-colonia-cuecas-vivo\/\" \/>\n<meta property=\"og:locale\" content=\"es_ES\" \/>\n<meta property=\"og:type\" content=\"article\" \/>\n<meta property=\"og:title\" content=\"Museo Violeta Parra celebr\u00f3 D\u00eda del Patrimonio con Agrupaci\u00f3n Folkl\u00f3rica Chilena Raquel Barros y Los Santiaguinos - Museo Violeta Parra\" \/>\n<meta property=\"og:description\" content=\"La exhibici\u00f3n del trabajo del mimbrero Luis Arnoldo Mart\u00ednez, visitas mediadas, \u201cLa Maleta de Violeta\u201d, adem\u00e1s de las proyecciones de un recital de Isabel y \u00c1ngel Parra y del hist\u00f3rico documental \u201cVioleta Parra. Bordadora chilena\u201d formaron parte del programa de la jornada.\u00a0 Entre las 11:00 y las 18:00 horas de este domingo 27 de mayo, [&hellip;]\" \/>\n<meta property=\"og:url\" content=\"http:\/\/vientosur.top\/museo\/museo-violeta-parra-celebrara-dia-del-patrimonio-bailes-la-colonia-cuecas-vivo\/\" \/>\n<meta property=\"og:site_name\" content=\"Museo Violeta Parra\" \/>\n<meta property=\"article:published_time\" content=\"2018-05-27T15:19:23+00:00\" \/>\n<meta property=\"og:image\" content=\"http:\/\/vientosur.top\/museo\/wp-content\/uploads\/2018\/05\/diadelpatrimonio-scaled.jpg\" \/>\n\t<meta property=\"og:image:width\" content=\"2560\" \/>\n\t<meta property=\"og:image:height\" content=\"1478\" \/>\n\t<meta property=\"og:image:type\" content=\"image\/jpeg\" \/>\n<meta name=\"author\" content=\"admin\" \/>\n<meta name=\"twitter:card\" content=\"summary_large_image\" \/>\n<meta name=\"twitter:label1\" content=\"Escrito por\" \/>\n\t<meta name=\"twitter:data1\" content=\"admin\" \/>\n\t<meta name=\"twitter:label2\" content=\"Tiempo de lectura\" \/>\n\t<meta name=\"twitter:data2\" content=\"2 minutos\" \/>\n<script type=\"application\/ld+json\" class=\"yoast-schema-graph\">{\"@context\":\"https:\/\/schema.org\",\"@graph\":[{\"@type\":\"WebPage\",\"@id\":\"http:\/\/vientosur.top\/museo\/museo-violeta-parra-celebrara-dia-del-patrimonio-bailes-la-colonia-cuecas-vivo\/\",\"url\":\"http:\/\/vientosur.top\/museo\/museo-violeta-parra-celebrara-dia-del-patrimonio-bailes-la-colonia-cuecas-vivo\/\",\"name\":\"Museo Violeta Parra celebr\u00f3 D\u00eda del Patrimonio con Agrupaci\u00f3n Folkl\u00f3rica Chilena Raquel Barros y Los Santiaguinos - Museo Violeta Parra\",\"isPartOf\":{\"@id\":\"http:\/\/vientosur.top\/museo\/#website\"},\"primaryImageOfPage\":{\"@id\":\"http:\/\/vientosur.top\/museo\/museo-violeta-parra-celebrara-dia-del-patrimonio-bailes-la-colonia-cuecas-vivo\/#primaryimage\"},\"image\":{\"@id\":\"http:\/\/vientosur.top\/museo\/museo-violeta-parra-celebrara-dia-del-patrimonio-bailes-la-colonia-cuecas-vivo\/#primaryimage\"},\"thumbnailUrl\":\"http:\/\/vientosur.top\/museo\/wp-content\/uploads\/2018\/05\/diadelpatrimonio-scaled.jpg\",\"datePublished\":\"2018-05-27T15:19:23+00:00\",\"author\":{\"@id\":\"http:\/\/vientosur.top\/museo\/#\/schema\/person\/20c79d3c38800971feec8c2693c3dd9c\"},\"breadcrumb\":{\"@id\":\"http:\/\/vientosur.top\/museo\/museo-violeta-parra-celebrara-dia-del-patrimonio-bailes-la-colonia-cuecas-vivo\/#breadcrumb\"},\"inLanguage\":\"es\",\"potentialAction\":[{\"@type\":\"ReadAction\",\"target\":[\"http:\/\/vientosur.top\/museo\/museo-violeta-parra-celebrara-dia-del-patrimonio-bailes-la-colonia-cuecas-vivo\/\"]}]},{\"@type\":\"ImageObject\",\"inLanguage\":\"es\",\"@id\":\"http:\/\/vientosur.top\/museo\/museo-violeta-parra-celebrara-dia-del-patrimonio-bailes-la-colonia-cuecas-vivo\/#primaryimage\",\"url\":\"http:\/\/vientosur.top\/museo\/wp-content\/uploads\/2018\/05\/diadelpatrimonio-scaled.jpg\",\"contentUrl\":\"http:\/\/vientosur.top\/museo\/wp-content\/uploads\/2018\/05\/diadelpatrimonio-scaled.jpg\",\"width\":2560,\"height\":1478},{\"@type\":\"BreadcrumbList\",\"@id\":\"http:\/\/vientosur.top\/museo\/museo-violeta-parra-celebrara-dia-del-patrimonio-bailes-la-colonia-cuecas-vivo\/#breadcrumb\",\"itemListElement\":[{\"@type\":\"ListItem\",\"position\":1,\"name\":\"Portada\",\"item\":\"http:\/\/vientosur.top\/museo\/\"},{\"@type\":\"ListItem\",\"position\":2,\"name\":\"Museo Violeta Parra celebr\u00f3 D\u00eda del Patrimonio con Agrupaci\u00f3n Folkl\u00f3rica Chilena Raquel Barros y Los Santiaguinos\"}]},{\"@type\":\"WebSite\",\"@id\":\"http:\/\/vientosur.top\/museo\/#website\",\"url\":\"http:\/\/vientosur.top\/museo\/\",\"name\":\"Museo Violeta Parra\",\"description\":\"Espacio que alberga tanto la memoria y legado creativo de la artista\",\"potentialAction\":[{\"@type\":\"SearchAction\",\"target\":{\"@type\":\"EntryPoint\",\"urlTemplate\":\"http:\/\/vientosur.top\/museo\/?s={search_term_string}\"},\"query-input\":{\"@type\":\"PropertyValueSpecification\",\"valueRequired\":true,\"valueName\":\"search_term_string\"}}],\"inLanguage\":\"es\"},{\"@type\":\"Person\",\"@id\":\"http:\/\/vientosur.top\/museo\/#\/schema\/person\/20c79d3c38800971feec8c2693c3dd9c\",\"name\":\"admin\",\"image\":{\"@type\":\"ImageObject\",\"inLanguage\":\"es\",\"@id\":\"http:\/\/vientosur.top\/museo\/#\/schema\/person\/image\/\",\"url\":\"https:\/\/secure.gravatar.com\/avatar\/713677ece3ffa642287213a80e5b773bce9ab81c269dd6d95102a990951c922f?s=96&d=mm&r=g\",\"contentUrl\":\"https:\/\/secure.gravatar.com\/avatar\/713677ece3ffa642287213a80e5b773bce9ab81c269dd6d95102a990951c922f?s=96&d=mm&r=g\",\"caption\":\"admin\"},\"sameAs\":[\"http:\/\/vientosur.top\/museo\"],\"url\":\"http:\/\/vientosur.top\/museo\/author\/comunicacionesmvp\/\"}]}<\/script>\n<!-- \/ Yoast SEO plugin. -->","yoast_head_json":{"title":"Museo Violeta Parra celebr\u00f3 D\u00eda del Patrimonio con Agrupaci\u00f3n Folkl\u00f3rica Chilena Raquel Barros y Los Santiaguinos - Museo Violeta Parra","robots":{"index":"index","follow":"follow","max-snippet":"max-snippet:-1","max-image-preview":"max-image-preview:large","max-video-preview":"max-video-preview:-1"},"canonical":"http:\/\/vientosur.top\/museo\/museo-violeta-parra-celebrara-dia-del-patrimonio-bailes-la-colonia-cuecas-vivo\/","og_locale":"es_ES","og_type":"article","og_title":"Museo Violeta Parra celebr\u00f3 D\u00eda del Patrimonio con Agrupaci\u00f3n Folkl\u00f3rica Chilena Raquel Barros y Los Santiaguinos - Museo Violeta Parra","og_description":"La exhibici\u00f3n del trabajo del mimbrero Luis Arnoldo Mart\u00ednez, visitas mediadas, \u201cLa Maleta de Violeta\u201d, adem\u00e1s de las proyecciones de un recital de Isabel y \u00c1ngel Parra y del hist\u00f3rico documental \u201cVioleta Parra. Bordadora chilena\u201d formaron parte del programa de la jornada.\u00a0 Entre las 11:00 y las 18:00 horas de este domingo 27 de mayo, [&hellip;]","og_url":"http:\/\/vientosur.top\/museo\/museo-violeta-parra-celebrara-dia-del-patrimonio-bailes-la-colonia-cuecas-vivo\/","og_site_name":"Museo Violeta Parra","article_published_time":"2018-05-27T15:19:23+00:00","og_image":[{"width":2560,"height":1478,"url":"http:\/\/vientosur.top\/museo\/wp-content\/uploads\/2018\/05\/diadelpatrimonio-scaled.jpg","type":"image\/jpeg"}],"author":"admin","twitter_card":"summary_large_image","twitter_misc":{"Escrito por":"admin","Tiempo de lectura":"2 minutos"},"schema":{"@context":"https:\/\/schema.org","@graph":[{"@type":"WebPage","@id":"http:\/\/vientosur.top\/museo\/museo-violeta-parra-celebrara-dia-del-patrimonio-bailes-la-colonia-cuecas-vivo\/","url":"http:\/\/vientosur.top\/museo\/museo-violeta-parra-celebrara-dia-del-patrimonio-bailes-la-colonia-cuecas-vivo\/","name":"Museo Violeta Parra celebr\u00f3 D\u00eda del Patrimonio con Agrupaci\u00f3n Folkl\u00f3rica Chilena Raquel Barros y Los Santiaguinos - Museo Violeta Parra","isPartOf":{"@id":"http:\/\/vientosur.top\/museo\/#website"},"primaryImageOfPage":{"@id":"http:\/\/vientosur.top\/museo\/museo-violeta-parra-celebrara-dia-del-patrimonio-bailes-la-colonia-cuecas-vivo\/#primaryimage"},"image":{"@id":"http:\/\/vientosur.top\/museo\/museo-violeta-parra-celebrara-dia-del-patrimonio-bailes-la-colonia-cuecas-vivo\/#primaryimage"},"thumbnailUrl":"http:\/\/vientosur.top\/museo\/wp-content\/uploads\/2018\/05\/diadelpatrimonio-scaled.jpg","datePublished":"2018-05-27T15:19:23+00:00","author":{"@id":"http:\/\/vientosur.top\/museo\/#\/schema\/person\/20c79d3c38800971feec8c2693c3dd9c"},"breadcrumb":{"@id":"http:\/\/vientosur.top\/museo\/museo-violeta-parra-celebrara-dia-del-patrimonio-bailes-la-colonia-cuecas-vivo\/#breadcrumb"},"inLanguage":"es","potentialAction":[{"@type":"ReadAction","target":["http:\/\/vientosur.top\/museo\/museo-violeta-parra-celebrara-dia-del-patrimonio-bailes-la-colonia-cuecas-vivo\/"]}]},{"@type":"ImageObject","inLanguage":"es","@id":"http:\/\/vientosur.top\/museo\/museo-violeta-parra-celebrara-dia-del-patrimonio-bailes-la-colonia-cuecas-vivo\/#primaryimage","url":"http:\/\/vientosur.top\/museo\/wp-content\/uploads\/2018\/05\/diadelpatrimonio-scaled.jpg","contentUrl":"http:\/\/vientosur.top\/museo\/wp-content\/uploads\/2018\/05\/diadelpatrimonio-scaled.jpg","width":2560,"height":1478},{"@type":"BreadcrumbList","@id":"http:\/\/vientosur.top\/museo\/museo-violeta-parra-celebrara-dia-del-patrimonio-bailes-la-colonia-cuecas-vivo\/#breadcrumb","itemListElement":[{"@type":"ListItem","position":1,"name":"Portada","item":"http:\/\/vientosur.top\/museo\/"},{"@type":"ListItem","position":2,"name":"Museo Violeta Parra celebr\u00f3 D\u00eda del Patrimonio con Agrupaci\u00f3n Folkl\u00f3rica Chilena Raquel Barros y Los Santiaguinos"}]},{"@type":"WebSite","@id":"http:\/\/vientosur.top\/museo\/#website","url":"http:\/\/vientosur.top\/museo\/","name":"Museo Violeta Parra","description":"Espacio que alberga tanto la memoria y legado creativo de la artista","potentialAction":[{"@type":"SearchAction","target":{"@type":"EntryPoint","urlTemplate":"http:\/\/vientosur.top\/museo\/?s={search_term_string}"},"query-input":{"@type":"PropertyValueSpecification","valueRequired":true,"valueName":"search_term_string"}}],"inLanguage":"es"},{"@type":"Person","@id":"http:\/\/vientosur.top\/museo\/#\/schema\/person\/20c79d3c38800971feec8c2693c3dd9c","name":"admin","image":{"@type":"ImageObject","inLanguage":"es","@id":"http:\/\/vientosur.top\/museo\/#\/schema\/person\/image\/","url":"https:\/\/secure.gravatar.com\/avatar\/713677ece3ffa642287213a80e5b773bce9ab81c269dd6d95102a990951c922f?s=96&d=mm&r=g","contentUrl":"https:\/\/secure.gravatar.com\/avatar\/713677ece3ffa642287213a80e5b773bce9ab81c269dd6d95102a990951c922f?s=96&d=mm&r=g","caption":"admin"},"sameAs":["http:\/\/vientosur.top\/museo"],"url":"http:\/\/vientosur.top\/museo\/author\/comunicacionesmvp\/"}]}},"_links":{"self":[{"href":"http:\/\/vientosur.top\/museo\/wp-json\/wp\/v2\/posts\/14946","targetHints":{"allow":["GET"]}}],"collection":[{"href":"http:\/\/vientosur.top\/museo\/wp-json\/wp\/v2\/posts"}],"about":[{"href":"http:\/\/vientosur.top\/museo\/wp-json\/wp\/v2\/types\/post"}],"author":[{"embeddable":true,"href":"http:\/\/vientosur.top\/museo\/wp-json\/wp\/v2\/users\/5"}],"replies":[{"embeddable":true,"href":"http:\/\/vientosur.top\/museo\/wp-json\/wp\/v2\/comments?post=14946"}],"version-history":[{"count":0,"href":"http:\/\/vientosur.top\/museo\/wp-json\/wp\/v2\/posts\/14946\/revisions"}],"wp:featuredmedia":[{"embeddable":true,"href":"http:\/\/vientosur.top\/museo\/wp-json\/wp\/v2\/media\/14989"}],"wp:attachment":[{"href":"http:\/\/vientosur.top\/museo\/wp-json\/wp\/v2\/media?parent=14946"}],"wp:term":[{"taxonomy":"category","embeddable":true,"href":"http:\/\/vientosur.top\/museo\/wp-json\/wp\/v2\/categories?post=14946"},{"taxonomy":"post_tag","embeddable":true,"href":"http:\/\/vientosur.top\/museo\/wp-json\/wp\/v2\/tags?post=14946"}],"curies":[{"name":"wp","href":"https:\/\/api.w.org\/{rel}","templated":true}]}}