{"id":14972,"date":"2018-05-25T11:44:54","date_gmt":"2018-05-25T16:44:54","guid":{"rendered":"http:\/\/vientosur.top\/museo\/?p=14972"},"modified":"2018-05-25T11:44:54","modified_gmt":"2018-05-25T16:44:54","slug":"museo-violeta-parra-exhibira-documental-la-cultura-kawesqar","status":"publish","type":"post","link":"http:\/\/vientosur.top\/museo\/museo-violeta-parra-exhibira-documental-la-cultura-kawesqar\/","title":{"rendered":"Museo Violeta Parra exhibi\u00f3 documental sobre la cultura kaw\u00e9sqar\u00a0"},"content":{"rendered":"<p style=\"font-weight: 400;\"><em>\u201cAlas de mar\u201d, dirigido por Hans M\u00fclchi, se proyect\u00f3 de manera gratuita el s\u00e1bado 26 de mayo a las 16:00 horas en la Sala Antar del Museo Violeta Parra.\u00a0<\/em><\/p>\n<p>En el marco del ciclo anual con Chiledoc, <em>el s\u00e1bado 26 de mayo <\/em> el Museo Violeta Parra proyect\u00f3 \u201cAlas de mar\u201d, documental dirigido por Hans M\u00fclchi. La cinta cuenta la historia de\u00a0Celina, una mujer que\u00a0naci\u00f3 en una choza de su etnia kaw\u00e9sqar, en el Estrecho de Magallanes, y que creci\u00f3 mientras desaparec\u00edan familiares y miembros de su pueblo. Ahora, tras ser arrancada de su h\u00e1bitat y llevada a la ciudad de Punta Arenas, vuelve navegando, por primera vez, a las rec\u00f3nditas costas donde vio el mundo.<\/p>\n<p>\u00abAlas de mar\u00bb, estrenado el 2016, es considerado una secuela de \u00abCalafate. Zool\u00f3gicos humanos\u00bb,\u00a0documental del mismo director que cuenta la historia de un grupo de ind\u00edgenas que fueron secuestrados en el siglo XIX para ser expuestos en ciudades como Londres, Par\u00eds y Berl\u00edn. En 2010, fue la misma Celina quien logr\u00f3 restituir los restos de sus antepasados exhibidos en Europa en los zool\u00f3gicos humanos.<\/p>\n<p>De esta manera, \u00abAlas de mar\u201d profundiza en los sentimientos y motivaciones de su protagonista y la acompa\u00f1a en una navegaci\u00f3n alucinante durante 10 d\u00edas. \u201cEs el reencuentro de seres desarraigados con el lugar que las vio nacer\u00bb, dijo M\u00fclchi sobre su pel\u00edcula.<\/p>\n<p><strong>Sobre el director<\/strong><\/p>\n<p>Hans M\u00fclchi es periodista y licenciado en Historia de la Universidad Cat\u00f3lica, m\u00e1ster en documentales de la Universidad Aut\u00f3noma de Barcelona, con estudios de Fotograf\u00eda Cinematogr\u00e1fica en la Escuela de Cine y TV de San Antonio de Los Ba\u00f1os, Cuba. En 2013 estren\u00f3 \u00abCalafate zool\u00f3gicos humanos\u00bb, film que recibi\u00f3 numerosos premios. Tambi\u00e9n dirigi\u00f3 \u201cInd\u00edgenas notables\u201d, serie documental financiada por el Consejo Nacional de Televisi\u00f3n. M\u00fclchi, adem\u00e1s, es acad\u00e9mico del Instituto de la Comunicaci\u00f3n e Imagen de la Universidad de Chile.<\/p>\n<p><strong>Documental \u201cAlas de mar\u201d<br \/>\nS\u00e1bado 26 de mayo \/ 16:00 horas \/ Sala Antar<br \/>\nAvenida Vicu\u00f1a Mackenna 37 (Metro Baquedano)<br \/>\nEntrada liberada<\/strong><\/p>\n<p>&nbsp;<\/p>\n<p><iframe src=\"https:\/\/www.youtube.com\/embed\/FaCjR_LId-Q\" width=\"560\" height=\"315\" frameborder=\"0\" allowfullscreen=\"allowfullscreen\"><\/iframe><\/p>\n<p><strong>Ficha t\u00e9cnica<br \/>\n<\/strong>Direcci\u00f3n: Hans M\u00fclchi<br \/>\nProducci\u00f3n: Flor Rubina<br \/>\nDuraci\u00f3n: 75 minutos<br \/>\nGui\u00f3n: Hans M\u00fclchi<br \/>\nFotograf\u00eda: Enrique Ram\u00edrez<br \/>\nMontaje: Camilo Campi<br \/>\nSonido: Juan Pablo Manr\u00edquez<br \/>\nCasa productora: Blume \/ El Taller<\/p>\n","protected":false},"excerpt":{"rendered":"<p>\u201cAlas de mar\u201d, dirigido por Hans M\u00fclchi, se proyect\u00f3 de manera gratuita el s\u00e1bado 26 de mayo a las 16:00 horas en la Sala Antar del Museo Violeta Parra.\u00a0 En el marco del ciclo anual con Chiledoc, el s\u00e1bado 26 de mayo el Museo Violeta Parra proyect\u00f3 \u201cAlas de mar\u201d, documental dirigido por Hans M\u00fclchi. [&hellip;]<\/p>\n","protected":false},"author":5,"featured_media":14973,"comment_status":"open","ping_status":"open","sticky":false,"template":"","format":"standard","meta":{"site-sidebar-layout":"default","site-content-layout":"","ast-site-content-layout":"default","site-content-style":"default","site-sidebar-style":"default","ast-global-header-display":"","ast-banner-title-visibility":"","ast-main-header-display":"","ast-hfb-above-header-display":"","ast-hfb-below-header-display":"","ast-hfb-mobile-header-display":"","site-post-title":"","ast-breadcrumbs-content":"","ast-featured-img":"","footer-sml-layout":"","theme-transparent-header-meta":"","adv-header-id-meta":"","stick-header-meta":"","header-above-stick-meta":"","header-main-stick-meta":"","header-below-stick-meta":"","astra-migrate-meta-layouts":"default","ast-page-background-enabled":"default","ast-page-background-meta":{"desktop":{"background-color":"var(--ast-global-color-4)","background-image":"","background-repeat":"repeat","background-position":"center center","background-size":"auto","background-attachment":"scroll","background-type":"","background-media":"","overlay-type":"","overlay-color":"","overlay-opacity":"","overlay-gradient":""},"tablet":{"background-color":"","background-image":"","background-repeat":"repeat","background-position":"center center","background-size":"auto","background-attachment":"scroll","background-type":"","background-media":"","overlay-type":"","overlay-color":"","overlay-opacity":"","overlay-gradient":""},"mobile":{"background-color":"","background-image":"","background-repeat":"repeat","background-position":"center center","background-size":"auto","background-attachment":"scroll","background-type":"","background-media":"","overlay-type":"","overlay-color":"","overlay-opacity":"","overlay-gradient":""}},"ast-content-background-meta":{"desktop":{"background-color":"var(--ast-global-color-5)","background-image":"","background-repeat":"repeat","background-position":"center center","background-size":"auto","background-attachment":"scroll","background-type":"","background-media":"","overlay-type":"","overlay-color":"","overlay-opacity":"","overlay-gradient":""},"tablet":{"background-color":"var(--ast-global-color-5)","background-image":"","background-repeat":"repeat","background-position":"center center","background-size":"auto","background-attachment":"scroll","background-type":"","background-media":"","overlay-type":"","overlay-color":"","overlay-opacity":"","overlay-gradient":""},"mobile":{"background-color":"var(--ast-global-color-5)","background-image":"","background-repeat":"repeat","background-position":"center center","background-size":"auto","background-attachment":"scroll","background-type":"","background-media":"","overlay-type":"","overlay-color":"","overlay-opacity":"","overlay-gradient":""}},"footnotes":""},"categories":[59,8,61],"tags":[],"class_list":["post-14972","post","type-post","status-publish","format-standard","has-post-thumbnail","hentry","category-destacado-noticia","category-noticias","category-novedades"],"yoast_head":"<!-- This site is optimized with the Yoast SEO plugin v25.4 - https:\/\/yoast.com\/wordpress\/plugins\/seo\/ -->\n<title>Museo Violeta Parra exhibi\u00f3 documental sobre la cultura kaw\u00e9sqar\u00a0 - Museo Violeta Parra<\/title>\n<meta name=\"robots\" content=\"index, follow, max-snippet:-1, max-image-preview:large, max-video-preview:-1\" \/>\n<link rel=\"canonical\" href=\"http:\/\/vientosur.top\/museo\/museo-violeta-parra-exhibira-documental-la-cultura-kawesqar\/\" \/>\n<meta property=\"og:locale\" content=\"es_ES\" \/>\n<meta property=\"og:type\" content=\"article\" \/>\n<meta property=\"og:title\" content=\"Museo Violeta Parra exhibi\u00f3 documental sobre la cultura kaw\u00e9sqar\u00a0 - Museo Violeta Parra\" \/>\n<meta property=\"og:description\" content=\"\u201cAlas de mar\u201d, dirigido por Hans M\u00fclchi, se proyect\u00f3 de manera gratuita el s\u00e1bado 26 de mayo a las 16:00 horas en la Sala Antar del Museo Violeta Parra.\u00a0 En el marco del ciclo anual con Chiledoc, el s\u00e1bado 26 de mayo el Museo Violeta Parra proyect\u00f3 \u201cAlas de mar\u201d, documental dirigido por Hans M\u00fclchi. [&hellip;]\" \/>\n<meta property=\"og:url\" content=\"http:\/\/vientosur.top\/museo\/museo-violeta-parra-exhibira-documental-la-cultura-kawesqar\/\" \/>\n<meta property=\"og:site_name\" content=\"Museo Violeta Parra\" \/>\n<meta property=\"article:published_time\" content=\"2018-05-25T16:44:54+00:00\" \/>\n<meta property=\"og:image\" content=\"http:\/\/vientosur.top\/museo\/wp-content\/uploads\/2018\/05\/alasdemar-1024x769.jpg\" \/>\n\t<meta property=\"og:image:width\" content=\"1024\" \/>\n\t<meta property=\"og:image:height\" content=\"769\" \/>\n\t<meta property=\"og:image:type\" content=\"image\/jpeg\" \/>\n<meta name=\"author\" content=\"admin\" \/>\n<meta name=\"twitter:card\" content=\"summary_large_image\" \/>\n<meta name=\"twitter:label1\" content=\"Escrito por\" \/>\n\t<meta name=\"twitter:data1\" content=\"admin\" \/>\n\t<meta name=\"twitter:label2\" content=\"Tiempo de lectura\" \/>\n\t<meta name=\"twitter:data2\" content=\"2 minutos\" \/>\n<script type=\"application\/ld+json\" class=\"yoast-schema-graph\">{\"@context\":\"https:\/\/schema.org\",\"@graph\":[{\"@type\":\"WebPage\",\"@id\":\"http:\/\/vientosur.top\/museo\/museo-violeta-parra-exhibira-documental-la-cultura-kawesqar\/\",\"url\":\"http:\/\/vientosur.top\/museo\/museo-violeta-parra-exhibira-documental-la-cultura-kawesqar\/\",\"name\":\"Museo Violeta Parra exhibi\u00f3 documental sobre la cultura kaw\u00e9sqar\u00a0 - Museo Violeta Parra\",\"isPartOf\":{\"@id\":\"http:\/\/vientosur.top\/museo\/#website\"},\"primaryImageOfPage\":{\"@id\":\"http:\/\/vientosur.top\/museo\/museo-violeta-parra-exhibira-documental-la-cultura-kawesqar\/#primaryimage\"},\"image\":{\"@id\":\"http:\/\/vientosur.top\/museo\/museo-violeta-parra-exhibira-documental-la-cultura-kawesqar\/#primaryimage\"},\"thumbnailUrl\":\"http:\/\/vientosur.top\/museo\/wp-content\/uploads\/2018\/05\/alasdemar.jpg\",\"datePublished\":\"2018-05-25T16:44:54+00:00\",\"author\":{\"@id\":\"http:\/\/vientosur.top\/museo\/#\/schema\/person\/20c79d3c38800971feec8c2693c3dd9c\"},\"breadcrumb\":{\"@id\":\"http:\/\/vientosur.top\/museo\/museo-violeta-parra-exhibira-documental-la-cultura-kawesqar\/#breadcrumb\"},\"inLanguage\":\"es\",\"potentialAction\":[{\"@type\":\"ReadAction\",\"target\":[\"http:\/\/vientosur.top\/museo\/museo-violeta-parra-exhibira-documental-la-cultura-kawesqar\/\"]}]},{\"@type\":\"ImageObject\",\"inLanguage\":\"es\",\"@id\":\"http:\/\/vientosur.top\/museo\/museo-violeta-parra-exhibira-documental-la-cultura-kawesqar\/#primaryimage\",\"url\":\"http:\/\/vientosur.top\/museo\/wp-content\/uploads\/2018\/05\/alasdemar.jpg\",\"contentUrl\":\"http:\/\/vientosur.top\/museo\/wp-content\/uploads\/2018\/05\/alasdemar.jpg\",\"width\":2000,\"height\":1502},{\"@type\":\"BreadcrumbList\",\"@id\":\"http:\/\/vientosur.top\/museo\/museo-violeta-parra-exhibira-documental-la-cultura-kawesqar\/#breadcrumb\",\"itemListElement\":[{\"@type\":\"ListItem\",\"position\":1,\"name\":\"Portada\",\"item\":\"http:\/\/vientosur.top\/museo\/\"},{\"@type\":\"ListItem\",\"position\":2,\"name\":\"Museo Violeta Parra exhibi\u00f3 documental sobre la cultura kaw\u00e9sqar\u00a0\"}]},{\"@type\":\"WebSite\",\"@id\":\"http:\/\/vientosur.top\/museo\/#website\",\"url\":\"http:\/\/vientosur.top\/museo\/\",\"name\":\"Museo Violeta Parra\",\"description\":\"Espacio que alberga tanto la memoria y legado creativo de la artista\",\"potentialAction\":[{\"@type\":\"SearchAction\",\"target\":{\"@type\":\"EntryPoint\",\"urlTemplate\":\"http:\/\/vientosur.top\/museo\/?s={search_term_string}\"},\"query-input\":{\"@type\":\"PropertyValueSpecification\",\"valueRequired\":true,\"valueName\":\"search_term_string\"}}],\"inLanguage\":\"es\"},{\"@type\":\"Person\",\"@id\":\"http:\/\/vientosur.top\/museo\/#\/schema\/person\/20c79d3c38800971feec8c2693c3dd9c\",\"name\":\"admin\",\"image\":{\"@type\":\"ImageObject\",\"inLanguage\":\"es\",\"@id\":\"http:\/\/vientosur.top\/museo\/#\/schema\/person\/image\/\",\"url\":\"https:\/\/secure.gravatar.com\/avatar\/713677ece3ffa642287213a80e5b773bce9ab81c269dd6d95102a990951c922f?s=96&d=mm&r=g\",\"contentUrl\":\"https:\/\/secure.gravatar.com\/avatar\/713677ece3ffa642287213a80e5b773bce9ab81c269dd6d95102a990951c922f?s=96&d=mm&r=g\",\"caption\":\"admin\"},\"sameAs\":[\"http:\/\/vientosur.top\/museo\"],\"url\":\"http:\/\/vientosur.top\/museo\/author\/comunicacionesmvp\/\"}]}<\/script>\n<!-- \/ Yoast SEO plugin. -->","yoast_head_json":{"title":"Museo Violeta Parra exhibi\u00f3 documental sobre la cultura kaw\u00e9sqar\u00a0 - Museo Violeta Parra","robots":{"index":"index","follow":"follow","max-snippet":"max-snippet:-1","max-image-preview":"max-image-preview:large","max-video-preview":"max-video-preview:-1"},"canonical":"http:\/\/vientosur.top\/museo\/museo-violeta-parra-exhibira-documental-la-cultura-kawesqar\/","og_locale":"es_ES","og_type":"article","og_title":"Museo Violeta Parra exhibi\u00f3 documental sobre la cultura kaw\u00e9sqar\u00a0 - Museo Violeta Parra","og_description":"\u201cAlas de mar\u201d, dirigido por Hans M\u00fclchi, se proyect\u00f3 de manera gratuita el s\u00e1bado 26 de mayo a las 16:00 horas en la Sala Antar del Museo Violeta Parra.\u00a0 En el marco del ciclo anual con Chiledoc, el s\u00e1bado 26 de mayo el Museo Violeta Parra proyect\u00f3 \u201cAlas de mar\u201d, documental dirigido por Hans M\u00fclchi. [&hellip;]","og_url":"http:\/\/vientosur.top\/museo\/museo-violeta-parra-exhibira-documental-la-cultura-kawesqar\/","og_site_name":"Museo Violeta Parra","article_published_time":"2018-05-25T16:44:54+00:00","og_image":[{"width":1024,"height":769,"url":"http:\/\/vientosur.top\/museo\/wp-content\/uploads\/2018\/05\/alasdemar-1024x769.jpg","type":"image\/jpeg"}],"author":"admin","twitter_card":"summary_large_image","twitter_misc":{"Escrito por":"admin","Tiempo de lectura":"2 minutos"},"schema":{"@context":"https:\/\/schema.org","@graph":[{"@type":"WebPage","@id":"http:\/\/vientosur.top\/museo\/museo-violeta-parra-exhibira-documental-la-cultura-kawesqar\/","url":"http:\/\/vientosur.top\/museo\/museo-violeta-parra-exhibira-documental-la-cultura-kawesqar\/","name":"Museo Violeta Parra exhibi\u00f3 documental sobre la cultura kaw\u00e9sqar\u00a0 - Museo Violeta Parra","isPartOf":{"@id":"http:\/\/vientosur.top\/museo\/#website"},"primaryImageOfPage":{"@id":"http:\/\/vientosur.top\/museo\/museo-violeta-parra-exhibira-documental-la-cultura-kawesqar\/#primaryimage"},"image":{"@id":"http:\/\/vientosur.top\/museo\/museo-violeta-parra-exhibira-documental-la-cultura-kawesqar\/#primaryimage"},"thumbnailUrl":"http:\/\/vientosur.top\/museo\/wp-content\/uploads\/2018\/05\/alasdemar.jpg","datePublished":"2018-05-25T16:44:54+00:00","author":{"@id":"http:\/\/vientosur.top\/museo\/#\/schema\/person\/20c79d3c38800971feec8c2693c3dd9c"},"breadcrumb":{"@id":"http:\/\/vientosur.top\/museo\/museo-violeta-parra-exhibira-documental-la-cultura-kawesqar\/#breadcrumb"},"inLanguage":"es","potentialAction":[{"@type":"ReadAction","target":["http:\/\/vientosur.top\/museo\/museo-violeta-parra-exhibira-documental-la-cultura-kawesqar\/"]}]},{"@type":"ImageObject","inLanguage":"es","@id":"http:\/\/vientosur.top\/museo\/museo-violeta-parra-exhibira-documental-la-cultura-kawesqar\/#primaryimage","url":"http:\/\/vientosur.top\/museo\/wp-content\/uploads\/2018\/05\/alasdemar.jpg","contentUrl":"http:\/\/vientosur.top\/museo\/wp-content\/uploads\/2018\/05\/alasdemar.jpg","width":2000,"height":1502},{"@type":"BreadcrumbList","@id":"http:\/\/vientosur.top\/museo\/museo-violeta-parra-exhibira-documental-la-cultura-kawesqar\/#breadcrumb","itemListElement":[{"@type":"ListItem","position":1,"name":"Portada","item":"http:\/\/vientosur.top\/museo\/"},{"@type":"ListItem","position":2,"name":"Museo Violeta Parra exhibi\u00f3 documental sobre la cultura kaw\u00e9sqar\u00a0"}]},{"@type":"WebSite","@id":"http:\/\/vientosur.top\/museo\/#website","url":"http:\/\/vientosur.top\/museo\/","name":"Museo Violeta Parra","description":"Espacio que alberga tanto la memoria y legado creativo de la artista","potentialAction":[{"@type":"SearchAction","target":{"@type":"EntryPoint","urlTemplate":"http:\/\/vientosur.top\/museo\/?s={search_term_string}"},"query-input":{"@type":"PropertyValueSpecification","valueRequired":true,"valueName":"search_term_string"}}],"inLanguage":"es"},{"@type":"Person","@id":"http:\/\/vientosur.top\/museo\/#\/schema\/person\/20c79d3c38800971feec8c2693c3dd9c","name":"admin","image":{"@type":"ImageObject","inLanguage":"es","@id":"http:\/\/vientosur.top\/museo\/#\/schema\/person\/image\/","url":"https:\/\/secure.gravatar.com\/avatar\/713677ece3ffa642287213a80e5b773bce9ab81c269dd6d95102a990951c922f?s=96&d=mm&r=g","contentUrl":"https:\/\/secure.gravatar.com\/avatar\/713677ece3ffa642287213a80e5b773bce9ab81c269dd6d95102a990951c922f?s=96&d=mm&r=g","caption":"admin"},"sameAs":["http:\/\/vientosur.top\/museo"],"url":"http:\/\/vientosur.top\/museo\/author\/comunicacionesmvp\/"}]}},"_links":{"self":[{"href":"http:\/\/vientosur.top\/museo\/wp-json\/wp\/v2\/posts\/14972","targetHints":{"allow":["GET"]}}],"collection":[{"href":"http:\/\/vientosur.top\/museo\/wp-json\/wp\/v2\/posts"}],"about":[{"href":"http:\/\/vientosur.top\/museo\/wp-json\/wp\/v2\/types\/post"}],"author":[{"embeddable":true,"href":"http:\/\/vientosur.top\/museo\/wp-json\/wp\/v2\/users\/5"}],"replies":[{"embeddable":true,"href":"http:\/\/vientosur.top\/museo\/wp-json\/wp\/v2\/comments?post=14972"}],"version-history":[{"count":0,"href":"http:\/\/vientosur.top\/museo\/wp-json\/wp\/v2\/posts\/14972\/revisions"}],"wp:featuredmedia":[{"embeddable":true,"href":"http:\/\/vientosur.top\/museo\/wp-json\/wp\/v2\/media\/14973"}],"wp:attachment":[{"href":"http:\/\/vientosur.top\/museo\/wp-json\/wp\/v2\/media?parent=14972"}],"wp:term":[{"taxonomy":"category","embeddable":true,"href":"http:\/\/vientosur.top\/museo\/wp-json\/wp\/v2\/categories?post=14972"},{"taxonomy":"post_tag","embeddable":true,"href":"http:\/\/vientosur.top\/museo\/wp-json\/wp\/v2\/tags?post=14972"}],"curies":[{"name":"wp","href":"https:\/\/api.w.org\/{rel}","templated":true}]}}