{"id":15004,"date":"2018-06-03T14:33:48","date_gmt":"2018-06-03T19:33:48","guid":{"rendered":"http:\/\/vientosur.top\/museo\/?p=15004"},"modified":"2018-06-03T14:33:48","modified_gmt":"2018-06-03T19:33:48","slug":"los-nogalinos-se-presentaran-este-sabado-ciclo-cuecas-del-museo-violeta-parra","status":"publish","type":"post","link":"http:\/\/vientosur.top\/museo\/los-nogalinos-se-presentaran-este-sabado-ciclo-cuecas-del-museo-violeta-parra\/","title":{"rendered":"La cueca brava de\u00a0Los Nogalinos lleg\u00f3 al Museo Violeta Parra"},"content":{"rendered":"<p style=\"font-weight: 400;\"><em>La agrupaci\u00f3n ofreci\u00f3 una presentaci\u00f3n gratuita para el p\u00fablico, en el marco del Ciclo de Cuecas que se realiza el primer s\u00e1bado de cada mes en la explanada del museo.<\/em><\/p>\n<p>Comenz\u00f3 un nuevo mes y, como ya es tradici\u00f3n, el Museo Violeta Parra lo recibi\u00f3 con su Ciclo de Cuecas. El s\u00e1bado 2 de junio, la explanada del recinto se llen\u00f3 de m\u00fasica y baile desde las 16:00 horas en una jornada dirigida por Los Nogalinos, en la que el p\u00fablico se sum\u00f3 con sus pa\u00f1uelos.<\/p>\n<p>Junto con celebrar el comienzo de junio, el recital fue parte de los festejos que Los Nogalinos est\u00e1n realizando por sus 10 a\u00f1os de carrera. La agrupaci\u00f3n naci\u00f3 en 2008 en el coraz\u00f3n de la comuna de Estaci\u00f3n Central, espec\u00edficamente en la Poblaci\u00f3n Los Nogales.<\/p>\n<p style=\"font-weight: 400;\">Alejandro Rojas, uno de los seis integrantes del conjunto, explic\u00f3 que \u201cpara nosotros es un honor tocar en la casa de Violeta, principalmente porque es un museo que le abre un espacio a la cueca, y eso es algo que no pasa en Chile\u201d.<\/p>\n<p style=\"font-weight: 400;\">Las celebraciones de Los Nogalinos se extender\u00e1n hasta noviembre con un gran recital y con un tercer trabajo discogr\u00e1fico, que se sumar\u00e1 a sus dos producciones musicales: \u201cViaje al centro de la cueca\u201d,\u00a0\u00a0grabado el 18 de septiembre de 2012 en el Bar Victoria, y a \u201cLos Nogalinos. Entre historias y personas\u201d, editado en 2014.<\/p>\n<p style=\"font-weight: 400;\">Los integrantes de Los Nogalinos son: Alejandro Rojas, \u00d3scar Valtierra, Arturo Pastrian, Hern\u00e1n Rojas, Felipe Leyton y Giovanni Rojas.<\/p>\n<p><a href=\"https:\/\/www.facebook.com\/pg\/MuseoVioletaParra\/photos\/?tab=album&amp;album_id=2117209538522456\" target=\"_blank\" rel=\"noopener noreferrer\">Ver galer\u00eda de im\u00e1genes<\/a><\/p>\n<p>&nbsp;<\/p>\n<p><iframe src=\"https:\/\/www.youtube.com\/embed\/_Sw64YDoP6Q\" width=\"560\" height=\"315\" frameborder=\"0\" allowfullscreen=\"allowfullscreen\" data-mce-fragment=\"1\"><\/iframe><\/p>\n<p><strong>Los Nogalinos en el Ciclo de Cuecas<\/strong><br \/>\n<strong>S\u00e1bado 2 de junio \/ 16:00 horas \/ Explanada<\/strong><br \/>\n<strong>Avenida Vicu\u00f1a Mackenna 37\u00a0<\/strong><br \/>\n<strong>Entrada liberada<\/strong><\/p>\n","protected":false},"excerpt":{"rendered":"<p>La agrupaci\u00f3n ofreci\u00f3 una presentaci\u00f3n gratuita para el p\u00fablico, en el marco del Ciclo de Cuecas que se realiza el primer s\u00e1bado de cada mes en la explanada del museo. Comenz\u00f3 un nuevo mes y, como ya es tradici\u00f3n, el Museo Violeta Parra lo recibi\u00f3 con su Ciclo de Cuecas. El s\u00e1bado 2 de junio, [&hellip;]<\/p>\n","protected":false},"author":5,"featured_media":15143,"comment_status":"open","ping_status":"open","sticky":false,"template":"","format":"standard","meta":{"site-sidebar-layout":"default","site-content-layout":"","ast-site-content-layout":"default","site-content-style":"default","site-sidebar-style":"default","ast-global-header-display":"","ast-banner-title-visibility":"","ast-main-header-display":"","ast-hfb-above-header-display":"","ast-hfb-below-header-display":"","ast-hfb-mobile-header-display":"","site-post-title":"","ast-breadcrumbs-content":"","ast-featured-img":"","footer-sml-layout":"","theme-transparent-header-meta":"","adv-header-id-meta":"","stick-header-meta":"","header-above-stick-meta":"","header-main-stick-meta":"","header-below-stick-meta":"","astra-migrate-meta-layouts":"default","ast-page-background-enabled":"default","ast-page-background-meta":{"desktop":{"background-color":"var(--ast-global-color-4)","background-image":"","background-repeat":"repeat","background-position":"center center","background-size":"auto","background-attachment":"scroll","background-type":"","background-media":"","overlay-type":"","overlay-color":"","overlay-opacity":"","overlay-gradient":""},"tablet":{"background-color":"","background-image":"","background-repeat":"repeat","background-position":"center center","background-size":"auto","background-attachment":"scroll","background-type":"","background-media":"","overlay-type":"","overlay-color":"","overlay-opacity":"","overlay-gradient":""},"mobile":{"background-color":"","background-image":"","background-repeat":"repeat","background-position":"center center","background-size":"auto","background-attachment":"scroll","background-type":"","background-media":"","overlay-type":"","overlay-color":"","overlay-opacity":"","overlay-gradient":""}},"ast-content-background-meta":{"desktop":{"background-color":"var(--ast-global-color-5)","background-image":"","background-repeat":"repeat","background-position":"center center","background-size":"auto","background-attachment":"scroll","background-type":"","background-media":"","overlay-type":"","overlay-color":"","overlay-opacity":"","overlay-gradient":""},"tablet":{"background-color":"var(--ast-global-color-5)","background-image":"","background-repeat":"repeat","background-position":"center center","background-size":"auto","background-attachment":"scroll","background-type":"","background-media":"","overlay-type":"","overlay-color":"","overlay-opacity":"","overlay-gradient":""},"mobile":{"background-color":"var(--ast-global-color-5)","background-image":"","background-repeat":"repeat","background-position":"center center","background-size":"auto","background-attachment":"scroll","background-type":"","background-media":"","overlay-type":"","overlay-color":"","overlay-opacity":"","overlay-gradient":""}},"footnotes":""},"categories":[59,8,61],"tags":[],"class_list":["post-15004","post","type-post","status-publish","format-standard","has-post-thumbnail","hentry","category-destacado-noticia","category-noticias","category-novedades"],"yoast_head":"<!-- This site is optimized with the Yoast SEO plugin v25.4 - https:\/\/yoast.com\/wordpress\/plugins\/seo\/ -->\n<title>La cueca brava de\u00a0Los Nogalinos lleg\u00f3 al Museo Violeta Parra - Museo Violeta Parra<\/title>\n<meta name=\"robots\" content=\"index, follow, max-snippet:-1, max-image-preview:large, max-video-preview:-1\" \/>\n<link rel=\"canonical\" href=\"http:\/\/vientosur.top\/museo\/los-nogalinos-se-presentaran-este-sabado-ciclo-cuecas-del-museo-violeta-parra\/\" \/>\n<meta property=\"og:locale\" content=\"es_ES\" \/>\n<meta property=\"og:type\" content=\"article\" \/>\n<meta property=\"og:title\" content=\"La cueca brava de\u00a0Los Nogalinos lleg\u00f3 al Museo Violeta Parra - Museo Violeta Parra\" \/>\n<meta property=\"og:description\" content=\"La agrupaci\u00f3n ofreci\u00f3 una presentaci\u00f3n gratuita para el p\u00fablico, en el marco del Ciclo de Cuecas que se realiza el primer s\u00e1bado de cada mes en la explanada del museo. Comenz\u00f3 un nuevo mes y, como ya es tradici\u00f3n, el Museo Violeta Parra lo recibi\u00f3 con su Ciclo de Cuecas. El s\u00e1bado 2 de junio, [&hellip;]\" \/>\n<meta property=\"og:url\" content=\"http:\/\/vientosur.top\/museo\/los-nogalinos-se-presentaran-este-sabado-ciclo-cuecas-del-museo-violeta-parra\/\" \/>\n<meta property=\"og:site_name\" content=\"Museo Violeta Parra\" \/>\n<meta property=\"article:published_time\" content=\"2018-06-03T19:33:48+00:00\" \/>\n<meta property=\"og:image\" content=\"http:\/\/vientosur.top\/museo\/wp-content\/uploads\/2018\/05\/DSC_0559-scaled.jpg\" \/>\n\t<meta property=\"og:image:width\" content=\"2560\" \/>\n\t<meta property=\"og:image:height\" content=\"1702\" \/>\n\t<meta property=\"og:image:type\" content=\"image\/jpeg\" \/>\n<meta name=\"author\" content=\"admin\" \/>\n<meta name=\"twitter:card\" content=\"summary_large_image\" \/>\n<meta name=\"twitter:label1\" content=\"Escrito por\" \/>\n\t<meta name=\"twitter:data1\" content=\"admin\" \/>\n\t<meta name=\"twitter:label2\" content=\"Tiempo de lectura\" \/>\n\t<meta name=\"twitter:data2\" content=\"1 minuto\" \/>\n<script type=\"application\/ld+json\" class=\"yoast-schema-graph\">{\"@context\":\"https:\/\/schema.org\",\"@graph\":[{\"@type\":\"WebPage\",\"@id\":\"http:\/\/vientosur.top\/museo\/los-nogalinos-se-presentaran-este-sabado-ciclo-cuecas-del-museo-violeta-parra\/\",\"url\":\"http:\/\/vientosur.top\/museo\/los-nogalinos-se-presentaran-este-sabado-ciclo-cuecas-del-museo-violeta-parra\/\",\"name\":\"La cueca brava de\u00a0Los Nogalinos lleg\u00f3 al Museo Violeta Parra - Museo Violeta Parra\",\"isPartOf\":{\"@id\":\"http:\/\/vientosur.top\/museo\/#website\"},\"primaryImageOfPage\":{\"@id\":\"http:\/\/vientosur.top\/museo\/los-nogalinos-se-presentaran-este-sabado-ciclo-cuecas-del-museo-violeta-parra\/#primaryimage\"},\"image\":{\"@id\":\"http:\/\/vientosur.top\/museo\/los-nogalinos-se-presentaran-este-sabado-ciclo-cuecas-del-museo-violeta-parra\/#primaryimage\"},\"thumbnailUrl\":\"http:\/\/vientosur.top\/museo\/wp-content\/uploads\/2018\/05\/DSC_0559-scaled.jpg\",\"datePublished\":\"2018-06-03T19:33:48+00:00\",\"author\":{\"@id\":\"http:\/\/vientosur.top\/museo\/#\/schema\/person\/20c79d3c38800971feec8c2693c3dd9c\"},\"breadcrumb\":{\"@id\":\"http:\/\/vientosur.top\/museo\/los-nogalinos-se-presentaran-este-sabado-ciclo-cuecas-del-museo-violeta-parra\/#breadcrumb\"},\"inLanguage\":\"es\",\"potentialAction\":[{\"@type\":\"ReadAction\",\"target\":[\"http:\/\/vientosur.top\/museo\/los-nogalinos-se-presentaran-este-sabado-ciclo-cuecas-del-museo-violeta-parra\/\"]}]},{\"@type\":\"ImageObject\",\"inLanguage\":\"es\",\"@id\":\"http:\/\/vientosur.top\/museo\/los-nogalinos-se-presentaran-este-sabado-ciclo-cuecas-del-museo-violeta-parra\/#primaryimage\",\"url\":\"http:\/\/vientosur.top\/museo\/wp-content\/uploads\/2018\/05\/DSC_0559-scaled.jpg\",\"contentUrl\":\"http:\/\/vientosur.top\/museo\/wp-content\/uploads\/2018\/05\/DSC_0559-scaled.jpg\",\"width\":2560,\"height\":1702},{\"@type\":\"BreadcrumbList\",\"@id\":\"http:\/\/vientosur.top\/museo\/los-nogalinos-se-presentaran-este-sabado-ciclo-cuecas-del-museo-violeta-parra\/#breadcrumb\",\"itemListElement\":[{\"@type\":\"ListItem\",\"position\":1,\"name\":\"Portada\",\"item\":\"http:\/\/vientosur.top\/museo\/\"},{\"@type\":\"ListItem\",\"position\":2,\"name\":\"La cueca brava de\u00a0Los Nogalinos lleg\u00f3 al Museo Violeta Parra\"}]},{\"@type\":\"WebSite\",\"@id\":\"http:\/\/vientosur.top\/museo\/#website\",\"url\":\"http:\/\/vientosur.top\/museo\/\",\"name\":\"Museo Violeta Parra\",\"description\":\"Espacio que alberga tanto la memoria y legado creativo de la artista\",\"potentialAction\":[{\"@type\":\"SearchAction\",\"target\":{\"@type\":\"EntryPoint\",\"urlTemplate\":\"http:\/\/vientosur.top\/museo\/?s={search_term_string}\"},\"query-input\":{\"@type\":\"PropertyValueSpecification\",\"valueRequired\":true,\"valueName\":\"search_term_string\"}}],\"inLanguage\":\"es\"},{\"@type\":\"Person\",\"@id\":\"http:\/\/vientosur.top\/museo\/#\/schema\/person\/20c79d3c38800971feec8c2693c3dd9c\",\"name\":\"admin\",\"image\":{\"@type\":\"ImageObject\",\"inLanguage\":\"es\",\"@id\":\"http:\/\/vientosur.top\/museo\/#\/schema\/person\/image\/\",\"url\":\"https:\/\/secure.gravatar.com\/avatar\/713677ece3ffa642287213a80e5b773bce9ab81c269dd6d95102a990951c922f?s=96&d=mm&r=g\",\"contentUrl\":\"https:\/\/secure.gravatar.com\/avatar\/713677ece3ffa642287213a80e5b773bce9ab81c269dd6d95102a990951c922f?s=96&d=mm&r=g\",\"caption\":\"admin\"},\"sameAs\":[\"http:\/\/vientosur.top\/museo\"],\"url\":\"http:\/\/vientosur.top\/museo\/author\/comunicacionesmvp\/\"}]}<\/script>\n<!-- \/ Yoast SEO plugin. -->","yoast_head_json":{"title":"La cueca brava de\u00a0Los Nogalinos lleg\u00f3 al Museo Violeta Parra - Museo Violeta Parra","robots":{"index":"index","follow":"follow","max-snippet":"max-snippet:-1","max-image-preview":"max-image-preview:large","max-video-preview":"max-video-preview:-1"},"canonical":"http:\/\/vientosur.top\/museo\/los-nogalinos-se-presentaran-este-sabado-ciclo-cuecas-del-museo-violeta-parra\/","og_locale":"es_ES","og_type":"article","og_title":"La cueca brava de\u00a0Los Nogalinos lleg\u00f3 al Museo Violeta Parra - Museo Violeta Parra","og_description":"La agrupaci\u00f3n ofreci\u00f3 una presentaci\u00f3n gratuita para el p\u00fablico, en el marco del Ciclo de Cuecas que se realiza el primer s\u00e1bado de cada mes en la explanada del museo. Comenz\u00f3 un nuevo mes y, como ya es tradici\u00f3n, el Museo Violeta Parra lo recibi\u00f3 con su Ciclo de Cuecas. El s\u00e1bado 2 de junio, [&hellip;]","og_url":"http:\/\/vientosur.top\/museo\/los-nogalinos-se-presentaran-este-sabado-ciclo-cuecas-del-museo-violeta-parra\/","og_site_name":"Museo Violeta Parra","article_published_time":"2018-06-03T19:33:48+00:00","og_image":[{"width":2560,"height":1702,"url":"http:\/\/vientosur.top\/museo\/wp-content\/uploads\/2018\/05\/DSC_0559-scaled.jpg","type":"image\/jpeg"}],"author":"admin","twitter_card":"summary_large_image","twitter_misc":{"Escrito por":"admin","Tiempo de lectura":"1 minuto"},"schema":{"@context":"https:\/\/schema.org","@graph":[{"@type":"WebPage","@id":"http:\/\/vientosur.top\/museo\/los-nogalinos-se-presentaran-este-sabado-ciclo-cuecas-del-museo-violeta-parra\/","url":"http:\/\/vientosur.top\/museo\/los-nogalinos-se-presentaran-este-sabado-ciclo-cuecas-del-museo-violeta-parra\/","name":"La cueca brava de\u00a0Los Nogalinos lleg\u00f3 al Museo Violeta Parra - Museo Violeta Parra","isPartOf":{"@id":"http:\/\/vientosur.top\/museo\/#website"},"primaryImageOfPage":{"@id":"http:\/\/vientosur.top\/museo\/los-nogalinos-se-presentaran-este-sabado-ciclo-cuecas-del-museo-violeta-parra\/#primaryimage"},"image":{"@id":"http:\/\/vientosur.top\/museo\/los-nogalinos-se-presentaran-este-sabado-ciclo-cuecas-del-museo-violeta-parra\/#primaryimage"},"thumbnailUrl":"http:\/\/vientosur.top\/museo\/wp-content\/uploads\/2018\/05\/DSC_0559-scaled.jpg","datePublished":"2018-06-03T19:33:48+00:00","author":{"@id":"http:\/\/vientosur.top\/museo\/#\/schema\/person\/20c79d3c38800971feec8c2693c3dd9c"},"breadcrumb":{"@id":"http:\/\/vientosur.top\/museo\/los-nogalinos-se-presentaran-este-sabado-ciclo-cuecas-del-museo-violeta-parra\/#breadcrumb"},"inLanguage":"es","potentialAction":[{"@type":"ReadAction","target":["http:\/\/vientosur.top\/museo\/los-nogalinos-se-presentaran-este-sabado-ciclo-cuecas-del-museo-violeta-parra\/"]}]},{"@type":"ImageObject","inLanguage":"es","@id":"http:\/\/vientosur.top\/museo\/los-nogalinos-se-presentaran-este-sabado-ciclo-cuecas-del-museo-violeta-parra\/#primaryimage","url":"http:\/\/vientosur.top\/museo\/wp-content\/uploads\/2018\/05\/DSC_0559-scaled.jpg","contentUrl":"http:\/\/vientosur.top\/museo\/wp-content\/uploads\/2018\/05\/DSC_0559-scaled.jpg","width":2560,"height":1702},{"@type":"BreadcrumbList","@id":"http:\/\/vientosur.top\/museo\/los-nogalinos-se-presentaran-este-sabado-ciclo-cuecas-del-museo-violeta-parra\/#breadcrumb","itemListElement":[{"@type":"ListItem","position":1,"name":"Portada","item":"http:\/\/vientosur.top\/museo\/"},{"@type":"ListItem","position":2,"name":"La cueca brava de\u00a0Los Nogalinos lleg\u00f3 al Museo Violeta Parra"}]},{"@type":"WebSite","@id":"http:\/\/vientosur.top\/museo\/#website","url":"http:\/\/vientosur.top\/museo\/","name":"Museo Violeta Parra","description":"Espacio que alberga tanto la memoria y legado creativo de la artista","potentialAction":[{"@type":"SearchAction","target":{"@type":"EntryPoint","urlTemplate":"http:\/\/vientosur.top\/museo\/?s={search_term_string}"},"query-input":{"@type":"PropertyValueSpecification","valueRequired":true,"valueName":"search_term_string"}}],"inLanguage":"es"},{"@type":"Person","@id":"http:\/\/vientosur.top\/museo\/#\/schema\/person\/20c79d3c38800971feec8c2693c3dd9c","name":"admin","image":{"@type":"ImageObject","inLanguage":"es","@id":"http:\/\/vientosur.top\/museo\/#\/schema\/person\/image\/","url":"https:\/\/secure.gravatar.com\/avatar\/713677ece3ffa642287213a80e5b773bce9ab81c269dd6d95102a990951c922f?s=96&d=mm&r=g","contentUrl":"https:\/\/secure.gravatar.com\/avatar\/713677ece3ffa642287213a80e5b773bce9ab81c269dd6d95102a990951c922f?s=96&d=mm&r=g","caption":"admin"},"sameAs":["http:\/\/vientosur.top\/museo"],"url":"http:\/\/vientosur.top\/museo\/author\/comunicacionesmvp\/"}]}},"_links":{"self":[{"href":"http:\/\/vientosur.top\/museo\/wp-json\/wp\/v2\/posts\/15004","targetHints":{"allow":["GET"]}}],"collection":[{"href":"http:\/\/vientosur.top\/museo\/wp-json\/wp\/v2\/posts"}],"about":[{"href":"http:\/\/vientosur.top\/museo\/wp-json\/wp\/v2\/types\/post"}],"author":[{"embeddable":true,"href":"http:\/\/vientosur.top\/museo\/wp-json\/wp\/v2\/users\/5"}],"replies":[{"embeddable":true,"href":"http:\/\/vientosur.top\/museo\/wp-json\/wp\/v2\/comments?post=15004"}],"version-history":[{"count":0,"href":"http:\/\/vientosur.top\/museo\/wp-json\/wp\/v2\/posts\/15004\/revisions"}],"wp:featuredmedia":[{"embeddable":true,"href":"http:\/\/vientosur.top\/museo\/wp-json\/wp\/v2\/media\/15143"}],"wp:attachment":[{"href":"http:\/\/vientosur.top\/museo\/wp-json\/wp\/v2\/media?parent=15004"}],"wp:term":[{"taxonomy":"category","embeddable":true,"href":"http:\/\/vientosur.top\/museo\/wp-json\/wp\/v2\/categories?post=15004"},{"taxonomy":"post_tag","embeddable":true,"href":"http:\/\/vientosur.top\/museo\/wp-json\/wp\/v2\/tags?post=15004"}],"curies":[{"name":"wp","href":"https:\/\/api.w.org\/{rel}","templated":true}]}}