{"id":15145,"date":"2018-06-09T08:28:59","date_gmt":"2018-06-09T13:28:59","guid":{"rendered":"http:\/\/vientosur.top\/museo\/?p=15145"},"modified":"2018-06-09T08:28:59","modified_gmt":"2018-06-09T13:28:59","slug":"isabel-parra-presentara-este-sabado-monton-mujeres-sala-antar-del-museo-violeta-parra","status":"publish","type":"post","link":"http:\/\/vientosur.top\/museo\/isabel-parra-presentara-este-sabado-monton-mujeres-sala-antar-del-museo-violeta-parra\/","title":{"rendered":"Isabel Parra present\u00f3 \u201cSoy un mont\u00f3n de mujeres\u201d en el Museo Violeta Parra"},"content":{"rendered":"<p><a href=\"http:\/\/vientosur.top\/museo\/wp-content\/uploads\/2018\/06\/isabel2.jpg\"><img fetchpriority=\"high\" decoding=\"async\" class=\"alignnone size-large wp-image-15247\" src=\"http:\/\/vientosur.top\/museo\/wp-content\/uploads\/2018\/06\/isabel2-1024x828.jpg\" alt=\"\" width=\"840\" height=\"679\" \/><\/a><\/p>\n<p><em>La actividad se desarroll\u00f3, con la Sala Antar llena de p\u00fablico, el s\u00e1bado 9 de junio.<br \/>\n<\/em><br \/>\nEl recital de Isabel Parra cont\u00f3 con la participaci\u00f3n del m\u00fasico invitado Sim\u00f3n Gonz\u00e1lez. El encuentro estuvo marcado por m\u00fasica y reflexi\u00f3n que, en palabras de la autora, tuvo por objetivo \u00abconectarnos con los movimientos feministas que est\u00e1n ocurriendo en este momento en nuestro pa\u00eds, que hacen mucha falta y que son muy importantes para vivir sin abusos y con m\u00e1s alegr\u00eda. Es una necesidad que tenemos todas las mujeres\u00bb.<br \/>\n<strong><br \/>\nSobre la artista<br \/>\n<\/strong><br \/>\nIsabel Parra es autora, compositora e int\u00e9rprete. La presencia de su madre, con quien trabaj\u00f3 desde ni\u00f1a, fue determinante en los inicios de su obra musical. Hermana de \u00c1ngel, ambos crearon en Santiago la Pe\u00f1a de los Parra y fundaron el c\u00e9lebre d\u00fao de hermanos, nacido en Par\u00eds a comienzos de los a\u00f1os sesenta.<strong><br \/>\n<\/strong><\/p>\n<p>Ha compuesto m\u00e1s de cien textos y melod\u00edas registradas en discos. Su originalidad e intenci\u00f3n la sit\u00faan en un lugar privilegiado en el canto chileno y latinoamericano. Vivi\u00f3 exiliada en Francia, y en Par\u00eds fue condecorada con la Orden de las Artes y las Letras.<\/p>\n<p>Ha recibido premios, distinciones y reconocimientos en Chile y en el extranjero y ha difundido la obra de su madre de manera permanente. Desde el a\u00f1o 1992 es Presidenta de la Fundaci\u00f3n Violeta Parra.<\/p>\n<p>&nbsp;<\/p>\n<p><strong><a href=\"https:\/\/www.facebook.com\/pg\/MuseoVioletaParra\/photos\/?tab=album&amp;album_id=2120981854811891\" target=\"_blank\" rel=\"noopener noreferrer\">Ver galer\u00eda de im\u00e1genes<\/a><\/strong><\/p>\n","protected":false},"excerpt":{"rendered":"<p>La actividad se desarroll\u00f3, con la Sala Antar llena de p\u00fablico, el s\u00e1bado 9 de junio. El recital de Isabel Parra cont\u00f3 con la participaci\u00f3n del m\u00fasico invitado Sim\u00f3n Gonz\u00e1lez. El encuentro estuvo marcado por m\u00fasica y reflexi\u00f3n que, en palabras de la autora, tuvo por objetivo \u00abconectarnos con los movimientos feministas que est\u00e1n ocurriendo [&hellip;]<\/p>\n","protected":false},"author":5,"featured_media":15242,"comment_status":"open","ping_status":"open","sticky":false,"template":"","format":"standard","meta":{"site-sidebar-layout":"default","site-content-layout":"","ast-site-content-layout":"default","site-content-style":"default","site-sidebar-style":"default","ast-global-header-display":"","ast-banner-title-visibility":"","ast-main-header-display":"","ast-hfb-above-header-display":"","ast-hfb-below-header-display":"","ast-hfb-mobile-header-display":"","site-post-title":"","ast-breadcrumbs-content":"","ast-featured-img":"","footer-sml-layout":"","theme-transparent-header-meta":"","adv-header-id-meta":"","stick-header-meta":"","header-above-stick-meta":"","header-main-stick-meta":"","header-below-stick-meta":"","astra-migrate-meta-layouts":"default","ast-page-background-enabled":"default","ast-page-background-meta":{"desktop":{"background-color":"var(--ast-global-color-4)","background-image":"","background-repeat":"repeat","background-position":"center center","background-size":"auto","background-attachment":"scroll","background-type":"","background-media":"","overlay-type":"","overlay-color":"","overlay-opacity":"","overlay-gradient":""},"tablet":{"background-color":"","background-image":"","background-repeat":"repeat","background-position":"center center","background-size":"auto","background-attachment":"scroll","background-type":"","background-media":"","overlay-type":"","overlay-color":"","overlay-opacity":"","overlay-gradient":""},"mobile":{"background-color":"","background-image":"","background-repeat":"repeat","background-position":"center center","background-size":"auto","background-attachment":"scroll","background-type":"","background-media":"","overlay-type":"","overlay-color":"","overlay-opacity":"","overlay-gradient":""}},"ast-content-background-meta":{"desktop":{"background-color":"var(--ast-global-color-5)","background-image":"","background-repeat":"repeat","background-position":"center center","background-size":"auto","background-attachment":"scroll","background-type":"","background-media":"","overlay-type":"","overlay-color":"","overlay-opacity":"","overlay-gradient":""},"tablet":{"background-color":"var(--ast-global-color-5)","background-image":"","background-repeat":"repeat","background-position":"center center","background-size":"auto","background-attachment":"scroll","background-type":"","background-media":"","overlay-type":"","overlay-color":"","overlay-opacity":"","overlay-gradient":""},"mobile":{"background-color":"var(--ast-global-color-5)","background-image":"","background-repeat":"repeat","background-position":"center center","background-size":"auto","background-attachment":"scroll","background-type":"","background-media":"","overlay-type":"","overlay-color":"","overlay-opacity":"","overlay-gradient":""}},"footnotes":""},"categories":[59,8,61],"tags":[],"class_list":["post-15145","post","type-post","status-publish","format-standard","has-post-thumbnail","hentry","category-destacado-noticia","category-noticias","category-novedades"],"yoast_head":"<!-- This site is optimized with the Yoast SEO plugin v25.4 - https:\/\/yoast.com\/wordpress\/plugins\/seo\/ -->\n<title>Isabel Parra present\u00f3 \u201cSoy un mont\u00f3n de mujeres\u201d en el Museo Violeta Parra - Museo Violeta Parra<\/title>\n<meta name=\"robots\" content=\"index, follow, max-snippet:-1, max-image-preview:large, max-video-preview:-1\" \/>\n<link rel=\"canonical\" href=\"http:\/\/vientosur.top\/museo\/isabel-parra-presentara-este-sabado-monton-mujeres-sala-antar-del-museo-violeta-parra\/\" \/>\n<meta property=\"og:locale\" content=\"es_ES\" \/>\n<meta property=\"og:type\" content=\"article\" \/>\n<meta property=\"og:title\" content=\"Isabel Parra present\u00f3 \u201cSoy un mont\u00f3n de mujeres\u201d en el Museo Violeta Parra - Museo Violeta Parra\" \/>\n<meta property=\"og:description\" content=\"La actividad se desarroll\u00f3, con la Sala Antar llena de p\u00fablico, el s\u00e1bado 9 de junio. El recital de Isabel Parra cont\u00f3 con la participaci\u00f3n del m\u00fasico invitado Sim\u00f3n Gonz\u00e1lez. El encuentro estuvo marcado por m\u00fasica y reflexi\u00f3n que, en palabras de la autora, tuvo por objetivo \u00abconectarnos con los movimientos feministas que est\u00e1n ocurriendo [&hellip;]\" \/>\n<meta property=\"og:url\" content=\"http:\/\/vientosur.top\/museo\/isabel-parra-presentara-este-sabado-monton-mujeres-sala-antar-del-museo-violeta-parra\/\" \/>\n<meta property=\"og:site_name\" content=\"Museo Violeta Parra\" \/>\n<meta property=\"article:published_time\" content=\"2018-06-09T13:28:59+00:00\" \/>\n<meta property=\"og:image\" content=\"http:\/\/vientosur.top\/museo\/wp-content\/uploads\/2018\/06\/isabelsoyun.jpg\" \/>\n\t<meta property=\"og:image:width\" content=\"1692\" \/>\n\t<meta property=\"og:image:height\" content=\"1125\" \/>\n\t<meta property=\"og:image:type\" content=\"image\/jpeg\" \/>\n<meta name=\"author\" content=\"admin\" \/>\n<meta name=\"twitter:card\" content=\"summary_large_image\" \/>\n<meta name=\"twitter:label1\" content=\"Escrito por\" \/>\n\t<meta name=\"twitter:data1\" content=\"admin\" \/>\n\t<meta name=\"twitter:label2\" content=\"Tiempo de lectura\" \/>\n\t<meta name=\"twitter:data2\" content=\"1 minuto\" \/>\n<script type=\"application\/ld+json\" class=\"yoast-schema-graph\">{\"@context\":\"https:\/\/schema.org\",\"@graph\":[{\"@type\":\"WebPage\",\"@id\":\"http:\/\/vientosur.top\/museo\/isabel-parra-presentara-este-sabado-monton-mujeres-sala-antar-del-museo-violeta-parra\/\",\"url\":\"http:\/\/vientosur.top\/museo\/isabel-parra-presentara-este-sabado-monton-mujeres-sala-antar-del-museo-violeta-parra\/\",\"name\":\"Isabel Parra present\u00f3 \u201cSoy un mont\u00f3n de mujeres\u201d en el Museo Violeta Parra - Museo Violeta Parra\",\"isPartOf\":{\"@id\":\"http:\/\/vientosur.top\/museo\/#website\"},\"primaryImageOfPage\":{\"@id\":\"http:\/\/vientosur.top\/museo\/isabel-parra-presentara-este-sabado-monton-mujeres-sala-antar-del-museo-violeta-parra\/#primaryimage\"},\"image\":{\"@id\":\"http:\/\/vientosur.top\/museo\/isabel-parra-presentara-este-sabado-monton-mujeres-sala-antar-del-museo-violeta-parra\/#primaryimage\"},\"thumbnailUrl\":\"http:\/\/vientosur.top\/museo\/wp-content\/uploads\/2018\/06\/isabelsoyun.jpg\",\"datePublished\":\"2018-06-09T13:28:59+00:00\",\"author\":{\"@id\":\"http:\/\/vientosur.top\/museo\/#\/schema\/person\/20c79d3c38800971feec8c2693c3dd9c\"},\"breadcrumb\":{\"@id\":\"http:\/\/vientosur.top\/museo\/isabel-parra-presentara-este-sabado-monton-mujeres-sala-antar-del-museo-violeta-parra\/#breadcrumb\"},\"inLanguage\":\"es\",\"potentialAction\":[{\"@type\":\"ReadAction\",\"target\":[\"http:\/\/vientosur.top\/museo\/isabel-parra-presentara-este-sabado-monton-mujeres-sala-antar-del-museo-violeta-parra\/\"]}]},{\"@type\":\"ImageObject\",\"inLanguage\":\"es\",\"@id\":\"http:\/\/vientosur.top\/museo\/isabel-parra-presentara-este-sabado-monton-mujeres-sala-antar-del-museo-violeta-parra\/#primaryimage\",\"url\":\"http:\/\/vientosur.top\/museo\/wp-content\/uploads\/2018\/06\/isabelsoyun.jpg\",\"contentUrl\":\"http:\/\/vientosur.top\/museo\/wp-content\/uploads\/2018\/06\/isabelsoyun.jpg\",\"width\":1692,\"height\":1125},{\"@type\":\"BreadcrumbList\",\"@id\":\"http:\/\/vientosur.top\/museo\/isabel-parra-presentara-este-sabado-monton-mujeres-sala-antar-del-museo-violeta-parra\/#breadcrumb\",\"itemListElement\":[{\"@type\":\"ListItem\",\"position\":1,\"name\":\"Portada\",\"item\":\"http:\/\/vientosur.top\/museo\/\"},{\"@type\":\"ListItem\",\"position\":2,\"name\":\"Isabel Parra present\u00f3 \u201cSoy un mont\u00f3n de mujeres\u201d en el Museo Violeta Parra\"}]},{\"@type\":\"WebSite\",\"@id\":\"http:\/\/vientosur.top\/museo\/#website\",\"url\":\"http:\/\/vientosur.top\/museo\/\",\"name\":\"Museo Violeta Parra\",\"description\":\"Espacio que alberga tanto la memoria y legado creativo de la artista\",\"potentialAction\":[{\"@type\":\"SearchAction\",\"target\":{\"@type\":\"EntryPoint\",\"urlTemplate\":\"http:\/\/vientosur.top\/museo\/?s={search_term_string}\"},\"query-input\":{\"@type\":\"PropertyValueSpecification\",\"valueRequired\":true,\"valueName\":\"search_term_string\"}}],\"inLanguage\":\"es\"},{\"@type\":\"Person\",\"@id\":\"http:\/\/vientosur.top\/museo\/#\/schema\/person\/20c79d3c38800971feec8c2693c3dd9c\",\"name\":\"admin\",\"image\":{\"@type\":\"ImageObject\",\"inLanguage\":\"es\",\"@id\":\"http:\/\/vientosur.top\/museo\/#\/schema\/person\/image\/\",\"url\":\"https:\/\/secure.gravatar.com\/avatar\/713677ece3ffa642287213a80e5b773bce9ab81c269dd6d95102a990951c922f?s=96&d=mm&r=g\",\"contentUrl\":\"https:\/\/secure.gravatar.com\/avatar\/713677ece3ffa642287213a80e5b773bce9ab81c269dd6d95102a990951c922f?s=96&d=mm&r=g\",\"caption\":\"admin\"},\"sameAs\":[\"http:\/\/vientosur.top\/museo\"],\"url\":\"http:\/\/vientosur.top\/museo\/author\/comunicacionesmvp\/\"}]}<\/script>\n<!-- \/ Yoast SEO plugin. -->","yoast_head_json":{"title":"Isabel Parra present\u00f3 \u201cSoy un mont\u00f3n de mujeres\u201d en el Museo Violeta Parra - Museo Violeta Parra","robots":{"index":"index","follow":"follow","max-snippet":"max-snippet:-1","max-image-preview":"max-image-preview:large","max-video-preview":"max-video-preview:-1"},"canonical":"http:\/\/vientosur.top\/museo\/isabel-parra-presentara-este-sabado-monton-mujeres-sala-antar-del-museo-violeta-parra\/","og_locale":"es_ES","og_type":"article","og_title":"Isabel Parra present\u00f3 \u201cSoy un mont\u00f3n de mujeres\u201d en el Museo Violeta Parra - Museo Violeta Parra","og_description":"La actividad se desarroll\u00f3, con la Sala Antar llena de p\u00fablico, el s\u00e1bado 9 de junio. El recital de Isabel Parra cont\u00f3 con la participaci\u00f3n del m\u00fasico invitado Sim\u00f3n Gonz\u00e1lez. El encuentro estuvo marcado por m\u00fasica y reflexi\u00f3n que, en palabras de la autora, tuvo por objetivo \u00abconectarnos con los movimientos feministas que est\u00e1n ocurriendo [&hellip;]","og_url":"http:\/\/vientosur.top\/museo\/isabel-parra-presentara-este-sabado-monton-mujeres-sala-antar-del-museo-violeta-parra\/","og_site_name":"Museo Violeta Parra","article_published_time":"2018-06-09T13:28:59+00:00","og_image":[{"width":1692,"height":1125,"url":"http:\/\/vientosur.top\/museo\/wp-content\/uploads\/2018\/06\/isabelsoyun.jpg","type":"image\/jpeg"}],"author":"admin","twitter_card":"summary_large_image","twitter_misc":{"Escrito por":"admin","Tiempo de lectura":"1 minuto"},"schema":{"@context":"https:\/\/schema.org","@graph":[{"@type":"WebPage","@id":"http:\/\/vientosur.top\/museo\/isabel-parra-presentara-este-sabado-monton-mujeres-sala-antar-del-museo-violeta-parra\/","url":"http:\/\/vientosur.top\/museo\/isabel-parra-presentara-este-sabado-monton-mujeres-sala-antar-del-museo-violeta-parra\/","name":"Isabel Parra present\u00f3 \u201cSoy un mont\u00f3n de mujeres\u201d en el Museo Violeta Parra - Museo Violeta Parra","isPartOf":{"@id":"http:\/\/vientosur.top\/museo\/#website"},"primaryImageOfPage":{"@id":"http:\/\/vientosur.top\/museo\/isabel-parra-presentara-este-sabado-monton-mujeres-sala-antar-del-museo-violeta-parra\/#primaryimage"},"image":{"@id":"http:\/\/vientosur.top\/museo\/isabel-parra-presentara-este-sabado-monton-mujeres-sala-antar-del-museo-violeta-parra\/#primaryimage"},"thumbnailUrl":"http:\/\/vientosur.top\/museo\/wp-content\/uploads\/2018\/06\/isabelsoyun.jpg","datePublished":"2018-06-09T13:28:59+00:00","author":{"@id":"http:\/\/vientosur.top\/museo\/#\/schema\/person\/20c79d3c38800971feec8c2693c3dd9c"},"breadcrumb":{"@id":"http:\/\/vientosur.top\/museo\/isabel-parra-presentara-este-sabado-monton-mujeres-sala-antar-del-museo-violeta-parra\/#breadcrumb"},"inLanguage":"es","potentialAction":[{"@type":"ReadAction","target":["http:\/\/vientosur.top\/museo\/isabel-parra-presentara-este-sabado-monton-mujeres-sala-antar-del-museo-violeta-parra\/"]}]},{"@type":"ImageObject","inLanguage":"es","@id":"http:\/\/vientosur.top\/museo\/isabel-parra-presentara-este-sabado-monton-mujeres-sala-antar-del-museo-violeta-parra\/#primaryimage","url":"http:\/\/vientosur.top\/museo\/wp-content\/uploads\/2018\/06\/isabelsoyun.jpg","contentUrl":"http:\/\/vientosur.top\/museo\/wp-content\/uploads\/2018\/06\/isabelsoyun.jpg","width":1692,"height":1125},{"@type":"BreadcrumbList","@id":"http:\/\/vientosur.top\/museo\/isabel-parra-presentara-este-sabado-monton-mujeres-sala-antar-del-museo-violeta-parra\/#breadcrumb","itemListElement":[{"@type":"ListItem","position":1,"name":"Portada","item":"http:\/\/vientosur.top\/museo\/"},{"@type":"ListItem","position":2,"name":"Isabel Parra present\u00f3 \u201cSoy un mont\u00f3n de mujeres\u201d en el Museo Violeta Parra"}]},{"@type":"WebSite","@id":"http:\/\/vientosur.top\/museo\/#website","url":"http:\/\/vientosur.top\/museo\/","name":"Museo Violeta Parra","description":"Espacio que alberga tanto la memoria y legado creativo de la artista","potentialAction":[{"@type":"SearchAction","target":{"@type":"EntryPoint","urlTemplate":"http:\/\/vientosur.top\/museo\/?s={search_term_string}"},"query-input":{"@type":"PropertyValueSpecification","valueRequired":true,"valueName":"search_term_string"}}],"inLanguage":"es"},{"@type":"Person","@id":"http:\/\/vientosur.top\/museo\/#\/schema\/person\/20c79d3c38800971feec8c2693c3dd9c","name":"admin","image":{"@type":"ImageObject","inLanguage":"es","@id":"http:\/\/vientosur.top\/museo\/#\/schema\/person\/image\/","url":"https:\/\/secure.gravatar.com\/avatar\/713677ece3ffa642287213a80e5b773bce9ab81c269dd6d95102a990951c922f?s=96&d=mm&r=g","contentUrl":"https:\/\/secure.gravatar.com\/avatar\/713677ece3ffa642287213a80e5b773bce9ab81c269dd6d95102a990951c922f?s=96&d=mm&r=g","caption":"admin"},"sameAs":["http:\/\/vientosur.top\/museo"],"url":"http:\/\/vientosur.top\/museo\/author\/comunicacionesmvp\/"}]}},"_links":{"self":[{"href":"http:\/\/vientosur.top\/museo\/wp-json\/wp\/v2\/posts\/15145","targetHints":{"allow":["GET"]}}],"collection":[{"href":"http:\/\/vientosur.top\/museo\/wp-json\/wp\/v2\/posts"}],"about":[{"href":"http:\/\/vientosur.top\/museo\/wp-json\/wp\/v2\/types\/post"}],"author":[{"embeddable":true,"href":"http:\/\/vientosur.top\/museo\/wp-json\/wp\/v2\/users\/5"}],"replies":[{"embeddable":true,"href":"http:\/\/vientosur.top\/museo\/wp-json\/wp\/v2\/comments?post=15145"}],"version-history":[{"count":0,"href":"http:\/\/vientosur.top\/museo\/wp-json\/wp\/v2\/posts\/15145\/revisions"}],"wp:featuredmedia":[{"embeddable":true,"href":"http:\/\/vientosur.top\/museo\/wp-json\/wp\/v2\/media\/15242"}],"wp:attachment":[{"href":"http:\/\/vientosur.top\/museo\/wp-json\/wp\/v2\/media?parent=15145"}],"wp:term":[{"taxonomy":"category","embeddable":true,"href":"http:\/\/vientosur.top\/museo\/wp-json\/wp\/v2\/categories?post=15145"},{"taxonomy":"post_tag","embeddable":true,"href":"http:\/\/vientosur.top\/museo\/wp-json\/wp\/v2\/tags?post=15145"}],"curies":[{"name":"wp","href":"https:\/\/api.w.org\/{rel}","templated":true}]}}