{"id":15153,"date":"2018-06-04T17:15:58","date_gmt":"2018-06-04T22:15:58","guid":{"rendered":"http:\/\/vientosur.top\/museo\/?p=15153"},"modified":"2018-06-04T17:15:58","modified_gmt":"2018-06-04T22:15:58","slug":"museo-violeta-parra-realiza-jornada-reflexion-equidad-genero","status":"publish","type":"post","link":"http:\/\/vientosur.top\/museo\/museo-violeta-parra-realiza-jornada-reflexion-equidad-genero\/","title":{"rendered":"Museo Violeta Parra realiza jornada de reflexi\u00f3n sobre equidad de g\u00e9nero"},"content":{"rendered":"<p><em>El equipo se reuni\u00f3 para abordar diversas tem\u00e1ticas en el contexto nacional de movilizaciones por los derechos de las mujeres.<\/em><\/p>\n<p>Los trabajadores del museo se dieron cita la ma\u00f1ana del lunes 4 de junio con el fin de dialogar sobre la igualdad de g\u00e9nero. La instancia, desarrollada en la Sala Run Run de la instituci\u00f3n,\u00a0 cont\u00f3 con la participaci\u00f3n del equipo de planta del Museo Violeta Parra, adem\u00e1s de miembros de las \u00e1reas de aseo, dise\u00f1o y seguridad.<\/p>\n<p>Al iniciarse el encuentro, se constat\u00f3 que el personal estable del Museo Violeta Parra est\u00e1 constituido por un 58% de mujeres y un 42% de hombres.<\/p>\n<p>\u00abEl museo no puede restarse a una instancia de reflexi\u00f3n, a asumir protocolos claros y a fijar una l\u00ednea de acci\u00f3n permanente. Llevamos el nombre de una de las mujeres m\u00e1s s\u00f3lidas de nuestro imaginario colectivo. Somos un espacio cultural, es decir, el lugar id\u00f3neo para pensar con altura de miras el movimiento, ya que el machismo obedece a un fen\u00f3meno cultural. La jornada que hemos organizado fijar\u00e1 las directrices futuras en este \u00e1mbito, las que estar\u00e1n consensuadas por todo el personal. No solo buscamos involucrar a los trabajadores, si no que tambi\u00e9n al p\u00fablico que nos visita. Todos tienen que sentir un clima de respeto e inclusi\u00f3n\u201d, se\u00f1ala Cecilia Garc\u00eda-Huidobro, Directora del Museo Violeta Parra.<\/p>\n<p>Luego de una introducci\u00f3n al encuentro, los 16 asistentes plantearon los puntos centrales para abordarlo de manera institucionalmente. Luego de eso se estructuraron tres mesas de trabajo, desde las cuales emanaron propuestas que se plasmar\u00e1n en un protocolo y en una sistematizaci\u00f3n de trabajo con enfoque de g\u00e9nero.<\/p>\n<p>Entre las propuestas emanadas de las mesas se cuentan: talleres sobre equidad de g\u00e9nero, optimizaci\u00f3n del protocolo de seguridad, uso de lenguaje y se\u00f1al\u00e9tica inclusiva, capacitaciones en derechos humanos, creaci\u00f3n de c\u00e1psulas con contenido infantil sobre g\u00e9nero y respeto a la diversidad, adem\u00e1s de instancias de di\u00e1logo con la comunidad del museo y otros colectivos.<\/p>\n<p><strong>Protocolo para la equidad<\/p>\n<p><\/strong>Adem\u00e1s, en el encuentro se determin\u00f3 que \u2013ante la eventualidad de alguna denuncia de acoso o abuso\u2013 el museo crear\u00e1 una comisi\u00f3n tripartita, compuesto por la Directora, el Jefe del \u00c1rea de Administraci\u00f3n, Finanzas y Recursos Humanos y la Jefatura del \u00a0\u00e1rea en la que se reporte el problema.<\/p>\n<p>Durante el mes de junio se redactar\u00e1 el protocolo, el que ser\u00e1 publicado en el sitio web y socializado en las plataformas digitales del Museo Violeta Parra.<\/p>\n","protected":false},"excerpt":{"rendered":"<p>El equipo se reuni\u00f3 para abordar diversas tem\u00e1ticas en el contexto nacional de movilizaciones por los derechos de las mujeres. Los trabajadores del museo se dieron cita la ma\u00f1ana del lunes 4 de junio con el fin de dialogar sobre la igualdad de g\u00e9nero. La instancia, desarrollada en la Sala Run Run de la instituci\u00f3n,\u00a0 [&hellip;]<\/p>\n","protected":false},"author":5,"featured_media":15155,"comment_status":"open","ping_status":"open","sticky":false,"template":"","format":"standard","meta":{"site-sidebar-layout":"default","site-content-layout":"","ast-site-content-layout":"default","site-content-style":"default","site-sidebar-style":"default","ast-global-header-display":"","ast-banner-title-visibility":"","ast-main-header-display":"","ast-hfb-above-header-display":"","ast-hfb-below-header-display":"","ast-hfb-mobile-header-display":"","site-post-title":"","ast-breadcrumbs-content":"","ast-featured-img":"","footer-sml-layout":"","theme-transparent-header-meta":"","adv-header-id-meta":"","stick-header-meta":"","header-above-stick-meta":"","header-main-stick-meta":"","header-below-stick-meta":"","astra-migrate-meta-layouts":"default","ast-page-background-enabled":"default","ast-page-background-meta":{"desktop":{"background-color":"var(--ast-global-color-4)","background-image":"","background-repeat":"repeat","background-position":"center center","background-size":"auto","background-attachment":"scroll","background-type":"","background-media":"","overlay-type":"","overlay-color":"","overlay-opacity":"","overlay-gradient":""},"tablet":{"background-color":"","background-image":"","background-repeat":"repeat","background-position":"center center","background-size":"auto","background-attachment":"scroll","background-type":"","background-media":"","overlay-type":"","overlay-color":"","overlay-opacity":"","overlay-gradient":""},"mobile":{"background-color":"","background-image":"","background-repeat":"repeat","background-position":"center center","background-size":"auto","background-attachment":"scroll","background-type":"","background-media":"","overlay-type":"","overlay-color":"","overlay-opacity":"","overlay-gradient":""}},"ast-content-background-meta":{"desktop":{"background-color":"var(--ast-global-color-5)","background-image":"","background-repeat":"repeat","background-position":"center center","background-size":"auto","background-attachment":"scroll","background-type":"","background-media":"","overlay-type":"","overlay-color":"","overlay-opacity":"","overlay-gradient":""},"tablet":{"background-color":"var(--ast-global-color-5)","background-image":"","background-repeat":"repeat","background-position":"center center","background-size":"auto","background-attachment":"scroll","background-type":"","background-media":"","overlay-type":"","overlay-color":"","overlay-opacity":"","overlay-gradient":""},"mobile":{"background-color":"var(--ast-global-color-5)","background-image":"","background-repeat":"repeat","background-position":"center center","background-size":"auto","background-attachment":"scroll","background-type":"","background-media":"","overlay-type":"","overlay-color":"","overlay-opacity":"","overlay-gradient":""}},"footnotes":""},"categories":[59,8,61],"tags":[],"class_list":["post-15153","post","type-post","status-publish","format-standard","has-post-thumbnail","hentry","category-destacado-noticia","category-noticias","category-novedades"],"yoast_head":"<!-- This site is optimized with the Yoast SEO plugin v25.4 - https:\/\/yoast.com\/wordpress\/plugins\/seo\/ -->\n<title>Museo Violeta Parra realiza jornada de reflexi\u00f3n sobre equidad de g\u00e9nero - Museo Violeta Parra<\/title>\n<meta name=\"robots\" content=\"index, follow, max-snippet:-1, max-image-preview:large, max-video-preview:-1\" \/>\n<link rel=\"canonical\" href=\"http:\/\/vientosur.top\/museo\/museo-violeta-parra-realiza-jornada-reflexion-equidad-genero\/\" \/>\n<meta property=\"og:locale\" content=\"es_ES\" \/>\n<meta property=\"og:type\" content=\"article\" \/>\n<meta property=\"og:title\" content=\"Museo Violeta Parra realiza jornada de reflexi\u00f3n sobre equidad de g\u00e9nero - Museo Violeta Parra\" \/>\n<meta property=\"og:description\" content=\"El equipo se reuni\u00f3 para abordar diversas tem\u00e1ticas en el contexto nacional de movilizaciones por los derechos de las mujeres. Los trabajadores del museo se dieron cita la ma\u00f1ana del lunes 4 de junio con el fin de dialogar sobre la igualdad de g\u00e9nero. La instancia, desarrollada en la Sala Run Run de la instituci\u00f3n,\u00a0 [&hellip;]\" \/>\n<meta property=\"og:url\" content=\"http:\/\/vientosur.top\/museo\/museo-violeta-parra-realiza-jornada-reflexion-equidad-genero\/\" \/>\n<meta property=\"og:site_name\" content=\"Museo Violeta Parra\" \/>\n<meta property=\"article:published_time\" content=\"2018-06-04T22:15:58+00:00\" \/>\n<meta property=\"og:image\" content=\"http:\/\/vientosur.top\/museo\/wp-content\/uploads\/2018\/06\/genero-1024x690.jpg\" \/>\n\t<meta property=\"og:image:width\" content=\"1024\" \/>\n\t<meta property=\"og:image:height\" content=\"690\" \/>\n\t<meta property=\"og:image:type\" content=\"image\/jpeg\" \/>\n<meta name=\"author\" content=\"admin\" \/>\n<meta name=\"twitter:card\" content=\"summary_large_image\" \/>\n<meta name=\"twitter:label1\" content=\"Escrito por\" \/>\n\t<meta name=\"twitter:data1\" content=\"admin\" \/>\n\t<meta name=\"twitter:label2\" content=\"Tiempo de lectura\" \/>\n\t<meta name=\"twitter:data2\" content=\"2 minutos\" \/>\n<script type=\"application\/ld+json\" class=\"yoast-schema-graph\">{\"@context\":\"https:\/\/schema.org\",\"@graph\":[{\"@type\":\"WebPage\",\"@id\":\"http:\/\/vientosur.top\/museo\/museo-violeta-parra-realiza-jornada-reflexion-equidad-genero\/\",\"url\":\"http:\/\/vientosur.top\/museo\/museo-violeta-parra-realiza-jornada-reflexion-equidad-genero\/\",\"name\":\"Museo Violeta Parra realiza jornada de reflexi\u00f3n sobre equidad de g\u00e9nero - Museo Violeta Parra\",\"isPartOf\":{\"@id\":\"http:\/\/vientosur.top\/museo\/#website\"},\"primaryImageOfPage\":{\"@id\":\"http:\/\/vientosur.top\/museo\/museo-violeta-parra-realiza-jornada-reflexion-equidad-genero\/#primaryimage\"},\"image\":{\"@id\":\"http:\/\/vientosur.top\/museo\/museo-violeta-parra-realiza-jornada-reflexion-equidad-genero\/#primaryimage\"},\"thumbnailUrl\":\"http:\/\/vientosur.top\/museo\/wp-content\/uploads\/2018\/06\/genero.jpg\",\"datePublished\":\"2018-06-04T22:15:58+00:00\",\"author\":{\"@id\":\"http:\/\/vientosur.top\/museo\/#\/schema\/person\/20c79d3c38800971feec8c2693c3dd9c\"},\"breadcrumb\":{\"@id\":\"http:\/\/vientosur.top\/museo\/museo-violeta-parra-realiza-jornada-reflexion-equidad-genero\/#breadcrumb\"},\"inLanguage\":\"es\",\"potentialAction\":[{\"@type\":\"ReadAction\",\"target\":[\"http:\/\/vientosur.top\/museo\/museo-violeta-parra-realiza-jornada-reflexion-equidad-genero\/\"]}]},{\"@type\":\"ImageObject\",\"inLanguage\":\"es\",\"@id\":\"http:\/\/vientosur.top\/museo\/museo-violeta-parra-realiza-jornada-reflexion-equidad-genero\/#primaryimage\",\"url\":\"http:\/\/vientosur.top\/museo\/wp-content\/uploads\/2018\/06\/genero.jpg\",\"contentUrl\":\"http:\/\/vientosur.top\/museo\/wp-content\/uploads\/2018\/06\/genero.jpg\",\"width\":2000,\"height\":1348},{\"@type\":\"BreadcrumbList\",\"@id\":\"http:\/\/vientosur.top\/museo\/museo-violeta-parra-realiza-jornada-reflexion-equidad-genero\/#breadcrumb\",\"itemListElement\":[{\"@type\":\"ListItem\",\"position\":1,\"name\":\"Portada\",\"item\":\"http:\/\/vientosur.top\/museo\/\"},{\"@type\":\"ListItem\",\"position\":2,\"name\":\"Museo Violeta Parra realiza jornada de reflexi\u00f3n sobre equidad de g\u00e9nero\"}]},{\"@type\":\"WebSite\",\"@id\":\"http:\/\/vientosur.top\/museo\/#website\",\"url\":\"http:\/\/vientosur.top\/museo\/\",\"name\":\"Museo Violeta Parra\",\"description\":\"Espacio que alberga tanto la memoria y legado creativo de la artista\",\"potentialAction\":[{\"@type\":\"SearchAction\",\"target\":{\"@type\":\"EntryPoint\",\"urlTemplate\":\"http:\/\/vientosur.top\/museo\/?s={search_term_string}\"},\"query-input\":{\"@type\":\"PropertyValueSpecification\",\"valueRequired\":true,\"valueName\":\"search_term_string\"}}],\"inLanguage\":\"es\"},{\"@type\":\"Person\",\"@id\":\"http:\/\/vientosur.top\/museo\/#\/schema\/person\/20c79d3c38800971feec8c2693c3dd9c\",\"name\":\"admin\",\"image\":{\"@type\":\"ImageObject\",\"inLanguage\":\"es\",\"@id\":\"http:\/\/vientosur.top\/museo\/#\/schema\/person\/image\/\",\"url\":\"https:\/\/secure.gravatar.com\/avatar\/713677ece3ffa642287213a80e5b773bce9ab81c269dd6d95102a990951c922f?s=96&d=mm&r=g\",\"contentUrl\":\"https:\/\/secure.gravatar.com\/avatar\/713677ece3ffa642287213a80e5b773bce9ab81c269dd6d95102a990951c922f?s=96&d=mm&r=g\",\"caption\":\"admin\"},\"sameAs\":[\"http:\/\/vientosur.top\/museo\"],\"url\":\"http:\/\/vientosur.top\/museo\/author\/comunicacionesmvp\/\"}]}<\/script>\n<!-- \/ Yoast SEO plugin. -->","yoast_head_json":{"title":"Museo Violeta Parra realiza jornada de reflexi\u00f3n sobre equidad de g\u00e9nero - Museo Violeta Parra","robots":{"index":"index","follow":"follow","max-snippet":"max-snippet:-1","max-image-preview":"max-image-preview:large","max-video-preview":"max-video-preview:-1"},"canonical":"http:\/\/vientosur.top\/museo\/museo-violeta-parra-realiza-jornada-reflexion-equidad-genero\/","og_locale":"es_ES","og_type":"article","og_title":"Museo Violeta Parra realiza jornada de reflexi\u00f3n sobre equidad de g\u00e9nero - Museo Violeta Parra","og_description":"El equipo se reuni\u00f3 para abordar diversas tem\u00e1ticas en el contexto nacional de movilizaciones por los derechos de las mujeres. Los trabajadores del museo se dieron cita la ma\u00f1ana del lunes 4 de junio con el fin de dialogar sobre la igualdad de g\u00e9nero. La instancia, desarrollada en la Sala Run Run de la instituci\u00f3n,\u00a0 [&hellip;]","og_url":"http:\/\/vientosur.top\/museo\/museo-violeta-parra-realiza-jornada-reflexion-equidad-genero\/","og_site_name":"Museo Violeta Parra","article_published_time":"2018-06-04T22:15:58+00:00","og_image":[{"width":1024,"height":690,"url":"http:\/\/vientosur.top\/museo\/wp-content\/uploads\/2018\/06\/genero-1024x690.jpg","type":"image\/jpeg"}],"author":"admin","twitter_card":"summary_large_image","twitter_misc":{"Escrito por":"admin","Tiempo de lectura":"2 minutos"},"schema":{"@context":"https:\/\/schema.org","@graph":[{"@type":"WebPage","@id":"http:\/\/vientosur.top\/museo\/museo-violeta-parra-realiza-jornada-reflexion-equidad-genero\/","url":"http:\/\/vientosur.top\/museo\/museo-violeta-parra-realiza-jornada-reflexion-equidad-genero\/","name":"Museo Violeta Parra realiza jornada de reflexi\u00f3n sobre equidad de g\u00e9nero - Museo Violeta Parra","isPartOf":{"@id":"http:\/\/vientosur.top\/museo\/#website"},"primaryImageOfPage":{"@id":"http:\/\/vientosur.top\/museo\/museo-violeta-parra-realiza-jornada-reflexion-equidad-genero\/#primaryimage"},"image":{"@id":"http:\/\/vientosur.top\/museo\/museo-violeta-parra-realiza-jornada-reflexion-equidad-genero\/#primaryimage"},"thumbnailUrl":"http:\/\/vientosur.top\/museo\/wp-content\/uploads\/2018\/06\/genero.jpg","datePublished":"2018-06-04T22:15:58+00:00","author":{"@id":"http:\/\/vientosur.top\/museo\/#\/schema\/person\/20c79d3c38800971feec8c2693c3dd9c"},"breadcrumb":{"@id":"http:\/\/vientosur.top\/museo\/museo-violeta-parra-realiza-jornada-reflexion-equidad-genero\/#breadcrumb"},"inLanguage":"es","potentialAction":[{"@type":"ReadAction","target":["http:\/\/vientosur.top\/museo\/museo-violeta-parra-realiza-jornada-reflexion-equidad-genero\/"]}]},{"@type":"ImageObject","inLanguage":"es","@id":"http:\/\/vientosur.top\/museo\/museo-violeta-parra-realiza-jornada-reflexion-equidad-genero\/#primaryimage","url":"http:\/\/vientosur.top\/museo\/wp-content\/uploads\/2018\/06\/genero.jpg","contentUrl":"http:\/\/vientosur.top\/museo\/wp-content\/uploads\/2018\/06\/genero.jpg","width":2000,"height":1348},{"@type":"BreadcrumbList","@id":"http:\/\/vientosur.top\/museo\/museo-violeta-parra-realiza-jornada-reflexion-equidad-genero\/#breadcrumb","itemListElement":[{"@type":"ListItem","position":1,"name":"Portada","item":"http:\/\/vientosur.top\/museo\/"},{"@type":"ListItem","position":2,"name":"Museo Violeta Parra realiza jornada de reflexi\u00f3n sobre equidad de g\u00e9nero"}]},{"@type":"WebSite","@id":"http:\/\/vientosur.top\/museo\/#website","url":"http:\/\/vientosur.top\/museo\/","name":"Museo Violeta Parra","description":"Espacio que alberga tanto la memoria y legado creativo de la artista","potentialAction":[{"@type":"SearchAction","target":{"@type":"EntryPoint","urlTemplate":"http:\/\/vientosur.top\/museo\/?s={search_term_string}"},"query-input":{"@type":"PropertyValueSpecification","valueRequired":true,"valueName":"search_term_string"}}],"inLanguage":"es"},{"@type":"Person","@id":"http:\/\/vientosur.top\/museo\/#\/schema\/person\/20c79d3c38800971feec8c2693c3dd9c","name":"admin","image":{"@type":"ImageObject","inLanguage":"es","@id":"http:\/\/vientosur.top\/museo\/#\/schema\/person\/image\/","url":"https:\/\/secure.gravatar.com\/avatar\/713677ece3ffa642287213a80e5b773bce9ab81c269dd6d95102a990951c922f?s=96&d=mm&r=g","contentUrl":"https:\/\/secure.gravatar.com\/avatar\/713677ece3ffa642287213a80e5b773bce9ab81c269dd6d95102a990951c922f?s=96&d=mm&r=g","caption":"admin"},"sameAs":["http:\/\/vientosur.top\/museo"],"url":"http:\/\/vientosur.top\/museo\/author\/comunicacionesmvp\/"}]}},"_links":{"self":[{"href":"http:\/\/vientosur.top\/museo\/wp-json\/wp\/v2\/posts\/15153","targetHints":{"allow":["GET"]}}],"collection":[{"href":"http:\/\/vientosur.top\/museo\/wp-json\/wp\/v2\/posts"}],"about":[{"href":"http:\/\/vientosur.top\/museo\/wp-json\/wp\/v2\/types\/post"}],"author":[{"embeddable":true,"href":"http:\/\/vientosur.top\/museo\/wp-json\/wp\/v2\/users\/5"}],"replies":[{"embeddable":true,"href":"http:\/\/vientosur.top\/museo\/wp-json\/wp\/v2\/comments?post=15153"}],"version-history":[{"count":0,"href":"http:\/\/vientosur.top\/museo\/wp-json\/wp\/v2\/posts\/15153\/revisions"}],"wp:featuredmedia":[{"embeddable":true,"href":"http:\/\/vientosur.top\/museo\/wp-json\/wp\/v2\/media\/15155"}],"wp:attachment":[{"href":"http:\/\/vientosur.top\/museo\/wp-json\/wp\/v2\/media?parent=15153"}],"wp:term":[{"taxonomy":"category","embeddable":true,"href":"http:\/\/vientosur.top\/museo\/wp-json\/wp\/v2\/categories?post=15153"},{"taxonomy":"post_tag","embeddable":true,"href":"http:\/\/vientosur.top\/museo\/wp-json\/wp\/v2\/tags?post=15153"}],"curies":[{"name":"wp","href":"https:\/\/api.w.org\/{rel}","templated":true}]}}