{"id":15176,"date":"2018-06-05T09:10:20","date_gmt":"2018-06-05T14:10:20","guid":{"rendered":"http:\/\/vientosur.top\/museo\/?p=15176"},"modified":"2018-06-05T09:10:20","modified_gmt":"2018-06-05T14:10:20","slug":"museo-violeta-parra-celebra-dia-mundial-del-medio-ambiente-presentando-protocolo-ecologico","status":"publish","type":"post","link":"http:\/\/vientosur.top\/museo\/museo-violeta-parra-celebra-dia-mundial-del-medio-ambiente-presentando-protocolo-ecologico\/","title":{"rendered":"Museo Violeta Parra celebra el D\u00eda Mundial del Medio Ambiente presentando protocolo ecol\u00f3gico"},"content":{"rendered":"<p><em>La instituci\u00f3n conmemora el hito con su nueva Sala La Jardinera y proyectando nuevas acciones.<\/em><\/p>\n<p>Desde el 5 de junio de 1974 se celebra este d\u00eda internacional, que recuerda el d\u00eda en que se inici\u00f3 la Conferencia de Estocolmo, cuyo tema central fue el ambiente. El Museo Violeta Parra conmemora este hito dando a conocer su protocolo al respecto, el que incluye las medidas tomadas durante el a\u00f1o y aquellas que se implementar\u00e1n en los pr\u00f3ximos meses. Cecilia Garc\u00eda-Huidobro, Directora de la instituci\u00f3n, se\u00f1al\u00f3: \u201cLa obra de Violeta Parra destila amor por la naturaleza y eso nos inspira a fomentar la conciencia, difundiendo la importancia del cuidado del medio ambiente, tan en consonancia con la obra de la artista\u201d.<\/p>\n<p>Entre los objetivos del plan se encuentran: alcanzar el mayor grado de sustentabilidad, implementar medidas conducentes a la toma de conciencia medioambiental; formar audiencias en el tema, capacitando y educando a trav\u00e9s de programas permanentes; difundir los contenidos del museo sin descuidar los aspectos de cuidado del medio ambiente y aprecio por la naturaleza. A lo anterior se suma la finalidad de: promover la industria chilena, consumiendo sus productos,\u00a0 privilegiando aquellos que sean sustentables y de comercio justo.<\/p>\n<p><a href=\"http:\/\/vientosur.top\/museo\/wp-content\/uploads\/2018\/06\/diadelmedioambiente.jpg\"><img fetchpriority=\"high\" decoding=\"async\" class=\"alignnone size-large wp-image-15162\" src=\"http:\/\/vientosur.top\/museo\/wp-content\/uploads\/2018\/06\/diadelmedioambiente-1024x768.jpg\" sizes=\"(max-width: 840px) 100vw, 840px\" srcset=\"http:\/\/vientosur.top\/museo\/wp-content\/uploads\/2018\/06\/diadelmedioambiente-1024x768.jpg 1024w, http:\/\/vientosur.top\/museo\/wp-content\/uploads\/2018\/06\/diadelmedioambiente-300x225.jpg 300w, http:\/\/vientosur.top\/museo\/wp-content\/uploads\/2018\/06\/diadelmedioambiente-768x576.jpg 768w, http:\/\/vientosur.top\/museo\/wp-content\/uploads\/2018\/06\/diadelmedioambiente-24x18.jpg 24w, http:\/\/vientosur.top\/museo\/wp-content\/uploads\/2018\/06\/diadelmedioambiente-36x27.jpg 36w, http:\/\/vientosur.top\/museo\/wp-content\/uploads\/2018\/06\/diadelmedioambiente-48x36.jpg 48w\" alt=\"\" width=\"840\" height=\"630\" \/><\/a><\/p>\n<p>Hasta la fecha el museo ha implementado: instalaci\u00f3n de bicicleteros, creaci\u00f3n de \u00e1reas verdes abiertas a la comunidad, de forma gratuita, a trav\u00e9s de la Sala La Jardinera; suspensi\u00f3n de riego autom\u00e1tico en \u00e9poca de lluvias;\u00a0 dise\u00f1o de programas educativos para las audiencias del museo, utilizando los recursos de La Jardinera; reemplazo de luminarias tradicionales por tecnolog\u00eda LED; la implementaci\u00f3n de v\u00e1lvulas de corte autom\u00e1tico en los ba\u00f1os; la implementaci\u00f3n de descargas autom\u00e1ticas en los WC para ahorro de agua; la sustituci\u00f3n de bolsas pl\u00e1sticas por bolsas biodegradables; la compra de vasos y vajillas, de manera de eliminar vasos, platos, bombillas y cubiertos pl\u00e1sticos, as\u00ed como de cart\u00f3n; el reciclaje de papeles y cartones y la inclusi\u00f3n de dispensadores el\u00e9ctricos de papel en los ba\u00f1os.<\/p>\n<p>Toda la comunicaci\u00f3n y difusi\u00f3n del museo s\u00f3lo se realiza a trav\u00e9s de plataformas digitales, de manera de ahorrar papel.\u00a0Adem\u00e1s, la instituci\u00f3n adhiere y difunde campa\u00f1as tendientes a la sustentabilidad del medio ambiente.<\/p>\n<p><strong>Pr\u00f3ximas medidas<br \/>\n<\/strong><br \/>\nLas pr\u00f3ximas acciones que implementar\u00e1 la instituci\u00f3n son: Reciclaje de latas, vidrios y pl\u00e1sticos para el p\u00fablico y personal del museo; Construcci\u00f3n de un espacio para para preparar tierra de hoja con las ca\u00eddas dentro del museo; Capacitaci\u00f3n del personal por entidades expertas y preparaci\u00f3n de proyectos educativos relativos al tema.<\/p>\n<p>&nbsp;<\/p>\n<p><strong><a href=\"http:\/\/vientosur.top\/museo\/wp-content\/uploads\/2018\/06\/Protocolo-medioambiental-MVP.pdf\" target=\"_blank\" rel=\"noopener noreferrer\"><br \/>\nDescargar protocolo<\/p>\n<p><\/a><\/strong><\/p>\n<h6>Fotograf\u00eda de portada: Fundaci\u00f3n Cosmos<\/h6>\n","protected":false},"excerpt":{"rendered":"<p>La instituci\u00f3n conmemora el hito con su nueva Sala La Jardinera y proyectando nuevas acciones. Desde el 5 de junio de 1974 se celebra este d\u00eda internacional, que recuerda el d\u00eda en que se inici\u00f3 la Conferencia de Estocolmo, cuyo tema central fue el ambiente. El Museo Violeta Parra conmemora este hito dando a conocer [&hellip;]<\/p>\n","protected":false},"author":5,"featured_media":15168,"comment_status":"open","ping_status":"open","sticky":false,"template":"","format":"standard","meta":{"site-sidebar-layout":"default","site-content-layout":"","ast-site-content-layout":"default","site-content-style":"default","site-sidebar-style":"default","ast-global-header-display":"","ast-banner-title-visibility":"","ast-main-header-display":"","ast-hfb-above-header-display":"","ast-hfb-below-header-display":"","ast-hfb-mobile-header-display":"","site-post-title":"","ast-breadcrumbs-content":"","ast-featured-img":"","footer-sml-layout":"","theme-transparent-header-meta":"","adv-header-id-meta":"","stick-header-meta":"","header-above-stick-meta":"","header-main-stick-meta":"","header-below-stick-meta":"","astra-migrate-meta-layouts":"default","ast-page-background-enabled":"default","ast-page-background-meta":{"desktop":{"background-color":"var(--ast-global-color-4)","background-image":"","background-repeat":"repeat","background-position":"center center","background-size":"auto","background-attachment":"scroll","background-type":"","background-media":"","overlay-type":"","overlay-color":"","overlay-opacity":"","overlay-gradient":""},"tablet":{"background-color":"","background-image":"","background-repeat":"repeat","background-position":"center center","background-size":"auto","background-attachment":"scroll","background-type":"","background-media":"","overlay-type":"","overlay-color":"","overlay-opacity":"","overlay-gradient":""},"mobile":{"background-color":"","background-image":"","background-repeat":"repeat","background-position":"center center","background-size":"auto","background-attachment":"scroll","background-type":"","background-media":"","overlay-type":"","overlay-color":"","overlay-opacity":"","overlay-gradient":""}},"ast-content-background-meta":{"desktop":{"background-color":"var(--ast-global-color-5)","background-image":"","background-repeat":"repeat","background-position":"center center","background-size":"auto","background-attachment":"scroll","background-type":"","background-media":"","overlay-type":"","overlay-color":"","overlay-opacity":"","overlay-gradient":""},"tablet":{"background-color":"var(--ast-global-color-5)","background-image":"","background-repeat":"repeat","background-position":"center center","background-size":"auto","background-attachment":"scroll","background-type":"","background-media":"","overlay-type":"","overlay-color":"","overlay-opacity":"","overlay-gradient":""},"mobile":{"background-color":"var(--ast-global-color-5)","background-image":"","background-repeat":"repeat","background-position":"center center","background-size":"auto","background-attachment":"scroll","background-type":"","background-media":"","overlay-type":"","overlay-color":"","overlay-opacity":"","overlay-gradient":""}},"footnotes":""},"categories":[59,8,61],"tags":[],"class_list":["post-15176","post","type-post","status-publish","format-standard","has-post-thumbnail","hentry","category-destacado-noticia","category-noticias","category-novedades"],"yoast_head":"<!-- This site is optimized with the Yoast SEO plugin v25.4 - https:\/\/yoast.com\/wordpress\/plugins\/seo\/ -->\n<title>Museo Violeta Parra celebra el D\u00eda Mundial del Medio Ambiente presentando protocolo ecol\u00f3gico - Museo Violeta Parra<\/title>\n<meta name=\"robots\" content=\"index, follow, max-snippet:-1, max-image-preview:large, max-video-preview:-1\" \/>\n<link rel=\"canonical\" href=\"http:\/\/vientosur.top\/museo\/museo-violeta-parra-celebra-dia-mundial-del-medio-ambiente-presentando-protocolo-ecologico\/\" \/>\n<meta property=\"og:locale\" content=\"es_ES\" \/>\n<meta property=\"og:type\" content=\"article\" \/>\n<meta property=\"og:title\" content=\"Museo Violeta Parra celebra el D\u00eda Mundial del Medio Ambiente presentando protocolo ecol\u00f3gico - Museo Violeta Parra\" \/>\n<meta property=\"og:description\" content=\"La instituci\u00f3n conmemora el hito con su nueva Sala La Jardinera y proyectando nuevas acciones. Desde el 5 de junio de 1974 se celebra este d\u00eda internacional, que recuerda el d\u00eda en que se inici\u00f3 la Conferencia de Estocolmo, cuyo tema central fue el ambiente. El Museo Violeta Parra conmemora este hito dando a conocer [&hellip;]\" \/>\n<meta property=\"og:url\" content=\"http:\/\/vientosur.top\/museo\/museo-violeta-parra-celebra-dia-mundial-del-medio-ambiente-presentando-protocolo-ecologico\/\" \/>\n<meta property=\"og:site_name\" content=\"Museo Violeta Parra\" \/>\n<meta property=\"article:published_time\" content=\"2018-06-05T14:10:20+00:00\" \/>\n<meta property=\"og:image\" content=\"http:\/\/vientosur.top\/museo\/wp-content\/uploads\/2018\/06\/medioambientefundacioncosmos2-1024x575.jpg\" \/>\n\t<meta property=\"og:image:width\" content=\"1024\" \/>\n\t<meta property=\"og:image:height\" content=\"575\" \/>\n\t<meta property=\"og:image:type\" content=\"image\/jpeg\" \/>\n<meta name=\"author\" content=\"admin\" \/>\n<meta name=\"twitter:card\" content=\"summary_large_image\" \/>\n<meta name=\"twitter:label1\" content=\"Escrito por\" \/>\n\t<meta name=\"twitter:data1\" content=\"admin\" \/>\n\t<meta name=\"twitter:label2\" content=\"Tiempo de lectura\" \/>\n\t<meta name=\"twitter:data2\" content=\"2 minutos\" \/>\n<script type=\"application\/ld+json\" class=\"yoast-schema-graph\">{\"@context\":\"https:\/\/schema.org\",\"@graph\":[{\"@type\":\"WebPage\",\"@id\":\"http:\/\/vientosur.top\/museo\/museo-violeta-parra-celebra-dia-mundial-del-medio-ambiente-presentando-protocolo-ecologico\/\",\"url\":\"http:\/\/vientosur.top\/museo\/museo-violeta-parra-celebra-dia-mundial-del-medio-ambiente-presentando-protocolo-ecologico\/\",\"name\":\"Museo Violeta Parra celebra el D\u00eda Mundial del Medio Ambiente presentando protocolo ecol\u00f3gico - Museo Violeta Parra\",\"isPartOf\":{\"@id\":\"http:\/\/vientosur.top\/museo\/#website\"},\"primaryImageOfPage\":{\"@id\":\"http:\/\/vientosur.top\/museo\/museo-violeta-parra-celebra-dia-mundial-del-medio-ambiente-presentando-protocolo-ecologico\/#primaryimage\"},\"image\":{\"@id\":\"http:\/\/vientosur.top\/museo\/museo-violeta-parra-celebra-dia-mundial-del-medio-ambiente-presentando-protocolo-ecologico\/#primaryimage\"},\"thumbnailUrl\":\"http:\/\/vientosur.top\/museo\/wp-content\/uploads\/2018\/06\/medioambientefundacioncosmos2.jpg\",\"datePublished\":\"2018-06-05T14:10:20+00:00\",\"author\":{\"@id\":\"http:\/\/vientosur.top\/museo\/#\/schema\/person\/20c79d3c38800971feec8c2693c3dd9c\"},\"breadcrumb\":{\"@id\":\"http:\/\/vientosur.top\/museo\/museo-violeta-parra-celebra-dia-mundial-del-medio-ambiente-presentando-protocolo-ecologico\/#breadcrumb\"},\"inLanguage\":\"es\",\"potentialAction\":[{\"@type\":\"ReadAction\",\"target\":[\"http:\/\/vientosur.top\/museo\/museo-violeta-parra-celebra-dia-mundial-del-medio-ambiente-presentando-protocolo-ecologico\/\"]}]},{\"@type\":\"ImageObject\",\"inLanguage\":\"es\",\"@id\":\"http:\/\/vientosur.top\/museo\/museo-violeta-parra-celebra-dia-mundial-del-medio-ambiente-presentando-protocolo-ecologico\/#primaryimage\",\"url\":\"http:\/\/vientosur.top\/museo\/wp-content\/uploads\/2018\/06\/medioambientefundacioncosmos2.jpg\",\"contentUrl\":\"http:\/\/vientosur.top\/museo\/wp-content\/uploads\/2018\/06\/medioambientefundacioncosmos2.jpg\",\"width\":1920,\"height\":1078},{\"@type\":\"BreadcrumbList\",\"@id\":\"http:\/\/vientosur.top\/museo\/museo-violeta-parra-celebra-dia-mundial-del-medio-ambiente-presentando-protocolo-ecologico\/#breadcrumb\",\"itemListElement\":[{\"@type\":\"ListItem\",\"position\":1,\"name\":\"Portada\",\"item\":\"http:\/\/vientosur.top\/museo\/\"},{\"@type\":\"ListItem\",\"position\":2,\"name\":\"Museo Violeta Parra celebra el D\u00eda Mundial del Medio Ambiente presentando protocolo ecol\u00f3gico\"}]},{\"@type\":\"WebSite\",\"@id\":\"http:\/\/vientosur.top\/museo\/#website\",\"url\":\"http:\/\/vientosur.top\/museo\/\",\"name\":\"Museo Violeta Parra\",\"description\":\"Espacio que alberga tanto la memoria y legado creativo de la artista\",\"potentialAction\":[{\"@type\":\"SearchAction\",\"target\":{\"@type\":\"EntryPoint\",\"urlTemplate\":\"http:\/\/vientosur.top\/museo\/?s={search_term_string}\"},\"query-input\":{\"@type\":\"PropertyValueSpecification\",\"valueRequired\":true,\"valueName\":\"search_term_string\"}}],\"inLanguage\":\"es\"},{\"@type\":\"Person\",\"@id\":\"http:\/\/vientosur.top\/museo\/#\/schema\/person\/20c79d3c38800971feec8c2693c3dd9c\",\"name\":\"admin\",\"image\":{\"@type\":\"ImageObject\",\"inLanguage\":\"es\",\"@id\":\"http:\/\/vientosur.top\/museo\/#\/schema\/person\/image\/\",\"url\":\"https:\/\/secure.gravatar.com\/avatar\/713677ece3ffa642287213a80e5b773bce9ab81c269dd6d95102a990951c922f?s=96&d=mm&r=g\",\"contentUrl\":\"https:\/\/secure.gravatar.com\/avatar\/713677ece3ffa642287213a80e5b773bce9ab81c269dd6d95102a990951c922f?s=96&d=mm&r=g\",\"caption\":\"admin\"},\"sameAs\":[\"http:\/\/vientosur.top\/museo\"],\"url\":\"http:\/\/vientosur.top\/museo\/author\/comunicacionesmvp\/\"}]}<\/script>\n<!-- \/ Yoast SEO plugin. -->","yoast_head_json":{"title":"Museo Violeta Parra celebra el D\u00eda Mundial del Medio Ambiente presentando protocolo ecol\u00f3gico - Museo Violeta Parra","robots":{"index":"index","follow":"follow","max-snippet":"max-snippet:-1","max-image-preview":"max-image-preview:large","max-video-preview":"max-video-preview:-1"},"canonical":"http:\/\/vientosur.top\/museo\/museo-violeta-parra-celebra-dia-mundial-del-medio-ambiente-presentando-protocolo-ecologico\/","og_locale":"es_ES","og_type":"article","og_title":"Museo Violeta Parra celebra el D\u00eda Mundial del Medio Ambiente presentando protocolo ecol\u00f3gico - Museo Violeta Parra","og_description":"La instituci\u00f3n conmemora el hito con su nueva Sala La Jardinera y proyectando nuevas acciones. Desde el 5 de junio de 1974 se celebra este d\u00eda internacional, que recuerda el d\u00eda en que se inici\u00f3 la Conferencia de Estocolmo, cuyo tema central fue el ambiente. El Museo Violeta Parra conmemora este hito dando a conocer [&hellip;]","og_url":"http:\/\/vientosur.top\/museo\/museo-violeta-parra-celebra-dia-mundial-del-medio-ambiente-presentando-protocolo-ecologico\/","og_site_name":"Museo Violeta Parra","article_published_time":"2018-06-05T14:10:20+00:00","og_image":[{"width":1024,"height":575,"url":"http:\/\/vientosur.top\/museo\/wp-content\/uploads\/2018\/06\/medioambientefundacioncosmos2-1024x575.jpg","type":"image\/jpeg"}],"author":"admin","twitter_card":"summary_large_image","twitter_misc":{"Escrito por":"admin","Tiempo de lectura":"2 minutos"},"schema":{"@context":"https:\/\/schema.org","@graph":[{"@type":"WebPage","@id":"http:\/\/vientosur.top\/museo\/museo-violeta-parra-celebra-dia-mundial-del-medio-ambiente-presentando-protocolo-ecologico\/","url":"http:\/\/vientosur.top\/museo\/museo-violeta-parra-celebra-dia-mundial-del-medio-ambiente-presentando-protocolo-ecologico\/","name":"Museo Violeta Parra celebra el D\u00eda Mundial del Medio Ambiente presentando protocolo ecol\u00f3gico - Museo Violeta Parra","isPartOf":{"@id":"http:\/\/vientosur.top\/museo\/#website"},"primaryImageOfPage":{"@id":"http:\/\/vientosur.top\/museo\/museo-violeta-parra-celebra-dia-mundial-del-medio-ambiente-presentando-protocolo-ecologico\/#primaryimage"},"image":{"@id":"http:\/\/vientosur.top\/museo\/museo-violeta-parra-celebra-dia-mundial-del-medio-ambiente-presentando-protocolo-ecologico\/#primaryimage"},"thumbnailUrl":"http:\/\/vientosur.top\/museo\/wp-content\/uploads\/2018\/06\/medioambientefundacioncosmos2.jpg","datePublished":"2018-06-05T14:10:20+00:00","author":{"@id":"http:\/\/vientosur.top\/museo\/#\/schema\/person\/20c79d3c38800971feec8c2693c3dd9c"},"breadcrumb":{"@id":"http:\/\/vientosur.top\/museo\/museo-violeta-parra-celebra-dia-mundial-del-medio-ambiente-presentando-protocolo-ecologico\/#breadcrumb"},"inLanguage":"es","potentialAction":[{"@type":"ReadAction","target":["http:\/\/vientosur.top\/museo\/museo-violeta-parra-celebra-dia-mundial-del-medio-ambiente-presentando-protocolo-ecologico\/"]}]},{"@type":"ImageObject","inLanguage":"es","@id":"http:\/\/vientosur.top\/museo\/museo-violeta-parra-celebra-dia-mundial-del-medio-ambiente-presentando-protocolo-ecologico\/#primaryimage","url":"http:\/\/vientosur.top\/museo\/wp-content\/uploads\/2018\/06\/medioambientefundacioncosmos2.jpg","contentUrl":"http:\/\/vientosur.top\/museo\/wp-content\/uploads\/2018\/06\/medioambientefundacioncosmos2.jpg","width":1920,"height":1078},{"@type":"BreadcrumbList","@id":"http:\/\/vientosur.top\/museo\/museo-violeta-parra-celebra-dia-mundial-del-medio-ambiente-presentando-protocolo-ecologico\/#breadcrumb","itemListElement":[{"@type":"ListItem","position":1,"name":"Portada","item":"http:\/\/vientosur.top\/museo\/"},{"@type":"ListItem","position":2,"name":"Museo Violeta Parra celebra el D\u00eda Mundial del Medio Ambiente presentando protocolo ecol\u00f3gico"}]},{"@type":"WebSite","@id":"http:\/\/vientosur.top\/museo\/#website","url":"http:\/\/vientosur.top\/museo\/","name":"Museo Violeta Parra","description":"Espacio que alberga tanto la memoria y legado creativo de la artista","potentialAction":[{"@type":"SearchAction","target":{"@type":"EntryPoint","urlTemplate":"http:\/\/vientosur.top\/museo\/?s={search_term_string}"},"query-input":{"@type":"PropertyValueSpecification","valueRequired":true,"valueName":"search_term_string"}}],"inLanguage":"es"},{"@type":"Person","@id":"http:\/\/vientosur.top\/museo\/#\/schema\/person\/20c79d3c38800971feec8c2693c3dd9c","name":"admin","image":{"@type":"ImageObject","inLanguage":"es","@id":"http:\/\/vientosur.top\/museo\/#\/schema\/person\/image\/","url":"https:\/\/secure.gravatar.com\/avatar\/713677ece3ffa642287213a80e5b773bce9ab81c269dd6d95102a990951c922f?s=96&d=mm&r=g","contentUrl":"https:\/\/secure.gravatar.com\/avatar\/713677ece3ffa642287213a80e5b773bce9ab81c269dd6d95102a990951c922f?s=96&d=mm&r=g","caption":"admin"},"sameAs":["http:\/\/vientosur.top\/museo"],"url":"http:\/\/vientosur.top\/museo\/author\/comunicacionesmvp\/"}]}},"_links":{"self":[{"href":"http:\/\/vientosur.top\/museo\/wp-json\/wp\/v2\/posts\/15176","targetHints":{"allow":["GET"]}}],"collection":[{"href":"http:\/\/vientosur.top\/museo\/wp-json\/wp\/v2\/posts"}],"about":[{"href":"http:\/\/vientosur.top\/museo\/wp-json\/wp\/v2\/types\/post"}],"author":[{"embeddable":true,"href":"http:\/\/vientosur.top\/museo\/wp-json\/wp\/v2\/users\/5"}],"replies":[{"embeddable":true,"href":"http:\/\/vientosur.top\/museo\/wp-json\/wp\/v2\/comments?post=15176"}],"version-history":[{"count":0,"href":"http:\/\/vientosur.top\/museo\/wp-json\/wp\/v2\/posts\/15176\/revisions"}],"wp:featuredmedia":[{"embeddable":true,"href":"http:\/\/vientosur.top\/museo\/wp-json\/wp\/v2\/media\/15168"}],"wp:attachment":[{"href":"http:\/\/vientosur.top\/museo\/wp-json\/wp\/v2\/media?parent=15176"}],"wp:term":[{"taxonomy":"category","embeddable":true,"href":"http:\/\/vientosur.top\/museo\/wp-json\/wp\/v2\/categories?post=15176"},{"taxonomy":"post_tag","embeddable":true,"href":"http:\/\/vientosur.top\/museo\/wp-json\/wp\/v2\/tags?post=15176"}],"curies":[{"name":"wp","href":"https:\/\/api.w.org\/{rel}","templated":true}]}}