{"id":1520,"date":"2016-09-06T19:01:36","date_gmt":"2016-09-06T19:01:36","guid":{"rendered":"http:\/\/vientosur.top\/museo\/\/?p=1520"},"modified":"2016-09-06T19:01:36","modified_gmt":"2016-09-06T19:01:36","slug":"museo-violeta-parra-tendra-dos-entretenidos-talleres-este-fin-de-semana","status":"publish","type":"post","link":"http:\/\/vientosur.top\/museo\/museo-violeta-parra-tendra-dos-entretenidos-talleres-este-fin-de-semana\/","title":{"rendered":"Museo Violeta Parra tendr\u00e1 dos entretenidos talleres este fin de semana"},"content":{"rendered":"<ul>\n<li><strong><em>Se trata de los talleres de \u201cVolantines Creativos\u201d y \u201cXilograf\u00eda a Cuchara\u201d, a los que se puede acceder en forma gratuita, previa inscripci\u00f3n al tel\u00e9fono 223554600.<\/em><\/strong><\/li>\n<\/ul>\n<p><!--more--><\/p>\n<p>Un fin de semana con talleres por partida doble tendr\u00e1 el Museo Violeta Parra este s\u00e1bado 10 de septiembre.<\/p>\n<p>Dado que estamos ad portas de celebrar nuestras Fiestas Patrias, el \u00c1rea de Educaci\u00f3n del Museo prepar\u00f3 un taller ideal para la conmemoraci\u00f3n: \u201cVolantines Creativos\u201d.<\/p>\n<p>En la actividad, que se desarrollar\u00e1 a las 12:00 horas, los participantes -que deben tener al menos 10 a\u00f1os- conocer\u00e1n la historia y tradici\u00f3n del volantinismo en el pa\u00eds y confeccionar\u00e1n dos piezas: el cl\u00e1sico volant\u00edn chileno y uno art\u00edstico con la iconograf\u00eda de Violeta Parra.<\/p>\n<p>La invitaci\u00f3n es a que los participantes, una vez concluido el taller, puedan elevar sus creaciones en la explanada del Museo Violeta Parra.<\/p>\n<p>\u201cPensado en un p\u00fablico familiar, que convoque a padres, madres e hijos de todas las edades y con el objetivo de rescatar el patrimonio cultural l\u00fadico del Chile en sus fiestas patrias, tenemos el taller de Volantines Creativos con el artesano y cultor Guillermo Olea, quien adem\u00e1s de ense\u00f1arles la t\u00e9cnica de confecci\u00f3n del volant\u00edn y sus tirantes para elevarlo, guiar\u00e1 a los participantes para jugar con ellos en la explanada del museo, poniendo en valor nuestras tradiciones populares\u201d, afirma Esteban Torres, Encargado de Educaci\u00f3n del Museo.<\/p>\n<p>M\u00e1s adelante, a las 15:00 horas, tendr\u00e1 lugar en la Sala Educativa del Museo el taller de \u201cXilograf\u00eda a Cuchara\u201d, donde los asistentes podr\u00e1n reinterpretar una peque\u00f1a obra gr\u00e1fica de Violeta Parra en esta t\u00e9cnica, tomando como referente su iconograf\u00eda visual para traspasarla a la madera.<\/p>\n<p>Ambos talleres son gratuitos, previa inscripci\u00f3n al tel\u00e9fono 223554600.<\/p>\n<p>Cabe recordar que el Museo no abrir\u00e1 al p\u00fablico el domingo 11 de septiembre ni tampoco los d\u00edas 17, 18 y 19. Los dos \u00faltimos corresponden a feriados legales.<\/p>\n<p><a href=\"http:\/\/vientosur.top\/museo\/\/wp-content\/uploads\/2016\/09\/TALLER-VOLANTINES-OK.jpg\"><img decoding=\"async\" class=\"alignleft size-medium wp-image-1522\" src=\"http:\/\/vientosur.top\/museo\/\/wp-content\/uploads\/2016\/09\/TALLER-VOLANTINES-OK-300x150.jpg\" alt=\"TALLER VOLANTINES OK\" width=\"300\" height=\"150\" \/><\/a> <a href=\"http:\/\/vientosur.top\/museo\/\/wp-content\/uploads\/2016\/09\/TALLER-XILO-OK.jpg\"><img decoding=\"async\" class=\"alignleft size-medium wp-image-1523\" src=\"http:\/\/vientosur.top\/museo\/\/wp-content\/uploads\/2016\/09\/TALLER-XILO-OK-300x150.jpg\" alt=\"TALLER XILO OK\" width=\"300\" height=\"150\" \/><\/a><\/p>\n<p>&nbsp;<\/p>\n<p>&nbsp;<\/p>\n<p>&nbsp;<\/p>\n","protected":false},"excerpt":{"rendered":"<p>Se trata de los talleres de \u201cVolantines Creativos\u201d y \u201cXilograf\u00eda a Cuchara\u201d, a los que se puede acceder en forma gratuita, previa inscripci\u00f3n al tel\u00e9fono 223554600.<\/p>\n","protected":false},"author":5,"featured_media":1521,"comment_status":"open","ping_status":"open","sticky":false,"template":"","format":"standard","meta":{"site-sidebar-layout":"default","site-content-layout":"","ast-site-content-layout":"default","site-content-style":"default","site-sidebar-style":"default","ast-global-header-display":"","ast-banner-title-visibility":"","ast-main-header-display":"","ast-hfb-above-header-display":"","ast-hfb-below-header-display":"","ast-hfb-mobile-header-display":"","site-post-title":"","ast-breadcrumbs-content":"","ast-featured-img":"","footer-sml-layout":"","theme-transparent-header-meta":"","adv-header-id-meta":"","stick-header-meta":"","header-above-stick-meta":"","header-main-stick-meta":"","header-below-stick-meta":"","astra-migrate-meta-layouts":"default","ast-page-background-enabled":"default","ast-page-background-meta":{"desktop":{"background-color":"var(--ast-global-color-4)","background-image":"","background-repeat":"repeat","background-position":"center center","background-size":"auto","background-attachment":"scroll","background-type":"","background-media":"","overlay-type":"","overlay-color":"","overlay-opacity":"","overlay-gradient":""},"tablet":{"background-color":"","background-image":"","background-repeat":"repeat","background-position":"center center","background-size":"auto","background-attachment":"scroll","background-type":"","background-media":"","overlay-type":"","overlay-color":"","overlay-opacity":"","overlay-gradient":""},"mobile":{"background-color":"","background-image":"","background-repeat":"repeat","background-position":"center center","background-size":"auto","background-attachment":"scroll","background-type":"","background-media":"","overlay-type":"","overlay-color":"","overlay-opacity":"","overlay-gradient":""}},"ast-content-background-meta":{"desktop":{"background-color":"var(--ast-global-color-5)","background-image":"","background-repeat":"repeat","background-position":"center center","background-size":"auto","background-attachment":"scroll","background-type":"","background-media":"","overlay-type":"","overlay-color":"","overlay-opacity":"","overlay-gradient":""},"tablet":{"background-color":"var(--ast-global-color-5)","background-image":"","background-repeat":"repeat","background-position":"center center","background-size":"auto","background-attachment":"scroll","background-type":"","background-media":"","overlay-type":"","overlay-color":"","overlay-opacity":"","overlay-gradient":""},"mobile":{"background-color":"var(--ast-global-color-5)","background-image":"","background-repeat":"repeat","background-position":"center center","background-size":"auto","background-attachment":"scroll","background-type":"","background-media":"","overlay-type":"","overlay-color":"","overlay-opacity":"","overlay-gradient":""}},"footnotes":""},"categories":[8,61],"tags":[],"class_list":["post-1520","post","type-post","status-publish","format-standard","has-post-thumbnail","hentry","category-noticias","category-novedades"],"yoast_head":"<!-- This site is optimized with the Yoast SEO plugin v25.4 - https:\/\/yoast.com\/wordpress\/plugins\/seo\/ -->\n<title>Museo Violeta Parra tendr\u00e1 dos entretenidos talleres este fin de semana - Museo Violeta Parra<\/title>\n<meta name=\"robots\" content=\"index, follow, max-snippet:-1, max-image-preview:large, max-video-preview:-1\" \/>\n<link rel=\"canonical\" href=\"http:\/\/vientosur.top\/museo\/museo-violeta-parra-tendra-dos-entretenidos-talleres-este-fin-de-semana\/\" \/>\n<meta property=\"og:locale\" content=\"es_ES\" \/>\n<meta property=\"og:type\" content=\"article\" \/>\n<meta property=\"og:title\" content=\"Museo Violeta Parra tendr\u00e1 dos entretenidos talleres este fin de semana - Museo Violeta Parra\" \/>\n<meta property=\"og:description\" content=\"Se trata de los talleres de \u201cVolantines Creativos\u201d y \u201cXilograf\u00eda a Cuchara\u201d, a los que se puede acceder en forma gratuita, previa inscripci\u00f3n al tel\u00e9fono 223554600.\" \/>\n<meta property=\"og:url\" content=\"http:\/\/vientosur.top\/museo\/museo-violeta-parra-tendra-dos-entretenidos-talleres-este-fin-de-semana\/\" \/>\n<meta property=\"og:site_name\" content=\"Museo Violeta Parra\" \/>\n<meta property=\"article:published_time\" content=\"2016-09-06T19:01:36+00:00\" \/>\n<meta property=\"og:image\" content=\"http:\/\/vientosur.top\/museo\/wp-content\/uploads\/2016\/09\/Volantin.jpg\" \/>\n\t<meta property=\"og:image:width\" content=\"1735\" \/>\n\t<meta property=\"og:image:height\" content=\"1871\" \/>\n\t<meta property=\"og:image:type\" content=\"image\/jpeg\" \/>\n<meta name=\"author\" content=\"admin\" \/>\n<meta name=\"twitter:card\" content=\"summary_large_image\" \/>\n<meta name=\"twitter:label1\" content=\"Escrito por\" \/>\n\t<meta name=\"twitter:data1\" content=\"admin\" \/>\n\t<meta name=\"twitter:label2\" content=\"Tiempo de lectura\" \/>\n\t<meta name=\"twitter:data2\" content=\"2 minutos\" \/>\n<script type=\"application\/ld+json\" class=\"yoast-schema-graph\">{\"@context\":\"https:\/\/schema.org\",\"@graph\":[{\"@type\":\"WebPage\",\"@id\":\"http:\/\/vientosur.top\/museo\/museo-violeta-parra-tendra-dos-entretenidos-talleres-este-fin-de-semana\/\",\"url\":\"http:\/\/vientosur.top\/museo\/museo-violeta-parra-tendra-dos-entretenidos-talleres-este-fin-de-semana\/\",\"name\":\"Museo Violeta Parra tendr\u00e1 dos entretenidos talleres este fin de semana - Museo Violeta Parra\",\"isPartOf\":{\"@id\":\"http:\/\/vientosur.top\/museo\/#website\"},\"primaryImageOfPage\":{\"@id\":\"http:\/\/vientosur.top\/museo\/museo-violeta-parra-tendra-dos-entretenidos-talleres-este-fin-de-semana\/#primaryimage\"},\"image\":{\"@id\":\"http:\/\/vientosur.top\/museo\/museo-violeta-parra-tendra-dos-entretenidos-talleres-este-fin-de-semana\/#primaryimage\"},\"thumbnailUrl\":\"http:\/\/vientosur.top\/museo\/wp-content\/uploads\/2016\/09\/Volantin.jpg\",\"datePublished\":\"2016-09-06T19:01:36+00:00\",\"author\":{\"@id\":\"http:\/\/vientosur.top\/museo\/#\/schema\/person\/20c79d3c38800971feec8c2693c3dd9c\"},\"breadcrumb\":{\"@id\":\"http:\/\/vientosur.top\/museo\/museo-violeta-parra-tendra-dos-entretenidos-talleres-este-fin-de-semana\/#breadcrumb\"},\"inLanguage\":\"es\",\"potentialAction\":[{\"@type\":\"ReadAction\",\"target\":[\"http:\/\/vientosur.top\/museo\/museo-violeta-parra-tendra-dos-entretenidos-talleres-este-fin-de-semana\/\"]}]},{\"@type\":\"ImageObject\",\"inLanguage\":\"es\",\"@id\":\"http:\/\/vientosur.top\/museo\/museo-violeta-parra-tendra-dos-entretenidos-talleres-este-fin-de-semana\/#primaryimage\",\"url\":\"http:\/\/vientosur.top\/museo\/wp-content\/uploads\/2016\/09\/Volantin.jpg\",\"contentUrl\":\"http:\/\/vientosur.top\/museo\/wp-content\/uploads\/2016\/09\/Volantin.jpg\",\"width\":1735,\"height\":1871},{\"@type\":\"BreadcrumbList\",\"@id\":\"http:\/\/vientosur.top\/museo\/museo-violeta-parra-tendra-dos-entretenidos-talleres-este-fin-de-semana\/#breadcrumb\",\"itemListElement\":[{\"@type\":\"ListItem\",\"position\":1,\"name\":\"Portada\",\"item\":\"http:\/\/vientosur.top\/museo\/\"},{\"@type\":\"ListItem\",\"position\":2,\"name\":\"Museo Violeta Parra tendr\u00e1 dos entretenidos talleres este fin de semana\"}]},{\"@type\":\"WebSite\",\"@id\":\"http:\/\/vientosur.top\/museo\/#website\",\"url\":\"http:\/\/vientosur.top\/museo\/\",\"name\":\"Museo Violeta Parra\",\"description\":\"Espacio que alberga tanto la memoria y legado creativo de la artista\",\"potentialAction\":[{\"@type\":\"SearchAction\",\"target\":{\"@type\":\"EntryPoint\",\"urlTemplate\":\"http:\/\/vientosur.top\/museo\/?s={search_term_string}\"},\"query-input\":{\"@type\":\"PropertyValueSpecification\",\"valueRequired\":true,\"valueName\":\"search_term_string\"}}],\"inLanguage\":\"es\"},{\"@type\":\"Person\",\"@id\":\"http:\/\/vientosur.top\/museo\/#\/schema\/person\/20c79d3c38800971feec8c2693c3dd9c\",\"name\":\"admin\",\"image\":{\"@type\":\"ImageObject\",\"inLanguage\":\"es\",\"@id\":\"http:\/\/vientosur.top\/museo\/#\/schema\/person\/image\/\",\"url\":\"https:\/\/secure.gravatar.com\/avatar\/713677ece3ffa642287213a80e5b773bce9ab81c269dd6d95102a990951c922f?s=96&d=mm&r=g\",\"contentUrl\":\"https:\/\/secure.gravatar.com\/avatar\/713677ece3ffa642287213a80e5b773bce9ab81c269dd6d95102a990951c922f?s=96&d=mm&r=g\",\"caption\":\"admin\"},\"sameAs\":[\"http:\/\/vientosur.top\/museo\"],\"url\":\"http:\/\/vientosur.top\/museo\/author\/comunicacionesmvp\/\"}]}<\/script>\n<!-- \/ Yoast SEO plugin. -->","yoast_head_json":{"title":"Museo Violeta Parra tendr\u00e1 dos entretenidos talleres este fin de semana - Museo Violeta Parra","robots":{"index":"index","follow":"follow","max-snippet":"max-snippet:-1","max-image-preview":"max-image-preview:large","max-video-preview":"max-video-preview:-1"},"canonical":"http:\/\/vientosur.top\/museo\/museo-violeta-parra-tendra-dos-entretenidos-talleres-este-fin-de-semana\/","og_locale":"es_ES","og_type":"article","og_title":"Museo Violeta Parra tendr\u00e1 dos entretenidos talleres este fin de semana - Museo Violeta Parra","og_description":"Se trata de los talleres de \u201cVolantines Creativos\u201d y \u201cXilograf\u00eda a Cuchara\u201d, a los que se puede acceder en forma gratuita, previa inscripci\u00f3n al tel\u00e9fono 223554600.","og_url":"http:\/\/vientosur.top\/museo\/museo-violeta-parra-tendra-dos-entretenidos-talleres-este-fin-de-semana\/","og_site_name":"Museo Violeta Parra","article_published_time":"2016-09-06T19:01:36+00:00","og_image":[{"width":1735,"height":1871,"url":"http:\/\/vientosur.top\/museo\/wp-content\/uploads\/2016\/09\/Volantin.jpg","type":"image\/jpeg"}],"author":"admin","twitter_card":"summary_large_image","twitter_misc":{"Escrito por":"admin","Tiempo de lectura":"2 minutos"},"schema":{"@context":"https:\/\/schema.org","@graph":[{"@type":"WebPage","@id":"http:\/\/vientosur.top\/museo\/museo-violeta-parra-tendra-dos-entretenidos-talleres-este-fin-de-semana\/","url":"http:\/\/vientosur.top\/museo\/museo-violeta-parra-tendra-dos-entretenidos-talleres-este-fin-de-semana\/","name":"Museo Violeta Parra tendr\u00e1 dos entretenidos talleres este fin de semana - Museo Violeta Parra","isPartOf":{"@id":"http:\/\/vientosur.top\/museo\/#website"},"primaryImageOfPage":{"@id":"http:\/\/vientosur.top\/museo\/museo-violeta-parra-tendra-dos-entretenidos-talleres-este-fin-de-semana\/#primaryimage"},"image":{"@id":"http:\/\/vientosur.top\/museo\/museo-violeta-parra-tendra-dos-entretenidos-talleres-este-fin-de-semana\/#primaryimage"},"thumbnailUrl":"http:\/\/vientosur.top\/museo\/wp-content\/uploads\/2016\/09\/Volantin.jpg","datePublished":"2016-09-06T19:01:36+00:00","author":{"@id":"http:\/\/vientosur.top\/museo\/#\/schema\/person\/20c79d3c38800971feec8c2693c3dd9c"},"breadcrumb":{"@id":"http:\/\/vientosur.top\/museo\/museo-violeta-parra-tendra-dos-entretenidos-talleres-este-fin-de-semana\/#breadcrumb"},"inLanguage":"es","potentialAction":[{"@type":"ReadAction","target":["http:\/\/vientosur.top\/museo\/museo-violeta-parra-tendra-dos-entretenidos-talleres-este-fin-de-semana\/"]}]},{"@type":"ImageObject","inLanguage":"es","@id":"http:\/\/vientosur.top\/museo\/museo-violeta-parra-tendra-dos-entretenidos-talleres-este-fin-de-semana\/#primaryimage","url":"http:\/\/vientosur.top\/museo\/wp-content\/uploads\/2016\/09\/Volantin.jpg","contentUrl":"http:\/\/vientosur.top\/museo\/wp-content\/uploads\/2016\/09\/Volantin.jpg","width":1735,"height":1871},{"@type":"BreadcrumbList","@id":"http:\/\/vientosur.top\/museo\/museo-violeta-parra-tendra-dos-entretenidos-talleres-este-fin-de-semana\/#breadcrumb","itemListElement":[{"@type":"ListItem","position":1,"name":"Portada","item":"http:\/\/vientosur.top\/museo\/"},{"@type":"ListItem","position":2,"name":"Museo Violeta Parra tendr\u00e1 dos entretenidos talleres este fin de semana"}]},{"@type":"WebSite","@id":"http:\/\/vientosur.top\/museo\/#website","url":"http:\/\/vientosur.top\/museo\/","name":"Museo Violeta Parra","description":"Espacio que alberga tanto la memoria y legado creativo de la artista","potentialAction":[{"@type":"SearchAction","target":{"@type":"EntryPoint","urlTemplate":"http:\/\/vientosur.top\/museo\/?s={search_term_string}"},"query-input":{"@type":"PropertyValueSpecification","valueRequired":true,"valueName":"search_term_string"}}],"inLanguage":"es"},{"@type":"Person","@id":"http:\/\/vientosur.top\/museo\/#\/schema\/person\/20c79d3c38800971feec8c2693c3dd9c","name":"admin","image":{"@type":"ImageObject","inLanguage":"es","@id":"http:\/\/vientosur.top\/museo\/#\/schema\/person\/image\/","url":"https:\/\/secure.gravatar.com\/avatar\/713677ece3ffa642287213a80e5b773bce9ab81c269dd6d95102a990951c922f?s=96&d=mm&r=g","contentUrl":"https:\/\/secure.gravatar.com\/avatar\/713677ece3ffa642287213a80e5b773bce9ab81c269dd6d95102a990951c922f?s=96&d=mm&r=g","caption":"admin"},"sameAs":["http:\/\/vientosur.top\/museo"],"url":"http:\/\/vientosur.top\/museo\/author\/comunicacionesmvp\/"}]}},"_links":{"self":[{"href":"http:\/\/vientosur.top\/museo\/wp-json\/wp\/v2\/posts\/1520","targetHints":{"allow":["GET"]}}],"collection":[{"href":"http:\/\/vientosur.top\/museo\/wp-json\/wp\/v2\/posts"}],"about":[{"href":"http:\/\/vientosur.top\/museo\/wp-json\/wp\/v2\/types\/post"}],"author":[{"embeddable":true,"href":"http:\/\/vientosur.top\/museo\/wp-json\/wp\/v2\/users\/5"}],"replies":[{"embeddable":true,"href":"http:\/\/vientosur.top\/museo\/wp-json\/wp\/v2\/comments?post=1520"}],"version-history":[{"count":0,"href":"http:\/\/vientosur.top\/museo\/wp-json\/wp\/v2\/posts\/1520\/revisions"}],"wp:featuredmedia":[{"embeddable":true,"href":"http:\/\/vientosur.top\/museo\/wp-json\/wp\/v2\/media\/1521"}],"wp:attachment":[{"href":"http:\/\/vientosur.top\/museo\/wp-json\/wp\/v2\/media?parent=1520"}],"wp:term":[{"taxonomy":"category","embeddable":true,"href":"http:\/\/vientosur.top\/museo\/wp-json\/wp\/v2\/categories?post=1520"},{"taxonomy":"post_tag","embeddable":true,"href":"http:\/\/vientosur.top\/museo\/wp-json\/wp\/v2\/tags?post=1520"}],"curies":[{"name":"wp","href":"https:\/\/api.w.org\/{rel}","templated":true}]}}