{"id":15205,"date":"2018-06-07T12:38:01","date_gmt":"2018-06-07T17:38:01","guid":{"rendered":"http:\/\/vientosur.top\/museo\/?p=15205"},"modified":"2018-06-07T12:38:01","modified_gmt":"2018-06-07T17:38:01","slug":"museo-violeta-parra-dono-obra-artistica-al-jardin-infantil-violeta-parra-paillaco","status":"publish","type":"post","link":"http:\/\/vientosur.top\/museo\/museo-violeta-parra-dono-obra-artistica-al-jardin-infantil-violeta-parra-paillaco\/","title":{"rendered":"Museo Violeta Parra don\u00f3 obra art\u00edstica al jard\u00edn infantil Violeta Parra de Paillaco"},"content":{"rendered":"<p><em>\u201cCasa Violeta\u201d, obra de arte contempor\u00e1neo inspirada en la casa donde la artista bord\u00f3 su primera arpillera, fue inaugurada en el centro educativo de Fundaci\u00f3n Integra. La acci\u00f3n se desarrolla en el marco del programa <\/em><em>\u201cVioleta sin fronteras\u201d, que busca romper los l\u00edmites espaciales del museo para llegar a la mayor cantidad de audiencias, con \u00e9nfasis en las regiones.<\/em><\/p>\n<p>Los viajes marcaron la vida de Violeta Parra. La artista recorri\u00f3 el pa\u00eds recopilando y ense\u00f1ando la cultura popular, labor que trascendi\u00f3 las fronteras y la llev\u00f3 a mostrar su trabajo en otros lugares del mundo.<\/p>\n<p>Siguiendo su esp\u00edritu viajero y su profundo sentido de igualdad de acceso a la cultura,\u00a0\u00a0el Museo Violeta Parra concret\u00f3 la donaci\u00f3n de una obra inspirada en una de las casas que habit\u00f3 la artista, al Jard\u00edn Infantil Violeta Parra. El establecimiento, que forma parte de la red de Fundaci\u00f3n Integra, est\u00e1 ubicado en la comuna de Paillaco, en la Regi\u00f3n de Los R\u00edos.<\/p>\n<p><a href=\"http:\/\/vientosur.top\/museo\/wp-content\/uploads\/2018\/06\/paillaco11.jpg\"><img fetchpriority=\"high\" decoding=\"async\" class=\"alignnone wp-image-15213 size-large\" src=\"http:\/\/vientosur.top\/museo\/wp-content\/uploads\/2018\/06\/paillaco11-1024x768.jpg\" alt=\"\" width=\"840\" height=\"630\" \/><\/a><\/p>\n<p>La actividad cont\u00f3 con la participaci\u00f3n de: Cecilia Garc\u00eda-Huidobro, Directora del Museo Violeta Parra; Jos\u00e9 Manuel Ready, Director Nacional de Fundaci\u00f3n Integra; C\u00e9sar Asenjo, Intendente de la Regi\u00f3n de Los R\u00edos; Mirella Canessa, Directora Regional de Fundaci\u00f3n Integra y Carolina Villegas, Directora del jard\u00edn, al cual la comunidad le otorg\u00f3 el nombre de Violeta Parra.<\/p>\n<p>La ceremonia cont\u00f3 con la presentaci\u00f3n musical de los ni\u00f1os y ni\u00f1as del Taller de Danza de la Escuela Rural El Llolly y de la banda de la Escuela Proyecto Futuro de Paillaco.<\/p>\n<p>\u201cEl museo ha ido incorporando artistas contempor\u00e1neos chilenos al enriquecimiento de sus contenidos museol\u00f3gicos. Fue muy importante mostrar que Violeta Parra tuvo una sola casa que llam\u00f3 &#8216;Casa de palos&#8217;, en La Reina, donde bord\u00f3 su primera arpillera y conoci\u00f3 a Gilbert Favre, el d\u00eda de su cumplea\u00f1os. Gracias a la artista Pilar Quinteros y al fot\u00f3grafo Jorge Brantmayer, la informaci\u00f3n se nutri\u00f3 desde el arte, d\u00e1ndole una dimensi\u00f3n m\u00e1s profunda\u201d, explica Cecilia Garc\u00eda-Huidobro, sobre la obra que llegar\u00e1 el mi\u00e9rcoles 6 de junio a la localidad sure\u00f1a para ser vista por sus habitantes.<\/p>\n<p>El inmueble en el que est\u00e1 inspirada la obra\u00a0se construy\u00f3 en 1959, en un terreno que adquiri\u00f3 Violeta Parra en la comuna de La Reina. Apenas recibi\u00f3 los derechos de autor de la grabaci\u00f3n \u201cCasamiento de negros\u201d, por la Orquesta de Les Baxter, pudo edificarla, llam\u00e1ndola \u201cCasa de palos\u201d.<\/p>\n<p>&nbsp;<\/p>\n<p><a href=\"http:\/\/vientosur.top\/museo\/wp-content\/uploads\/2018\/06\/paillaco7.jpg\"><img decoding=\"async\" class=\"alignnone size-large wp-image-15215\" src=\"http:\/\/vientosur.top\/museo\/wp-content\/uploads\/2018\/06\/paillaco7-768x1024.jpg\" alt=\"\" width=\"768\" height=\"1024\" \/><\/a><\/p>\n<p><strong>Violeta sin fronteras<\/strong><\/p>\n<p>Cecilia Garc\u00eda-Huidobro a\u00f1ade que \u201ces muy simb\u00f3lico que hoy ni\u00f1os y comunidades de Paillaco reciban esta obra de arte original, que adquiere nueva vida y significado. Dicha acci\u00f3n se inserta en el programa &#8216;Violeta sin fronteras&#8217; que busca romper los l\u00edmites espaciales del museo para llegar a la mayor cantidad de audiencias, con \u00e9nfasis en las regiones\u00bb.<\/p>\n<p>Junto con hacer entrega de la obra art\u00edstica, el equipo del Museo Violeta Parra,\u00a0realiz\u00f3 una mediaci\u00f3n educativa con \u201cLa Maleta de Violeta\u201d, programa educativo itinerante que ha visitado diversas regiones del pa\u00eds.<\/p>\n<p>&nbsp;<\/p>\n<p><strong><a href=\"https:\/\/www.facebook.com\/pg\/MuseoVioletaParra\/photos\/?tab=album&amp;album_id=2119646734945403\" target=\"_blank\" rel=\"noopener noreferrer\">Ver galer\u00eda de im\u00e1genes<\/a><\/strong><\/p>\n<p>&nbsp;<\/p>\n","protected":false},"excerpt":{"rendered":"<p>\u201cCasa Violeta\u201d, obra de arte contempor\u00e1neo inspirada en la casa donde la artista bord\u00f3 su primera arpillera, fue inaugurada en el centro educativo de Fundaci\u00f3n Integra. La acci\u00f3n se desarrolla en el marco del programa \u201cVioleta sin fronteras\u201d, que busca romper los l\u00edmites espaciales del museo para llegar a la mayor cantidad de audiencias, con [&hellip;]<\/p>\n","protected":false},"author":5,"featured_media":15208,"comment_status":"open","ping_status":"open","sticky":false,"template":"","format":"standard","meta":{"site-sidebar-layout":"default","site-content-layout":"","ast-site-content-layout":"default","site-content-style":"default","site-sidebar-style":"default","ast-global-header-display":"","ast-banner-title-visibility":"","ast-main-header-display":"","ast-hfb-above-header-display":"","ast-hfb-below-header-display":"","ast-hfb-mobile-header-display":"","site-post-title":"","ast-breadcrumbs-content":"","ast-featured-img":"","footer-sml-layout":"","theme-transparent-header-meta":"","adv-header-id-meta":"","stick-header-meta":"","header-above-stick-meta":"","header-main-stick-meta":"","header-below-stick-meta":"","astra-migrate-meta-layouts":"default","ast-page-background-enabled":"default","ast-page-background-meta":{"desktop":{"background-color":"var(--ast-global-color-4)","background-image":"","background-repeat":"repeat","background-position":"center center","background-size":"auto","background-attachment":"scroll","background-type":"","background-media":"","overlay-type":"","overlay-color":"","overlay-opacity":"","overlay-gradient":""},"tablet":{"background-color":"","background-image":"","background-repeat":"repeat","background-position":"center center","background-size":"auto","background-attachment":"scroll","background-type":"","background-media":"","overlay-type":"","overlay-color":"","overlay-opacity":"","overlay-gradient":""},"mobile":{"background-color":"","background-image":"","background-repeat":"repeat","background-position":"center center","background-size":"auto","background-attachment":"scroll","background-type":"","background-media":"","overlay-type":"","overlay-color":"","overlay-opacity":"","overlay-gradient":""}},"ast-content-background-meta":{"desktop":{"background-color":"var(--ast-global-color-5)","background-image":"","background-repeat":"repeat","background-position":"center center","background-size":"auto","background-attachment":"scroll","background-type":"","background-media":"","overlay-type":"","overlay-color":"","overlay-opacity":"","overlay-gradient":""},"tablet":{"background-color":"var(--ast-global-color-5)","background-image":"","background-repeat":"repeat","background-position":"center center","background-size":"auto","background-attachment":"scroll","background-type":"","background-media":"","overlay-type":"","overlay-color":"","overlay-opacity":"","overlay-gradient":""},"mobile":{"background-color":"var(--ast-global-color-5)","background-image":"","background-repeat":"repeat","background-position":"center center","background-size":"auto","background-attachment":"scroll","background-type":"","background-media":"","overlay-type":"","overlay-color":"","overlay-opacity":"","overlay-gradient":""}},"footnotes":""},"categories":[59,8,61],"tags":[],"class_list":["post-15205","post","type-post","status-publish","format-standard","has-post-thumbnail","hentry","category-destacado-noticia","category-noticias","category-novedades"],"yoast_head":"<!-- This site is optimized with the Yoast SEO plugin v25.4 - https:\/\/yoast.com\/wordpress\/plugins\/seo\/ -->\n<title>Museo Violeta Parra don\u00f3 obra art\u00edstica al jard\u00edn infantil Violeta Parra de Paillaco - Museo Violeta Parra<\/title>\n<meta name=\"robots\" content=\"index, follow, max-snippet:-1, max-image-preview:large, max-video-preview:-1\" \/>\n<link rel=\"canonical\" href=\"http:\/\/vientosur.top\/museo\/museo-violeta-parra-dono-obra-artistica-al-jardin-infantil-violeta-parra-paillaco\/\" \/>\n<meta property=\"og:locale\" content=\"es_ES\" \/>\n<meta property=\"og:type\" content=\"article\" \/>\n<meta property=\"og:title\" content=\"Museo Violeta Parra don\u00f3 obra art\u00edstica al jard\u00edn infantil Violeta Parra de Paillaco - Museo Violeta Parra\" \/>\n<meta property=\"og:description\" content=\"\u201cCasa Violeta\u201d, obra de arte contempor\u00e1neo inspirada en la casa donde la artista bord\u00f3 su primera arpillera, fue inaugurada en el centro educativo de Fundaci\u00f3n Integra. La acci\u00f3n se desarrolla en el marco del programa \u201cVioleta sin fronteras\u201d, que busca romper los l\u00edmites espaciales del museo para llegar a la mayor cantidad de audiencias, con [&hellip;]\" \/>\n<meta property=\"og:url\" content=\"http:\/\/vientosur.top\/museo\/museo-violeta-parra-dono-obra-artistica-al-jardin-infantil-violeta-parra-paillaco\/\" \/>\n<meta property=\"og:site_name\" content=\"Museo Violeta Parra\" \/>\n<meta property=\"article:published_time\" content=\"2018-06-07T17:38:01+00:00\" \/>\n<meta property=\"og:image\" content=\"http:\/\/vientosur.top\/museo\/wp-content\/uploads\/2018\/06\/paillaco4.jpg\" \/>\n\t<meta property=\"og:image:width\" content=\"1200\" \/>\n\t<meta property=\"og:image:height\" content=\"800\" \/>\n\t<meta property=\"og:image:type\" content=\"image\/jpeg\" \/>\n<meta name=\"author\" content=\"admin\" \/>\n<meta name=\"twitter:card\" content=\"summary_large_image\" \/>\n<meta name=\"twitter:label1\" content=\"Escrito por\" \/>\n\t<meta name=\"twitter:data1\" content=\"admin\" \/>\n\t<meta name=\"twitter:label2\" content=\"Tiempo de lectura\" \/>\n\t<meta name=\"twitter:data2\" content=\"3 minutos\" \/>\n<script type=\"application\/ld+json\" class=\"yoast-schema-graph\">{\"@context\":\"https:\/\/schema.org\",\"@graph\":[{\"@type\":\"WebPage\",\"@id\":\"http:\/\/vientosur.top\/museo\/museo-violeta-parra-dono-obra-artistica-al-jardin-infantil-violeta-parra-paillaco\/\",\"url\":\"http:\/\/vientosur.top\/museo\/museo-violeta-parra-dono-obra-artistica-al-jardin-infantil-violeta-parra-paillaco\/\",\"name\":\"Museo Violeta Parra don\u00f3 obra art\u00edstica al jard\u00edn infantil Violeta Parra de Paillaco - Museo Violeta Parra\",\"isPartOf\":{\"@id\":\"http:\/\/vientosur.top\/museo\/#website\"},\"primaryImageOfPage\":{\"@id\":\"http:\/\/vientosur.top\/museo\/museo-violeta-parra-dono-obra-artistica-al-jardin-infantil-violeta-parra-paillaco\/#primaryimage\"},\"image\":{\"@id\":\"http:\/\/vientosur.top\/museo\/museo-violeta-parra-dono-obra-artistica-al-jardin-infantil-violeta-parra-paillaco\/#primaryimage\"},\"thumbnailUrl\":\"http:\/\/vientosur.top\/museo\/wp-content\/uploads\/2018\/06\/paillaco4.jpg\",\"datePublished\":\"2018-06-07T17:38:01+00:00\",\"author\":{\"@id\":\"http:\/\/vientosur.top\/museo\/#\/schema\/person\/20c79d3c38800971feec8c2693c3dd9c\"},\"breadcrumb\":{\"@id\":\"http:\/\/vientosur.top\/museo\/museo-violeta-parra-dono-obra-artistica-al-jardin-infantil-violeta-parra-paillaco\/#breadcrumb\"},\"inLanguage\":\"es\",\"potentialAction\":[{\"@type\":\"ReadAction\",\"target\":[\"http:\/\/vientosur.top\/museo\/museo-violeta-parra-dono-obra-artistica-al-jardin-infantil-violeta-parra-paillaco\/\"]}]},{\"@type\":\"ImageObject\",\"inLanguage\":\"es\",\"@id\":\"http:\/\/vientosur.top\/museo\/museo-violeta-parra-dono-obra-artistica-al-jardin-infantil-violeta-parra-paillaco\/#primaryimage\",\"url\":\"http:\/\/vientosur.top\/museo\/wp-content\/uploads\/2018\/06\/paillaco4.jpg\",\"contentUrl\":\"http:\/\/vientosur.top\/museo\/wp-content\/uploads\/2018\/06\/paillaco4.jpg\",\"width\":1200,\"height\":800},{\"@type\":\"BreadcrumbList\",\"@id\":\"http:\/\/vientosur.top\/museo\/museo-violeta-parra-dono-obra-artistica-al-jardin-infantil-violeta-parra-paillaco\/#breadcrumb\",\"itemListElement\":[{\"@type\":\"ListItem\",\"position\":1,\"name\":\"Portada\",\"item\":\"http:\/\/vientosur.top\/museo\/\"},{\"@type\":\"ListItem\",\"position\":2,\"name\":\"Museo Violeta Parra don\u00f3 obra art\u00edstica al jard\u00edn infantil Violeta Parra de Paillaco\"}]},{\"@type\":\"WebSite\",\"@id\":\"http:\/\/vientosur.top\/museo\/#website\",\"url\":\"http:\/\/vientosur.top\/museo\/\",\"name\":\"Museo Violeta Parra\",\"description\":\"Espacio que alberga tanto la memoria y legado creativo de la artista\",\"potentialAction\":[{\"@type\":\"SearchAction\",\"target\":{\"@type\":\"EntryPoint\",\"urlTemplate\":\"http:\/\/vientosur.top\/museo\/?s={search_term_string}\"},\"query-input\":{\"@type\":\"PropertyValueSpecification\",\"valueRequired\":true,\"valueName\":\"search_term_string\"}}],\"inLanguage\":\"es\"},{\"@type\":\"Person\",\"@id\":\"http:\/\/vientosur.top\/museo\/#\/schema\/person\/20c79d3c38800971feec8c2693c3dd9c\",\"name\":\"admin\",\"image\":{\"@type\":\"ImageObject\",\"inLanguage\":\"es\",\"@id\":\"http:\/\/vientosur.top\/museo\/#\/schema\/person\/image\/\",\"url\":\"https:\/\/secure.gravatar.com\/avatar\/713677ece3ffa642287213a80e5b773bce9ab81c269dd6d95102a990951c922f?s=96&d=mm&r=g\",\"contentUrl\":\"https:\/\/secure.gravatar.com\/avatar\/713677ece3ffa642287213a80e5b773bce9ab81c269dd6d95102a990951c922f?s=96&d=mm&r=g\",\"caption\":\"admin\"},\"sameAs\":[\"http:\/\/vientosur.top\/museo\"],\"url\":\"http:\/\/vientosur.top\/museo\/author\/comunicacionesmvp\/\"}]}<\/script>\n<!-- \/ Yoast SEO plugin. -->","yoast_head_json":{"title":"Museo Violeta Parra don\u00f3 obra art\u00edstica al jard\u00edn infantil Violeta Parra de Paillaco - Museo Violeta Parra","robots":{"index":"index","follow":"follow","max-snippet":"max-snippet:-1","max-image-preview":"max-image-preview:large","max-video-preview":"max-video-preview:-1"},"canonical":"http:\/\/vientosur.top\/museo\/museo-violeta-parra-dono-obra-artistica-al-jardin-infantil-violeta-parra-paillaco\/","og_locale":"es_ES","og_type":"article","og_title":"Museo Violeta Parra don\u00f3 obra art\u00edstica al jard\u00edn infantil Violeta Parra de Paillaco - Museo Violeta Parra","og_description":"\u201cCasa Violeta\u201d, obra de arte contempor\u00e1neo inspirada en la casa donde la artista bord\u00f3 su primera arpillera, fue inaugurada en el centro educativo de Fundaci\u00f3n Integra. La acci\u00f3n se desarrolla en el marco del programa \u201cVioleta sin fronteras\u201d, que busca romper los l\u00edmites espaciales del museo para llegar a la mayor cantidad de audiencias, con [&hellip;]","og_url":"http:\/\/vientosur.top\/museo\/museo-violeta-parra-dono-obra-artistica-al-jardin-infantil-violeta-parra-paillaco\/","og_site_name":"Museo Violeta Parra","article_published_time":"2018-06-07T17:38:01+00:00","og_image":[{"width":1200,"height":800,"url":"http:\/\/vientosur.top\/museo\/wp-content\/uploads\/2018\/06\/paillaco4.jpg","type":"image\/jpeg"}],"author":"admin","twitter_card":"summary_large_image","twitter_misc":{"Escrito por":"admin","Tiempo de lectura":"3 minutos"},"schema":{"@context":"https:\/\/schema.org","@graph":[{"@type":"WebPage","@id":"http:\/\/vientosur.top\/museo\/museo-violeta-parra-dono-obra-artistica-al-jardin-infantil-violeta-parra-paillaco\/","url":"http:\/\/vientosur.top\/museo\/museo-violeta-parra-dono-obra-artistica-al-jardin-infantil-violeta-parra-paillaco\/","name":"Museo Violeta Parra don\u00f3 obra art\u00edstica al jard\u00edn infantil Violeta Parra de Paillaco - Museo Violeta Parra","isPartOf":{"@id":"http:\/\/vientosur.top\/museo\/#website"},"primaryImageOfPage":{"@id":"http:\/\/vientosur.top\/museo\/museo-violeta-parra-dono-obra-artistica-al-jardin-infantil-violeta-parra-paillaco\/#primaryimage"},"image":{"@id":"http:\/\/vientosur.top\/museo\/museo-violeta-parra-dono-obra-artistica-al-jardin-infantil-violeta-parra-paillaco\/#primaryimage"},"thumbnailUrl":"http:\/\/vientosur.top\/museo\/wp-content\/uploads\/2018\/06\/paillaco4.jpg","datePublished":"2018-06-07T17:38:01+00:00","author":{"@id":"http:\/\/vientosur.top\/museo\/#\/schema\/person\/20c79d3c38800971feec8c2693c3dd9c"},"breadcrumb":{"@id":"http:\/\/vientosur.top\/museo\/museo-violeta-parra-dono-obra-artistica-al-jardin-infantil-violeta-parra-paillaco\/#breadcrumb"},"inLanguage":"es","potentialAction":[{"@type":"ReadAction","target":["http:\/\/vientosur.top\/museo\/museo-violeta-parra-dono-obra-artistica-al-jardin-infantil-violeta-parra-paillaco\/"]}]},{"@type":"ImageObject","inLanguage":"es","@id":"http:\/\/vientosur.top\/museo\/museo-violeta-parra-dono-obra-artistica-al-jardin-infantil-violeta-parra-paillaco\/#primaryimage","url":"http:\/\/vientosur.top\/museo\/wp-content\/uploads\/2018\/06\/paillaco4.jpg","contentUrl":"http:\/\/vientosur.top\/museo\/wp-content\/uploads\/2018\/06\/paillaco4.jpg","width":1200,"height":800},{"@type":"BreadcrumbList","@id":"http:\/\/vientosur.top\/museo\/museo-violeta-parra-dono-obra-artistica-al-jardin-infantil-violeta-parra-paillaco\/#breadcrumb","itemListElement":[{"@type":"ListItem","position":1,"name":"Portada","item":"http:\/\/vientosur.top\/museo\/"},{"@type":"ListItem","position":2,"name":"Museo Violeta Parra don\u00f3 obra art\u00edstica al jard\u00edn infantil Violeta Parra de Paillaco"}]},{"@type":"WebSite","@id":"http:\/\/vientosur.top\/museo\/#website","url":"http:\/\/vientosur.top\/museo\/","name":"Museo Violeta Parra","description":"Espacio que alberga tanto la memoria y legado creativo de la artista","potentialAction":[{"@type":"SearchAction","target":{"@type":"EntryPoint","urlTemplate":"http:\/\/vientosur.top\/museo\/?s={search_term_string}"},"query-input":{"@type":"PropertyValueSpecification","valueRequired":true,"valueName":"search_term_string"}}],"inLanguage":"es"},{"@type":"Person","@id":"http:\/\/vientosur.top\/museo\/#\/schema\/person\/20c79d3c38800971feec8c2693c3dd9c","name":"admin","image":{"@type":"ImageObject","inLanguage":"es","@id":"http:\/\/vientosur.top\/museo\/#\/schema\/person\/image\/","url":"https:\/\/secure.gravatar.com\/avatar\/713677ece3ffa642287213a80e5b773bce9ab81c269dd6d95102a990951c922f?s=96&d=mm&r=g","contentUrl":"https:\/\/secure.gravatar.com\/avatar\/713677ece3ffa642287213a80e5b773bce9ab81c269dd6d95102a990951c922f?s=96&d=mm&r=g","caption":"admin"},"sameAs":["http:\/\/vientosur.top\/museo"],"url":"http:\/\/vientosur.top\/museo\/author\/comunicacionesmvp\/"}]}},"_links":{"self":[{"href":"http:\/\/vientosur.top\/museo\/wp-json\/wp\/v2\/posts\/15205","targetHints":{"allow":["GET"]}}],"collection":[{"href":"http:\/\/vientosur.top\/museo\/wp-json\/wp\/v2\/posts"}],"about":[{"href":"http:\/\/vientosur.top\/museo\/wp-json\/wp\/v2\/types\/post"}],"author":[{"embeddable":true,"href":"http:\/\/vientosur.top\/museo\/wp-json\/wp\/v2\/users\/5"}],"replies":[{"embeddable":true,"href":"http:\/\/vientosur.top\/museo\/wp-json\/wp\/v2\/comments?post=15205"}],"version-history":[{"count":0,"href":"http:\/\/vientosur.top\/museo\/wp-json\/wp\/v2\/posts\/15205\/revisions"}],"wp:featuredmedia":[{"embeddable":true,"href":"http:\/\/vientosur.top\/museo\/wp-json\/wp\/v2\/media\/15208"}],"wp:attachment":[{"href":"http:\/\/vientosur.top\/museo\/wp-json\/wp\/v2\/media?parent=15205"}],"wp:term":[{"taxonomy":"category","embeddable":true,"href":"http:\/\/vientosur.top\/museo\/wp-json\/wp\/v2\/categories?post=15205"},{"taxonomy":"post_tag","embeddable":true,"href":"http:\/\/vientosur.top\/museo\/wp-json\/wp\/v2\/tags?post=15205"}],"curies":[{"name":"wp","href":"https:\/\/api.w.org\/{rel}","templated":true}]}}