{"id":15220,"date":"2018-06-08T08:41:55","date_gmt":"2018-06-08T13:41:55","guid":{"rendered":"http:\/\/vientosur.top\/museo\/?p=15220"},"modified":"2018-06-08T08:41:55","modified_gmt":"2018-06-08T13:41:55","slug":"documentales-pueblo-mapuche-se-exhibiran-este-domingo-museo-violeta-parra","status":"publish","type":"post","link":"http:\/\/vientosur.top\/museo\/documentales-pueblo-mapuche-se-exhibiran-este-domingo-museo-violeta-parra\/","title":{"rendered":"Museo Violeta Parra exhibi\u00f3 documentales sobre el pueblo mapuche junto a CINELEBU"},"content":{"rendered":"<p style=\"font-weight: 400;\"><em>Las cintas, que fueron parte de la \u00faltima edici\u00f3n del Festival Internacional de Cine Lebu, se proyectaron el domingo 10 de junio en la Sala Antar, en el marco del Mes de los Pueblos Originarios.\u00a0<\/em><\/p>\n<p style=\"font-weight: 400;\">El 24 de junio es el D\u00eda Nacional de los Pueblos Originarios de Chile. En esta fecha, la cosmovisi\u00f3n de estos pueblos contempla rituales y ceremonias espirituales de renovaci\u00f3n y purificaci\u00f3n para celebrar un nuevo a\u00f1o o nuevo ciclo de vida.<\/p>\n<p style=\"font-weight: 400;\">Como una forma de poner en valor la enorme riqueza que estos pueblos le aportan a nuestra identidad, el Museo Violeta Parra prepar\u00f3 una serie de actividades durante este mes. Una de ellas, es la proyecci\u00f3n de documentales.<\/p>\n<p style=\"font-weight: 400;\">En el marco del convenio de colaboraci\u00f3n que el Museo Violeta Parra tiene con el Festival Internacional Cine Lebu, se proyect\u00f3 una selecci\u00f3n de cortometrajes documentales\u00a0sobre pueblos originarios. Los trabajos\u00a0fueron parte del certamen cinematogr\u00e1fico que, desde este a\u00f1o, es el primer festival en Chile calificador de cortometrajes para los Premios Oscar.<\/p>\n<p style=\"font-weight: 400;\">La exhibici\u00f3n fue una oportunidad perfecta para conocer personas, problem\u00e1ticas y diversas realidades. Es el caso de \u201cKuifi Kim\u00fcn Aukantun Kimeltuw\u00fcn Meu: Juegos mapuche\u201d, de Carolina K\u00fcrr\u00fcf (Carolina Poblete), cinta que aborda la valoraci\u00f3n cultural del juego en algunas experiencias de la comunidad escolar y mapuche en Padre Las Casas.<\/p>\n<p style=\"font-weight: 400;\">\u00bfQu\u00e9 es vivir en comunidad? Es la pregunta que se hace un grupo de mujeres de Hornopir\u00e9n en el documental \u201cAyulemn Mapu: Enamorado de mi tierra\u201d, dirigido por Felipe Novoa. Las protagonistas son parte de una comunidad, comparten vivencias y territorio, tienen distintas edades pero una premisa en com\u00fan, conocer y recuperar su ra\u00edz mapuche-huilliche.<\/p>\n<p style=\"font-weight: 400;\">\u201cRicardo Meli\u00f1ir, Lonko\u201d\u00a0\u00a0y \u201cJuan Curaqueo, Machi\u201d, ambos filmes de Millarrewe Huilcaman y Gerardo Berrocal, tambi\u00e9n ser\u00e1n parte de la programaci\u00f3n. El primero, es un documental que cuenta la historia del Lonko del Lof Kmke\u00f1 (comunidad Quinqu\u00e9n), y el segundo, aborda la historia de Juan Curaqueo, quien lleva su conocimiento como Filew (Machi) por todo el territorio Mapuche, pese a las consecuencias del avance de las plantaciones forestales que est\u00e1n afectando el agua.<\/p>\n<p style=\"font-weight: 400;\">La \u00faltima cinta que form\u00f3 parte de la programaci\u00f3n es \u201cColelo Hueche\u201d, de Francisco Bascur, que cuenta la historia de Pablo Sandoval Hueche, m\u00e1s conocido como \u201cColelo\u201d. Con m\u00e1s de 15 a\u00f1os de trayectoria posee un amplio reconocimiento dentro de la m\u00fasica contempor\u00e1nea mapuche, lo que lo convierte en un referente del canto y sentir vivir de su pueblo.<\/p>\n<p style=\"font-weight: 400;\">\n<p style=\"font-weight: 400;\"><a href=\"http:\/\/vientosur.top\/museo\/wp-content\/uploads\/2018\/06\/CINELEBU2.jpg\"><img fetchpriority=\"high\" decoding=\"async\" class=\"alignnone size-large wp-image-15221\" src=\"http:\/\/vientosur.top\/museo\/wp-content\/uploads\/2018\/06\/CINELEBU2-1024x543.jpg\" alt=\"\" width=\"840\" height=\"445\" \/><br \/>\n<\/a><strong><br \/>\nSobre CINELEBU<\/strong><\/p>\n<p style=\"font-weight: 400;\">Recientemente, en febrero de 2018, se desarroll\u00f3 la 18\u00aa versi\u00f3n del Festival Internacional de Cine de Lebu en Lebu, Ca\u00f1ete y Concepci\u00f3n, instancia que marc\u00f3 un hito en Chile y en festivales de cine, al anunciar que por primera vez un festival de cine del Cono Sur, es calificador de cortometrajes para los Premios Oscar. De esa categor\u00eda existen s\u00f3lo cinco en Latinoam\u00e9rica: Guadalajara, Guanajuato, Cartagena, Grand Prix (Brasil) y Morelia.<\/p>\n<p style=\"font-weight: 400;\">\n","protected":false},"excerpt":{"rendered":"<p>Las cintas, que fueron parte de la \u00faltima edici\u00f3n del Festival Internacional de Cine Lebu, se proyectaron el domingo 10 de junio en la Sala Antar, en el marco del Mes de los Pueblos Originarios.\u00a0 El 24 de junio es el D\u00eda Nacional de los Pueblos Originarios de Chile. En esta fecha, la cosmovisi\u00f3n de [&hellip;]<\/p>\n","protected":false},"author":5,"featured_media":15119,"comment_status":"open","ping_status":"open","sticky":false,"template":"","format":"standard","meta":{"site-sidebar-layout":"default","site-content-layout":"","ast-site-content-layout":"default","site-content-style":"default","site-sidebar-style":"default","ast-global-header-display":"","ast-banner-title-visibility":"","ast-main-header-display":"","ast-hfb-above-header-display":"","ast-hfb-below-header-display":"","ast-hfb-mobile-header-display":"","site-post-title":"","ast-breadcrumbs-content":"","ast-featured-img":"","footer-sml-layout":"","theme-transparent-header-meta":"","adv-header-id-meta":"","stick-header-meta":"","header-above-stick-meta":"","header-main-stick-meta":"","header-below-stick-meta":"","astra-migrate-meta-layouts":"default","ast-page-background-enabled":"default","ast-page-background-meta":{"desktop":{"background-color":"var(--ast-global-color-4)","background-image":"","background-repeat":"repeat","background-position":"center center","background-size":"auto","background-attachment":"scroll","background-type":"","background-media":"","overlay-type":"","overlay-color":"","overlay-opacity":"","overlay-gradient":""},"tablet":{"background-color":"","background-image":"","background-repeat":"repeat","background-position":"center center","background-size":"auto","background-attachment":"scroll","background-type":"","background-media":"","overlay-type":"","overlay-color":"","overlay-opacity":"","overlay-gradient":""},"mobile":{"background-color":"","background-image":"","background-repeat":"repeat","background-position":"center center","background-size":"auto","background-attachment":"scroll","background-type":"","background-media":"","overlay-type":"","overlay-color":"","overlay-opacity":"","overlay-gradient":""}},"ast-content-background-meta":{"desktop":{"background-color":"var(--ast-global-color-5)","background-image":"","background-repeat":"repeat","background-position":"center center","background-size":"auto","background-attachment":"scroll","background-type":"","background-media":"","overlay-type":"","overlay-color":"","overlay-opacity":"","overlay-gradient":""},"tablet":{"background-color":"var(--ast-global-color-5)","background-image":"","background-repeat":"repeat","background-position":"center center","background-size":"auto","background-attachment":"scroll","background-type":"","background-media":"","overlay-type":"","overlay-color":"","overlay-opacity":"","overlay-gradient":""},"mobile":{"background-color":"var(--ast-global-color-5)","background-image":"","background-repeat":"repeat","background-position":"center center","background-size":"auto","background-attachment":"scroll","background-type":"","background-media":"","overlay-type":"","overlay-color":"","overlay-opacity":"","overlay-gradient":""}},"footnotes":""},"categories":[59,8,61],"tags":[],"class_list":["post-15220","post","type-post","status-publish","format-standard","has-post-thumbnail","hentry","category-destacado-noticia","category-noticias","category-novedades"],"yoast_head":"<!-- This site is optimized with the Yoast SEO plugin v25.4 - https:\/\/yoast.com\/wordpress\/plugins\/seo\/ -->\n<title>Museo Violeta Parra exhibi\u00f3 documentales sobre el pueblo mapuche junto a CINELEBU - Museo Violeta Parra<\/title>\n<meta name=\"robots\" content=\"index, follow, max-snippet:-1, max-image-preview:large, max-video-preview:-1\" \/>\n<link rel=\"canonical\" href=\"http:\/\/vientosur.top\/museo\/documentales-pueblo-mapuche-se-exhibiran-este-domingo-museo-violeta-parra\/\" \/>\n<meta property=\"og:locale\" content=\"es_ES\" \/>\n<meta property=\"og:type\" content=\"article\" \/>\n<meta property=\"og:title\" content=\"Museo Violeta Parra exhibi\u00f3 documentales sobre el pueblo mapuche junto a CINELEBU - Museo Violeta Parra\" \/>\n<meta property=\"og:description\" content=\"Las cintas, que fueron parte de la \u00faltima edici\u00f3n del Festival Internacional de Cine Lebu, se proyectaron el domingo 10 de junio en la Sala Antar, en el marco del Mes de los Pueblos Originarios.\u00a0 El 24 de junio es el D\u00eda Nacional de los Pueblos Originarios de Chile. En esta fecha, la cosmovisi\u00f3n de [&hellip;]\" \/>\n<meta property=\"og:url\" content=\"http:\/\/vientosur.top\/museo\/documentales-pueblo-mapuche-se-exhibiran-este-domingo-museo-violeta-parra\/\" \/>\n<meta property=\"og:site_name\" content=\"Museo Violeta Parra\" \/>\n<meta property=\"article:published_time\" content=\"2018-06-08T13:41:55+00:00\" \/>\n<meta property=\"og:image\" content=\"http:\/\/vientosur.top\/museo\/wp-content\/uploads\/2018\/05\/ricardo-meli\u00f1ir-1.jpg\" \/>\n\t<meta property=\"og:image:width\" content=\"1024\" \/>\n\t<meta property=\"og:image:height\" content=\"683\" \/>\n\t<meta property=\"og:image:type\" content=\"image\/jpeg\" \/>\n<meta name=\"author\" content=\"admin\" \/>\n<meta name=\"twitter:card\" content=\"summary_large_image\" \/>\n<meta name=\"twitter:label1\" content=\"Escrito por\" \/>\n\t<meta name=\"twitter:data1\" content=\"admin\" \/>\n\t<meta name=\"twitter:label2\" content=\"Tiempo de lectura\" \/>\n\t<meta name=\"twitter:data2\" content=\"3 minutos\" \/>\n<script type=\"application\/ld+json\" class=\"yoast-schema-graph\">{\"@context\":\"https:\/\/schema.org\",\"@graph\":[{\"@type\":\"WebPage\",\"@id\":\"http:\/\/vientosur.top\/museo\/documentales-pueblo-mapuche-se-exhibiran-este-domingo-museo-violeta-parra\/\",\"url\":\"http:\/\/vientosur.top\/museo\/documentales-pueblo-mapuche-se-exhibiran-este-domingo-museo-violeta-parra\/\",\"name\":\"Museo Violeta Parra exhibi\u00f3 documentales sobre el pueblo mapuche junto a CINELEBU - Museo Violeta Parra\",\"isPartOf\":{\"@id\":\"http:\/\/vientosur.top\/museo\/#website\"},\"primaryImageOfPage\":{\"@id\":\"http:\/\/vientosur.top\/museo\/documentales-pueblo-mapuche-se-exhibiran-este-domingo-museo-violeta-parra\/#primaryimage\"},\"image\":{\"@id\":\"http:\/\/vientosur.top\/museo\/documentales-pueblo-mapuche-se-exhibiran-este-domingo-museo-violeta-parra\/#primaryimage\"},\"thumbnailUrl\":\"http:\/\/vientosur.top\/museo\/wp-content\/uploads\/2018\/05\/ricardo-meli\u00f1ir-1.jpg\",\"datePublished\":\"2018-06-08T13:41:55+00:00\",\"author\":{\"@id\":\"http:\/\/vientosur.top\/museo\/#\/schema\/person\/20c79d3c38800971feec8c2693c3dd9c\"},\"breadcrumb\":{\"@id\":\"http:\/\/vientosur.top\/museo\/documentales-pueblo-mapuche-se-exhibiran-este-domingo-museo-violeta-parra\/#breadcrumb\"},\"inLanguage\":\"es\",\"potentialAction\":[{\"@type\":\"ReadAction\",\"target\":[\"http:\/\/vientosur.top\/museo\/documentales-pueblo-mapuche-se-exhibiran-este-domingo-museo-violeta-parra\/\"]}]},{\"@type\":\"ImageObject\",\"inLanguage\":\"es\",\"@id\":\"http:\/\/vientosur.top\/museo\/documentales-pueblo-mapuche-se-exhibiran-este-domingo-museo-violeta-parra\/#primaryimage\",\"url\":\"http:\/\/vientosur.top\/museo\/wp-content\/uploads\/2018\/05\/ricardo-meli\u00f1ir-1.jpg\",\"contentUrl\":\"http:\/\/vientosur.top\/museo\/wp-content\/uploads\/2018\/05\/ricardo-meli\u00f1ir-1.jpg\",\"width\":1024,\"height\":683},{\"@type\":\"BreadcrumbList\",\"@id\":\"http:\/\/vientosur.top\/museo\/documentales-pueblo-mapuche-se-exhibiran-este-domingo-museo-violeta-parra\/#breadcrumb\",\"itemListElement\":[{\"@type\":\"ListItem\",\"position\":1,\"name\":\"Portada\",\"item\":\"http:\/\/vientosur.top\/museo\/\"},{\"@type\":\"ListItem\",\"position\":2,\"name\":\"Museo Violeta Parra exhibi\u00f3 documentales sobre el pueblo mapuche junto a CINELEBU\"}]},{\"@type\":\"WebSite\",\"@id\":\"http:\/\/vientosur.top\/museo\/#website\",\"url\":\"http:\/\/vientosur.top\/museo\/\",\"name\":\"Museo Violeta Parra\",\"description\":\"Espacio que alberga tanto la memoria y legado creativo de la artista\",\"potentialAction\":[{\"@type\":\"SearchAction\",\"target\":{\"@type\":\"EntryPoint\",\"urlTemplate\":\"http:\/\/vientosur.top\/museo\/?s={search_term_string}\"},\"query-input\":{\"@type\":\"PropertyValueSpecification\",\"valueRequired\":true,\"valueName\":\"search_term_string\"}}],\"inLanguage\":\"es\"},{\"@type\":\"Person\",\"@id\":\"http:\/\/vientosur.top\/museo\/#\/schema\/person\/20c79d3c38800971feec8c2693c3dd9c\",\"name\":\"admin\",\"image\":{\"@type\":\"ImageObject\",\"inLanguage\":\"es\",\"@id\":\"http:\/\/vientosur.top\/museo\/#\/schema\/person\/image\/\",\"url\":\"https:\/\/secure.gravatar.com\/avatar\/713677ece3ffa642287213a80e5b773bce9ab81c269dd6d95102a990951c922f?s=96&d=mm&r=g\",\"contentUrl\":\"https:\/\/secure.gravatar.com\/avatar\/713677ece3ffa642287213a80e5b773bce9ab81c269dd6d95102a990951c922f?s=96&d=mm&r=g\",\"caption\":\"admin\"},\"sameAs\":[\"http:\/\/vientosur.top\/museo\"],\"url\":\"http:\/\/vientosur.top\/museo\/author\/comunicacionesmvp\/\"}]}<\/script>\n<!-- \/ Yoast SEO plugin. -->","yoast_head_json":{"title":"Museo Violeta Parra exhibi\u00f3 documentales sobre el pueblo mapuche junto a CINELEBU - Museo Violeta Parra","robots":{"index":"index","follow":"follow","max-snippet":"max-snippet:-1","max-image-preview":"max-image-preview:large","max-video-preview":"max-video-preview:-1"},"canonical":"http:\/\/vientosur.top\/museo\/documentales-pueblo-mapuche-se-exhibiran-este-domingo-museo-violeta-parra\/","og_locale":"es_ES","og_type":"article","og_title":"Museo Violeta Parra exhibi\u00f3 documentales sobre el pueblo mapuche junto a CINELEBU - Museo Violeta Parra","og_description":"Las cintas, que fueron parte de la \u00faltima edici\u00f3n del Festival Internacional de Cine Lebu, se proyectaron el domingo 10 de junio en la Sala Antar, en el marco del Mes de los Pueblos Originarios.\u00a0 El 24 de junio es el D\u00eda Nacional de los Pueblos Originarios de Chile. En esta fecha, la cosmovisi\u00f3n de [&hellip;]","og_url":"http:\/\/vientosur.top\/museo\/documentales-pueblo-mapuche-se-exhibiran-este-domingo-museo-violeta-parra\/","og_site_name":"Museo Violeta Parra","article_published_time":"2018-06-08T13:41:55+00:00","og_image":[{"width":1024,"height":683,"url":"http:\/\/vientosur.top\/museo\/wp-content\/uploads\/2018\/05\/ricardo-meli\u00f1ir-1.jpg","type":"image\/jpeg"}],"author":"admin","twitter_card":"summary_large_image","twitter_misc":{"Escrito por":"admin","Tiempo de lectura":"3 minutos"},"schema":{"@context":"https:\/\/schema.org","@graph":[{"@type":"WebPage","@id":"http:\/\/vientosur.top\/museo\/documentales-pueblo-mapuche-se-exhibiran-este-domingo-museo-violeta-parra\/","url":"http:\/\/vientosur.top\/museo\/documentales-pueblo-mapuche-se-exhibiran-este-domingo-museo-violeta-parra\/","name":"Museo Violeta Parra exhibi\u00f3 documentales sobre el pueblo mapuche junto a CINELEBU - Museo Violeta Parra","isPartOf":{"@id":"http:\/\/vientosur.top\/museo\/#website"},"primaryImageOfPage":{"@id":"http:\/\/vientosur.top\/museo\/documentales-pueblo-mapuche-se-exhibiran-este-domingo-museo-violeta-parra\/#primaryimage"},"image":{"@id":"http:\/\/vientosur.top\/museo\/documentales-pueblo-mapuche-se-exhibiran-este-domingo-museo-violeta-parra\/#primaryimage"},"thumbnailUrl":"http:\/\/vientosur.top\/museo\/wp-content\/uploads\/2018\/05\/ricardo-meli\u00f1ir-1.jpg","datePublished":"2018-06-08T13:41:55+00:00","author":{"@id":"http:\/\/vientosur.top\/museo\/#\/schema\/person\/20c79d3c38800971feec8c2693c3dd9c"},"breadcrumb":{"@id":"http:\/\/vientosur.top\/museo\/documentales-pueblo-mapuche-se-exhibiran-este-domingo-museo-violeta-parra\/#breadcrumb"},"inLanguage":"es","potentialAction":[{"@type":"ReadAction","target":["http:\/\/vientosur.top\/museo\/documentales-pueblo-mapuche-se-exhibiran-este-domingo-museo-violeta-parra\/"]}]},{"@type":"ImageObject","inLanguage":"es","@id":"http:\/\/vientosur.top\/museo\/documentales-pueblo-mapuche-se-exhibiran-este-domingo-museo-violeta-parra\/#primaryimage","url":"http:\/\/vientosur.top\/museo\/wp-content\/uploads\/2018\/05\/ricardo-meli\u00f1ir-1.jpg","contentUrl":"http:\/\/vientosur.top\/museo\/wp-content\/uploads\/2018\/05\/ricardo-meli\u00f1ir-1.jpg","width":1024,"height":683},{"@type":"BreadcrumbList","@id":"http:\/\/vientosur.top\/museo\/documentales-pueblo-mapuche-se-exhibiran-este-domingo-museo-violeta-parra\/#breadcrumb","itemListElement":[{"@type":"ListItem","position":1,"name":"Portada","item":"http:\/\/vientosur.top\/museo\/"},{"@type":"ListItem","position":2,"name":"Museo Violeta Parra exhibi\u00f3 documentales sobre el pueblo mapuche junto a CINELEBU"}]},{"@type":"WebSite","@id":"http:\/\/vientosur.top\/museo\/#website","url":"http:\/\/vientosur.top\/museo\/","name":"Museo Violeta Parra","description":"Espacio que alberga tanto la memoria y legado creativo de la artista","potentialAction":[{"@type":"SearchAction","target":{"@type":"EntryPoint","urlTemplate":"http:\/\/vientosur.top\/museo\/?s={search_term_string}"},"query-input":{"@type":"PropertyValueSpecification","valueRequired":true,"valueName":"search_term_string"}}],"inLanguage":"es"},{"@type":"Person","@id":"http:\/\/vientosur.top\/museo\/#\/schema\/person\/20c79d3c38800971feec8c2693c3dd9c","name":"admin","image":{"@type":"ImageObject","inLanguage":"es","@id":"http:\/\/vientosur.top\/museo\/#\/schema\/person\/image\/","url":"https:\/\/secure.gravatar.com\/avatar\/713677ece3ffa642287213a80e5b773bce9ab81c269dd6d95102a990951c922f?s=96&d=mm&r=g","contentUrl":"https:\/\/secure.gravatar.com\/avatar\/713677ece3ffa642287213a80e5b773bce9ab81c269dd6d95102a990951c922f?s=96&d=mm&r=g","caption":"admin"},"sameAs":["http:\/\/vientosur.top\/museo"],"url":"http:\/\/vientosur.top\/museo\/author\/comunicacionesmvp\/"}]}},"_links":{"self":[{"href":"http:\/\/vientosur.top\/museo\/wp-json\/wp\/v2\/posts\/15220","targetHints":{"allow":["GET"]}}],"collection":[{"href":"http:\/\/vientosur.top\/museo\/wp-json\/wp\/v2\/posts"}],"about":[{"href":"http:\/\/vientosur.top\/museo\/wp-json\/wp\/v2\/types\/post"}],"author":[{"embeddable":true,"href":"http:\/\/vientosur.top\/museo\/wp-json\/wp\/v2\/users\/5"}],"replies":[{"embeddable":true,"href":"http:\/\/vientosur.top\/museo\/wp-json\/wp\/v2\/comments?post=15220"}],"version-history":[{"count":0,"href":"http:\/\/vientosur.top\/museo\/wp-json\/wp\/v2\/posts\/15220\/revisions"}],"wp:featuredmedia":[{"embeddable":true,"href":"http:\/\/vientosur.top\/museo\/wp-json\/wp\/v2\/media\/15119"}],"wp:attachment":[{"href":"http:\/\/vientosur.top\/museo\/wp-json\/wp\/v2\/media?parent=15220"}],"wp:term":[{"taxonomy":"category","embeddable":true,"href":"http:\/\/vientosur.top\/museo\/wp-json\/wp\/v2\/categories?post=15220"},{"taxonomy":"post_tag","embeddable":true,"href":"http:\/\/vientosur.top\/museo\/wp-json\/wp\/v2\/tags?post=15220"}],"curies":[{"name":"wp","href":"https:\/\/api.w.org\/{rel}","templated":true}]}}