{"id":15236,"date":"2018-06-11T09:01:32","date_gmt":"2018-06-11T14:01:32","guid":{"rendered":"http:\/\/vientosur.top\/museo\/?p=15236"},"modified":"2018-06-11T09:01:32","modified_gmt":"2018-06-11T14:01:32","slug":"reserva-gratis-entrada-recital-del-musico-uruguayo-federico-wolf","status":"publish","type":"post","link":"http:\/\/vientosur.top\/museo\/reserva-gratis-entrada-recital-del-musico-uruguayo-federico-wolf\/","title":{"rendered":"Federico Wolf se present\u00f3 en el Museo Violeta Parra"},"content":{"rendered":"<p><em>El cantautor uruguayo ofreci\u00f3 un recorrido por ritmos folcl\u00f3ricos rioplatenses\u00a0\u00a0y rindi\u00f3 homenaje a sus compatriotas Daniel Viglietti y Alfredo Zitarrosa.\u00a0<\/em><u><\/u><\/p>\n<p>El Museo Violeta Parra se ha consolidado como una potente vitrina para artistas chilenos y latinoamericanos. En ese contexto, el s\u00e1bado 16 de junio se present\u00f3 Federico Wolf, cantautor uruguayo que aborda distintos ritmos rioplatenses como la chamarritas, milongas, candombes y zambas.<\/p>\n<p>El artista lleg\u00f3 a la Sala Antar del Museo Violeta Parra precedido por una contundente carrera musical que incluye presentaciones con\u00a0Luis Alberto Spinetta, Jorge Drexler, Daniel Drexler, Alejandro Filio, Ismael Serrano, Nito Mestre, Joe Vasconcellos, Nano Stern y Magdalena Matthey, entre otros.<\/p>\n<p>\u201cSer\u00e1 una tarde de milongas, candombes y sambas con inserciones de otros estilos\u201d, adelant\u00f3 el artista sobre su presentaci\u00f3n en el museo, y explic\u00f3 que \u201ceste ser\u00e1 un recital basado en la guitarra y voz que recorrer\u00e1 mis cuatro trabajos discogr\u00e1ficos y tambi\u00e9n dos versiones de autores que forman parte de mi crianza musical como son Alfredo Zitarrosa y Daniel Viglietti\u201d.<\/p>\n<p>As\u00ed, en esta cita con el p\u00fablico chileno, homenaje\u00f3 a dos grandes exponentes del folclor latinoamericano e interpret\u00f3 canciones de sus discos \u201cC\u00e1scara\u201d, \u201cMargarita negra\u201d, \u201cSen\u0303al\u201d y \u201cCamino de vuelta\u201d.<\/p>\n<p>Sobre la importancia de presentarse en el museo dedicado a la multifac\u00e9tica artista chilena, Wolf afirm\u00f3 que \u201ceste espacio no s\u00f3lo recuerda a Violeta como la artista integral que fue, sino tambi\u00e9n su incansable labor en vida para abrirse camino y defender su obra. Presentar mi propio trabajo musical es una de las tantas maneras de rendirle homenaje.\u00a0Me da much\u00edsima emoci\u00f3n y\u00a0satisfacci\u00f3n\u201d, confes\u00f3.<\/p>\n<p>El recital gratuito de Federico Wolf se realiz\u00f3 el s\u00e1bado 16 de junio a las 16:00 horas en la Sala Antar del Museo Violeta Parra, ubicado en\u00a0<a href=\"https:\/\/maps.google.com\/?q=Avenida+Vicu%C3%B1a+Mackenna+37&amp;entry=gmail&amp;source=g\">Avenida Vicu\u00f1a Mackenna 37<\/a>, metro Baquedano. <a href=\"http:\/\/Entrada%20liberada,%20previa%20inscripci\u00f3n%20en%20www.museovioletaparra.cl%20\">Entrada liberada.<\/a><\/p>\n<p><iframe style=\"border: none; overflow: hidden;\" src=\"https:\/\/www.facebook.com\/plugins\/video.php?href=https%3A%2F%2Fwww.facebook.com%2FMuseoVioletaParra%2Fvideos%2F2127617440814999%2F&amp;show_text=0&amp;width=560\" width=\"560\" height=\"315\" frameborder=\"0\" scrolling=\"no\" allowfullscreen=\"allowfullscreen\"><\/iframe><\/p>\n","protected":false},"excerpt":{"rendered":"<p>El cantautor uruguayo ofreci\u00f3 un recorrido por ritmos folcl\u00f3ricos rioplatenses\u00a0\u00a0y rindi\u00f3 homenaje a sus compatriotas Daniel Viglietti y Alfredo Zitarrosa.\u00a0 El Museo Violeta Parra se ha consolidado como una potente vitrina para artistas chilenos y latinoamericanos. En ese contexto, el s\u00e1bado 16 de junio se present\u00f3 Federico Wolf, cantautor uruguayo que aborda distintos ritmos rioplatenses [&hellip;]<\/p>\n","protected":false},"author":5,"featured_media":15277,"comment_status":"open","ping_status":"open","sticky":false,"template":"","format":"standard","meta":{"site-sidebar-layout":"default","site-content-layout":"","ast-site-content-layout":"default","site-content-style":"default","site-sidebar-style":"default","ast-global-header-display":"","ast-banner-title-visibility":"","ast-main-header-display":"","ast-hfb-above-header-display":"","ast-hfb-below-header-display":"","ast-hfb-mobile-header-display":"","site-post-title":"","ast-breadcrumbs-content":"","ast-featured-img":"","footer-sml-layout":"","theme-transparent-header-meta":"","adv-header-id-meta":"","stick-header-meta":"","header-above-stick-meta":"","header-main-stick-meta":"","header-below-stick-meta":"","astra-migrate-meta-layouts":"default","ast-page-background-enabled":"default","ast-page-background-meta":{"desktop":{"background-color":"var(--ast-global-color-4)","background-image":"","background-repeat":"repeat","background-position":"center center","background-size":"auto","background-attachment":"scroll","background-type":"","background-media":"","overlay-type":"","overlay-color":"","overlay-opacity":"","overlay-gradient":""},"tablet":{"background-color":"","background-image":"","background-repeat":"repeat","background-position":"center center","background-size":"auto","background-attachment":"scroll","background-type":"","background-media":"","overlay-type":"","overlay-color":"","overlay-opacity":"","overlay-gradient":""},"mobile":{"background-color":"","background-image":"","background-repeat":"repeat","background-position":"center center","background-size":"auto","background-attachment":"scroll","background-type":"","background-media":"","overlay-type":"","overlay-color":"","overlay-opacity":"","overlay-gradient":""}},"ast-content-background-meta":{"desktop":{"background-color":"var(--ast-global-color-5)","background-image":"","background-repeat":"repeat","background-position":"center center","background-size":"auto","background-attachment":"scroll","background-type":"","background-media":"","overlay-type":"","overlay-color":"","overlay-opacity":"","overlay-gradient":""},"tablet":{"background-color":"var(--ast-global-color-5)","background-image":"","background-repeat":"repeat","background-position":"center center","background-size":"auto","background-attachment":"scroll","background-type":"","background-media":"","overlay-type":"","overlay-color":"","overlay-opacity":"","overlay-gradient":""},"mobile":{"background-color":"var(--ast-global-color-5)","background-image":"","background-repeat":"repeat","background-position":"center center","background-size":"auto","background-attachment":"scroll","background-type":"","background-media":"","overlay-type":"","overlay-color":"","overlay-opacity":"","overlay-gradient":""}},"footnotes":""},"categories":[59,8,61],"tags":[],"class_list":["post-15236","post","type-post","status-publish","format-standard","has-post-thumbnail","hentry","category-destacado-noticia","category-noticias","category-novedades"],"yoast_head":"<!-- This site is optimized with the Yoast SEO plugin v25.4 - https:\/\/yoast.com\/wordpress\/plugins\/seo\/ -->\n<title>Federico Wolf se present\u00f3 en el Museo Violeta Parra - Museo Violeta Parra<\/title>\n<meta name=\"robots\" content=\"index, follow, max-snippet:-1, max-image-preview:large, max-video-preview:-1\" \/>\n<link rel=\"canonical\" href=\"http:\/\/vientosur.top\/museo\/reserva-gratis-entrada-recital-del-musico-uruguayo-federico-wolf\/\" \/>\n<meta property=\"og:locale\" content=\"es_ES\" \/>\n<meta property=\"og:type\" content=\"article\" \/>\n<meta property=\"og:title\" content=\"Federico Wolf se present\u00f3 en el Museo Violeta Parra - Museo Violeta Parra\" \/>\n<meta property=\"og:description\" content=\"El cantautor uruguayo ofreci\u00f3 un recorrido por ritmos folcl\u00f3ricos rioplatenses\u00a0\u00a0y rindi\u00f3 homenaje a sus compatriotas Daniel Viglietti y Alfredo Zitarrosa.\u00a0 El Museo Violeta Parra se ha consolidado como una potente vitrina para artistas chilenos y latinoamericanos. En ese contexto, el s\u00e1bado 16 de junio se present\u00f3 Federico Wolf, cantautor uruguayo que aborda distintos ritmos rioplatenses [&hellip;]\" \/>\n<meta property=\"og:url\" content=\"http:\/\/vientosur.top\/museo\/reserva-gratis-entrada-recital-del-musico-uruguayo-federico-wolf\/\" \/>\n<meta property=\"og:site_name\" content=\"Museo Violeta Parra\" \/>\n<meta property=\"article:published_time\" content=\"2018-06-11T14:01:32+00:00\" \/>\n<meta property=\"og:image\" content=\"http:\/\/vientosur.top\/museo\/wp-content\/uploads\/2018\/06\/DSC_0025-scaled.jpg\" \/>\n\t<meta property=\"og:image:width\" content=\"2560\" \/>\n\t<meta property=\"og:image:height\" content=\"1702\" \/>\n\t<meta property=\"og:image:type\" content=\"image\/jpeg\" \/>\n<meta name=\"author\" content=\"admin\" \/>\n<meta name=\"twitter:card\" content=\"summary_large_image\" \/>\n<meta name=\"twitter:label1\" content=\"Escrito por\" \/>\n\t<meta name=\"twitter:data1\" content=\"admin\" \/>\n\t<meta name=\"twitter:label2\" content=\"Tiempo de lectura\" \/>\n\t<meta name=\"twitter:data2\" content=\"2 minutos\" \/>\n<script type=\"application\/ld+json\" class=\"yoast-schema-graph\">{\"@context\":\"https:\/\/schema.org\",\"@graph\":[{\"@type\":\"WebPage\",\"@id\":\"http:\/\/vientosur.top\/museo\/reserva-gratis-entrada-recital-del-musico-uruguayo-federico-wolf\/\",\"url\":\"http:\/\/vientosur.top\/museo\/reserva-gratis-entrada-recital-del-musico-uruguayo-federico-wolf\/\",\"name\":\"Federico Wolf se present\u00f3 en el Museo Violeta Parra - Museo Violeta Parra\",\"isPartOf\":{\"@id\":\"http:\/\/vientosur.top\/museo\/#website\"},\"primaryImageOfPage\":{\"@id\":\"http:\/\/vientosur.top\/museo\/reserva-gratis-entrada-recital-del-musico-uruguayo-federico-wolf\/#primaryimage\"},\"image\":{\"@id\":\"http:\/\/vientosur.top\/museo\/reserva-gratis-entrada-recital-del-musico-uruguayo-federico-wolf\/#primaryimage\"},\"thumbnailUrl\":\"http:\/\/vientosur.top\/museo\/wp-content\/uploads\/2018\/06\/DSC_0025-scaled.jpg\",\"datePublished\":\"2018-06-11T14:01:32+00:00\",\"author\":{\"@id\":\"http:\/\/vientosur.top\/museo\/#\/schema\/person\/20c79d3c38800971feec8c2693c3dd9c\"},\"breadcrumb\":{\"@id\":\"http:\/\/vientosur.top\/museo\/reserva-gratis-entrada-recital-del-musico-uruguayo-federico-wolf\/#breadcrumb\"},\"inLanguage\":\"es\",\"potentialAction\":[{\"@type\":\"ReadAction\",\"target\":[\"http:\/\/vientosur.top\/museo\/reserva-gratis-entrada-recital-del-musico-uruguayo-federico-wolf\/\"]}]},{\"@type\":\"ImageObject\",\"inLanguage\":\"es\",\"@id\":\"http:\/\/vientosur.top\/museo\/reserva-gratis-entrada-recital-del-musico-uruguayo-federico-wolf\/#primaryimage\",\"url\":\"http:\/\/vientosur.top\/museo\/wp-content\/uploads\/2018\/06\/DSC_0025-scaled.jpg\",\"contentUrl\":\"http:\/\/vientosur.top\/museo\/wp-content\/uploads\/2018\/06\/DSC_0025-scaled.jpg\",\"width\":2560,\"height\":1702},{\"@type\":\"BreadcrumbList\",\"@id\":\"http:\/\/vientosur.top\/museo\/reserva-gratis-entrada-recital-del-musico-uruguayo-federico-wolf\/#breadcrumb\",\"itemListElement\":[{\"@type\":\"ListItem\",\"position\":1,\"name\":\"Portada\",\"item\":\"http:\/\/vientosur.top\/museo\/\"},{\"@type\":\"ListItem\",\"position\":2,\"name\":\"Federico Wolf se present\u00f3 en el Museo Violeta Parra\"}]},{\"@type\":\"WebSite\",\"@id\":\"http:\/\/vientosur.top\/museo\/#website\",\"url\":\"http:\/\/vientosur.top\/museo\/\",\"name\":\"Museo Violeta Parra\",\"description\":\"Espacio que alberga tanto la memoria y legado creativo de la artista\",\"potentialAction\":[{\"@type\":\"SearchAction\",\"target\":{\"@type\":\"EntryPoint\",\"urlTemplate\":\"http:\/\/vientosur.top\/museo\/?s={search_term_string}\"},\"query-input\":{\"@type\":\"PropertyValueSpecification\",\"valueRequired\":true,\"valueName\":\"search_term_string\"}}],\"inLanguage\":\"es\"},{\"@type\":\"Person\",\"@id\":\"http:\/\/vientosur.top\/museo\/#\/schema\/person\/20c79d3c38800971feec8c2693c3dd9c\",\"name\":\"admin\",\"image\":{\"@type\":\"ImageObject\",\"inLanguage\":\"es\",\"@id\":\"http:\/\/vientosur.top\/museo\/#\/schema\/person\/image\/\",\"url\":\"https:\/\/secure.gravatar.com\/avatar\/713677ece3ffa642287213a80e5b773bce9ab81c269dd6d95102a990951c922f?s=96&d=mm&r=g\",\"contentUrl\":\"https:\/\/secure.gravatar.com\/avatar\/713677ece3ffa642287213a80e5b773bce9ab81c269dd6d95102a990951c922f?s=96&d=mm&r=g\",\"caption\":\"admin\"},\"sameAs\":[\"http:\/\/vientosur.top\/museo\"],\"url\":\"http:\/\/vientosur.top\/museo\/author\/comunicacionesmvp\/\"}]}<\/script>\n<!-- \/ Yoast SEO plugin. -->","yoast_head_json":{"title":"Federico Wolf se present\u00f3 en el Museo Violeta Parra - Museo Violeta Parra","robots":{"index":"index","follow":"follow","max-snippet":"max-snippet:-1","max-image-preview":"max-image-preview:large","max-video-preview":"max-video-preview:-1"},"canonical":"http:\/\/vientosur.top\/museo\/reserva-gratis-entrada-recital-del-musico-uruguayo-federico-wolf\/","og_locale":"es_ES","og_type":"article","og_title":"Federico Wolf se present\u00f3 en el Museo Violeta Parra - Museo Violeta Parra","og_description":"El cantautor uruguayo ofreci\u00f3 un recorrido por ritmos folcl\u00f3ricos rioplatenses\u00a0\u00a0y rindi\u00f3 homenaje a sus compatriotas Daniel Viglietti y Alfredo Zitarrosa.\u00a0 El Museo Violeta Parra se ha consolidado como una potente vitrina para artistas chilenos y latinoamericanos. En ese contexto, el s\u00e1bado 16 de junio se present\u00f3 Federico Wolf, cantautor uruguayo que aborda distintos ritmos rioplatenses [&hellip;]","og_url":"http:\/\/vientosur.top\/museo\/reserva-gratis-entrada-recital-del-musico-uruguayo-federico-wolf\/","og_site_name":"Museo Violeta Parra","article_published_time":"2018-06-11T14:01:32+00:00","og_image":[{"width":2560,"height":1702,"url":"http:\/\/vientosur.top\/museo\/wp-content\/uploads\/2018\/06\/DSC_0025-scaled.jpg","type":"image\/jpeg"}],"author":"admin","twitter_card":"summary_large_image","twitter_misc":{"Escrito por":"admin","Tiempo de lectura":"2 minutos"},"schema":{"@context":"https:\/\/schema.org","@graph":[{"@type":"WebPage","@id":"http:\/\/vientosur.top\/museo\/reserva-gratis-entrada-recital-del-musico-uruguayo-federico-wolf\/","url":"http:\/\/vientosur.top\/museo\/reserva-gratis-entrada-recital-del-musico-uruguayo-federico-wolf\/","name":"Federico Wolf se present\u00f3 en el Museo Violeta Parra - Museo Violeta Parra","isPartOf":{"@id":"http:\/\/vientosur.top\/museo\/#website"},"primaryImageOfPage":{"@id":"http:\/\/vientosur.top\/museo\/reserva-gratis-entrada-recital-del-musico-uruguayo-federico-wolf\/#primaryimage"},"image":{"@id":"http:\/\/vientosur.top\/museo\/reserva-gratis-entrada-recital-del-musico-uruguayo-federico-wolf\/#primaryimage"},"thumbnailUrl":"http:\/\/vientosur.top\/museo\/wp-content\/uploads\/2018\/06\/DSC_0025-scaled.jpg","datePublished":"2018-06-11T14:01:32+00:00","author":{"@id":"http:\/\/vientosur.top\/museo\/#\/schema\/person\/20c79d3c38800971feec8c2693c3dd9c"},"breadcrumb":{"@id":"http:\/\/vientosur.top\/museo\/reserva-gratis-entrada-recital-del-musico-uruguayo-federico-wolf\/#breadcrumb"},"inLanguage":"es","potentialAction":[{"@type":"ReadAction","target":["http:\/\/vientosur.top\/museo\/reserva-gratis-entrada-recital-del-musico-uruguayo-federico-wolf\/"]}]},{"@type":"ImageObject","inLanguage":"es","@id":"http:\/\/vientosur.top\/museo\/reserva-gratis-entrada-recital-del-musico-uruguayo-federico-wolf\/#primaryimage","url":"http:\/\/vientosur.top\/museo\/wp-content\/uploads\/2018\/06\/DSC_0025-scaled.jpg","contentUrl":"http:\/\/vientosur.top\/museo\/wp-content\/uploads\/2018\/06\/DSC_0025-scaled.jpg","width":2560,"height":1702},{"@type":"BreadcrumbList","@id":"http:\/\/vientosur.top\/museo\/reserva-gratis-entrada-recital-del-musico-uruguayo-federico-wolf\/#breadcrumb","itemListElement":[{"@type":"ListItem","position":1,"name":"Portada","item":"http:\/\/vientosur.top\/museo\/"},{"@type":"ListItem","position":2,"name":"Federico Wolf se present\u00f3 en el Museo Violeta Parra"}]},{"@type":"WebSite","@id":"http:\/\/vientosur.top\/museo\/#website","url":"http:\/\/vientosur.top\/museo\/","name":"Museo Violeta Parra","description":"Espacio que alberga tanto la memoria y legado creativo de la artista","potentialAction":[{"@type":"SearchAction","target":{"@type":"EntryPoint","urlTemplate":"http:\/\/vientosur.top\/museo\/?s={search_term_string}"},"query-input":{"@type":"PropertyValueSpecification","valueRequired":true,"valueName":"search_term_string"}}],"inLanguage":"es"},{"@type":"Person","@id":"http:\/\/vientosur.top\/museo\/#\/schema\/person\/20c79d3c38800971feec8c2693c3dd9c","name":"admin","image":{"@type":"ImageObject","inLanguage":"es","@id":"http:\/\/vientosur.top\/museo\/#\/schema\/person\/image\/","url":"https:\/\/secure.gravatar.com\/avatar\/713677ece3ffa642287213a80e5b773bce9ab81c269dd6d95102a990951c922f?s=96&d=mm&r=g","contentUrl":"https:\/\/secure.gravatar.com\/avatar\/713677ece3ffa642287213a80e5b773bce9ab81c269dd6d95102a990951c922f?s=96&d=mm&r=g","caption":"admin"},"sameAs":["http:\/\/vientosur.top\/museo"],"url":"http:\/\/vientosur.top\/museo\/author\/comunicacionesmvp\/"}]}},"_links":{"self":[{"href":"http:\/\/vientosur.top\/museo\/wp-json\/wp\/v2\/posts\/15236","targetHints":{"allow":["GET"]}}],"collection":[{"href":"http:\/\/vientosur.top\/museo\/wp-json\/wp\/v2\/posts"}],"about":[{"href":"http:\/\/vientosur.top\/museo\/wp-json\/wp\/v2\/types\/post"}],"author":[{"embeddable":true,"href":"http:\/\/vientosur.top\/museo\/wp-json\/wp\/v2\/users\/5"}],"replies":[{"embeddable":true,"href":"http:\/\/vientosur.top\/museo\/wp-json\/wp\/v2\/comments?post=15236"}],"version-history":[{"count":0,"href":"http:\/\/vientosur.top\/museo\/wp-json\/wp\/v2\/posts\/15236\/revisions"}],"wp:featuredmedia":[{"embeddable":true,"href":"http:\/\/vientosur.top\/museo\/wp-json\/wp\/v2\/media\/15277"}],"wp:attachment":[{"href":"http:\/\/vientosur.top\/museo\/wp-json\/wp\/v2\/media?parent=15236"}],"wp:term":[{"taxonomy":"category","embeddable":true,"href":"http:\/\/vientosur.top\/museo\/wp-json\/wp\/v2\/categories?post=15236"},{"taxonomy":"post_tag","embeddable":true,"href":"http:\/\/vientosur.top\/museo\/wp-json\/wp\/v2\/tags?post=15236"}],"curies":[{"name":"wp","href":"https:\/\/api.w.org\/{rel}","templated":true}]}}