{"id":15282,"date":"2018-06-19T11:54:09","date_gmt":"2018-06-19T16:54:09","guid":{"rendered":"http:\/\/vientosur.top\/museo\/?p=15282"},"modified":"2018-06-19T11:54:09","modified_gmt":"2018-06-19T16:54:09","slug":"museo-violeta-parra-celebrara-noche-san-juan-este-sabado","status":"publish","type":"post","link":"http:\/\/vientosur.top\/museo\/museo-violeta-parra-celebrara-noche-san-juan-este-sabado\/","title":{"rendered":"Museo Violeta Parra celebr\u00f3 Noche de San Juan"},"content":{"rendered":"<p><em>Por segundo a\u00f1o consecutivo, el museo realiz\u00f3\u00a0 rituales tradicionales,\u00a0 ofreci\u00f3 una degustaci\u00f3n de comida t\u00edpica y la presentaci\u00f3n art\u00edstica de la Agrupaci\u00f3n Guitarra Grande Pircana.<br \/>\n<\/em><br \/>\nDarle visibilidad y expandir las tradiciones populares de Chile fue una idea transversal en toda la creaci\u00f3n de Violeta Parra. En ese contexto, la instituci\u00f3n que conserva el legado de la artista se ha convertido en un importante espacio en el que estas tradiciones son reconocidas por el p\u00fablico.<\/p>\n<p>Cecilia Garc\u00eda-Huidobro, Directora del Museo Violeta Parra, explica que \u00abesta es una tradici\u00f3n muy arraigada<br \/>\nen el campo chileno, por lo tanto es muy coherente con las pol\u00edticas de extensi\u00f3n del Museo Violeta Parra, donde siempre estamos poniendo en valor expresiones culturales\u00bb.<\/p>\n<p><strong><a href=\"http:\/\/vientosur.top\/museo\/wp-content\/uploads\/2018\/06\/sj3.jpg\"><img fetchpriority=\"high\" decoding=\"async\" class=\"alignnone size-full wp-image-15344\" src=\"http:\/\/vientosur.top\/museo\/wp-content\/uploads\/2018\/06\/sj3.jpg\" alt=\"\" width=\"960\" height=\"638\" \/><\/a><br \/>\nRitos y canto a lo divino<\/strong><\/p>\n<p>La tradicional empanada de San Juan, ritos asociados con el fuego y el agua, pruebas o consultas que se realizan para predecir los destinos en el amor y la fortuna o creencias relacionadas con el diablo, son los ingredientes que hacen de esta noche, una fecha especial.<\/p>\n<p>El 23 de junio, en la previa del d\u00eda donde el mundo cristiano recuerda a San Juan, el Museo Violeta Parra ofreci\u00f3 una jornada gratuita llena de m\u00fasica, tradiciones y comida t\u00edpica.<\/p>\n<p>\u201cLa de San Juan, es una v\u00edspera de muchos ritos y nosotros queremos recuperarlos y ense\u00f1arlos, al igual que la tradici\u00f3n gastron\u00f3mica que llegar\u00e1 de la mano de nuestra versi\u00f3n del estofado de San Juan\u201d, se\u00f1al\u00f3 la Directora.<\/p>\n<p>El canto a lo divino se hizo presente con la participaci\u00f3n de los cantores Ang\u00e9lica Mu\u00f1oz,\u00a0Pablo Cuadra Qui\u00f1ones y Fidel Am\u00e9stica (Agrupaci\u00f3n\u00a0Guitarra\u00a0Grande\u00a0Pircana). En la jornada tambi\u00e9n se exhibi\u00f3 un\u00a0fragmento del documental \u201cEl poeta y su virtud\u201d,\u00a0realizado por Jos\u00e9 Luis Villalba y Ren\u00e9 D\u00e1vila, en el que el investigador Fidel Sep\u00falveda Llanos explica el origen y sentido de esta fiesta.<\/p>\n<p>Adem\u00e1s, los asistentes pudieron aprender y realizar los diversos ritos tradicionales de la Noche de San Juan.<\/p>\n<p><strong><a href=\"https:\/\/www.facebook.com\/pg\/MuseoVioletaParra\/photos\/?tab=album&amp;album_id=2132858046957605\" target=\"_blank\" rel=\"noopener noreferrer\">Ver galer\u00eda de fotos\u00a0<\/a><\/strong><\/p>\n<p>&nbsp;<\/p>\n","protected":false},"excerpt":{"rendered":"<p>Por segundo a\u00f1o consecutivo, el museo realiz\u00f3\u00a0 rituales tradicionales,\u00a0 ofreci\u00f3 una degustaci\u00f3n de comida t\u00edpica y la presentaci\u00f3n art\u00edstica de la Agrupaci\u00f3n Guitarra Grande Pircana. Darle visibilidad y expandir las tradiciones populares de Chile fue una idea transversal en toda la creaci\u00f3n de Violeta Parra. En ese contexto, la instituci\u00f3n que conserva el legado de [&hellip;]<\/p>\n","protected":false},"author":5,"featured_media":15342,"comment_status":"open","ping_status":"open","sticky":false,"template":"","format":"standard","meta":{"site-sidebar-layout":"default","site-content-layout":"","ast-site-content-layout":"default","site-content-style":"default","site-sidebar-style":"default","ast-global-header-display":"","ast-banner-title-visibility":"","ast-main-header-display":"","ast-hfb-above-header-display":"","ast-hfb-below-header-display":"","ast-hfb-mobile-header-display":"","site-post-title":"","ast-breadcrumbs-content":"","ast-featured-img":"","footer-sml-layout":"","theme-transparent-header-meta":"","adv-header-id-meta":"","stick-header-meta":"","header-above-stick-meta":"","header-main-stick-meta":"","header-below-stick-meta":"","astra-migrate-meta-layouts":"default","ast-page-background-enabled":"default","ast-page-background-meta":{"desktop":{"background-color":"var(--ast-global-color-4)","background-image":"","background-repeat":"repeat","background-position":"center center","background-size":"auto","background-attachment":"scroll","background-type":"","background-media":"","overlay-type":"","overlay-color":"","overlay-opacity":"","overlay-gradient":""},"tablet":{"background-color":"","background-image":"","background-repeat":"repeat","background-position":"center center","background-size":"auto","background-attachment":"scroll","background-type":"","background-media":"","overlay-type":"","overlay-color":"","overlay-opacity":"","overlay-gradient":""},"mobile":{"background-color":"","background-image":"","background-repeat":"repeat","background-position":"center center","background-size":"auto","background-attachment":"scroll","background-type":"","background-media":"","overlay-type":"","overlay-color":"","overlay-opacity":"","overlay-gradient":""}},"ast-content-background-meta":{"desktop":{"background-color":"var(--ast-global-color-5)","background-image":"","background-repeat":"repeat","background-position":"center center","background-size":"auto","background-attachment":"scroll","background-type":"","background-media":"","overlay-type":"","overlay-color":"","overlay-opacity":"","overlay-gradient":""},"tablet":{"background-color":"var(--ast-global-color-5)","background-image":"","background-repeat":"repeat","background-position":"center center","background-size":"auto","background-attachment":"scroll","background-type":"","background-media":"","overlay-type":"","overlay-color":"","overlay-opacity":"","overlay-gradient":""},"mobile":{"background-color":"var(--ast-global-color-5)","background-image":"","background-repeat":"repeat","background-position":"center center","background-size":"auto","background-attachment":"scroll","background-type":"","background-media":"","overlay-type":"","overlay-color":"","overlay-opacity":"","overlay-gradient":""}},"footnotes":""},"categories":[59,8,61],"tags":[],"class_list":["post-15282","post","type-post","status-publish","format-standard","has-post-thumbnail","hentry","category-destacado-noticia","category-noticias","category-novedades"],"yoast_head":"<!-- This site is optimized with the Yoast SEO plugin v25.4 - https:\/\/yoast.com\/wordpress\/plugins\/seo\/ -->\n<title>Museo Violeta Parra celebr\u00f3 Noche de San Juan - Museo Violeta Parra<\/title>\n<meta name=\"robots\" content=\"index, follow, max-snippet:-1, max-image-preview:large, max-video-preview:-1\" \/>\n<link rel=\"canonical\" href=\"http:\/\/vientosur.top\/museo\/museo-violeta-parra-celebrara-noche-san-juan-este-sabado\/\" \/>\n<meta property=\"og:locale\" content=\"es_ES\" \/>\n<meta property=\"og:type\" content=\"article\" \/>\n<meta property=\"og:title\" content=\"Museo Violeta Parra celebr\u00f3 Noche de San Juan - Museo Violeta Parra\" \/>\n<meta property=\"og:description\" content=\"Por segundo a\u00f1o consecutivo, el museo realiz\u00f3\u00a0 rituales tradicionales,\u00a0 ofreci\u00f3 una degustaci\u00f3n de comida t\u00edpica y la presentaci\u00f3n art\u00edstica de la Agrupaci\u00f3n Guitarra Grande Pircana. Darle visibilidad y expandir las tradiciones populares de Chile fue una idea transversal en toda la creaci\u00f3n de Violeta Parra. En ese contexto, la instituci\u00f3n que conserva el legado de [&hellip;]\" \/>\n<meta property=\"og:url\" content=\"http:\/\/vientosur.top\/museo\/museo-violeta-parra-celebrara-noche-san-juan-este-sabado\/\" \/>\n<meta property=\"og:site_name\" content=\"Museo Violeta Parra\" \/>\n<meta property=\"article:published_time\" content=\"2018-06-19T16:54:09+00:00\" \/>\n<meta property=\"og:image\" content=\"http:\/\/vientosur.top\/museo\/wp-content\/uploads\/2018\/06\/DSC_0251-scaled.jpg\" \/>\n\t<meta property=\"og:image:width\" content=\"2560\" \/>\n\t<meta property=\"og:image:height\" content=\"1702\" \/>\n\t<meta property=\"og:image:type\" content=\"image\/jpeg\" \/>\n<meta name=\"author\" content=\"admin\" \/>\n<meta name=\"twitter:card\" content=\"summary_large_image\" \/>\n<meta name=\"twitter:label1\" content=\"Escrito por\" \/>\n\t<meta name=\"twitter:data1\" content=\"admin\" \/>\n\t<meta name=\"twitter:label2\" content=\"Tiempo de lectura\" \/>\n\t<meta name=\"twitter:data2\" content=\"2 minutos\" \/>\n<script type=\"application\/ld+json\" class=\"yoast-schema-graph\">{\"@context\":\"https:\/\/schema.org\",\"@graph\":[{\"@type\":\"WebPage\",\"@id\":\"http:\/\/vientosur.top\/museo\/museo-violeta-parra-celebrara-noche-san-juan-este-sabado\/\",\"url\":\"http:\/\/vientosur.top\/museo\/museo-violeta-parra-celebrara-noche-san-juan-este-sabado\/\",\"name\":\"Museo Violeta Parra celebr\u00f3 Noche de San Juan - Museo Violeta Parra\",\"isPartOf\":{\"@id\":\"http:\/\/vientosur.top\/museo\/#website\"},\"primaryImageOfPage\":{\"@id\":\"http:\/\/vientosur.top\/museo\/museo-violeta-parra-celebrara-noche-san-juan-este-sabado\/#primaryimage\"},\"image\":{\"@id\":\"http:\/\/vientosur.top\/museo\/museo-violeta-parra-celebrara-noche-san-juan-este-sabado\/#primaryimage\"},\"thumbnailUrl\":\"http:\/\/vientosur.top\/museo\/wp-content\/uploads\/2018\/06\/DSC_0251-scaled.jpg\",\"datePublished\":\"2018-06-19T16:54:09+00:00\",\"author\":{\"@id\":\"http:\/\/vientosur.top\/museo\/#\/schema\/person\/20c79d3c38800971feec8c2693c3dd9c\"},\"breadcrumb\":{\"@id\":\"http:\/\/vientosur.top\/museo\/museo-violeta-parra-celebrara-noche-san-juan-este-sabado\/#breadcrumb\"},\"inLanguage\":\"es\",\"potentialAction\":[{\"@type\":\"ReadAction\",\"target\":[\"http:\/\/vientosur.top\/museo\/museo-violeta-parra-celebrara-noche-san-juan-este-sabado\/\"]}]},{\"@type\":\"ImageObject\",\"inLanguage\":\"es\",\"@id\":\"http:\/\/vientosur.top\/museo\/museo-violeta-parra-celebrara-noche-san-juan-este-sabado\/#primaryimage\",\"url\":\"http:\/\/vientosur.top\/museo\/wp-content\/uploads\/2018\/06\/DSC_0251-scaled.jpg\",\"contentUrl\":\"http:\/\/vientosur.top\/museo\/wp-content\/uploads\/2018\/06\/DSC_0251-scaled.jpg\",\"width\":2560,\"height\":1702},{\"@type\":\"BreadcrumbList\",\"@id\":\"http:\/\/vientosur.top\/museo\/museo-violeta-parra-celebrara-noche-san-juan-este-sabado\/#breadcrumb\",\"itemListElement\":[{\"@type\":\"ListItem\",\"position\":1,\"name\":\"Portada\",\"item\":\"http:\/\/vientosur.top\/museo\/\"},{\"@type\":\"ListItem\",\"position\":2,\"name\":\"Museo Violeta Parra celebr\u00f3 Noche de San Juan\"}]},{\"@type\":\"WebSite\",\"@id\":\"http:\/\/vientosur.top\/museo\/#website\",\"url\":\"http:\/\/vientosur.top\/museo\/\",\"name\":\"Museo Violeta Parra\",\"description\":\"Espacio que alberga tanto la memoria y legado creativo de la artista\",\"potentialAction\":[{\"@type\":\"SearchAction\",\"target\":{\"@type\":\"EntryPoint\",\"urlTemplate\":\"http:\/\/vientosur.top\/museo\/?s={search_term_string}\"},\"query-input\":{\"@type\":\"PropertyValueSpecification\",\"valueRequired\":true,\"valueName\":\"search_term_string\"}}],\"inLanguage\":\"es\"},{\"@type\":\"Person\",\"@id\":\"http:\/\/vientosur.top\/museo\/#\/schema\/person\/20c79d3c38800971feec8c2693c3dd9c\",\"name\":\"admin\",\"image\":{\"@type\":\"ImageObject\",\"inLanguage\":\"es\",\"@id\":\"http:\/\/vientosur.top\/museo\/#\/schema\/person\/image\/\",\"url\":\"https:\/\/secure.gravatar.com\/avatar\/713677ece3ffa642287213a80e5b773bce9ab81c269dd6d95102a990951c922f?s=96&d=mm&r=g\",\"contentUrl\":\"https:\/\/secure.gravatar.com\/avatar\/713677ece3ffa642287213a80e5b773bce9ab81c269dd6d95102a990951c922f?s=96&d=mm&r=g\",\"caption\":\"admin\"},\"sameAs\":[\"http:\/\/vientosur.top\/museo\"],\"url\":\"http:\/\/vientosur.top\/museo\/author\/comunicacionesmvp\/\"}]}<\/script>\n<!-- \/ Yoast SEO plugin. -->","yoast_head_json":{"title":"Museo Violeta Parra celebr\u00f3 Noche de San Juan - Museo Violeta Parra","robots":{"index":"index","follow":"follow","max-snippet":"max-snippet:-1","max-image-preview":"max-image-preview:large","max-video-preview":"max-video-preview:-1"},"canonical":"http:\/\/vientosur.top\/museo\/museo-violeta-parra-celebrara-noche-san-juan-este-sabado\/","og_locale":"es_ES","og_type":"article","og_title":"Museo Violeta Parra celebr\u00f3 Noche de San Juan - Museo Violeta Parra","og_description":"Por segundo a\u00f1o consecutivo, el museo realiz\u00f3\u00a0 rituales tradicionales,\u00a0 ofreci\u00f3 una degustaci\u00f3n de comida t\u00edpica y la presentaci\u00f3n art\u00edstica de la Agrupaci\u00f3n Guitarra Grande Pircana. Darle visibilidad y expandir las tradiciones populares de Chile fue una idea transversal en toda la creaci\u00f3n de Violeta Parra. En ese contexto, la instituci\u00f3n que conserva el legado de [&hellip;]","og_url":"http:\/\/vientosur.top\/museo\/museo-violeta-parra-celebrara-noche-san-juan-este-sabado\/","og_site_name":"Museo Violeta Parra","article_published_time":"2018-06-19T16:54:09+00:00","og_image":[{"width":2560,"height":1702,"url":"http:\/\/vientosur.top\/museo\/wp-content\/uploads\/2018\/06\/DSC_0251-scaled.jpg","type":"image\/jpeg"}],"author":"admin","twitter_card":"summary_large_image","twitter_misc":{"Escrito por":"admin","Tiempo de lectura":"2 minutos"},"schema":{"@context":"https:\/\/schema.org","@graph":[{"@type":"WebPage","@id":"http:\/\/vientosur.top\/museo\/museo-violeta-parra-celebrara-noche-san-juan-este-sabado\/","url":"http:\/\/vientosur.top\/museo\/museo-violeta-parra-celebrara-noche-san-juan-este-sabado\/","name":"Museo Violeta Parra celebr\u00f3 Noche de San Juan - Museo Violeta Parra","isPartOf":{"@id":"http:\/\/vientosur.top\/museo\/#website"},"primaryImageOfPage":{"@id":"http:\/\/vientosur.top\/museo\/museo-violeta-parra-celebrara-noche-san-juan-este-sabado\/#primaryimage"},"image":{"@id":"http:\/\/vientosur.top\/museo\/museo-violeta-parra-celebrara-noche-san-juan-este-sabado\/#primaryimage"},"thumbnailUrl":"http:\/\/vientosur.top\/museo\/wp-content\/uploads\/2018\/06\/DSC_0251-scaled.jpg","datePublished":"2018-06-19T16:54:09+00:00","author":{"@id":"http:\/\/vientosur.top\/museo\/#\/schema\/person\/20c79d3c38800971feec8c2693c3dd9c"},"breadcrumb":{"@id":"http:\/\/vientosur.top\/museo\/museo-violeta-parra-celebrara-noche-san-juan-este-sabado\/#breadcrumb"},"inLanguage":"es","potentialAction":[{"@type":"ReadAction","target":["http:\/\/vientosur.top\/museo\/museo-violeta-parra-celebrara-noche-san-juan-este-sabado\/"]}]},{"@type":"ImageObject","inLanguage":"es","@id":"http:\/\/vientosur.top\/museo\/museo-violeta-parra-celebrara-noche-san-juan-este-sabado\/#primaryimage","url":"http:\/\/vientosur.top\/museo\/wp-content\/uploads\/2018\/06\/DSC_0251-scaled.jpg","contentUrl":"http:\/\/vientosur.top\/museo\/wp-content\/uploads\/2018\/06\/DSC_0251-scaled.jpg","width":2560,"height":1702},{"@type":"BreadcrumbList","@id":"http:\/\/vientosur.top\/museo\/museo-violeta-parra-celebrara-noche-san-juan-este-sabado\/#breadcrumb","itemListElement":[{"@type":"ListItem","position":1,"name":"Portada","item":"http:\/\/vientosur.top\/museo\/"},{"@type":"ListItem","position":2,"name":"Museo Violeta Parra celebr\u00f3 Noche de San Juan"}]},{"@type":"WebSite","@id":"http:\/\/vientosur.top\/museo\/#website","url":"http:\/\/vientosur.top\/museo\/","name":"Museo Violeta Parra","description":"Espacio que alberga tanto la memoria y legado creativo de la artista","potentialAction":[{"@type":"SearchAction","target":{"@type":"EntryPoint","urlTemplate":"http:\/\/vientosur.top\/museo\/?s={search_term_string}"},"query-input":{"@type":"PropertyValueSpecification","valueRequired":true,"valueName":"search_term_string"}}],"inLanguage":"es"},{"@type":"Person","@id":"http:\/\/vientosur.top\/museo\/#\/schema\/person\/20c79d3c38800971feec8c2693c3dd9c","name":"admin","image":{"@type":"ImageObject","inLanguage":"es","@id":"http:\/\/vientosur.top\/museo\/#\/schema\/person\/image\/","url":"https:\/\/secure.gravatar.com\/avatar\/713677ece3ffa642287213a80e5b773bce9ab81c269dd6d95102a990951c922f?s=96&d=mm&r=g","contentUrl":"https:\/\/secure.gravatar.com\/avatar\/713677ece3ffa642287213a80e5b773bce9ab81c269dd6d95102a990951c922f?s=96&d=mm&r=g","caption":"admin"},"sameAs":["http:\/\/vientosur.top\/museo"],"url":"http:\/\/vientosur.top\/museo\/author\/comunicacionesmvp\/"}]}},"_links":{"self":[{"href":"http:\/\/vientosur.top\/museo\/wp-json\/wp\/v2\/posts\/15282","targetHints":{"allow":["GET"]}}],"collection":[{"href":"http:\/\/vientosur.top\/museo\/wp-json\/wp\/v2\/posts"}],"about":[{"href":"http:\/\/vientosur.top\/museo\/wp-json\/wp\/v2\/types\/post"}],"author":[{"embeddable":true,"href":"http:\/\/vientosur.top\/museo\/wp-json\/wp\/v2\/users\/5"}],"replies":[{"embeddable":true,"href":"http:\/\/vientosur.top\/museo\/wp-json\/wp\/v2\/comments?post=15282"}],"version-history":[{"count":0,"href":"http:\/\/vientosur.top\/museo\/wp-json\/wp\/v2\/posts\/15282\/revisions"}],"wp:featuredmedia":[{"embeddable":true,"href":"http:\/\/vientosur.top\/museo\/wp-json\/wp\/v2\/media\/15342"}],"wp:attachment":[{"href":"http:\/\/vientosur.top\/museo\/wp-json\/wp\/v2\/media?parent=15282"}],"wp:term":[{"taxonomy":"category","embeddable":true,"href":"http:\/\/vientosur.top\/museo\/wp-json\/wp\/v2\/categories?post=15282"},{"taxonomy":"post_tag","embeddable":true,"href":"http:\/\/vientosur.top\/museo\/wp-json\/wp\/v2\/tags?post=15282"}],"curies":[{"name":"wp","href":"https:\/\/api.w.org\/{rel}","templated":true}]}}