{"id":15305,"date":"2018-06-20T13:47:51","date_gmt":"2018-06-20T18:47:51","guid":{"rendered":"http:\/\/vientosur.top\/museo\/?p=15305"},"modified":"2018-06-20T13:47:51","modified_gmt":"2018-06-20T18:47:51","slug":"museo-violeta-parra-invita-celebrar-ano-nuevo-mapuche-este-domingo","status":"publish","type":"post","link":"http:\/\/vientosur.top\/museo\/museo-violeta-parra-invita-celebrar-ano-nuevo-mapuche-este-domingo\/","title":{"rendered":"Museo Violeta Parra celebr\u00f3 el A\u00f1o Nuevo Mapuche este domingo"},"content":{"rendered":"<div class=\"post-title-wrapper\">\n<p>En el D\u00eda de los Pueblos Originarios, adem\u00e1s, el museo inaugur\u00f3 la exhibici\u00f3n de la pintura \u201cMachit\u00fan\u201d, realizada por Violeta Parra a en 1964.<\/p>\n<p>Luego de la celebraci\u00f3n de la Noche de San Juan, que tuvo lugar el s\u00e1bado 23 de junio a las 18:30 horas, el Museo Violeta Parra realiz\u00f3 un We Tripantu con m\u00fasica, danzas y cantos. Adem\u00e1s, desde ahora, se podr\u00e1 ver por primera vez la obra \u201cMachit\u00fan\u201d, creada por Violeta Parra y exhibida en el Museo del Louvre en 1964.<\/p>\n<p>El 21 de junio, cuando se produce el solsticio de invierno, diversos pueblos originarios de nuestro pa\u00eds comienzan a celebrar su a\u00f1o nuevo. Aimaras, quechuas, atacame\u00f1os, collas, diaguitas, rapanuis, mapuche, kaw\u00e9sqar y yaganes realizan rituales y ceremonias de renovaci\u00f3n y purificaci\u00f3n.<\/p>\n<p>En este contexto, el Museo Violeta Parra invit\u00f3 a celebrar el We Tripantu o A\u00f1o Nuevo Mapuche. La actividad se realiz\u00f3 el domingo 24 de junio a las 16:00 horas, jornada en que adem\u00e1s se celebr\u00f3 el D\u00eda Nacional de los Pueblos Originarios.<\/p>\n<p>M\u00fasica, danzas y cantos, adem\u00e1s de una muestra de artesan\u00eda del trabajo en orfebrer\u00eda de Ilse Antilef y gastronom\u00eda mapuche, organizada junto al colectivo Pikun Mapu (Tierra del Norte), le dieron vida a una ceremonia pensada para toda la familia.<\/p>\n<p>La rogativa estuvo a cargo del poeta y orador Jos\u00e9 Llancafil Cayul, quien previamente hizo un llamado a \u201cconmemorar un nuevo a\u00f1o del solsticio mapuche. Est\u00e1n todos invitados para que puedan sentir un poco m\u00e1s el calor humano de nuestra gente mapuche, su vestuario, sus joyas y su alimentos\u201d.<\/p>\n<p><strong><br \/>\nNueva obra en exhibici\u00f3n<\/strong><\/p>\n<p>Las canciones \u201cArauco tiene una pena\u201d, \u201cEl guillat\u00fan\u201d, \u201cLa pericona se ha muerto\u201d y \u201cEl gavil\u00e1n\u201d y la arpillera \u201cFresia y Caupolic\u00e1n\u201d, son solo una muestra del fuerte v\u00ednculo de Violeta Parra con el pueblo mapuche.<\/p>\n<p>Aprovechando la celebraci\u00f3n del We Tripantu, este domingo el museo dedicado a la artista tambi\u00e9n inaugur\u00f3 la exhibici\u00f3n de la obra \u201cMachit\u00fan\u201d, \u00f3leo sobre madera prensada, que Violeta Parra exhibi\u00f3 en el Museo del Louvre en 1964.<\/p>\n<p>\u201cLa cosmovisi\u00f3n mapuche es conocida por Violeta Parra a trav\u00e9s de sus estad\u00edas en localidades de la Araucan\u00eda como Lautaro, Millelche, Rucahue o Labranza, as\u00ed como por las ense\u00f1anzas que recibi\u00f3 de la machi Mar\u00eda Pain\u00e9n, pero, principalmente, es a trav\u00e9s del contacto con el Chile profundo donde se le devela la sabidur\u00eda ancestral\u201d, explic\u00f3 Cecilia Garc\u00eda-Huidobro, Directora del museo.<\/p>\n<p>Las y los visitantes podr\u00e1n ver \u201cMachit\u00fan\u201d desde el domingo 24 de junio, de martes a vienes entre las 9:30 y las 18:00 horas y los fines de semana entre las 11:00 y las 18:00 horas. La entrada al museo, al igual que todas las actividades que se realizan en \u00e9l, es totalmente gratuita.<\/p>\n<\/div>\n<div class=\"\" data-block=\"true\" data-editor=\"2ml5l\" data-offset-key=\"64hr1-0-0\">\n<div class=\"_1mf _1mj\" data-offset-key=\"64hr1-0-0\">\n<p><a href=\"http:\/\/vientosur.top\/museo\/wp-content\/uploads\/2018\/06\/DSC_0487.jpg\"><img fetchpriority=\"high\" decoding=\"async\" class=\"aligncenter wp-image-15348 size-large\" src=\"http:\/\/vientosur.top\/museo\/wp-content\/uploads\/2018\/06\/DSC_0487-1024x681.jpg\" alt=\"\" width=\"840\" height=\"559\" \/><\/a><\/p>\n<\/div>\n<\/div>\n<p>&nbsp;<\/p>\n","protected":false},"excerpt":{"rendered":"<p>En el D\u00eda de los Pueblos Originarios, adem\u00e1s, el museo inaugur\u00f3 la exhibici\u00f3n de la pintura \u201cMachit\u00fan\u201d, realizada por Violeta Parra a en 1964. Luego de la celebraci\u00f3n de la Noche de San Juan, que tuvo lugar el s\u00e1bado 23 de junio a las 18:30 horas, el Museo Violeta Parra realiz\u00f3 un We Tripantu con [&hellip;]<\/p>\n","protected":false},"author":5,"featured_media":15349,"comment_status":"open","ping_status":"open","sticky":false,"template":"","format":"standard","meta":{"site-sidebar-layout":"default","site-content-layout":"","ast-site-content-layout":"default","site-content-style":"default","site-sidebar-style":"default","ast-global-header-display":"","ast-banner-title-visibility":"","ast-main-header-display":"","ast-hfb-above-header-display":"","ast-hfb-below-header-display":"","ast-hfb-mobile-header-display":"","site-post-title":"","ast-breadcrumbs-content":"","ast-featured-img":"","footer-sml-layout":"","theme-transparent-header-meta":"","adv-header-id-meta":"","stick-header-meta":"","header-above-stick-meta":"","header-main-stick-meta":"","header-below-stick-meta":"","astra-migrate-meta-layouts":"default","ast-page-background-enabled":"default","ast-page-background-meta":{"desktop":{"background-color":"var(--ast-global-color-4)","background-image":"","background-repeat":"repeat","background-position":"center center","background-size":"auto","background-attachment":"scroll","background-type":"","background-media":"","overlay-type":"","overlay-color":"","overlay-opacity":"","overlay-gradient":""},"tablet":{"background-color":"","background-image":"","background-repeat":"repeat","background-position":"center center","background-size":"auto","background-attachment":"scroll","background-type":"","background-media":"","overlay-type":"","overlay-color":"","overlay-opacity":"","overlay-gradient":""},"mobile":{"background-color":"","background-image":"","background-repeat":"repeat","background-position":"center center","background-size":"auto","background-attachment":"scroll","background-type":"","background-media":"","overlay-type":"","overlay-color":"","overlay-opacity":"","overlay-gradient":""}},"ast-content-background-meta":{"desktop":{"background-color":"var(--ast-global-color-5)","background-image":"","background-repeat":"repeat","background-position":"center center","background-size":"auto","background-attachment":"scroll","background-type":"","background-media":"","overlay-type":"","overlay-color":"","overlay-opacity":"","overlay-gradient":""},"tablet":{"background-color":"var(--ast-global-color-5)","background-image":"","background-repeat":"repeat","background-position":"center center","background-size":"auto","background-attachment":"scroll","background-type":"","background-media":"","overlay-type":"","overlay-color":"","overlay-opacity":"","overlay-gradient":""},"mobile":{"background-color":"var(--ast-global-color-5)","background-image":"","background-repeat":"repeat","background-position":"center center","background-size":"auto","background-attachment":"scroll","background-type":"","background-media":"","overlay-type":"","overlay-color":"","overlay-opacity":"","overlay-gradient":""}},"footnotes":""},"categories":[59,8,61],"tags":[],"class_list":["post-15305","post","type-post","status-publish","format-standard","has-post-thumbnail","hentry","category-destacado-noticia","category-noticias","category-novedades"],"yoast_head":"<!-- This site is optimized with the Yoast SEO plugin v25.4 - https:\/\/yoast.com\/wordpress\/plugins\/seo\/ -->\n<title>Museo Violeta Parra celebr\u00f3 el A\u00f1o Nuevo Mapuche este domingo - Museo Violeta Parra<\/title>\n<meta name=\"robots\" content=\"index, follow, max-snippet:-1, max-image-preview:large, max-video-preview:-1\" \/>\n<link rel=\"canonical\" href=\"http:\/\/vientosur.top\/museo\/museo-violeta-parra-invita-celebrar-ano-nuevo-mapuche-este-domingo\/\" \/>\n<meta property=\"og:locale\" content=\"es_ES\" \/>\n<meta property=\"og:type\" content=\"article\" \/>\n<meta property=\"og:title\" content=\"Museo Violeta Parra celebr\u00f3 el A\u00f1o Nuevo Mapuche este domingo - Museo Violeta Parra\" \/>\n<meta property=\"og:description\" content=\"En el D\u00eda de los Pueblos Originarios, adem\u00e1s, el museo inaugur\u00f3 la exhibici\u00f3n de la pintura \u201cMachit\u00fan\u201d, realizada por Violeta Parra a en 1964. Luego de la celebraci\u00f3n de la Noche de San Juan, que tuvo lugar el s\u00e1bado 23 de junio a las 18:30 horas, el Museo Violeta Parra realiz\u00f3 un We Tripantu con [&hellip;]\" \/>\n<meta property=\"og:url\" content=\"http:\/\/vientosur.top\/museo\/museo-violeta-parra-invita-celebrar-ano-nuevo-mapuche-este-domingo\/\" \/>\n<meta property=\"og:site_name\" content=\"Museo Violeta Parra\" \/>\n<meta property=\"article:published_time\" content=\"2018-06-20T18:47:51+00:00\" \/>\n<meta property=\"og:image\" content=\"http:\/\/vientosur.top\/museo\/wp-content\/uploads\/2018\/06\/DSC_0467-scaled.jpg\" \/>\n\t<meta property=\"og:image:width\" content=\"2560\" \/>\n\t<meta property=\"og:image:height\" content=\"1702\" \/>\n\t<meta property=\"og:image:type\" content=\"image\/jpeg\" \/>\n<meta name=\"author\" content=\"admin\" \/>\n<meta name=\"twitter:card\" content=\"summary_large_image\" \/>\n<meta name=\"twitter:label1\" content=\"Escrito por\" \/>\n\t<meta name=\"twitter:data1\" content=\"admin\" \/>\n\t<meta name=\"twitter:label2\" content=\"Tiempo de lectura\" \/>\n\t<meta name=\"twitter:data2\" content=\"2 minutos\" \/>\n<script type=\"application\/ld+json\" class=\"yoast-schema-graph\">{\"@context\":\"https:\/\/schema.org\",\"@graph\":[{\"@type\":\"WebPage\",\"@id\":\"http:\/\/vientosur.top\/museo\/museo-violeta-parra-invita-celebrar-ano-nuevo-mapuche-este-domingo\/\",\"url\":\"http:\/\/vientosur.top\/museo\/museo-violeta-parra-invita-celebrar-ano-nuevo-mapuche-este-domingo\/\",\"name\":\"Museo Violeta Parra celebr\u00f3 el A\u00f1o Nuevo Mapuche este domingo - Museo Violeta Parra\",\"isPartOf\":{\"@id\":\"http:\/\/vientosur.top\/museo\/#website\"},\"primaryImageOfPage\":{\"@id\":\"http:\/\/vientosur.top\/museo\/museo-violeta-parra-invita-celebrar-ano-nuevo-mapuche-este-domingo\/#primaryimage\"},\"image\":{\"@id\":\"http:\/\/vientosur.top\/museo\/museo-violeta-parra-invita-celebrar-ano-nuevo-mapuche-este-domingo\/#primaryimage\"},\"thumbnailUrl\":\"http:\/\/vientosur.top\/museo\/wp-content\/uploads\/2018\/06\/DSC_0467-scaled.jpg\",\"datePublished\":\"2018-06-20T18:47:51+00:00\",\"author\":{\"@id\":\"http:\/\/vientosur.top\/museo\/#\/schema\/person\/20c79d3c38800971feec8c2693c3dd9c\"},\"breadcrumb\":{\"@id\":\"http:\/\/vientosur.top\/museo\/museo-violeta-parra-invita-celebrar-ano-nuevo-mapuche-este-domingo\/#breadcrumb\"},\"inLanguage\":\"es\",\"potentialAction\":[{\"@type\":\"ReadAction\",\"target\":[\"http:\/\/vientosur.top\/museo\/museo-violeta-parra-invita-celebrar-ano-nuevo-mapuche-este-domingo\/\"]}]},{\"@type\":\"ImageObject\",\"inLanguage\":\"es\",\"@id\":\"http:\/\/vientosur.top\/museo\/museo-violeta-parra-invita-celebrar-ano-nuevo-mapuche-este-domingo\/#primaryimage\",\"url\":\"http:\/\/vientosur.top\/museo\/wp-content\/uploads\/2018\/06\/DSC_0467-scaled.jpg\",\"contentUrl\":\"http:\/\/vientosur.top\/museo\/wp-content\/uploads\/2018\/06\/DSC_0467-scaled.jpg\",\"width\":2560,\"height\":1702},{\"@type\":\"BreadcrumbList\",\"@id\":\"http:\/\/vientosur.top\/museo\/museo-violeta-parra-invita-celebrar-ano-nuevo-mapuche-este-domingo\/#breadcrumb\",\"itemListElement\":[{\"@type\":\"ListItem\",\"position\":1,\"name\":\"Portada\",\"item\":\"http:\/\/vientosur.top\/museo\/\"},{\"@type\":\"ListItem\",\"position\":2,\"name\":\"Museo Violeta Parra celebr\u00f3 el A\u00f1o Nuevo Mapuche este domingo\"}]},{\"@type\":\"WebSite\",\"@id\":\"http:\/\/vientosur.top\/museo\/#website\",\"url\":\"http:\/\/vientosur.top\/museo\/\",\"name\":\"Museo Violeta Parra\",\"description\":\"Espacio que alberga tanto la memoria y legado creativo de la artista\",\"potentialAction\":[{\"@type\":\"SearchAction\",\"target\":{\"@type\":\"EntryPoint\",\"urlTemplate\":\"http:\/\/vientosur.top\/museo\/?s={search_term_string}\"},\"query-input\":{\"@type\":\"PropertyValueSpecification\",\"valueRequired\":true,\"valueName\":\"search_term_string\"}}],\"inLanguage\":\"es\"},{\"@type\":\"Person\",\"@id\":\"http:\/\/vientosur.top\/museo\/#\/schema\/person\/20c79d3c38800971feec8c2693c3dd9c\",\"name\":\"admin\",\"image\":{\"@type\":\"ImageObject\",\"inLanguage\":\"es\",\"@id\":\"http:\/\/vientosur.top\/museo\/#\/schema\/person\/image\/\",\"url\":\"https:\/\/secure.gravatar.com\/avatar\/713677ece3ffa642287213a80e5b773bce9ab81c269dd6d95102a990951c922f?s=96&d=mm&r=g\",\"contentUrl\":\"https:\/\/secure.gravatar.com\/avatar\/713677ece3ffa642287213a80e5b773bce9ab81c269dd6d95102a990951c922f?s=96&d=mm&r=g\",\"caption\":\"admin\"},\"sameAs\":[\"http:\/\/vientosur.top\/museo\"],\"url\":\"http:\/\/vientosur.top\/museo\/author\/comunicacionesmvp\/\"}]}<\/script>\n<!-- \/ Yoast SEO plugin. -->","yoast_head_json":{"title":"Museo Violeta Parra celebr\u00f3 el A\u00f1o Nuevo Mapuche este domingo - Museo Violeta Parra","robots":{"index":"index","follow":"follow","max-snippet":"max-snippet:-1","max-image-preview":"max-image-preview:large","max-video-preview":"max-video-preview:-1"},"canonical":"http:\/\/vientosur.top\/museo\/museo-violeta-parra-invita-celebrar-ano-nuevo-mapuche-este-domingo\/","og_locale":"es_ES","og_type":"article","og_title":"Museo Violeta Parra celebr\u00f3 el A\u00f1o Nuevo Mapuche este domingo - Museo Violeta Parra","og_description":"En el D\u00eda de los Pueblos Originarios, adem\u00e1s, el museo inaugur\u00f3 la exhibici\u00f3n de la pintura \u201cMachit\u00fan\u201d, realizada por Violeta Parra a en 1964. Luego de la celebraci\u00f3n de la Noche de San Juan, que tuvo lugar el s\u00e1bado 23 de junio a las 18:30 horas, el Museo Violeta Parra realiz\u00f3 un We Tripantu con [&hellip;]","og_url":"http:\/\/vientosur.top\/museo\/museo-violeta-parra-invita-celebrar-ano-nuevo-mapuche-este-domingo\/","og_site_name":"Museo Violeta Parra","article_published_time":"2018-06-20T18:47:51+00:00","og_image":[{"width":2560,"height":1702,"url":"http:\/\/vientosur.top\/museo\/wp-content\/uploads\/2018\/06\/DSC_0467-scaled.jpg","type":"image\/jpeg"}],"author":"admin","twitter_card":"summary_large_image","twitter_misc":{"Escrito por":"admin","Tiempo de lectura":"2 minutos"},"schema":{"@context":"https:\/\/schema.org","@graph":[{"@type":"WebPage","@id":"http:\/\/vientosur.top\/museo\/museo-violeta-parra-invita-celebrar-ano-nuevo-mapuche-este-domingo\/","url":"http:\/\/vientosur.top\/museo\/museo-violeta-parra-invita-celebrar-ano-nuevo-mapuche-este-domingo\/","name":"Museo Violeta Parra celebr\u00f3 el A\u00f1o Nuevo Mapuche este domingo - Museo Violeta Parra","isPartOf":{"@id":"http:\/\/vientosur.top\/museo\/#website"},"primaryImageOfPage":{"@id":"http:\/\/vientosur.top\/museo\/museo-violeta-parra-invita-celebrar-ano-nuevo-mapuche-este-domingo\/#primaryimage"},"image":{"@id":"http:\/\/vientosur.top\/museo\/museo-violeta-parra-invita-celebrar-ano-nuevo-mapuche-este-domingo\/#primaryimage"},"thumbnailUrl":"http:\/\/vientosur.top\/museo\/wp-content\/uploads\/2018\/06\/DSC_0467-scaled.jpg","datePublished":"2018-06-20T18:47:51+00:00","author":{"@id":"http:\/\/vientosur.top\/museo\/#\/schema\/person\/20c79d3c38800971feec8c2693c3dd9c"},"breadcrumb":{"@id":"http:\/\/vientosur.top\/museo\/museo-violeta-parra-invita-celebrar-ano-nuevo-mapuche-este-domingo\/#breadcrumb"},"inLanguage":"es","potentialAction":[{"@type":"ReadAction","target":["http:\/\/vientosur.top\/museo\/museo-violeta-parra-invita-celebrar-ano-nuevo-mapuche-este-domingo\/"]}]},{"@type":"ImageObject","inLanguage":"es","@id":"http:\/\/vientosur.top\/museo\/museo-violeta-parra-invita-celebrar-ano-nuevo-mapuche-este-domingo\/#primaryimage","url":"http:\/\/vientosur.top\/museo\/wp-content\/uploads\/2018\/06\/DSC_0467-scaled.jpg","contentUrl":"http:\/\/vientosur.top\/museo\/wp-content\/uploads\/2018\/06\/DSC_0467-scaled.jpg","width":2560,"height":1702},{"@type":"BreadcrumbList","@id":"http:\/\/vientosur.top\/museo\/museo-violeta-parra-invita-celebrar-ano-nuevo-mapuche-este-domingo\/#breadcrumb","itemListElement":[{"@type":"ListItem","position":1,"name":"Portada","item":"http:\/\/vientosur.top\/museo\/"},{"@type":"ListItem","position":2,"name":"Museo Violeta Parra celebr\u00f3 el A\u00f1o Nuevo Mapuche este domingo"}]},{"@type":"WebSite","@id":"http:\/\/vientosur.top\/museo\/#website","url":"http:\/\/vientosur.top\/museo\/","name":"Museo Violeta Parra","description":"Espacio que alberga tanto la memoria y legado creativo de la artista","potentialAction":[{"@type":"SearchAction","target":{"@type":"EntryPoint","urlTemplate":"http:\/\/vientosur.top\/museo\/?s={search_term_string}"},"query-input":{"@type":"PropertyValueSpecification","valueRequired":true,"valueName":"search_term_string"}}],"inLanguage":"es"},{"@type":"Person","@id":"http:\/\/vientosur.top\/museo\/#\/schema\/person\/20c79d3c38800971feec8c2693c3dd9c","name":"admin","image":{"@type":"ImageObject","inLanguage":"es","@id":"http:\/\/vientosur.top\/museo\/#\/schema\/person\/image\/","url":"https:\/\/secure.gravatar.com\/avatar\/713677ece3ffa642287213a80e5b773bce9ab81c269dd6d95102a990951c922f?s=96&d=mm&r=g","contentUrl":"https:\/\/secure.gravatar.com\/avatar\/713677ece3ffa642287213a80e5b773bce9ab81c269dd6d95102a990951c922f?s=96&d=mm&r=g","caption":"admin"},"sameAs":["http:\/\/vientosur.top\/museo"],"url":"http:\/\/vientosur.top\/museo\/author\/comunicacionesmvp\/"}]}},"_links":{"self":[{"href":"http:\/\/vientosur.top\/museo\/wp-json\/wp\/v2\/posts\/15305","targetHints":{"allow":["GET"]}}],"collection":[{"href":"http:\/\/vientosur.top\/museo\/wp-json\/wp\/v2\/posts"}],"about":[{"href":"http:\/\/vientosur.top\/museo\/wp-json\/wp\/v2\/types\/post"}],"author":[{"embeddable":true,"href":"http:\/\/vientosur.top\/museo\/wp-json\/wp\/v2\/users\/5"}],"replies":[{"embeddable":true,"href":"http:\/\/vientosur.top\/museo\/wp-json\/wp\/v2\/comments?post=15305"}],"version-history":[{"count":0,"href":"http:\/\/vientosur.top\/museo\/wp-json\/wp\/v2\/posts\/15305\/revisions"}],"wp:featuredmedia":[{"embeddable":true,"href":"http:\/\/vientosur.top\/museo\/wp-json\/wp\/v2\/media\/15349"}],"wp:attachment":[{"href":"http:\/\/vientosur.top\/museo\/wp-json\/wp\/v2\/media?parent=15305"}],"wp:term":[{"taxonomy":"category","embeddable":true,"href":"http:\/\/vientosur.top\/museo\/wp-json\/wp\/v2\/categories?post=15305"},{"taxonomy":"post_tag","embeddable":true,"href":"http:\/\/vientosur.top\/museo\/wp-json\/wp\/v2\/tags?post=15305"}],"curies":[{"name":"wp","href":"https:\/\/api.w.org\/{rel}","templated":true}]}}