{"id":15364,"date":"2018-06-27T15:04:48","date_gmt":"2018-06-27T20:04:48","guid":{"rendered":"http:\/\/vientosur.top\/museo\/?p=15364"},"modified":"2018-06-27T15:04:48","modified_gmt":"2018-06-27T20:04:48","slug":"reserva-entrada-gratis-homenaje-mario-rojas-roberto-parra-sandoval","status":"publish","type":"post","link":"http:\/\/vientosur.top\/museo\/reserva-entrada-gratis-homenaje-mario-rojas-roberto-parra-sandoval\/","title":{"rendered":"Mario Rojas present\u00f3 recital homenaje a Roberto Parra Sandoval"},"content":{"rendered":"<p>&nbsp;<\/p>\n<p><strong><em>A 97 a\u00f1os del natalicio del autor de las \u201cD\u00e9cimas de La Negra Ester\u201d, el m\u00fasico rindi\u00f3 tributo con un espect\u00e1culo que represent\u00f3 un \u201csencillo resucitamiento\u201d de quien fuera su maestro y amigo.<\/em><\/strong><strong>\u00a0<\/strong><strong><br \/>\n<\/strong><br \/>\nEl viernes 29 de junio se cumplieron 97 a\u00f1os del nacimiento de Roberto Parra (29 de junio de 1921 &#8211; 21 de abril de 1995), el quinto hijo del matrimonio formado por Nicanor Parra y Clarisa Sandoval. M\u00fasico, cantautor, folclorista y dramaturgo, la obra de Roberto sigue inspirando a nuevas generaciones de artistas.<\/p>\n<p>En este contexto, Mario Rojas, su amigo y disc\u00edpulo, lleg\u00f3 a la Sala Antar del Museo Violeta Parra el s\u00e1bado 30 de junio a las 16:00 horas a presentar un recital homenaje llamado \u201cSencillo resucitamiento de don Roberto Parra Sandoval\u201d, inspirado en \u201cLos resucitamientos\u201d, una serie de textos escritos por el hermano de Violeta.<\/p>\n<p>Junto a m\u00fasicos invitados, Rojas ofreci\u00f3 una presentaci\u00f3n con un repertorio instrumental del g\u00e9nero swing\u00a0\u2014conocido tambi\u00e9n como \u201cjazz guachaca\u201d\u2014\u00a0adem\u00e1s de canciones dedicadas al \u201ct\u00edo Roberto\u201d y una lectura de textos.<\/p>\n<p>\u201cObviamente que el grueso del repertorio estar\u00e1 compuesto por temas de la autor\u00eda de Roberto. Para todos nosotros, un \u00eddolo. Pero tambi\u00e9n tocaremos otros temas: algunas composiciones m\u00edas dedicadas o inspiradas en el maestro, algo de Django Reinhard, algunas tonadas\u201d, adelant\u00f3 el artista sobre su presentaci\u00f3n en el Museo Violeta Parra.<\/p>\n<p>La carrera art\u00edstica del m\u00fasico, letrista y cantor urbano Mario Rojas, ha estado profundamente ligada a la del autor de \u201cLa Negra Ester\u201d. \u201cRoberto, con humildad y gigantesca creatividad me entreg\u00f3 herramientas. Las mejores canciones que he compuesto han sido inspiradas por Roberto o creadas para \u00e9l\u201d, confiesa, y agrega que \u00abla familia Parra es una caja de sorpresas sin fondo, una cadena de creadores que Chile tiene la suerte de poseer\u201d.<\/p>\n<p>Mario Rojas se present\u00f3 junto a Nelson Laplagne (saxo), Felipe Ortiz (guitarra), Lalo V\u00e1squez (contrabajo) y Felipe Bravo (guitarra).<\/p>\n<p>&nbsp;<\/p>\n<p><iframe src=\"https:\/\/www.youtube.com\/embed\/BItSnMnLwJc\" width=\"560\" height=\"315\" frameborder=\"0\" allowfullscreen=\"allowfullscreen\"><\/iframe><\/p>\n","protected":false},"excerpt":{"rendered":"<p>&nbsp; A 97 a\u00f1os del natalicio del autor de las \u201cD\u00e9cimas de La Negra Ester\u201d, el m\u00fasico rindi\u00f3 tributo con un espect\u00e1culo que represent\u00f3 un \u201csencillo resucitamiento\u201d de quien fuera su maestro y amigo.\u00a0 El viernes 29 de junio se cumplieron 97 a\u00f1os del nacimiento de Roberto Parra (29 de junio de 1921 &#8211; 21 [&hellip;]<\/p>\n","protected":false},"author":5,"featured_media":15548,"comment_status":"open","ping_status":"open","sticky":false,"template":"","format":"standard","meta":{"site-sidebar-layout":"default","site-content-layout":"","ast-site-content-layout":"default","site-content-style":"default","site-sidebar-style":"default","ast-global-header-display":"","ast-banner-title-visibility":"","ast-main-header-display":"","ast-hfb-above-header-display":"","ast-hfb-below-header-display":"","ast-hfb-mobile-header-display":"","site-post-title":"","ast-breadcrumbs-content":"","ast-featured-img":"","footer-sml-layout":"","theme-transparent-header-meta":"","adv-header-id-meta":"","stick-header-meta":"","header-above-stick-meta":"","header-main-stick-meta":"","header-below-stick-meta":"","astra-migrate-meta-layouts":"default","ast-page-background-enabled":"default","ast-page-background-meta":{"desktop":{"background-color":"var(--ast-global-color-4)","background-image":"","background-repeat":"repeat","background-position":"center center","background-size":"auto","background-attachment":"scroll","background-type":"","background-media":"","overlay-type":"","overlay-color":"","overlay-opacity":"","overlay-gradient":""},"tablet":{"background-color":"","background-image":"","background-repeat":"repeat","background-position":"center center","background-size":"auto","background-attachment":"scroll","background-type":"","background-media":"","overlay-type":"","overlay-color":"","overlay-opacity":"","overlay-gradient":""},"mobile":{"background-color":"","background-image":"","background-repeat":"repeat","background-position":"center center","background-size":"auto","background-attachment":"scroll","background-type":"","background-media":"","overlay-type":"","overlay-color":"","overlay-opacity":"","overlay-gradient":""}},"ast-content-background-meta":{"desktop":{"background-color":"var(--ast-global-color-5)","background-image":"","background-repeat":"repeat","background-position":"center center","background-size":"auto","background-attachment":"scroll","background-type":"","background-media":"","overlay-type":"","overlay-color":"","overlay-opacity":"","overlay-gradient":""},"tablet":{"background-color":"var(--ast-global-color-5)","background-image":"","background-repeat":"repeat","background-position":"center center","background-size":"auto","background-attachment":"scroll","background-type":"","background-media":"","overlay-type":"","overlay-color":"","overlay-opacity":"","overlay-gradient":""},"mobile":{"background-color":"var(--ast-global-color-5)","background-image":"","background-repeat":"repeat","background-position":"center center","background-size":"auto","background-attachment":"scroll","background-type":"","background-media":"","overlay-type":"","overlay-color":"","overlay-opacity":"","overlay-gradient":""}},"footnotes":""},"categories":[59,8,61],"tags":[],"class_list":["post-15364","post","type-post","status-publish","format-standard","has-post-thumbnail","hentry","category-destacado-noticia","category-noticias","category-novedades"],"yoast_head":"<!-- This site is optimized with the Yoast SEO plugin v25.4 - https:\/\/yoast.com\/wordpress\/plugins\/seo\/ -->\n<title>Mario Rojas present\u00f3 recital homenaje a Roberto Parra Sandoval - Museo Violeta Parra<\/title>\n<meta name=\"robots\" content=\"index, follow, max-snippet:-1, max-image-preview:large, max-video-preview:-1\" \/>\n<link rel=\"canonical\" href=\"http:\/\/vientosur.top\/museo\/reserva-entrada-gratis-homenaje-mario-rojas-roberto-parra-sandoval\/\" \/>\n<meta property=\"og:locale\" content=\"es_ES\" \/>\n<meta property=\"og:type\" content=\"article\" \/>\n<meta property=\"og:title\" content=\"Mario Rojas present\u00f3 recital homenaje a Roberto Parra Sandoval - Museo Violeta Parra\" \/>\n<meta property=\"og:description\" content=\"&nbsp; A 97 a\u00f1os del natalicio del autor de las \u201cD\u00e9cimas de La Negra Ester\u201d, el m\u00fasico rindi\u00f3 tributo con un espect\u00e1culo que represent\u00f3 un \u201csencillo resucitamiento\u201d de quien fuera su maestro y amigo.\u00a0 El viernes 29 de junio se cumplieron 97 a\u00f1os del nacimiento de Roberto Parra (29 de junio de 1921 &#8211; 21 [&hellip;]\" \/>\n<meta property=\"og:url\" content=\"http:\/\/vientosur.top\/museo\/reserva-entrada-gratis-homenaje-mario-rojas-roberto-parra-sandoval\/\" \/>\n<meta property=\"og:site_name\" content=\"Museo Violeta Parra\" \/>\n<meta property=\"article:published_time\" content=\"2018-06-27T20:04:48+00:00\" \/>\n<meta property=\"og:image\" content=\"http:\/\/vientosur.top\/museo\/wp-content\/uploads\/2018\/06\/IMG_0537.jpg\" \/>\n\t<meta property=\"og:image:width\" content=\"1920\" \/>\n\t<meta property=\"og:image:height\" content=\"1080\" \/>\n\t<meta property=\"og:image:type\" content=\"image\/jpeg\" \/>\n<meta name=\"author\" content=\"admin\" \/>\n<meta name=\"twitter:card\" content=\"summary_large_image\" \/>\n<meta name=\"twitter:label1\" content=\"Escrito por\" \/>\n\t<meta name=\"twitter:data1\" content=\"admin\" \/>\n\t<meta name=\"twitter:label2\" content=\"Tiempo de lectura\" \/>\n\t<meta name=\"twitter:data2\" content=\"2 minutos\" \/>\n<script type=\"application\/ld+json\" class=\"yoast-schema-graph\">{\"@context\":\"https:\/\/schema.org\",\"@graph\":[{\"@type\":\"WebPage\",\"@id\":\"http:\/\/vientosur.top\/museo\/reserva-entrada-gratis-homenaje-mario-rojas-roberto-parra-sandoval\/\",\"url\":\"http:\/\/vientosur.top\/museo\/reserva-entrada-gratis-homenaje-mario-rojas-roberto-parra-sandoval\/\",\"name\":\"Mario Rojas present\u00f3 recital homenaje a Roberto Parra Sandoval - Museo Violeta Parra\",\"isPartOf\":{\"@id\":\"http:\/\/vientosur.top\/museo\/#website\"},\"primaryImageOfPage\":{\"@id\":\"http:\/\/vientosur.top\/museo\/reserva-entrada-gratis-homenaje-mario-rojas-roberto-parra-sandoval\/#primaryimage\"},\"image\":{\"@id\":\"http:\/\/vientosur.top\/museo\/reserva-entrada-gratis-homenaje-mario-rojas-roberto-parra-sandoval\/#primaryimage\"},\"thumbnailUrl\":\"http:\/\/vientosur.top\/museo\/wp-content\/uploads\/2018\/06\/IMG_0537.jpg\",\"datePublished\":\"2018-06-27T20:04:48+00:00\",\"author\":{\"@id\":\"http:\/\/vientosur.top\/museo\/#\/schema\/person\/20c79d3c38800971feec8c2693c3dd9c\"},\"breadcrumb\":{\"@id\":\"http:\/\/vientosur.top\/museo\/reserva-entrada-gratis-homenaje-mario-rojas-roberto-parra-sandoval\/#breadcrumb\"},\"inLanguage\":\"es\",\"potentialAction\":[{\"@type\":\"ReadAction\",\"target\":[\"http:\/\/vientosur.top\/museo\/reserva-entrada-gratis-homenaje-mario-rojas-roberto-parra-sandoval\/\"]}]},{\"@type\":\"ImageObject\",\"inLanguage\":\"es\",\"@id\":\"http:\/\/vientosur.top\/museo\/reserva-entrada-gratis-homenaje-mario-rojas-roberto-parra-sandoval\/#primaryimage\",\"url\":\"http:\/\/vientosur.top\/museo\/wp-content\/uploads\/2018\/06\/IMG_0537.jpg\",\"contentUrl\":\"http:\/\/vientosur.top\/museo\/wp-content\/uploads\/2018\/06\/IMG_0537.jpg\",\"width\":1920,\"height\":1080},{\"@type\":\"BreadcrumbList\",\"@id\":\"http:\/\/vientosur.top\/museo\/reserva-entrada-gratis-homenaje-mario-rojas-roberto-parra-sandoval\/#breadcrumb\",\"itemListElement\":[{\"@type\":\"ListItem\",\"position\":1,\"name\":\"Portada\",\"item\":\"http:\/\/vientosur.top\/museo\/\"},{\"@type\":\"ListItem\",\"position\":2,\"name\":\"Mario Rojas present\u00f3 recital homenaje a Roberto Parra Sandoval\"}]},{\"@type\":\"WebSite\",\"@id\":\"http:\/\/vientosur.top\/museo\/#website\",\"url\":\"http:\/\/vientosur.top\/museo\/\",\"name\":\"Museo Violeta Parra\",\"description\":\"Espacio que alberga tanto la memoria y legado creativo de la artista\",\"potentialAction\":[{\"@type\":\"SearchAction\",\"target\":{\"@type\":\"EntryPoint\",\"urlTemplate\":\"http:\/\/vientosur.top\/museo\/?s={search_term_string}\"},\"query-input\":{\"@type\":\"PropertyValueSpecification\",\"valueRequired\":true,\"valueName\":\"search_term_string\"}}],\"inLanguage\":\"es\"},{\"@type\":\"Person\",\"@id\":\"http:\/\/vientosur.top\/museo\/#\/schema\/person\/20c79d3c38800971feec8c2693c3dd9c\",\"name\":\"admin\",\"image\":{\"@type\":\"ImageObject\",\"inLanguage\":\"es\",\"@id\":\"http:\/\/vientosur.top\/museo\/#\/schema\/person\/image\/\",\"url\":\"https:\/\/secure.gravatar.com\/avatar\/713677ece3ffa642287213a80e5b773bce9ab81c269dd6d95102a990951c922f?s=96&d=mm&r=g\",\"contentUrl\":\"https:\/\/secure.gravatar.com\/avatar\/713677ece3ffa642287213a80e5b773bce9ab81c269dd6d95102a990951c922f?s=96&d=mm&r=g\",\"caption\":\"admin\"},\"sameAs\":[\"http:\/\/vientosur.top\/museo\"],\"url\":\"http:\/\/vientosur.top\/museo\/author\/comunicacionesmvp\/\"}]}<\/script>\n<!-- \/ Yoast SEO plugin. -->","yoast_head_json":{"title":"Mario Rojas present\u00f3 recital homenaje a Roberto Parra Sandoval - Museo Violeta Parra","robots":{"index":"index","follow":"follow","max-snippet":"max-snippet:-1","max-image-preview":"max-image-preview:large","max-video-preview":"max-video-preview:-1"},"canonical":"http:\/\/vientosur.top\/museo\/reserva-entrada-gratis-homenaje-mario-rojas-roberto-parra-sandoval\/","og_locale":"es_ES","og_type":"article","og_title":"Mario Rojas present\u00f3 recital homenaje a Roberto Parra Sandoval - Museo Violeta Parra","og_description":"&nbsp; A 97 a\u00f1os del natalicio del autor de las \u201cD\u00e9cimas de La Negra Ester\u201d, el m\u00fasico rindi\u00f3 tributo con un espect\u00e1culo que represent\u00f3 un \u201csencillo resucitamiento\u201d de quien fuera su maestro y amigo.\u00a0 El viernes 29 de junio se cumplieron 97 a\u00f1os del nacimiento de Roberto Parra (29 de junio de 1921 &#8211; 21 [&hellip;]","og_url":"http:\/\/vientosur.top\/museo\/reserva-entrada-gratis-homenaje-mario-rojas-roberto-parra-sandoval\/","og_site_name":"Museo Violeta Parra","article_published_time":"2018-06-27T20:04:48+00:00","og_image":[{"width":1920,"height":1080,"url":"http:\/\/vientosur.top\/museo\/wp-content\/uploads\/2018\/06\/IMG_0537.jpg","type":"image\/jpeg"}],"author":"admin","twitter_card":"summary_large_image","twitter_misc":{"Escrito por":"admin","Tiempo de lectura":"2 minutos"},"schema":{"@context":"https:\/\/schema.org","@graph":[{"@type":"WebPage","@id":"http:\/\/vientosur.top\/museo\/reserva-entrada-gratis-homenaje-mario-rojas-roberto-parra-sandoval\/","url":"http:\/\/vientosur.top\/museo\/reserva-entrada-gratis-homenaje-mario-rojas-roberto-parra-sandoval\/","name":"Mario Rojas present\u00f3 recital homenaje a Roberto Parra Sandoval - Museo Violeta Parra","isPartOf":{"@id":"http:\/\/vientosur.top\/museo\/#website"},"primaryImageOfPage":{"@id":"http:\/\/vientosur.top\/museo\/reserva-entrada-gratis-homenaje-mario-rojas-roberto-parra-sandoval\/#primaryimage"},"image":{"@id":"http:\/\/vientosur.top\/museo\/reserva-entrada-gratis-homenaje-mario-rojas-roberto-parra-sandoval\/#primaryimage"},"thumbnailUrl":"http:\/\/vientosur.top\/museo\/wp-content\/uploads\/2018\/06\/IMG_0537.jpg","datePublished":"2018-06-27T20:04:48+00:00","author":{"@id":"http:\/\/vientosur.top\/museo\/#\/schema\/person\/20c79d3c38800971feec8c2693c3dd9c"},"breadcrumb":{"@id":"http:\/\/vientosur.top\/museo\/reserva-entrada-gratis-homenaje-mario-rojas-roberto-parra-sandoval\/#breadcrumb"},"inLanguage":"es","potentialAction":[{"@type":"ReadAction","target":["http:\/\/vientosur.top\/museo\/reserva-entrada-gratis-homenaje-mario-rojas-roberto-parra-sandoval\/"]}]},{"@type":"ImageObject","inLanguage":"es","@id":"http:\/\/vientosur.top\/museo\/reserva-entrada-gratis-homenaje-mario-rojas-roberto-parra-sandoval\/#primaryimage","url":"http:\/\/vientosur.top\/museo\/wp-content\/uploads\/2018\/06\/IMG_0537.jpg","contentUrl":"http:\/\/vientosur.top\/museo\/wp-content\/uploads\/2018\/06\/IMG_0537.jpg","width":1920,"height":1080},{"@type":"BreadcrumbList","@id":"http:\/\/vientosur.top\/museo\/reserva-entrada-gratis-homenaje-mario-rojas-roberto-parra-sandoval\/#breadcrumb","itemListElement":[{"@type":"ListItem","position":1,"name":"Portada","item":"http:\/\/vientosur.top\/museo\/"},{"@type":"ListItem","position":2,"name":"Mario Rojas present\u00f3 recital homenaje a Roberto Parra Sandoval"}]},{"@type":"WebSite","@id":"http:\/\/vientosur.top\/museo\/#website","url":"http:\/\/vientosur.top\/museo\/","name":"Museo Violeta Parra","description":"Espacio que alberga tanto la memoria y legado creativo de la artista","potentialAction":[{"@type":"SearchAction","target":{"@type":"EntryPoint","urlTemplate":"http:\/\/vientosur.top\/museo\/?s={search_term_string}"},"query-input":{"@type":"PropertyValueSpecification","valueRequired":true,"valueName":"search_term_string"}}],"inLanguage":"es"},{"@type":"Person","@id":"http:\/\/vientosur.top\/museo\/#\/schema\/person\/20c79d3c38800971feec8c2693c3dd9c","name":"admin","image":{"@type":"ImageObject","inLanguage":"es","@id":"http:\/\/vientosur.top\/museo\/#\/schema\/person\/image\/","url":"https:\/\/secure.gravatar.com\/avatar\/713677ece3ffa642287213a80e5b773bce9ab81c269dd6d95102a990951c922f?s=96&d=mm&r=g","contentUrl":"https:\/\/secure.gravatar.com\/avatar\/713677ece3ffa642287213a80e5b773bce9ab81c269dd6d95102a990951c922f?s=96&d=mm&r=g","caption":"admin"},"sameAs":["http:\/\/vientosur.top\/museo"],"url":"http:\/\/vientosur.top\/museo\/author\/comunicacionesmvp\/"}]}},"_links":{"self":[{"href":"http:\/\/vientosur.top\/museo\/wp-json\/wp\/v2\/posts\/15364","targetHints":{"allow":["GET"]}}],"collection":[{"href":"http:\/\/vientosur.top\/museo\/wp-json\/wp\/v2\/posts"}],"about":[{"href":"http:\/\/vientosur.top\/museo\/wp-json\/wp\/v2\/types\/post"}],"author":[{"embeddable":true,"href":"http:\/\/vientosur.top\/museo\/wp-json\/wp\/v2\/users\/5"}],"replies":[{"embeddable":true,"href":"http:\/\/vientosur.top\/museo\/wp-json\/wp\/v2\/comments?post=15364"}],"version-history":[{"count":0,"href":"http:\/\/vientosur.top\/museo\/wp-json\/wp\/v2\/posts\/15364\/revisions"}],"wp:featuredmedia":[{"embeddable":true,"href":"http:\/\/vientosur.top\/museo\/wp-json\/wp\/v2\/media\/15548"}],"wp:attachment":[{"href":"http:\/\/vientosur.top\/museo\/wp-json\/wp\/v2\/media?parent=15364"}],"wp:term":[{"taxonomy":"category","embeddable":true,"href":"http:\/\/vientosur.top\/museo\/wp-json\/wp\/v2\/categories?post=15364"},{"taxonomy":"post_tag","embeddable":true,"href":"http:\/\/vientosur.top\/museo\/wp-json\/wp\/v2\/tags?post=15364"}],"curies":[{"name":"wp","href":"https:\/\/api.w.org\/{rel}","templated":true}]}}