{"id":15372,"date":"2018-06-26T09:37:03","date_gmt":"2018-06-26T14:37:03","guid":{"rendered":"http:\/\/vientosur.top\/museo\/?p=15372"},"modified":"2018-06-26T09:37:03","modified_gmt":"2018-06-26T14:37:03","slug":"jorge-brantmayer-presentara-obra-fotografica-museo-violeta-parra","status":"publish","type":"post","link":"http:\/\/vientosur.top\/museo\/jorge-brantmayer-presentara-obra-fotografica-museo-violeta-parra\/","title":{"rendered":"Jorge Brantmayer present\u00f3 su obra fotogr\u00e1fica en Museo Violeta Parra"},"content":{"rendered":"<p style=\"font-weight: 400;\"><strong><em>La segunda sesi\u00f3n del ciclo Pupila de \u00c1guila, en el que diversos fot\u00f3grafos reflexionan sobre la identidad chilena, se realiz\u00f3 el mi\u00e9rcoles 27 de junio.<\/em><\/strong><\/p>\n<p style=\"font-weight: 400;\"><strong><br \/>\n<\/strong>\u201cDesde mis inicios como fot\u00f3grafo me interes\u00f3 la conducta humana, sus actitudes, sus dramas, sus pasiones. Busqu\u00e9 siempre con humor e iron\u00eda im\u00e1genes que develaran el drama de la existencia. He realizado grandes series de fotograf\u00edas sobre el autorretrato y la fotograf\u00eda perform\u00e1tica donde el cuerpo es el soporte. He buscado tambi\u00e9n con mi c\u00e1mara en la calle, museos, y todo lugar que concentre gente, registrando situaciones y actitudes que me hablen de la vida y sus extremos (\u2026) He realizado grandes series de retratos de gente de todas las clases sociales y oficios. La condici\u00f3n de la mujer y los inmigrantes han marcado mi trabajo los \u00faltimos a\u00f1os\u201d, cuenta el profesional.<\/p>\n<p>El Premio Altazor explic\u00f3 sobre su charla: \u201cMe interesa compartir rostros que contienen misterios e historias que sospecho y me perturban, a trav\u00e9s de series intento descifrar grupos sociales de mi pa\u00eds. Nada hay m\u00e1s interesante para m\u00ed que la carretera de la vida impresa en cuerpos y rostros; marcas, accidentes, grietas y abismos que me hablan del \u00e1nimo y el deseo de las personas. Figuras y semblantes marcados por la iron\u00eda y la fatalidad\u201d.<\/p>\n<p><strong>M\u00e1s de cuatro d\u00e9cadas de trayectoria<\/strong><\/p>\n<p>Jorge Brantmayer (1954) estudi\u00f3 Licenciatura en Artes Pl\u00e1sticas en la Facultad de Bellas Artes, menci\u00f3n en Pintura, en la Universidad de Chile. Complement\u00f3 estos estudios con la fotograf\u00eda entre 1976 y 1979, titul\u00e1ndose como fot\u00f3grafo profesional en la Escuela de Foto Arte de Chile.<\/p>\n<p>Desde 1979 trabaj\u00f3 en Venezuela, realizando fotograf\u00eda publicitaria y de paisajes de Latinoam\u00e9rica por encargo de la Universidad Central de Venezuela. Desde 1988 al 2000 dirigi\u00f3 el Brantmayer Estudio Fotogr\u00e1fico, dedic\u00e1ndose a la fotograf\u00eda publicitaria y editorial. Ha realizado fotograf\u00edas para diversos libros y cat\u00e1logos de artistas chilenos contempor\u00e1neos, tales como Gonzalo D\u00edaz, Eugenio Dittborn, Arturo Duclos, Samy Benmayor, Patricia Figueroa e Iv\u00e1n Daiber. Entre 1993 y 2006 fue fot\u00f3grafo de la revista Gourmand.<\/p>\n<p>Sus exposiciones individuales \u201cLa vida est\u00e1 en otra parte\u201d (2001), \u201cCautivas\u201d (2007) y \u201cCuerpo Presente\u201d (2008) han obtenido el premio Altazor de las artes nacionales. Ha recibido adem\u00e1s el Premio del C\u00edrculo de Cr\u00edticos de Arte (2007) y el premio Bicentenario a la Fotograf\u00eda (2010), otorgado por el mismo C\u00edrculo de Cr\u00edticos. Tambi\u00e9n ha sido premiado por el C\u00edrculo de Cronistas Gastron\u00f3micos, Fotop, Fundaci\u00f3n Futuro y el Sexto Sal\u00f3n del Libro de Cocina de P\u00e9rigueux, Francia.<\/p>\n<p><a href=\"https:\/\/www.facebook.com\/pg\/MuseoVioletaParra\/photos\/?tab=album&amp;album_id=2136667056576704\" target=\"_blank\" rel=\"noopener noreferrer\">Ver galer\u00eda de im\u00e1genes\u00a0<\/a><\/p>\n<p><strong>Ciclo Pupila de \u00c1guila: Jorge Brantmayer y su obra fotogr\u00e1fica<br \/>\nMi\u00e9rcoles 27 de junio \/ 16:00 horas \/ Sala Antar<br \/>\nAvenida Vicu\u00f1a Mackenna 37, Metro Baquedano\u00a0<\/strong><br \/>\n<strong>Entrada liberada<br \/>\n<\/strong><\/p>\n","protected":false},"excerpt":{"rendered":"<p>La segunda sesi\u00f3n del ciclo Pupila de \u00c1guila, en el que diversos fot\u00f3grafos reflexionan sobre la identidad chilena, se realiz\u00f3 el mi\u00e9rcoles 27 de junio. \u201cDesde mis inicios como fot\u00f3grafo me interes\u00f3 la conducta humana, sus actitudes, sus dramas, sus pasiones. Busqu\u00e9 siempre con humor e iron\u00eda im\u00e1genes que develaran el drama de la existencia. [&hellip;]<\/p>\n","protected":false},"author":5,"featured_media":15397,"comment_status":"open","ping_status":"open","sticky":false,"template":"","format":"standard","meta":{"site-sidebar-layout":"default","site-content-layout":"","ast-site-content-layout":"default","site-content-style":"default","site-sidebar-style":"default","ast-global-header-display":"","ast-banner-title-visibility":"","ast-main-header-display":"","ast-hfb-above-header-display":"","ast-hfb-below-header-display":"","ast-hfb-mobile-header-display":"","site-post-title":"","ast-breadcrumbs-content":"","ast-featured-img":"","footer-sml-layout":"","theme-transparent-header-meta":"","adv-header-id-meta":"","stick-header-meta":"","header-above-stick-meta":"","header-main-stick-meta":"","header-below-stick-meta":"","astra-migrate-meta-layouts":"default","ast-page-background-enabled":"default","ast-page-background-meta":{"desktop":{"background-color":"var(--ast-global-color-4)","background-image":"","background-repeat":"repeat","background-position":"center center","background-size":"auto","background-attachment":"scroll","background-type":"","background-media":"","overlay-type":"","overlay-color":"","overlay-opacity":"","overlay-gradient":""},"tablet":{"background-color":"","background-image":"","background-repeat":"repeat","background-position":"center center","background-size":"auto","background-attachment":"scroll","background-type":"","background-media":"","overlay-type":"","overlay-color":"","overlay-opacity":"","overlay-gradient":""},"mobile":{"background-color":"","background-image":"","background-repeat":"repeat","background-position":"center center","background-size":"auto","background-attachment":"scroll","background-type":"","background-media":"","overlay-type":"","overlay-color":"","overlay-opacity":"","overlay-gradient":""}},"ast-content-background-meta":{"desktop":{"background-color":"var(--ast-global-color-5)","background-image":"","background-repeat":"repeat","background-position":"center center","background-size":"auto","background-attachment":"scroll","background-type":"","background-media":"","overlay-type":"","overlay-color":"","overlay-opacity":"","overlay-gradient":""},"tablet":{"background-color":"var(--ast-global-color-5)","background-image":"","background-repeat":"repeat","background-position":"center center","background-size":"auto","background-attachment":"scroll","background-type":"","background-media":"","overlay-type":"","overlay-color":"","overlay-opacity":"","overlay-gradient":""},"mobile":{"background-color":"var(--ast-global-color-5)","background-image":"","background-repeat":"repeat","background-position":"center center","background-size":"auto","background-attachment":"scroll","background-type":"","background-media":"","overlay-type":"","overlay-color":"","overlay-opacity":"","overlay-gradient":""}},"footnotes":""},"categories":[59,8,61],"tags":[],"class_list":["post-15372","post","type-post","status-publish","format-standard","has-post-thumbnail","hentry","category-destacado-noticia","category-noticias","category-novedades"],"yoast_head":"<!-- This site is optimized with the Yoast SEO plugin v25.4 - https:\/\/yoast.com\/wordpress\/plugins\/seo\/ -->\n<title>Jorge Brantmayer present\u00f3 su obra fotogr\u00e1fica en Museo Violeta Parra - Museo Violeta Parra<\/title>\n<meta name=\"robots\" content=\"index, follow, max-snippet:-1, max-image-preview:large, max-video-preview:-1\" \/>\n<link rel=\"canonical\" href=\"http:\/\/vientosur.top\/museo\/jorge-brantmayer-presentara-obra-fotografica-museo-violeta-parra\/\" \/>\n<meta property=\"og:locale\" content=\"es_ES\" \/>\n<meta property=\"og:type\" content=\"article\" \/>\n<meta property=\"og:title\" content=\"Jorge Brantmayer present\u00f3 su obra fotogr\u00e1fica en Museo Violeta Parra - Museo Violeta Parra\" \/>\n<meta property=\"og:description\" content=\"La segunda sesi\u00f3n del ciclo Pupila de \u00c1guila, en el que diversos fot\u00f3grafos reflexionan sobre la identidad chilena, se realiz\u00f3 el mi\u00e9rcoles 27 de junio. \u201cDesde mis inicios como fot\u00f3grafo me interes\u00f3 la conducta humana, sus actitudes, sus dramas, sus pasiones. Busqu\u00e9 siempre con humor e iron\u00eda im\u00e1genes que develaran el drama de la existencia. [&hellip;]\" \/>\n<meta property=\"og:url\" content=\"http:\/\/vientosur.top\/museo\/jorge-brantmayer-presentara-obra-fotografica-museo-violeta-parra\/\" \/>\n<meta property=\"og:site_name\" content=\"Museo Violeta Parra\" \/>\n<meta property=\"article:published_time\" content=\"2018-06-26T14:37:03+00:00\" \/>\n<meta property=\"og:image\" content=\"http:\/\/vientosur.top\/museo\/wp-content\/uploads\/2018\/06\/DSC_0653-scaled.jpg\" \/>\n\t<meta property=\"og:image:width\" content=\"2560\" \/>\n\t<meta property=\"og:image:height\" content=\"1702\" \/>\n\t<meta property=\"og:image:type\" content=\"image\/jpeg\" \/>\n<meta name=\"author\" content=\"admin\" \/>\n<meta name=\"twitter:card\" content=\"summary_large_image\" \/>\n<meta name=\"twitter:label1\" content=\"Escrito por\" \/>\n\t<meta name=\"twitter:data1\" content=\"admin\" \/>\n\t<meta name=\"twitter:label2\" content=\"Tiempo de lectura\" \/>\n\t<meta name=\"twitter:data2\" content=\"2 minutos\" \/>\n<script type=\"application\/ld+json\" class=\"yoast-schema-graph\">{\"@context\":\"https:\/\/schema.org\",\"@graph\":[{\"@type\":\"WebPage\",\"@id\":\"http:\/\/vientosur.top\/museo\/jorge-brantmayer-presentara-obra-fotografica-museo-violeta-parra\/\",\"url\":\"http:\/\/vientosur.top\/museo\/jorge-brantmayer-presentara-obra-fotografica-museo-violeta-parra\/\",\"name\":\"Jorge Brantmayer present\u00f3 su obra fotogr\u00e1fica en Museo Violeta Parra - Museo Violeta Parra\",\"isPartOf\":{\"@id\":\"http:\/\/vientosur.top\/museo\/#website\"},\"primaryImageOfPage\":{\"@id\":\"http:\/\/vientosur.top\/museo\/jorge-brantmayer-presentara-obra-fotografica-museo-violeta-parra\/#primaryimage\"},\"image\":{\"@id\":\"http:\/\/vientosur.top\/museo\/jorge-brantmayer-presentara-obra-fotografica-museo-violeta-parra\/#primaryimage\"},\"thumbnailUrl\":\"http:\/\/vientosur.top\/museo\/wp-content\/uploads\/2018\/06\/DSC_0653-scaled.jpg\",\"datePublished\":\"2018-06-26T14:37:03+00:00\",\"author\":{\"@id\":\"http:\/\/vientosur.top\/museo\/#\/schema\/person\/20c79d3c38800971feec8c2693c3dd9c\"},\"breadcrumb\":{\"@id\":\"http:\/\/vientosur.top\/museo\/jorge-brantmayer-presentara-obra-fotografica-museo-violeta-parra\/#breadcrumb\"},\"inLanguage\":\"es\",\"potentialAction\":[{\"@type\":\"ReadAction\",\"target\":[\"http:\/\/vientosur.top\/museo\/jorge-brantmayer-presentara-obra-fotografica-museo-violeta-parra\/\"]}]},{\"@type\":\"ImageObject\",\"inLanguage\":\"es\",\"@id\":\"http:\/\/vientosur.top\/museo\/jorge-brantmayer-presentara-obra-fotografica-museo-violeta-parra\/#primaryimage\",\"url\":\"http:\/\/vientosur.top\/museo\/wp-content\/uploads\/2018\/06\/DSC_0653-scaled.jpg\",\"contentUrl\":\"http:\/\/vientosur.top\/museo\/wp-content\/uploads\/2018\/06\/DSC_0653-scaled.jpg\",\"width\":2560,\"height\":1702},{\"@type\":\"BreadcrumbList\",\"@id\":\"http:\/\/vientosur.top\/museo\/jorge-brantmayer-presentara-obra-fotografica-museo-violeta-parra\/#breadcrumb\",\"itemListElement\":[{\"@type\":\"ListItem\",\"position\":1,\"name\":\"Portada\",\"item\":\"http:\/\/vientosur.top\/museo\/\"},{\"@type\":\"ListItem\",\"position\":2,\"name\":\"Jorge Brantmayer present\u00f3 su obra fotogr\u00e1fica en Museo Violeta Parra\"}]},{\"@type\":\"WebSite\",\"@id\":\"http:\/\/vientosur.top\/museo\/#website\",\"url\":\"http:\/\/vientosur.top\/museo\/\",\"name\":\"Museo Violeta Parra\",\"description\":\"Espacio que alberga tanto la memoria y legado creativo de la artista\",\"potentialAction\":[{\"@type\":\"SearchAction\",\"target\":{\"@type\":\"EntryPoint\",\"urlTemplate\":\"http:\/\/vientosur.top\/museo\/?s={search_term_string}\"},\"query-input\":{\"@type\":\"PropertyValueSpecification\",\"valueRequired\":true,\"valueName\":\"search_term_string\"}}],\"inLanguage\":\"es\"},{\"@type\":\"Person\",\"@id\":\"http:\/\/vientosur.top\/museo\/#\/schema\/person\/20c79d3c38800971feec8c2693c3dd9c\",\"name\":\"admin\",\"image\":{\"@type\":\"ImageObject\",\"inLanguage\":\"es\",\"@id\":\"http:\/\/vientosur.top\/museo\/#\/schema\/person\/image\/\",\"url\":\"https:\/\/secure.gravatar.com\/avatar\/713677ece3ffa642287213a80e5b773bce9ab81c269dd6d95102a990951c922f?s=96&d=mm&r=g\",\"contentUrl\":\"https:\/\/secure.gravatar.com\/avatar\/713677ece3ffa642287213a80e5b773bce9ab81c269dd6d95102a990951c922f?s=96&d=mm&r=g\",\"caption\":\"admin\"},\"sameAs\":[\"http:\/\/vientosur.top\/museo\"],\"url\":\"http:\/\/vientosur.top\/museo\/author\/comunicacionesmvp\/\"}]}<\/script>\n<!-- \/ Yoast SEO plugin. -->","yoast_head_json":{"title":"Jorge Brantmayer present\u00f3 su obra fotogr\u00e1fica en Museo Violeta Parra - Museo Violeta Parra","robots":{"index":"index","follow":"follow","max-snippet":"max-snippet:-1","max-image-preview":"max-image-preview:large","max-video-preview":"max-video-preview:-1"},"canonical":"http:\/\/vientosur.top\/museo\/jorge-brantmayer-presentara-obra-fotografica-museo-violeta-parra\/","og_locale":"es_ES","og_type":"article","og_title":"Jorge Brantmayer present\u00f3 su obra fotogr\u00e1fica en Museo Violeta Parra - Museo Violeta Parra","og_description":"La segunda sesi\u00f3n del ciclo Pupila de \u00c1guila, en el que diversos fot\u00f3grafos reflexionan sobre la identidad chilena, se realiz\u00f3 el mi\u00e9rcoles 27 de junio. \u201cDesde mis inicios como fot\u00f3grafo me interes\u00f3 la conducta humana, sus actitudes, sus dramas, sus pasiones. Busqu\u00e9 siempre con humor e iron\u00eda im\u00e1genes que develaran el drama de la existencia. [&hellip;]","og_url":"http:\/\/vientosur.top\/museo\/jorge-brantmayer-presentara-obra-fotografica-museo-violeta-parra\/","og_site_name":"Museo Violeta Parra","article_published_time":"2018-06-26T14:37:03+00:00","og_image":[{"width":2560,"height":1702,"url":"http:\/\/vientosur.top\/museo\/wp-content\/uploads\/2018\/06\/DSC_0653-scaled.jpg","type":"image\/jpeg"}],"author":"admin","twitter_card":"summary_large_image","twitter_misc":{"Escrito por":"admin","Tiempo de lectura":"2 minutos"},"schema":{"@context":"https:\/\/schema.org","@graph":[{"@type":"WebPage","@id":"http:\/\/vientosur.top\/museo\/jorge-brantmayer-presentara-obra-fotografica-museo-violeta-parra\/","url":"http:\/\/vientosur.top\/museo\/jorge-brantmayer-presentara-obra-fotografica-museo-violeta-parra\/","name":"Jorge Brantmayer present\u00f3 su obra fotogr\u00e1fica en Museo Violeta Parra - Museo Violeta Parra","isPartOf":{"@id":"http:\/\/vientosur.top\/museo\/#website"},"primaryImageOfPage":{"@id":"http:\/\/vientosur.top\/museo\/jorge-brantmayer-presentara-obra-fotografica-museo-violeta-parra\/#primaryimage"},"image":{"@id":"http:\/\/vientosur.top\/museo\/jorge-brantmayer-presentara-obra-fotografica-museo-violeta-parra\/#primaryimage"},"thumbnailUrl":"http:\/\/vientosur.top\/museo\/wp-content\/uploads\/2018\/06\/DSC_0653-scaled.jpg","datePublished":"2018-06-26T14:37:03+00:00","author":{"@id":"http:\/\/vientosur.top\/museo\/#\/schema\/person\/20c79d3c38800971feec8c2693c3dd9c"},"breadcrumb":{"@id":"http:\/\/vientosur.top\/museo\/jorge-brantmayer-presentara-obra-fotografica-museo-violeta-parra\/#breadcrumb"},"inLanguage":"es","potentialAction":[{"@type":"ReadAction","target":["http:\/\/vientosur.top\/museo\/jorge-brantmayer-presentara-obra-fotografica-museo-violeta-parra\/"]}]},{"@type":"ImageObject","inLanguage":"es","@id":"http:\/\/vientosur.top\/museo\/jorge-brantmayer-presentara-obra-fotografica-museo-violeta-parra\/#primaryimage","url":"http:\/\/vientosur.top\/museo\/wp-content\/uploads\/2018\/06\/DSC_0653-scaled.jpg","contentUrl":"http:\/\/vientosur.top\/museo\/wp-content\/uploads\/2018\/06\/DSC_0653-scaled.jpg","width":2560,"height":1702},{"@type":"BreadcrumbList","@id":"http:\/\/vientosur.top\/museo\/jorge-brantmayer-presentara-obra-fotografica-museo-violeta-parra\/#breadcrumb","itemListElement":[{"@type":"ListItem","position":1,"name":"Portada","item":"http:\/\/vientosur.top\/museo\/"},{"@type":"ListItem","position":2,"name":"Jorge Brantmayer present\u00f3 su obra fotogr\u00e1fica en Museo Violeta Parra"}]},{"@type":"WebSite","@id":"http:\/\/vientosur.top\/museo\/#website","url":"http:\/\/vientosur.top\/museo\/","name":"Museo Violeta Parra","description":"Espacio que alberga tanto la memoria y legado creativo de la artista","potentialAction":[{"@type":"SearchAction","target":{"@type":"EntryPoint","urlTemplate":"http:\/\/vientosur.top\/museo\/?s={search_term_string}"},"query-input":{"@type":"PropertyValueSpecification","valueRequired":true,"valueName":"search_term_string"}}],"inLanguage":"es"},{"@type":"Person","@id":"http:\/\/vientosur.top\/museo\/#\/schema\/person\/20c79d3c38800971feec8c2693c3dd9c","name":"admin","image":{"@type":"ImageObject","inLanguage":"es","@id":"http:\/\/vientosur.top\/museo\/#\/schema\/person\/image\/","url":"https:\/\/secure.gravatar.com\/avatar\/713677ece3ffa642287213a80e5b773bce9ab81c269dd6d95102a990951c922f?s=96&d=mm&r=g","contentUrl":"https:\/\/secure.gravatar.com\/avatar\/713677ece3ffa642287213a80e5b773bce9ab81c269dd6d95102a990951c922f?s=96&d=mm&r=g","caption":"admin"},"sameAs":["http:\/\/vientosur.top\/museo"],"url":"http:\/\/vientosur.top\/museo\/author\/comunicacionesmvp\/"}]}},"_links":{"self":[{"href":"http:\/\/vientosur.top\/museo\/wp-json\/wp\/v2\/posts\/15372","targetHints":{"allow":["GET"]}}],"collection":[{"href":"http:\/\/vientosur.top\/museo\/wp-json\/wp\/v2\/posts"}],"about":[{"href":"http:\/\/vientosur.top\/museo\/wp-json\/wp\/v2\/types\/post"}],"author":[{"embeddable":true,"href":"http:\/\/vientosur.top\/museo\/wp-json\/wp\/v2\/users\/5"}],"replies":[{"embeddable":true,"href":"http:\/\/vientosur.top\/museo\/wp-json\/wp\/v2\/comments?post=15372"}],"version-history":[{"count":0,"href":"http:\/\/vientosur.top\/museo\/wp-json\/wp\/v2\/posts\/15372\/revisions"}],"wp:featuredmedia":[{"embeddable":true,"href":"http:\/\/vientosur.top\/museo\/wp-json\/wp\/v2\/media\/15397"}],"wp:attachment":[{"href":"http:\/\/vientosur.top\/museo\/wp-json\/wp\/v2\/media?parent=15372"}],"wp:term":[{"taxonomy":"category","embeddable":true,"href":"http:\/\/vientosur.top\/museo\/wp-json\/wp\/v2\/categories?post=15372"},{"taxonomy":"post_tag","embeddable":true,"href":"http:\/\/vientosur.top\/museo\/wp-json\/wp\/v2\/tags?post=15372"}],"curies":[{"name":"wp","href":"https:\/\/api.w.org\/{rel}","templated":true}]}}