{"id":15383,"date":"2018-06-26T14:34:24","date_gmt":"2018-06-26T19:34:24","guid":{"rendered":"http:\/\/vientosur.top\/museo\/?p=15383"},"modified":"2018-06-26T14:34:24","modified_gmt":"2018-06-26T19:34:24","slug":"isabel-javiera-parra-recordaran-angel-parra-75-anos-natalicio","status":"publish","type":"post","link":"http:\/\/vientosur.top\/museo\/isabel-javiera-parra-recordaran-angel-parra-75-anos-natalicio\/","title":{"rendered":"Isabel, Javiera y Colombina Parra recordaron a \u00c1ngel Parra a 75 a\u00f1os de su natalicio"},"content":{"rendered":"<p><em>El jueves 28 de junio, las artistas se encontraron con el p\u00fablico para recordar al hijo de Violeta Parra.<\/em><\/p>\n<p>Fue en el a\u00f1o 2006 cuando se comenz\u00f3 a gestar el proyecto \u201cVioleta m\u00e1s viva que nunca\u201d, un documental que indaga en los aspectos m\u00e1s \u00edntimos de la creadora a trav\u00e9s de conversaciones que \u00c1ngel Parra sostuvo con: Gonzalo Rojas, Gast\u00f3n Soublette, Alejandro Jodorowsky,\u00a0\u00a0Michele Saffar, Eduardo \u201cLalo\u201d Parra, Carmen Luisa Cereceda Parra y\u00a0Paco Ib\u00e1\u00f1ez.<\/p>\n<p>Tras la partida de \u00c1ngel Parra, ocurrida el 11 de marzo de 2017, el film realizado junto a Daniel Sandoval, surge como un doble homenaje: por un lado\u00a0\u00a0hace un repaso por la vida, obra y grandes pasiones de Violeta y tambi\u00e9n da cuenta sobre c\u00f3mo su familia se ha mantenido firme en la tarea de conservar y difundir su obra.<\/p>\n<p>En el marco de la conmemoraci\u00f3n de un nuevo natalicio de \u00c1ngel Parra (27 de junio de 1943), el Museo Violeta Parra invit\u00f3 a la proyecci\u00f3n de este documental, seguido de un conversatorio que cont\u00f3 con la participaci\u00f3n de Isabel, Javiera y Colombina Parra.<\/p>\n<p>La hermana del artista, Isabel Parra, y la hija de \u00c1ngel, Javiera Parra, junto a Colombina, hija de Nicanor, se presentaron en la Sala Antar del Museo Violeta Parra a compartir sus recuerdos sobre uno de los cantautores m\u00e1s relevantes de la historia de Chile, quien fue una figura clave de la Nueva Canci\u00f3n Chilena.<\/p>\n<p>Fotograf\u00edas in\u00e9ditas, canciones y an\u00e9cdotas formar\u00e1n parte de esta esta actividad en honor a un creador vers\u00e1til, cuya obra musical incluye m\u00e1s de setenta \u00e1lbumes editados en diversos pa\u00edses.<\/p>\n<p>\u00abEn recuerdo de \u00c1ngel Parra, con Isabel y Javiera Parra\u00bb, se realizar\u00e1 el jueves 28 de junio a las 16:30 horas en la Sala Antar del Museo Violeta Parra. Entrada liberada, previa inscripci\u00f3n en\u00a0<a href=\"http:\/\/vientosur.top\/museo\/actividades\/actividad\/recuerdo-angel-parra\/\">museovioletaparra.cl<\/a><\/p>\n<p><a href=\"https:\/\/www.facebook.com\/media\/set\/?set=ms.c.eJxFzcENwDAMQtGNqtgQsPdfrGrapNcnfciANWkhSI1x5QcW7UZuaHZFJOuAXtBJeoGwoWJt5J~%3BgeZmFG5Y9GBI~-.bps.a.2137654709811272.1073742704.1619584511618297&amp;type=1\" target=\"_blank\" rel=\"noopener noreferrer\">Ver galer\u00eda de im\u00e1genes\u00a0<\/a><\/p>\n<p><iframe src=\"https:\/\/www.youtube.com\/embed\/8hRF6YezTYY\" width=\"560\" height=\"315\" frameborder=\"0\" allowfullscreen=\"allowfullscreen\"><\/iframe><\/p>\n<p>&nbsp;<\/p>\n<p>&nbsp;<\/p>\n","protected":false},"excerpt":{"rendered":"<p>El jueves 28 de junio, las artistas se encontraron con el p\u00fablico para recordar al hijo de Violeta Parra. Fue en el a\u00f1o 2006 cuando se comenz\u00f3 a gestar el proyecto \u201cVioleta m\u00e1s viva que nunca\u201d, un documental que indaga en los aspectos m\u00e1s \u00edntimos de la creadora a trav\u00e9s de conversaciones que \u00c1ngel Parra [&hellip;]<\/p>\n","protected":false},"author":5,"featured_media":15405,"comment_status":"open","ping_status":"open","sticky":false,"template":"","format":"standard","meta":{"site-sidebar-layout":"default","site-content-layout":"","ast-site-content-layout":"default","site-content-style":"default","site-sidebar-style":"default","ast-global-header-display":"","ast-banner-title-visibility":"","ast-main-header-display":"","ast-hfb-above-header-display":"","ast-hfb-below-header-display":"","ast-hfb-mobile-header-display":"","site-post-title":"","ast-breadcrumbs-content":"","ast-featured-img":"","footer-sml-layout":"","theme-transparent-header-meta":"","adv-header-id-meta":"","stick-header-meta":"","header-above-stick-meta":"","header-main-stick-meta":"","header-below-stick-meta":"","astra-migrate-meta-layouts":"default","ast-page-background-enabled":"default","ast-page-background-meta":{"desktop":{"background-color":"var(--ast-global-color-4)","background-image":"","background-repeat":"repeat","background-position":"center center","background-size":"auto","background-attachment":"scroll","background-type":"","background-media":"","overlay-type":"","overlay-color":"","overlay-opacity":"","overlay-gradient":""},"tablet":{"background-color":"","background-image":"","background-repeat":"repeat","background-position":"center center","background-size":"auto","background-attachment":"scroll","background-type":"","background-media":"","overlay-type":"","overlay-color":"","overlay-opacity":"","overlay-gradient":""},"mobile":{"background-color":"","background-image":"","background-repeat":"repeat","background-position":"center center","background-size":"auto","background-attachment":"scroll","background-type":"","background-media":"","overlay-type":"","overlay-color":"","overlay-opacity":"","overlay-gradient":""}},"ast-content-background-meta":{"desktop":{"background-color":"var(--ast-global-color-5)","background-image":"","background-repeat":"repeat","background-position":"center center","background-size":"auto","background-attachment":"scroll","background-type":"","background-media":"","overlay-type":"","overlay-color":"","overlay-opacity":"","overlay-gradient":""},"tablet":{"background-color":"var(--ast-global-color-5)","background-image":"","background-repeat":"repeat","background-position":"center center","background-size":"auto","background-attachment":"scroll","background-type":"","background-media":"","overlay-type":"","overlay-color":"","overlay-opacity":"","overlay-gradient":""},"mobile":{"background-color":"var(--ast-global-color-5)","background-image":"","background-repeat":"repeat","background-position":"center center","background-size":"auto","background-attachment":"scroll","background-type":"","background-media":"","overlay-type":"","overlay-color":"","overlay-opacity":"","overlay-gradient":""}},"footnotes":""},"categories":[59,8,61],"tags":[],"class_list":["post-15383","post","type-post","status-publish","format-standard","has-post-thumbnail","hentry","category-destacado-noticia","category-noticias","category-novedades"],"yoast_head":"<!-- This site is optimized with the Yoast SEO plugin v25.4 - https:\/\/yoast.com\/wordpress\/plugins\/seo\/ -->\n<title>Isabel, Javiera y Colombina Parra recordaron a \u00c1ngel Parra a 75 a\u00f1os de su natalicio - Museo Violeta Parra<\/title>\n<meta name=\"robots\" content=\"index, follow, max-snippet:-1, max-image-preview:large, max-video-preview:-1\" \/>\n<link rel=\"canonical\" href=\"http:\/\/vientosur.top\/museo\/isabel-javiera-parra-recordaran-angel-parra-75-anos-natalicio\/\" \/>\n<meta property=\"og:locale\" content=\"es_ES\" \/>\n<meta property=\"og:type\" content=\"article\" \/>\n<meta property=\"og:title\" content=\"Isabel, Javiera y Colombina Parra recordaron a \u00c1ngel Parra a 75 a\u00f1os de su natalicio - Museo Violeta Parra\" \/>\n<meta property=\"og:description\" content=\"El jueves 28 de junio, las artistas se encontraron con el p\u00fablico para recordar al hijo de Violeta Parra. Fue en el a\u00f1o 2006 cuando se comenz\u00f3 a gestar el proyecto \u201cVioleta m\u00e1s viva que nunca\u201d, un documental que indaga en los aspectos m\u00e1s \u00edntimos de la creadora a trav\u00e9s de conversaciones que \u00c1ngel Parra [&hellip;]\" \/>\n<meta property=\"og:url\" content=\"http:\/\/vientosur.top\/museo\/isabel-javiera-parra-recordaran-angel-parra-75-anos-natalicio\/\" \/>\n<meta property=\"og:site_name\" content=\"Museo Violeta Parra\" \/>\n<meta property=\"article:published_time\" content=\"2018-06-26T19:34:24+00:00\" \/>\n<meta property=\"og:image\" content=\"http:\/\/vientosur.top\/museo\/wp-content\/uploads\/2018\/06\/DSC_0720-scaled.jpg\" \/>\n\t<meta property=\"og:image:width\" content=\"2560\" \/>\n\t<meta property=\"og:image:height\" content=\"1724\" \/>\n\t<meta property=\"og:image:type\" content=\"image\/jpeg\" \/>\n<meta name=\"author\" content=\"admin\" \/>\n<meta name=\"twitter:card\" content=\"summary_large_image\" \/>\n<meta name=\"twitter:label1\" content=\"Escrito por\" \/>\n\t<meta name=\"twitter:data1\" content=\"admin\" \/>\n\t<meta name=\"twitter:label2\" content=\"Tiempo de lectura\" \/>\n\t<meta name=\"twitter:data2\" content=\"2 minutos\" \/>\n<script type=\"application\/ld+json\" class=\"yoast-schema-graph\">{\"@context\":\"https:\/\/schema.org\",\"@graph\":[{\"@type\":\"WebPage\",\"@id\":\"http:\/\/vientosur.top\/museo\/isabel-javiera-parra-recordaran-angel-parra-75-anos-natalicio\/\",\"url\":\"http:\/\/vientosur.top\/museo\/isabel-javiera-parra-recordaran-angel-parra-75-anos-natalicio\/\",\"name\":\"Isabel, Javiera y Colombina Parra recordaron a \u00c1ngel Parra a 75 a\u00f1os de su natalicio - Museo Violeta Parra\",\"isPartOf\":{\"@id\":\"http:\/\/vientosur.top\/museo\/#website\"},\"primaryImageOfPage\":{\"@id\":\"http:\/\/vientosur.top\/museo\/isabel-javiera-parra-recordaran-angel-parra-75-anos-natalicio\/#primaryimage\"},\"image\":{\"@id\":\"http:\/\/vientosur.top\/museo\/isabel-javiera-parra-recordaran-angel-parra-75-anos-natalicio\/#primaryimage\"},\"thumbnailUrl\":\"http:\/\/vientosur.top\/museo\/wp-content\/uploads\/2018\/06\/DSC_0720-scaled.jpg\",\"datePublished\":\"2018-06-26T19:34:24+00:00\",\"author\":{\"@id\":\"http:\/\/vientosur.top\/museo\/#\/schema\/person\/20c79d3c38800971feec8c2693c3dd9c\"},\"breadcrumb\":{\"@id\":\"http:\/\/vientosur.top\/museo\/isabel-javiera-parra-recordaran-angel-parra-75-anos-natalicio\/#breadcrumb\"},\"inLanguage\":\"es\",\"potentialAction\":[{\"@type\":\"ReadAction\",\"target\":[\"http:\/\/vientosur.top\/museo\/isabel-javiera-parra-recordaran-angel-parra-75-anos-natalicio\/\"]}]},{\"@type\":\"ImageObject\",\"inLanguage\":\"es\",\"@id\":\"http:\/\/vientosur.top\/museo\/isabel-javiera-parra-recordaran-angel-parra-75-anos-natalicio\/#primaryimage\",\"url\":\"http:\/\/vientosur.top\/museo\/wp-content\/uploads\/2018\/06\/DSC_0720-scaled.jpg\",\"contentUrl\":\"http:\/\/vientosur.top\/museo\/wp-content\/uploads\/2018\/06\/DSC_0720-scaled.jpg\",\"width\":2560,\"height\":1724},{\"@type\":\"BreadcrumbList\",\"@id\":\"http:\/\/vientosur.top\/museo\/isabel-javiera-parra-recordaran-angel-parra-75-anos-natalicio\/#breadcrumb\",\"itemListElement\":[{\"@type\":\"ListItem\",\"position\":1,\"name\":\"Portada\",\"item\":\"http:\/\/vientosur.top\/museo\/\"},{\"@type\":\"ListItem\",\"position\":2,\"name\":\"Isabel, Javiera y Colombina Parra recordaron a \u00c1ngel Parra a 75 a\u00f1os de su natalicio\"}]},{\"@type\":\"WebSite\",\"@id\":\"http:\/\/vientosur.top\/museo\/#website\",\"url\":\"http:\/\/vientosur.top\/museo\/\",\"name\":\"Museo Violeta Parra\",\"description\":\"Espacio que alberga tanto la memoria y legado creativo de la artista\",\"potentialAction\":[{\"@type\":\"SearchAction\",\"target\":{\"@type\":\"EntryPoint\",\"urlTemplate\":\"http:\/\/vientosur.top\/museo\/?s={search_term_string}\"},\"query-input\":{\"@type\":\"PropertyValueSpecification\",\"valueRequired\":true,\"valueName\":\"search_term_string\"}}],\"inLanguage\":\"es\"},{\"@type\":\"Person\",\"@id\":\"http:\/\/vientosur.top\/museo\/#\/schema\/person\/20c79d3c38800971feec8c2693c3dd9c\",\"name\":\"admin\",\"image\":{\"@type\":\"ImageObject\",\"inLanguage\":\"es\",\"@id\":\"http:\/\/vientosur.top\/museo\/#\/schema\/person\/image\/\",\"url\":\"https:\/\/secure.gravatar.com\/avatar\/713677ece3ffa642287213a80e5b773bce9ab81c269dd6d95102a990951c922f?s=96&d=mm&r=g\",\"contentUrl\":\"https:\/\/secure.gravatar.com\/avatar\/713677ece3ffa642287213a80e5b773bce9ab81c269dd6d95102a990951c922f?s=96&d=mm&r=g\",\"caption\":\"admin\"},\"sameAs\":[\"http:\/\/vientosur.top\/museo\"],\"url\":\"http:\/\/vientosur.top\/museo\/author\/comunicacionesmvp\/\"}]}<\/script>\n<!-- \/ Yoast SEO plugin. -->","yoast_head_json":{"title":"Isabel, Javiera y Colombina Parra recordaron a \u00c1ngel Parra a 75 a\u00f1os de su natalicio - Museo Violeta Parra","robots":{"index":"index","follow":"follow","max-snippet":"max-snippet:-1","max-image-preview":"max-image-preview:large","max-video-preview":"max-video-preview:-1"},"canonical":"http:\/\/vientosur.top\/museo\/isabel-javiera-parra-recordaran-angel-parra-75-anos-natalicio\/","og_locale":"es_ES","og_type":"article","og_title":"Isabel, Javiera y Colombina Parra recordaron a \u00c1ngel Parra a 75 a\u00f1os de su natalicio - Museo Violeta Parra","og_description":"El jueves 28 de junio, las artistas se encontraron con el p\u00fablico para recordar al hijo de Violeta Parra. Fue en el a\u00f1o 2006 cuando se comenz\u00f3 a gestar el proyecto \u201cVioleta m\u00e1s viva que nunca\u201d, un documental que indaga en los aspectos m\u00e1s \u00edntimos de la creadora a trav\u00e9s de conversaciones que \u00c1ngel Parra [&hellip;]","og_url":"http:\/\/vientosur.top\/museo\/isabel-javiera-parra-recordaran-angel-parra-75-anos-natalicio\/","og_site_name":"Museo Violeta Parra","article_published_time":"2018-06-26T19:34:24+00:00","og_image":[{"width":2560,"height":1724,"url":"http:\/\/vientosur.top\/museo\/wp-content\/uploads\/2018\/06\/DSC_0720-scaled.jpg","type":"image\/jpeg"}],"author":"admin","twitter_card":"summary_large_image","twitter_misc":{"Escrito por":"admin","Tiempo de lectura":"2 minutos"},"schema":{"@context":"https:\/\/schema.org","@graph":[{"@type":"WebPage","@id":"http:\/\/vientosur.top\/museo\/isabel-javiera-parra-recordaran-angel-parra-75-anos-natalicio\/","url":"http:\/\/vientosur.top\/museo\/isabel-javiera-parra-recordaran-angel-parra-75-anos-natalicio\/","name":"Isabel, Javiera y Colombina Parra recordaron a \u00c1ngel Parra a 75 a\u00f1os de su natalicio - Museo Violeta Parra","isPartOf":{"@id":"http:\/\/vientosur.top\/museo\/#website"},"primaryImageOfPage":{"@id":"http:\/\/vientosur.top\/museo\/isabel-javiera-parra-recordaran-angel-parra-75-anos-natalicio\/#primaryimage"},"image":{"@id":"http:\/\/vientosur.top\/museo\/isabel-javiera-parra-recordaran-angel-parra-75-anos-natalicio\/#primaryimage"},"thumbnailUrl":"http:\/\/vientosur.top\/museo\/wp-content\/uploads\/2018\/06\/DSC_0720-scaled.jpg","datePublished":"2018-06-26T19:34:24+00:00","author":{"@id":"http:\/\/vientosur.top\/museo\/#\/schema\/person\/20c79d3c38800971feec8c2693c3dd9c"},"breadcrumb":{"@id":"http:\/\/vientosur.top\/museo\/isabel-javiera-parra-recordaran-angel-parra-75-anos-natalicio\/#breadcrumb"},"inLanguage":"es","potentialAction":[{"@type":"ReadAction","target":["http:\/\/vientosur.top\/museo\/isabel-javiera-parra-recordaran-angel-parra-75-anos-natalicio\/"]}]},{"@type":"ImageObject","inLanguage":"es","@id":"http:\/\/vientosur.top\/museo\/isabel-javiera-parra-recordaran-angel-parra-75-anos-natalicio\/#primaryimage","url":"http:\/\/vientosur.top\/museo\/wp-content\/uploads\/2018\/06\/DSC_0720-scaled.jpg","contentUrl":"http:\/\/vientosur.top\/museo\/wp-content\/uploads\/2018\/06\/DSC_0720-scaled.jpg","width":2560,"height":1724},{"@type":"BreadcrumbList","@id":"http:\/\/vientosur.top\/museo\/isabel-javiera-parra-recordaran-angel-parra-75-anos-natalicio\/#breadcrumb","itemListElement":[{"@type":"ListItem","position":1,"name":"Portada","item":"http:\/\/vientosur.top\/museo\/"},{"@type":"ListItem","position":2,"name":"Isabel, Javiera y Colombina Parra recordaron a \u00c1ngel Parra a 75 a\u00f1os de su natalicio"}]},{"@type":"WebSite","@id":"http:\/\/vientosur.top\/museo\/#website","url":"http:\/\/vientosur.top\/museo\/","name":"Museo Violeta Parra","description":"Espacio que alberga tanto la memoria y legado creativo de la artista","potentialAction":[{"@type":"SearchAction","target":{"@type":"EntryPoint","urlTemplate":"http:\/\/vientosur.top\/museo\/?s={search_term_string}"},"query-input":{"@type":"PropertyValueSpecification","valueRequired":true,"valueName":"search_term_string"}}],"inLanguage":"es"},{"@type":"Person","@id":"http:\/\/vientosur.top\/museo\/#\/schema\/person\/20c79d3c38800971feec8c2693c3dd9c","name":"admin","image":{"@type":"ImageObject","inLanguage":"es","@id":"http:\/\/vientosur.top\/museo\/#\/schema\/person\/image\/","url":"https:\/\/secure.gravatar.com\/avatar\/713677ece3ffa642287213a80e5b773bce9ab81c269dd6d95102a990951c922f?s=96&d=mm&r=g","contentUrl":"https:\/\/secure.gravatar.com\/avatar\/713677ece3ffa642287213a80e5b773bce9ab81c269dd6d95102a990951c922f?s=96&d=mm&r=g","caption":"admin"},"sameAs":["http:\/\/vientosur.top\/museo"],"url":"http:\/\/vientosur.top\/museo\/author\/comunicacionesmvp\/"}]}},"_links":{"self":[{"href":"http:\/\/vientosur.top\/museo\/wp-json\/wp\/v2\/posts\/15383","targetHints":{"allow":["GET"]}}],"collection":[{"href":"http:\/\/vientosur.top\/museo\/wp-json\/wp\/v2\/posts"}],"about":[{"href":"http:\/\/vientosur.top\/museo\/wp-json\/wp\/v2\/types\/post"}],"author":[{"embeddable":true,"href":"http:\/\/vientosur.top\/museo\/wp-json\/wp\/v2\/users\/5"}],"replies":[{"embeddable":true,"href":"http:\/\/vientosur.top\/museo\/wp-json\/wp\/v2\/comments?post=15383"}],"version-history":[{"count":0,"href":"http:\/\/vientosur.top\/museo\/wp-json\/wp\/v2\/posts\/15383\/revisions"}],"wp:featuredmedia":[{"embeddable":true,"href":"http:\/\/vientosur.top\/museo\/wp-json\/wp\/v2\/media\/15405"}],"wp:attachment":[{"href":"http:\/\/vientosur.top\/museo\/wp-json\/wp\/v2\/media?parent=15383"}],"wp:term":[{"taxonomy":"category","embeddable":true,"href":"http:\/\/vientosur.top\/museo\/wp-json\/wp\/v2\/categories?post=15383"},{"taxonomy":"post_tag","embeddable":true,"href":"http:\/\/vientosur.top\/museo\/wp-json\/wp\/v2\/tags?post=15383"}],"curies":[{"name":"wp","href":"https:\/\/api.w.org\/{rel}","templated":true}]}}