{"id":15408,"date":"2018-06-28T09:27:21","date_gmt":"2018-06-28T14:27:21","guid":{"rendered":"http:\/\/vientosur.top\/museo\/?p=15408"},"modified":"2018-06-28T09:27:21","modified_gmt":"2018-06-28T14:27:21","slug":"museo-violeta-parra-exhibira-documental-los-espiritus-ancestrales-rapa-nui","status":"publish","type":"post","link":"http:\/\/vientosur.top\/museo\/museo-violeta-parra-exhibira-documental-los-espiritus-ancestrales-rapa-nui\/","title":{"rendered":"Museo Violeta Parra exhibi\u00f3 documental sobre los esp\u00edritus ancestrales de Rapa Nui"},"content":{"rendered":"<p><em>\u201cTe kuhane o te tupuna\u201d es el documental del ciclo ChileDoc que se exhibi\u00f3 gratuitamente este domingo 1 de julio a las 16:00 horas en la Sala Antar del Museo Violeta Parra.<\/em><\/p>\n<p>En el marco del ciclo anual de documentales de Chiledoc, el domingo 1 de julio el Museo Violeta Parra proyect\u00f3 \u201cTe kuhane o te tupuna (el esp\u00edritu de los ancestros)\u201d. El documental, estrenado en 2015, es uno de los pocos trabajos audiovisuales que retrata la valiosa cultura patrimonial de Isla de Pascua desde el interior de la comunidad.<\/p>\n<p>Mediante la historia de un mo\u00e1i que forma parte de las colecciones del Museo Brit\u00e1nico, el registro aborda una creencia legendaria de la isla: la disminuci\u00f3n del poder (o Mana) de los ancestros por ausencia de objetos sagrados.<\/p>\n<p>Las c\u00e1maras siguen al abuelo Bene, quien cuenta a la ni\u00f1a Mika la historia del mo\u00e1i Hoa Haka Nanaia, conocido como \u201cEl Amigo Robado\u201d, luego que un grupo de extranjeros lo sustrajera de la isla hace m\u00e1s de un siglo. Hoy se exhibe en un museo de Inglaterra. El anciano explica a Mika que las cosas est\u00e1n impregnadas del poder sobrenatural de los ancestros (Mana), que hoy se ha debilitado por la ausencia de objetos sagrados.<\/p>\n<p>Seg\u00fan Leonardo Pakarati, este proyecto, que se comenz\u00f3 a gestar en 2010, es \u201cun viaje para conectar a las nuevas generaciones con estos objetos de sus ancestros, y realizar una ceremonia para pedir que el Mana regrese con nosotros a la isla. Hacer, de alguna manera, lo que los antiguos polinesios hicieron al navegar por todo el Pac\u00edfico confiando en el Mana y dejando relatos de sus \u00e9picos viajes\u201d.<\/p>\n<p><strong>Sobre el director<\/strong><\/p>\n<p>Leonardo Pakarati es egresado de la Carrera de Comunicaci\u00f3n Audiovisual y Direcci\u00f3n de Cine de la Universidad ARCOS de Santiago de Chile. Desde el a\u00f1o 1993 se desempe\u00f1a como productor local en Isla de Pascua de un gran n\u00famero de realizaciones audiovisuales, programas para televisi\u00f3n y spot publicitarios. El a\u00f1o 1999 funda el primer canal de tv de Isla de Pascua: Canal 13 Mata o te Rapa Nui, siendo su director de TV y programaci\u00f3n hasta 2012. En 1999, tambi\u00e9n, crea su propia productora: Mahatua Producciones, a trav\u00e9s de la cual ofrece servicios audiovisuales para la comunidad de Rapa Nui.<\/p>\n<p><strong>Ficha t\u00e9cnica<br \/>\n<\/strong>Direcci\u00f3n: Leonardo Pakarati<br \/>\nProducci\u00f3n: Paula Rossetti<br \/>\nDuraci\u00f3n: 65 Minutos<br \/>\nGui\u00f3n: Leonardo Pakarati<br \/>\nFotograf\u00eda: Guillermo Bravo<br \/>\nMontaje: Diego Macho<br \/>\nSonido: Cristian Freund<br \/>\nCasa productora: Mahatua Producciones<\/p>\n<p>&nbsp;<\/p>\n<p><iframe src=\"https:\/\/www.youtube.com\/embed\/ruO7J7jeYK8\" width=\"560\" height=\"315\" frameborder=\"0\" allowfullscreen=\"allowfullscreen\"><\/iframe><\/p>\n<p>&nbsp;<\/p>\n","protected":false},"excerpt":{"rendered":"<p>\u201cTe kuhane o te tupuna\u201d es el documental del ciclo ChileDoc que se exhibi\u00f3 gratuitamente este domingo 1 de julio a las 16:00 horas en la Sala Antar del Museo Violeta Parra. En el marco del ciclo anual de documentales de Chiledoc, el domingo 1 de julio el Museo Violeta Parra proyect\u00f3 \u201cTe kuhane o [&hellip;]<\/p>\n","protected":false},"author":5,"featured_media":15409,"comment_status":"open","ping_status":"open","sticky":false,"template":"","format":"standard","meta":{"site-sidebar-layout":"default","site-content-layout":"","ast-site-content-layout":"default","site-content-style":"default","site-sidebar-style":"default","ast-global-header-display":"","ast-banner-title-visibility":"","ast-main-header-display":"","ast-hfb-above-header-display":"","ast-hfb-below-header-display":"","ast-hfb-mobile-header-display":"","site-post-title":"","ast-breadcrumbs-content":"","ast-featured-img":"","footer-sml-layout":"","theme-transparent-header-meta":"","adv-header-id-meta":"","stick-header-meta":"","header-above-stick-meta":"","header-main-stick-meta":"","header-below-stick-meta":"","astra-migrate-meta-layouts":"default","ast-page-background-enabled":"default","ast-page-background-meta":{"desktop":{"background-color":"var(--ast-global-color-4)","background-image":"","background-repeat":"repeat","background-position":"center center","background-size":"auto","background-attachment":"scroll","background-type":"","background-media":"","overlay-type":"","overlay-color":"","overlay-opacity":"","overlay-gradient":""},"tablet":{"background-color":"","background-image":"","background-repeat":"repeat","background-position":"center center","background-size":"auto","background-attachment":"scroll","background-type":"","background-media":"","overlay-type":"","overlay-color":"","overlay-opacity":"","overlay-gradient":""},"mobile":{"background-color":"","background-image":"","background-repeat":"repeat","background-position":"center center","background-size":"auto","background-attachment":"scroll","background-type":"","background-media":"","overlay-type":"","overlay-color":"","overlay-opacity":"","overlay-gradient":""}},"ast-content-background-meta":{"desktop":{"background-color":"var(--ast-global-color-5)","background-image":"","background-repeat":"repeat","background-position":"center center","background-size":"auto","background-attachment":"scroll","background-type":"","background-media":"","overlay-type":"","overlay-color":"","overlay-opacity":"","overlay-gradient":""},"tablet":{"background-color":"var(--ast-global-color-5)","background-image":"","background-repeat":"repeat","background-position":"center center","background-size":"auto","background-attachment":"scroll","background-type":"","background-media":"","overlay-type":"","overlay-color":"","overlay-opacity":"","overlay-gradient":""},"mobile":{"background-color":"var(--ast-global-color-5)","background-image":"","background-repeat":"repeat","background-position":"center center","background-size":"auto","background-attachment":"scroll","background-type":"","background-media":"","overlay-type":"","overlay-color":"","overlay-opacity":"","overlay-gradient":""}},"footnotes":""},"categories":[59,8,61],"tags":[],"class_list":["post-15408","post","type-post","status-publish","format-standard","has-post-thumbnail","hentry","category-destacado-noticia","category-noticias","category-novedades"],"yoast_head":"<!-- This site is optimized with the Yoast SEO plugin v25.4 - https:\/\/yoast.com\/wordpress\/plugins\/seo\/ -->\n<title>Museo Violeta Parra exhibi\u00f3 documental sobre los esp\u00edritus ancestrales de Rapa Nui - Museo Violeta Parra<\/title>\n<meta name=\"robots\" content=\"index, follow, max-snippet:-1, max-image-preview:large, max-video-preview:-1\" \/>\n<link rel=\"canonical\" href=\"http:\/\/vientosur.top\/museo\/museo-violeta-parra-exhibira-documental-los-espiritus-ancestrales-rapa-nui\/\" \/>\n<meta property=\"og:locale\" content=\"es_ES\" \/>\n<meta property=\"og:type\" content=\"article\" \/>\n<meta property=\"og:title\" content=\"Museo Violeta Parra exhibi\u00f3 documental sobre los esp\u00edritus ancestrales de Rapa Nui - Museo Violeta Parra\" \/>\n<meta property=\"og:description\" content=\"\u201cTe kuhane o te tupuna\u201d es el documental del ciclo ChileDoc que se exhibi\u00f3 gratuitamente este domingo 1 de julio a las 16:00 horas en la Sala Antar del Museo Violeta Parra. En el marco del ciclo anual de documentales de Chiledoc, el domingo 1 de julio el Museo Violeta Parra proyect\u00f3 \u201cTe kuhane o [&hellip;]\" \/>\n<meta property=\"og:url\" content=\"http:\/\/vientosur.top\/museo\/museo-violeta-parra-exhibira-documental-los-espiritus-ancestrales-rapa-nui\/\" \/>\n<meta property=\"og:site_name\" content=\"Museo Violeta Parra\" \/>\n<meta property=\"article:published_time\" content=\"2018-06-28T14:27:21+00:00\" \/>\n<meta property=\"og:image\" content=\"http:\/\/vientosur.top\/museo\/wp-content\/uploads\/2018\/06\/moai2-scaled.jpeg\" \/>\n\t<meta property=\"og:image:width\" content=\"2560\" \/>\n\t<meta property=\"og:image:height\" content=\"1440\" \/>\n\t<meta property=\"og:image:type\" content=\"image\/jpeg\" \/>\n<meta name=\"author\" content=\"admin\" \/>\n<meta name=\"twitter:card\" content=\"summary_large_image\" \/>\n<meta name=\"twitter:label1\" content=\"Escrito por\" \/>\n\t<meta name=\"twitter:data1\" content=\"admin\" \/>\n\t<meta name=\"twitter:label2\" content=\"Tiempo de lectura\" \/>\n\t<meta name=\"twitter:data2\" content=\"2 minutos\" \/>\n<script type=\"application\/ld+json\" class=\"yoast-schema-graph\">{\"@context\":\"https:\/\/schema.org\",\"@graph\":[{\"@type\":\"WebPage\",\"@id\":\"http:\/\/vientosur.top\/museo\/museo-violeta-parra-exhibira-documental-los-espiritus-ancestrales-rapa-nui\/\",\"url\":\"http:\/\/vientosur.top\/museo\/museo-violeta-parra-exhibira-documental-los-espiritus-ancestrales-rapa-nui\/\",\"name\":\"Museo Violeta Parra exhibi\u00f3 documental sobre los esp\u00edritus ancestrales de Rapa Nui - Museo Violeta Parra\",\"isPartOf\":{\"@id\":\"http:\/\/vientosur.top\/museo\/#website\"},\"primaryImageOfPage\":{\"@id\":\"http:\/\/vientosur.top\/museo\/museo-violeta-parra-exhibira-documental-los-espiritus-ancestrales-rapa-nui\/#primaryimage\"},\"image\":{\"@id\":\"http:\/\/vientosur.top\/museo\/museo-violeta-parra-exhibira-documental-los-espiritus-ancestrales-rapa-nui\/#primaryimage\"},\"thumbnailUrl\":\"http:\/\/vientosur.top\/museo\/wp-content\/uploads\/2018\/06\/moai2-scaled.jpeg\",\"datePublished\":\"2018-06-28T14:27:21+00:00\",\"author\":{\"@id\":\"http:\/\/vientosur.top\/museo\/#\/schema\/person\/20c79d3c38800971feec8c2693c3dd9c\"},\"breadcrumb\":{\"@id\":\"http:\/\/vientosur.top\/museo\/museo-violeta-parra-exhibira-documental-los-espiritus-ancestrales-rapa-nui\/#breadcrumb\"},\"inLanguage\":\"es\",\"potentialAction\":[{\"@type\":\"ReadAction\",\"target\":[\"http:\/\/vientosur.top\/museo\/museo-violeta-parra-exhibira-documental-los-espiritus-ancestrales-rapa-nui\/\"]}]},{\"@type\":\"ImageObject\",\"inLanguage\":\"es\",\"@id\":\"http:\/\/vientosur.top\/museo\/museo-violeta-parra-exhibira-documental-los-espiritus-ancestrales-rapa-nui\/#primaryimage\",\"url\":\"http:\/\/vientosur.top\/museo\/wp-content\/uploads\/2018\/06\/moai2-scaled.jpeg\",\"contentUrl\":\"http:\/\/vientosur.top\/museo\/wp-content\/uploads\/2018\/06\/moai2-scaled.jpeg\",\"width\":2560,\"height\":1440},{\"@type\":\"BreadcrumbList\",\"@id\":\"http:\/\/vientosur.top\/museo\/museo-violeta-parra-exhibira-documental-los-espiritus-ancestrales-rapa-nui\/#breadcrumb\",\"itemListElement\":[{\"@type\":\"ListItem\",\"position\":1,\"name\":\"Portada\",\"item\":\"http:\/\/vientosur.top\/museo\/\"},{\"@type\":\"ListItem\",\"position\":2,\"name\":\"Museo Violeta Parra exhibi\u00f3 documental sobre los esp\u00edritus ancestrales de Rapa Nui\"}]},{\"@type\":\"WebSite\",\"@id\":\"http:\/\/vientosur.top\/museo\/#website\",\"url\":\"http:\/\/vientosur.top\/museo\/\",\"name\":\"Museo Violeta Parra\",\"description\":\"Espacio que alberga tanto la memoria y legado creativo de la artista\",\"potentialAction\":[{\"@type\":\"SearchAction\",\"target\":{\"@type\":\"EntryPoint\",\"urlTemplate\":\"http:\/\/vientosur.top\/museo\/?s={search_term_string}\"},\"query-input\":{\"@type\":\"PropertyValueSpecification\",\"valueRequired\":true,\"valueName\":\"search_term_string\"}}],\"inLanguage\":\"es\"},{\"@type\":\"Person\",\"@id\":\"http:\/\/vientosur.top\/museo\/#\/schema\/person\/20c79d3c38800971feec8c2693c3dd9c\",\"name\":\"admin\",\"image\":{\"@type\":\"ImageObject\",\"inLanguage\":\"es\",\"@id\":\"http:\/\/vientosur.top\/museo\/#\/schema\/person\/image\/\",\"url\":\"https:\/\/secure.gravatar.com\/avatar\/713677ece3ffa642287213a80e5b773bce9ab81c269dd6d95102a990951c922f?s=96&d=mm&r=g\",\"contentUrl\":\"https:\/\/secure.gravatar.com\/avatar\/713677ece3ffa642287213a80e5b773bce9ab81c269dd6d95102a990951c922f?s=96&d=mm&r=g\",\"caption\":\"admin\"},\"sameAs\":[\"http:\/\/vientosur.top\/museo\"],\"url\":\"http:\/\/vientosur.top\/museo\/author\/comunicacionesmvp\/\"}]}<\/script>\n<!-- \/ Yoast SEO plugin. -->","yoast_head_json":{"title":"Museo Violeta Parra exhibi\u00f3 documental sobre los esp\u00edritus ancestrales de Rapa Nui - Museo Violeta Parra","robots":{"index":"index","follow":"follow","max-snippet":"max-snippet:-1","max-image-preview":"max-image-preview:large","max-video-preview":"max-video-preview:-1"},"canonical":"http:\/\/vientosur.top\/museo\/museo-violeta-parra-exhibira-documental-los-espiritus-ancestrales-rapa-nui\/","og_locale":"es_ES","og_type":"article","og_title":"Museo Violeta Parra exhibi\u00f3 documental sobre los esp\u00edritus ancestrales de Rapa Nui - Museo Violeta Parra","og_description":"\u201cTe kuhane o te tupuna\u201d es el documental del ciclo ChileDoc que se exhibi\u00f3 gratuitamente este domingo 1 de julio a las 16:00 horas en la Sala Antar del Museo Violeta Parra. En el marco del ciclo anual de documentales de Chiledoc, el domingo 1 de julio el Museo Violeta Parra proyect\u00f3 \u201cTe kuhane o [&hellip;]","og_url":"http:\/\/vientosur.top\/museo\/museo-violeta-parra-exhibira-documental-los-espiritus-ancestrales-rapa-nui\/","og_site_name":"Museo Violeta Parra","article_published_time":"2018-06-28T14:27:21+00:00","og_image":[{"width":2560,"height":1440,"url":"http:\/\/vientosur.top\/museo\/wp-content\/uploads\/2018\/06\/moai2-scaled.jpeg","type":"image\/jpeg"}],"author":"admin","twitter_card":"summary_large_image","twitter_misc":{"Escrito por":"admin","Tiempo de lectura":"2 minutos"},"schema":{"@context":"https:\/\/schema.org","@graph":[{"@type":"WebPage","@id":"http:\/\/vientosur.top\/museo\/museo-violeta-parra-exhibira-documental-los-espiritus-ancestrales-rapa-nui\/","url":"http:\/\/vientosur.top\/museo\/museo-violeta-parra-exhibira-documental-los-espiritus-ancestrales-rapa-nui\/","name":"Museo Violeta Parra exhibi\u00f3 documental sobre los esp\u00edritus ancestrales de Rapa Nui - Museo Violeta Parra","isPartOf":{"@id":"http:\/\/vientosur.top\/museo\/#website"},"primaryImageOfPage":{"@id":"http:\/\/vientosur.top\/museo\/museo-violeta-parra-exhibira-documental-los-espiritus-ancestrales-rapa-nui\/#primaryimage"},"image":{"@id":"http:\/\/vientosur.top\/museo\/museo-violeta-parra-exhibira-documental-los-espiritus-ancestrales-rapa-nui\/#primaryimage"},"thumbnailUrl":"http:\/\/vientosur.top\/museo\/wp-content\/uploads\/2018\/06\/moai2-scaled.jpeg","datePublished":"2018-06-28T14:27:21+00:00","author":{"@id":"http:\/\/vientosur.top\/museo\/#\/schema\/person\/20c79d3c38800971feec8c2693c3dd9c"},"breadcrumb":{"@id":"http:\/\/vientosur.top\/museo\/museo-violeta-parra-exhibira-documental-los-espiritus-ancestrales-rapa-nui\/#breadcrumb"},"inLanguage":"es","potentialAction":[{"@type":"ReadAction","target":["http:\/\/vientosur.top\/museo\/museo-violeta-parra-exhibira-documental-los-espiritus-ancestrales-rapa-nui\/"]}]},{"@type":"ImageObject","inLanguage":"es","@id":"http:\/\/vientosur.top\/museo\/museo-violeta-parra-exhibira-documental-los-espiritus-ancestrales-rapa-nui\/#primaryimage","url":"http:\/\/vientosur.top\/museo\/wp-content\/uploads\/2018\/06\/moai2-scaled.jpeg","contentUrl":"http:\/\/vientosur.top\/museo\/wp-content\/uploads\/2018\/06\/moai2-scaled.jpeg","width":2560,"height":1440},{"@type":"BreadcrumbList","@id":"http:\/\/vientosur.top\/museo\/museo-violeta-parra-exhibira-documental-los-espiritus-ancestrales-rapa-nui\/#breadcrumb","itemListElement":[{"@type":"ListItem","position":1,"name":"Portada","item":"http:\/\/vientosur.top\/museo\/"},{"@type":"ListItem","position":2,"name":"Museo Violeta Parra exhibi\u00f3 documental sobre los esp\u00edritus ancestrales de Rapa Nui"}]},{"@type":"WebSite","@id":"http:\/\/vientosur.top\/museo\/#website","url":"http:\/\/vientosur.top\/museo\/","name":"Museo Violeta Parra","description":"Espacio que alberga tanto la memoria y legado creativo de la artista","potentialAction":[{"@type":"SearchAction","target":{"@type":"EntryPoint","urlTemplate":"http:\/\/vientosur.top\/museo\/?s={search_term_string}"},"query-input":{"@type":"PropertyValueSpecification","valueRequired":true,"valueName":"search_term_string"}}],"inLanguage":"es"},{"@type":"Person","@id":"http:\/\/vientosur.top\/museo\/#\/schema\/person\/20c79d3c38800971feec8c2693c3dd9c","name":"admin","image":{"@type":"ImageObject","inLanguage":"es","@id":"http:\/\/vientosur.top\/museo\/#\/schema\/person\/image\/","url":"https:\/\/secure.gravatar.com\/avatar\/713677ece3ffa642287213a80e5b773bce9ab81c269dd6d95102a990951c922f?s=96&d=mm&r=g","contentUrl":"https:\/\/secure.gravatar.com\/avatar\/713677ece3ffa642287213a80e5b773bce9ab81c269dd6d95102a990951c922f?s=96&d=mm&r=g","caption":"admin"},"sameAs":["http:\/\/vientosur.top\/museo"],"url":"http:\/\/vientosur.top\/museo\/author\/comunicacionesmvp\/"}]}},"_links":{"self":[{"href":"http:\/\/vientosur.top\/museo\/wp-json\/wp\/v2\/posts\/15408","targetHints":{"allow":["GET"]}}],"collection":[{"href":"http:\/\/vientosur.top\/museo\/wp-json\/wp\/v2\/posts"}],"about":[{"href":"http:\/\/vientosur.top\/museo\/wp-json\/wp\/v2\/types\/post"}],"author":[{"embeddable":true,"href":"http:\/\/vientosur.top\/museo\/wp-json\/wp\/v2\/users\/5"}],"replies":[{"embeddable":true,"href":"http:\/\/vientosur.top\/museo\/wp-json\/wp\/v2\/comments?post=15408"}],"version-history":[{"count":0,"href":"http:\/\/vientosur.top\/museo\/wp-json\/wp\/v2\/posts\/15408\/revisions"}],"wp:featuredmedia":[{"embeddable":true,"href":"http:\/\/vientosur.top\/museo\/wp-json\/wp\/v2\/media\/15409"}],"wp:attachment":[{"href":"http:\/\/vientosur.top\/museo\/wp-json\/wp\/v2\/media?parent=15408"}],"wp:term":[{"taxonomy":"category","embeddable":true,"href":"http:\/\/vientosur.top\/museo\/wp-json\/wp\/v2\/categories?post=15408"},{"taxonomy":"post_tag","embeddable":true,"href":"http:\/\/vientosur.top\/museo\/wp-json\/wp\/v2\/tags?post=15408"}],"curies":[{"name":"wp","href":"https:\/\/api.w.org\/{rel}","templated":true}]}}