{"id":15568,"date":"2018-07-07T12:04:34","date_gmt":"2018-07-07T17:04:34","guid":{"rendered":"http:\/\/vientosur.top\/museo\/?p=15568"},"modified":"2018-07-07T12:04:34","modified_gmt":"2018-07-07T17:04:34","slug":"museo-violeta-parra-firma-convenio-colaboracion-la-biblioteca-nacional","status":"publish","type":"post","link":"http:\/\/vientosur.top\/museo\/museo-violeta-parra-firma-convenio-colaboracion-la-biblioteca-nacional\/","title":{"rendered":"Museo Violeta Parra firma convenio de colaboraci\u00f3n con la Biblioteca Nacional"},"content":{"rendered":"<p style=\"font-weight: 400;\"><em>Las instituciones aunar\u00e1n esfuerzos para fortalecer la investigaci\u00f3n, divulgaci\u00f3n y preservaci\u00f3n de la vida y obra de Violeta Parra.<\/p>\n<p><\/em>El acuerdo entre el museo y la instituci\u00f3n cultural fundada en 1813 busca \u00abaunar esfuerzos con el fin de fortalecer la investigaci\u00f3n, divulgaci\u00f3n y preservaci\u00f3n de la vida y obra de Violeta Parra, como de la cultura tradicional chilena siendo esta uno de los sus principales prop\u00f3sitos de vida de la creadora y folclorista\u00bb.<\/p>\n<p>\u00abLa Biblioteca Nacional es una instituci\u00f3n muy querida para m\u00ed y, por eso, estoy muy ilusionada por la cantidad de proyectos que podemos emprender en conjunto. Es un privilegio para el museo\u00bb, se\u00f1ala Cecilia Garc\u00eda-Huidobro, Directora del Museo Violeta Parra.<\/p>\n<p>\u201cPara la\u00a0Biblioteca\u00a0Nacional\u00a0de Chile, es un gran honor y privilegio, poder ser parte activa y colaborativa con el museo de nuestra querida y genial Violeta\u201d, explica Pedro Pablo Zegers, Director de la\u00a0Biblioteca\u00a0Nacional, quien agrega que \u201cestamos ciertos que esta alianza entre ambas instituciones no solo las privilegia a ellas sino que, fundamentalmente, ayuda a extender y difundir la vida y obra de esta destacada intelectual chilena\u201d.<\/p>\n<p>Intercambio de informaci\u00f3n sobre investigaciones o fuentes para la investigaci\u00f3n, complementaci\u00f3n y apoyo a programas de extensi\u00f3n y publicaciones, desarrollo de proyectos conjuntos, acceso a las Colecciones Bibliogr\u00e1ficas y Documentales de la\u00a0Biblioteca\u00a0Nacional\u00a0y colaboraci\u00f3n de la\u00a0biblioteca\u00a0en la digitalizaci\u00f3n del material bibliogr\u00e1fico producido y referente a Violeta Parra, son algunas de las acciones que contempla el\u00a0convenio.<\/p>\n<p><strong>Una relaci\u00f3n que se consolida<\/p>\n<p><\/strong>En sus dos a\u00f1os de vida, el Museo Violeta Parra se ha vinculado en diversas instancias con la\u00a0Biblioteca\u00a0Nacional. Algunos hitos destacados han sido: Colaboraci\u00f3n para la exposici\u00f3n \u201cYo canto la diferencia\u201d, inaugurada en marzo de 2017, en la Galer\u00eda de Cristal de la BN;\u00a0\u00a0la presentaci\u00f3n del libro \u201cYo soy la feliz Violeta\u201d, de Ediciones\u00a0Biblioteca\u00a0Nacional\u00a0en la Sala Antar del museo; el ciclo de charlas realizadas por Carolina Tapia y Micaela Navarrete, del Archivo de Literatura Oral y Tradiciones Populares; la charla \u201cIm\u00e1genes del Chile de Violeta Parra (1917-1967)\u00bb, realizada por Soledad Abarca, Jefa del Archivo Fot\u00f3grafico y Audiovisual de la BN, adem\u00e1s de las colaboraciones en los concursos \u201cCartas para Violeta\u201d,\u00a0<a href=\"http:\/\/vientosur.top\/museo\/participa-concurso-canciones-la-comadre-margot-loyola\/\" target=\"_blank\" rel=\"noopener noreferrer\">\u201cCanciones para la comadre Margot Loyola\u201d<\/a>\u00a0 y \u201c100 a\u00f1os de Margot Loyola\u201d, iniciativas desarrolladas junto a la Universidad Cat\u00f3lica Cardenal Ra\u00fal Silva Henr\u00edquez.<\/p>\n","protected":false},"excerpt":{"rendered":"<p>Las instituciones aunar\u00e1n esfuerzos para fortalecer la investigaci\u00f3n, divulgaci\u00f3n y preservaci\u00f3n de la vida y obra de Violeta Parra. El acuerdo entre el museo y la instituci\u00f3n cultural fundada en 1813 busca \u00abaunar esfuerzos con el fin de fortalecer la investigaci\u00f3n, divulgaci\u00f3n y preservaci\u00f3n de la vida y obra de Violeta Parra, como de la [&hellip;]<\/p>\n","protected":false},"author":5,"featured_media":15569,"comment_status":"open","ping_status":"open","sticky":false,"template":"","format":"standard","meta":{"site-sidebar-layout":"default","site-content-layout":"","ast-site-content-layout":"default","site-content-style":"default","site-sidebar-style":"default","ast-global-header-display":"","ast-banner-title-visibility":"","ast-main-header-display":"","ast-hfb-above-header-display":"","ast-hfb-below-header-display":"","ast-hfb-mobile-header-display":"","site-post-title":"","ast-breadcrumbs-content":"","ast-featured-img":"","footer-sml-layout":"","theme-transparent-header-meta":"","adv-header-id-meta":"","stick-header-meta":"","header-above-stick-meta":"","header-main-stick-meta":"","header-below-stick-meta":"","astra-migrate-meta-layouts":"default","ast-page-background-enabled":"default","ast-page-background-meta":{"desktop":{"background-color":"var(--ast-global-color-4)","background-image":"","background-repeat":"repeat","background-position":"center center","background-size":"auto","background-attachment":"scroll","background-type":"","background-media":"","overlay-type":"","overlay-color":"","overlay-opacity":"","overlay-gradient":""},"tablet":{"background-color":"","background-image":"","background-repeat":"repeat","background-position":"center center","background-size":"auto","background-attachment":"scroll","background-type":"","background-media":"","overlay-type":"","overlay-color":"","overlay-opacity":"","overlay-gradient":""},"mobile":{"background-color":"","background-image":"","background-repeat":"repeat","background-position":"center center","background-size":"auto","background-attachment":"scroll","background-type":"","background-media":"","overlay-type":"","overlay-color":"","overlay-opacity":"","overlay-gradient":""}},"ast-content-background-meta":{"desktop":{"background-color":"var(--ast-global-color-5)","background-image":"","background-repeat":"repeat","background-position":"center center","background-size":"auto","background-attachment":"scroll","background-type":"","background-media":"","overlay-type":"","overlay-color":"","overlay-opacity":"","overlay-gradient":""},"tablet":{"background-color":"var(--ast-global-color-5)","background-image":"","background-repeat":"repeat","background-position":"center center","background-size":"auto","background-attachment":"scroll","background-type":"","background-media":"","overlay-type":"","overlay-color":"","overlay-opacity":"","overlay-gradient":""},"mobile":{"background-color":"var(--ast-global-color-5)","background-image":"","background-repeat":"repeat","background-position":"center center","background-size":"auto","background-attachment":"scroll","background-type":"","background-media":"","overlay-type":"","overlay-color":"","overlay-opacity":"","overlay-gradient":""}},"footnotes":""},"categories":[59,8,61],"tags":[],"class_list":["post-15568","post","type-post","status-publish","format-standard","has-post-thumbnail","hentry","category-destacado-noticia","category-noticias","category-novedades"],"yoast_head":"<!-- This site is optimized with the Yoast SEO plugin v25.4 - https:\/\/yoast.com\/wordpress\/plugins\/seo\/ -->\n<title>Museo Violeta Parra firma convenio de colaboraci\u00f3n con la Biblioteca Nacional - Museo Violeta Parra<\/title>\n<meta name=\"robots\" content=\"index, follow, max-snippet:-1, max-image-preview:large, max-video-preview:-1\" \/>\n<link rel=\"canonical\" href=\"http:\/\/vientosur.top\/museo\/museo-violeta-parra-firma-convenio-colaboracion-la-biblioteca-nacional\/\" \/>\n<meta property=\"og:locale\" content=\"es_ES\" \/>\n<meta property=\"og:type\" content=\"article\" \/>\n<meta property=\"og:title\" content=\"Museo Violeta Parra firma convenio de colaboraci\u00f3n con la Biblioteca Nacional - Museo Violeta Parra\" \/>\n<meta property=\"og:description\" content=\"Las instituciones aunar\u00e1n esfuerzos para fortalecer la investigaci\u00f3n, divulgaci\u00f3n y preservaci\u00f3n de la vida y obra de Violeta Parra. El acuerdo entre el museo y la instituci\u00f3n cultural fundada en 1813 busca \u00abaunar esfuerzos con el fin de fortalecer la investigaci\u00f3n, divulgaci\u00f3n y preservaci\u00f3n de la vida y obra de Violeta Parra, como de la [&hellip;]\" \/>\n<meta property=\"og:url\" content=\"http:\/\/vientosur.top\/museo\/museo-violeta-parra-firma-convenio-colaboracion-la-biblioteca-nacional\/\" \/>\n<meta property=\"og:site_name\" content=\"Museo Violeta Parra\" \/>\n<meta property=\"article:published_time\" content=\"2018-07-07T17:04:34+00:00\" \/>\n<meta property=\"og:image\" content=\"http:\/\/vientosur.top\/museo\/wp-content\/uploads\/2018\/07\/conveniobn.jpg\" \/>\n\t<meta property=\"og:image:width\" content=\"1944\" \/>\n\t<meta property=\"og:image:height\" content=\"1296\" \/>\n\t<meta property=\"og:image:type\" content=\"image\/jpeg\" \/>\n<meta name=\"author\" content=\"admin\" \/>\n<meta name=\"twitter:card\" content=\"summary_large_image\" \/>\n<meta name=\"twitter:label1\" content=\"Escrito por\" \/>\n\t<meta name=\"twitter:data1\" content=\"admin\" \/>\n\t<meta name=\"twitter:label2\" content=\"Tiempo de lectura\" \/>\n\t<meta name=\"twitter:data2\" content=\"2 minutos\" \/>\n<script type=\"application\/ld+json\" class=\"yoast-schema-graph\">{\"@context\":\"https:\/\/schema.org\",\"@graph\":[{\"@type\":\"WebPage\",\"@id\":\"http:\/\/vientosur.top\/museo\/museo-violeta-parra-firma-convenio-colaboracion-la-biblioteca-nacional\/\",\"url\":\"http:\/\/vientosur.top\/museo\/museo-violeta-parra-firma-convenio-colaboracion-la-biblioteca-nacional\/\",\"name\":\"Museo Violeta Parra firma convenio de colaboraci\u00f3n con la Biblioteca Nacional - Museo Violeta Parra\",\"isPartOf\":{\"@id\":\"http:\/\/vientosur.top\/museo\/#website\"},\"primaryImageOfPage\":{\"@id\":\"http:\/\/vientosur.top\/museo\/museo-violeta-parra-firma-convenio-colaboracion-la-biblioteca-nacional\/#primaryimage\"},\"image\":{\"@id\":\"http:\/\/vientosur.top\/museo\/museo-violeta-parra-firma-convenio-colaboracion-la-biblioteca-nacional\/#primaryimage\"},\"thumbnailUrl\":\"http:\/\/vientosur.top\/museo\/wp-content\/uploads\/2018\/07\/conveniobn.jpg\",\"datePublished\":\"2018-07-07T17:04:34+00:00\",\"author\":{\"@id\":\"http:\/\/vientosur.top\/museo\/#\/schema\/person\/20c79d3c38800971feec8c2693c3dd9c\"},\"breadcrumb\":{\"@id\":\"http:\/\/vientosur.top\/museo\/museo-violeta-parra-firma-convenio-colaboracion-la-biblioteca-nacional\/#breadcrumb\"},\"inLanguage\":\"es\",\"potentialAction\":[{\"@type\":\"ReadAction\",\"target\":[\"http:\/\/vientosur.top\/museo\/museo-violeta-parra-firma-convenio-colaboracion-la-biblioteca-nacional\/\"]}]},{\"@type\":\"ImageObject\",\"inLanguage\":\"es\",\"@id\":\"http:\/\/vientosur.top\/museo\/museo-violeta-parra-firma-convenio-colaboracion-la-biblioteca-nacional\/#primaryimage\",\"url\":\"http:\/\/vientosur.top\/museo\/wp-content\/uploads\/2018\/07\/conveniobn.jpg\",\"contentUrl\":\"http:\/\/vientosur.top\/museo\/wp-content\/uploads\/2018\/07\/conveniobn.jpg\",\"width\":1944,\"height\":1296},{\"@type\":\"BreadcrumbList\",\"@id\":\"http:\/\/vientosur.top\/museo\/museo-violeta-parra-firma-convenio-colaboracion-la-biblioteca-nacional\/#breadcrumb\",\"itemListElement\":[{\"@type\":\"ListItem\",\"position\":1,\"name\":\"Portada\",\"item\":\"http:\/\/vientosur.top\/museo\/\"},{\"@type\":\"ListItem\",\"position\":2,\"name\":\"Museo Violeta Parra firma convenio de colaboraci\u00f3n con la Biblioteca Nacional\"}]},{\"@type\":\"WebSite\",\"@id\":\"http:\/\/vientosur.top\/museo\/#website\",\"url\":\"http:\/\/vientosur.top\/museo\/\",\"name\":\"Museo Violeta Parra\",\"description\":\"Espacio que alberga tanto la memoria y legado creativo de la artista\",\"potentialAction\":[{\"@type\":\"SearchAction\",\"target\":{\"@type\":\"EntryPoint\",\"urlTemplate\":\"http:\/\/vientosur.top\/museo\/?s={search_term_string}\"},\"query-input\":{\"@type\":\"PropertyValueSpecification\",\"valueRequired\":true,\"valueName\":\"search_term_string\"}}],\"inLanguage\":\"es\"},{\"@type\":\"Person\",\"@id\":\"http:\/\/vientosur.top\/museo\/#\/schema\/person\/20c79d3c38800971feec8c2693c3dd9c\",\"name\":\"admin\",\"image\":{\"@type\":\"ImageObject\",\"inLanguage\":\"es\",\"@id\":\"http:\/\/vientosur.top\/museo\/#\/schema\/person\/image\/\",\"url\":\"https:\/\/secure.gravatar.com\/avatar\/713677ece3ffa642287213a80e5b773bce9ab81c269dd6d95102a990951c922f?s=96&d=mm&r=g\",\"contentUrl\":\"https:\/\/secure.gravatar.com\/avatar\/713677ece3ffa642287213a80e5b773bce9ab81c269dd6d95102a990951c922f?s=96&d=mm&r=g\",\"caption\":\"admin\"},\"sameAs\":[\"http:\/\/vientosur.top\/museo\"],\"url\":\"http:\/\/vientosur.top\/museo\/author\/comunicacionesmvp\/\"}]}<\/script>\n<!-- \/ Yoast SEO plugin. -->","yoast_head_json":{"title":"Museo Violeta Parra firma convenio de colaboraci\u00f3n con la Biblioteca Nacional - Museo Violeta Parra","robots":{"index":"index","follow":"follow","max-snippet":"max-snippet:-1","max-image-preview":"max-image-preview:large","max-video-preview":"max-video-preview:-1"},"canonical":"http:\/\/vientosur.top\/museo\/museo-violeta-parra-firma-convenio-colaboracion-la-biblioteca-nacional\/","og_locale":"es_ES","og_type":"article","og_title":"Museo Violeta Parra firma convenio de colaboraci\u00f3n con la Biblioteca Nacional - Museo Violeta Parra","og_description":"Las instituciones aunar\u00e1n esfuerzos para fortalecer la investigaci\u00f3n, divulgaci\u00f3n y preservaci\u00f3n de la vida y obra de Violeta Parra. El acuerdo entre el museo y la instituci\u00f3n cultural fundada en 1813 busca \u00abaunar esfuerzos con el fin de fortalecer la investigaci\u00f3n, divulgaci\u00f3n y preservaci\u00f3n de la vida y obra de Violeta Parra, como de la [&hellip;]","og_url":"http:\/\/vientosur.top\/museo\/museo-violeta-parra-firma-convenio-colaboracion-la-biblioteca-nacional\/","og_site_name":"Museo Violeta Parra","article_published_time":"2018-07-07T17:04:34+00:00","og_image":[{"width":1944,"height":1296,"url":"http:\/\/vientosur.top\/museo\/wp-content\/uploads\/2018\/07\/conveniobn.jpg","type":"image\/jpeg"}],"author":"admin","twitter_card":"summary_large_image","twitter_misc":{"Escrito por":"admin","Tiempo de lectura":"2 minutos"},"schema":{"@context":"https:\/\/schema.org","@graph":[{"@type":"WebPage","@id":"http:\/\/vientosur.top\/museo\/museo-violeta-parra-firma-convenio-colaboracion-la-biblioteca-nacional\/","url":"http:\/\/vientosur.top\/museo\/museo-violeta-parra-firma-convenio-colaboracion-la-biblioteca-nacional\/","name":"Museo Violeta Parra firma convenio de colaboraci\u00f3n con la Biblioteca Nacional - Museo Violeta Parra","isPartOf":{"@id":"http:\/\/vientosur.top\/museo\/#website"},"primaryImageOfPage":{"@id":"http:\/\/vientosur.top\/museo\/museo-violeta-parra-firma-convenio-colaboracion-la-biblioteca-nacional\/#primaryimage"},"image":{"@id":"http:\/\/vientosur.top\/museo\/museo-violeta-parra-firma-convenio-colaboracion-la-biblioteca-nacional\/#primaryimage"},"thumbnailUrl":"http:\/\/vientosur.top\/museo\/wp-content\/uploads\/2018\/07\/conveniobn.jpg","datePublished":"2018-07-07T17:04:34+00:00","author":{"@id":"http:\/\/vientosur.top\/museo\/#\/schema\/person\/20c79d3c38800971feec8c2693c3dd9c"},"breadcrumb":{"@id":"http:\/\/vientosur.top\/museo\/museo-violeta-parra-firma-convenio-colaboracion-la-biblioteca-nacional\/#breadcrumb"},"inLanguage":"es","potentialAction":[{"@type":"ReadAction","target":["http:\/\/vientosur.top\/museo\/museo-violeta-parra-firma-convenio-colaboracion-la-biblioteca-nacional\/"]}]},{"@type":"ImageObject","inLanguage":"es","@id":"http:\/\/vientosur.top\/museo\/museo-violeta-parra-firma-convenio-colaboracion-la-biblioteca-nacional\/#primaryimage","url":"http:\/\/vientosur.top\/museo\/wp-content\/uploads\/2018\/07\/conveniobn.jpg","contentUrl":"http:\/\/vientosur.top\/museo\/wp-content\/uploads\/2018\/07\/conveniobn.jpg","width":1944,"height":1296},{"@type":"BreadcrumbList","@id":"http:\/\/vientosur.top\/museo\/museo-violeta-parra-firma-convenio-colaboracion-la-biblioteca-nacional\/#breadcrumb","itemListElement":[{"@type":"ListItem","position":1,"name":"Portada","item":"http:\/\/vientosur.top\/museo\/"},{"@type":"ListItem","position":2,"name":"Museo Violeta Parra firma convenio de colaboraci\u00f3n con la Biblioteca Nacional"}]},{"@type":"WebSite","@id":"http:\/\/vientosur.top\/museo\/#website","url":"http:\/\/vientosur.top\/museo\/","name":"Museo Violeta Parra","description":"Espacio que alberga tanto la memoria y legado creativo de la artista","potentialAction":[{"@type":"SearchAction","target":{"@type":"EntryPoint","urlTemplate":"http:\/\/vientosur.top\/museo\/?s={search_term_string}"},"query-input":{"@type":"PropertyValueSpecification","valueRequired":true,"valueName":"search_term_string"}}],"inLanguage":"es"},{"@type":"Person","@id":"http:\/\/vientosur.top\/museo\/#\/schema\/person\/20c79d3c38800971feec8c2693c3dd9c","name":"admin","image":{"@type":"ImageObject","inLanguage":"es","@id":"http:\/\/vientosur.top\/museo\/#\/schema\/person\/image\/","url":"https:\/\/secure.gravatar.com\/avatar\/713677ece3ffa642287213a80e5b773bce9ab81c269dd6d95102a990951c922f?s=96&d=mm&r=g","contentUrl":"https:\/\/secure.gravatar.com\/avatar\/713677ece3ffa642287213a80e5b773bce9ab81c269dd6d95102a990951c922f?s=96&d=mm&r=g","caption":"admin"},"sameAs":["http:\/\/vientosur.top\/museo"],"url":"http:\/\/vientosur.top\/museo\/author\/comunicacionesmvp\/"}]}},"_links":{"self":[{"href":"http:\/\/vientosur.top\/museo\/wp-json\/wp\/v2\/posts\/15568","targetHints":{"allow":["GET"]}}],"collection":[{"href":"http:\/\/vientosur.top\/museo\/wp-json\/wp\/v2\/posts"}],"about":[{"href":"http:\/\/vientosur.top\/museo\/wp-json\/wp\/v2\/types\/post"}],"author":[{"embeddable":true,"href":"http:\/\/vientosur.top\/museo\/wp-json\/wp\/v2\/users\/5"}],"replies":[{"embeddable":true,"href":"http:\/\/vientosur.top\/museo\/wp-json\/wp\/v2\/comments?post=15568"}],"version-history":[{"count":0,"href":"http:\/\/vientosur.top\/museo\/wp-json\/wp\/v2\/posts\/15568\/revisions"}],"wp:featuredmedia":[{"embeddable":true,"href":"http:\/\/vientosur.top\/museo\/wp-json\/wp\/v2\/media\/15569"}],"wp:attachment":[{"href":"http:\/\/vientosur.top\/museo\/wp-json\/wp\/v2\/media?parent=15568"}],"wp:term":[{"taxonomy":"category","embeddable":true,"href":"http:\/\/vientosur.top\/museo\/wp-json\/wp\/v2\/categories?post=15568"},{"taxonomy":"post_tag","embeddable":true,"href":"http:\/\/vientosur.top\/museo\/wp-json\/wp\/v2\/tags?post=15568"}],"curies":[{"name":"wp","href":"https:\/\/api.w.org\/{rel}","templated":true}]}}