{"id":15585,"date":"2018-07-08T15:22:57","date_gmt":"2018-07-08T20:22:57","guid":{"rendered":"http:\/\/vientosur.top\/museo\/?p=15585"},"modified":"2018-07-08T15:22:57","modified_gmt":"2018-07-08T20:22:57","slug":"mauricio-redoles-se-presentara-este-sabado-museo-violeta-parra","status":"publish","type":"post","link":"http:\/\/vientosur.top\/museo\/mauricio-redoles-se-presentara-este-sabado-museo-violeta-parra\/","title":{"rendered":"Exitosa presentaci\u00f3n de Mauricio Redol\u00e9s en el Museo Violeta Parra"},"content":{"rendered":"<p><em>El poeta y cancionista ofreci\u00f3 un recital gratuito donde interpret\u00f3 canciones de sus nueve discos, ley\u00f3 poemas y textos y<\/em><em>\u00a0homenaje\u00f3 a la autora de \u201cVolver a los 17\u201d.<br \/>\n<\/em><br \/>\nLa cartelera musical del Museo Violeta Parra sigue sumando artistas locales. El s\u00e1bado 14 de julio a las 16:00 horas, Mauricio Redol\u00e9s (1953) lleg\u00f3 a la Sala Antar del recinto cultural para hacer un repaso por su carrera como poeta y cancionista, en un encuentro gratuito para el p\u00fablico.<\/p>\n<p>El artista se present\u00f3 junto a la acordeonista Gabriela C\u00e1ceres Retamales y al guitarrista Tacu Tricot Reyes, nieto de Alejandro Reyes, fundador de Cuncum\u00e9n, agrupaci\u00f3n fundada en 1955 en el marco de los cursos de folklore de la Escuela de Temporada de la Universidad de Chile, dirigidos por la maestra Margot Loyola Palacios.<\/p>\n<p>Esta fue la segunda presentaci\u00f3n de \u201cGabriela, t\u00fa y yo\u201d, nombre que adopt\u00f3 el tr\u00edo\u00a0liderado por Redol\u00e9s, quien interpret\u00f3 algunas canciones de sus nueve \u00e1lbumes, incluido el popular \u201c\u00bfQui\u00e9n mat\u00f3 a Gaete?\u201d (1996), considerado por la edici\u00f3n chilena de la Revista Rolling Stone, como uno de los 50 mejores discos de la historia del rock nacional.<\/p>\n<p>Adem\u00e1s, en esta oportunidad, Mauricio Redol\u00e9s ley\u00f3 poemas de \u201cEl estilo de mis matem\u00e1ticas\u201d, antolog\u00eda que re\u00fane su poes\u00eda desde los a\u00f1os 80, y breves textos de su libro\u00a0autobiogr\u00e1fico\u00a0de recuerdos \u201cAlgo nuevo anterior\u201d, editado en 2017 por Random House.<\/p>\n<p>\u201cEst\u00e1 contemplado en el repertorio un homenaje a Violeta Parra en la presentaci\u00f3n del tr\u00edo, aparte de un par de versiones de narco-corridos de Los Tigres del Norte\u201d, dijo el artista antes del recital.<\/p>\n<p><iframe style=\"border: none; overflow: hidden;\" src=\"https:\/\/www.facebook.com\/plugins\/video.php?href=https%3A%2F%2Fwww.facebook.com%2FMuseoVioletaParra%2Fvideos%2F2156646734578736%2F&amp;show_text=0&amp;width=560\" width=\"560\" height=\"315\" frameborder=\"0\" scrolling=\"no\" allowfullscreen=\"allowfullscreen\"><\/iframe><br \/>\n&nbsp;<\/p>\n<p>&nbsp;<\/p>\n","protected":false},"excerpt":{"rendered":"<p>El poeta y cancionista ofreci\u00f3 un recital gratuito donde interpret\u00f3 canciones de sus nueve discos, ley\u00f3 poemas y textos y\u00a0homenaje\u00f3 a la autora de \u201cVolver a los 17\u201d. La cartelera musical del Museo Violeta Parra sigue sumando artistas locales. El s\u00e1bado 14 de julio a las 16:00 horas, Mauricio Redol\u00e9s (1953) lleg\u00f3 a la Sala [&hellip;]<\/p>\n","protected":false},"author":5,"featured_media":15638,"comment_status":"open","ping_status":"open","sticky":false,"template":"","format":"standard","meta":{"site-sidebar-layout":"default","site-content-layout":"","ast-site-content-layout":"default","site-content-style":"default","site-sidebar-style":"default","ast-global-header-display":"","ast-banner-title-visibility":"","ast-main-header-display":"","ast-hfb-above-header-display":"","ast-hfb-below-header-display":"","ast-hfb-mobile-header-display":"","site-post-title":"","ast-breadcrumbs-content":"","ast-featured-img":"","footer-sml-layout":"","theme-transparent-header-meta":"","adv-header-id-meta":"","stick-header-meta":"","header-above-stick-meta":"","header-main-stick-meta":"","header-below-stick-meta":"","astra-migrate-meta-layouts":"default","ast-page-background-enabled":"default","ast-page-background-meta":{"desktop":{"background-color":"var(--ast-global-color-4)","background-image":"","background-repeat":"repeat","background-position":"center center","background-size":"auto","background-attachment":"scroll","background-type":"","background-media":"","overlay-type":"","overlay-color":"","overlay-opacity":"","overlay-gradient":""},"tablet":{"background-color":"","background-image":"","background-repeat":"repeat","background-position":"center center","background-size":"auto","background-attachment":"scroll","background-type":"","background-media":"","overlay-type":"","overlay-color":"","overlay-opacity":"","overlay-gradient":""},"mobile":{"background-color":"","background-image":"","background-repeat":"repeat","background-position":"center center","background-size":"auto","background-attachment":"scroll","background-type":"","background-media":"","overlay-type":"","overlay-color":"","overlay-opacity":"","overlay-gradient":""}},"ast-content-background-meta":{"desktop":{"background-color":"var(--ast-global-color-5)","background-image":"","background-repeat":"repeat","background-position":"center center","background-size":"auto","background-attachment":"scroll","background-type":"","background-media":"","overlay-type":"","overlay-color":"","overlay-opacity":"","overlay-gradient":""},"tablet":{"background-color":"var(--ast-global-color-5)","background-image":"","background-repeat":"repeat","background-position":"center center","background-size":"auto","background-attachment":"scroll","background-type":"","background-media":"","overlay-type":"","overlay-color":"","overlay-opacity":"","overlay-gradient":""},"mobile":{"background-color":"var(--ast-global-color-5)","background-image":"","background-repeat":"repeat","background-position":"center center","background-size":"auto","background-attachment":"scroll","background-type":"","background-media":"","overlay-type":"","overlay-color":"","overlay-opacity":"","overlay-gradient":""}},"footnotes":""},"categories":[59,8,61],"tags":[],"class_list":["post-15585","post","type-post","status-publish","format-standard","has-post-thumbnail","hentry","category-destacado-noticia","category-noticias","category-novedades"],"yoast_head":"<!-- This site is optimized with the Yoast SEO plugin v25.4 - https:\/\/yoast.com\/wordpress\/plugins\/seo\/ -->\n<title>Exitosa presentaci\u00f3n de Mauricio Redol\u00e9s en el Museo Violeta Parra - Museo Violeta Parra<\/title>\n<meta name=\"robots\" content=\"index, follow, max-snippet:-1, max-image-preview:large, max-video-preview:-1\" \/>\n<link rel=\"canonical\" href=\"http:\/\/vientosur.top\/museo\/mauricio-redoles-se-presentara-este-sabado-museo-violeta-parra\/\" \/>\n<meta property=\"og:locale\" content=\"es_ES\" \/>\n<meta property=\"og:type\" content=\"article\" \/>\n<meta property=\"og:title\" content=\"Exitosa presentaci\u00f3n de Mauricio Redol\u00e9s en el Museo Violeta Parra - Museo Violeta Parra\" \/>\n<meta property=\"og:description\" content=\"El poeta y cancionista ofreci\u00f3 un recital gratuito donde interpret\u00f3 canciones de sus nueve discos, ley\u00f3 poemas y textos y\u00a0homenaje\u00f3 a la autora de \u201cVolver a los 17\u201d. La cartelera musical del Museo Violeta Parra sigue sumando artistas locales. El s\u00e1bado 14 de julio a las 16:00 horas, Mauricio Redol\u00e9s (1953) lleg\u00f3 a la Sala [&hellip;]\" \/>\n<meta property=\"og:url\" content=\"http:\/\/vientosur.top\/museo\/mauricio-redoles-se-presentara-este-sabado-museo-violeta-parra\/\" \/>\n<meta property=\"og:site_name\" content=\"Museo Violeta Parra\" \/>\n<meta property=\"article:published_time\" content=\"2018-07-08T20:22:57+00:00\" \/>\n<meta property=\"og:image\" content=\"http:\/\/vientosur.top\/museo\/wp-content\/uploads\/2018\/07\/37236282_2156541977922545_4277851018101784576_o-1.jpg\" \/>\n\t<meta property=\"og:image:width\" content=\"1920\" \/>\n\t<meta property=\"og:image:height\" content=\"1080\" \/>\n\t<meta property=\"og:image:type\" content=\"image\/jpeg\" \/>\n<meta name=\"author\" content=\"admin\" \/>\n<meta name=\"twitter:card\" content=\"summary_large_image\" \/>\n<meta name=\"twitter:label1\" content=\"Escrito por\" \/>\n\t<meta name=\"twitter:data1\" content=\"admin\" \/>\n\t<meta name=\"twitter:label2\" content=\"Tiempo de lectura\" \/>\n\t<meta name=\"twitter:data2\" content=\"1 minuto\" \/>\n<script type=\"application\/ld+json\" class=\"yoast-schema-graph\">{\"@context\":\"https:\/\/schema.org\",\"@graph\":[{\"@type\":\"WebPage\",\"@id\":\"http:\/\/vientosur.top\/museo\/mauricio-redoles-se-presentara-este-sabado-museo-violeta-parra\/\",\"url\":\"http:\/\/vientosur.top\/museo\/mauricio-redoles-se-presentara-este-sabado-museo-violeta-parra\/\",\"name\":\"Exitosa presentaci\u00f3n de Mauricio Redol\u00e9s en el Museo Violeta Parra - Museo Violeta Parra\",\"isPartOf\":{\"@id\":\"http:\/\/vientosur.top\/museo\/#website\"},\"primaryImageOfPage\":{\"@id\":\"http:\/\/vientosur.top\/museo\/mauricio-redoles-se-presentara-este-sabado-museo-violeta-parra\/#primaryimage\"},\"image\":{\"@id\":\"http:\/\/vientosur.top\/museo\/mauricio-redoles-se-presentara-este-sabado-museo-violeta-parra\/#primaryimage\"},\"thumbnailUrl\":\"http:\/\/vientosur.top\/museo\/wp-content\/uploads\/2018\/07\/37236282_2156541977922545_4277851018101784576_o-1.jpg\",\"datePublished\":\"2018-07-08T20:22:57+00:00\",\"author\":{\"@id\":\"http:\/\/vientosur.top\/museo\/#\/schema\/person\/20c79d3c38800971feec8c2693c3dd9c\"},\"breadcrumb\":{\"@id\":\"http:\/\/vientosur.top\/museo\/mauricio-redoles-se-presentara-este-sabado-museo-violeta-parra\/#breadcrumb\"},\"inLanguage\":\"es\",\"potentialAction\":[{\"@type\":\"ReadAction\",\"target\":[\"http:\/\/vientosur.top\/museo\/mauricio-redoles-se-presentara-este-sabado-museo-violeta-parra\/\"]}]},{\"@type\":\"ImageObject\",\"inLanguage\":\"es\",\"@id\":\"http:\/\/vientosur.top\/museo\/mauricio-redoles-se-presentara-este-sabado-museo-violeta-parra\/#primaryimage\",\"url\":\"http:\/\/vientosur.top\/museo\/wp-content\/uploads\/2018\/07\/37236282_2156541977922545_4277851018101784576_o-1.jpg\",\"contentUrl\":\"http:\/\/vientosur.top\/museo\/wp-content\/uploads\/2018\/07\/37236282_2156541977922545_4277851018101784576_o-1.jpg\",\"width\":1920,\"height\":1080},{\"@type\":\"BreadcrumbList\",\"@id\":\"http:\/\/vientosur.top\/museo\/mauricio-redoles-se-presentara-este-sabado-museo-violeta-parra\/#breadcrumb\",\"itemListElement\":[{\"@type\":\"ListItem\",\"position\":1,\"name\":\"Portada\",\"item\":\"http:\/\/vientosur.top\/museo\/\"},{\"@type\":\"ListItem\",\"position\":2,\"name\":\"Exitosa presentaci\u00f3n de Mauricio Redol\u00e9s en el Museo Violeta Parra\"}]},{\"@type\":\"WebSite\",\"@id\":\"http:\/\/vientosur.top\/museo\/#website\",\"url\":\"http:\/\/vientosur.top\/museo\/\",\"name\":\"Museo Violeta Parra\",\"description\":\"Espacio que alberga tanto la memoria y legado creativo de la artista\",\"potentialAction\":[{\"@type\":\"SearchAction\",\"target\":{\"@type\":\"EntryPoint\",\"urlTemplate\":\"http:\/\/vientosur.top\/museo\/?s={search_term_string}\"},\"query-input\":{\"@type\":\"PropertyValueSpecification\",\"valueRequired\":true,\"valueName\":\"search_term_string\"}}],\"inLanguage\":\"es\"},{\"@type\":\"Person\",\"@id\":\"http:\/\/vientosur.top\/museo\/#\/schema\/person\/20c79d3c38800971feec8c2693c3dd9c\",\"name\":\"admin\",\"image\":{\"@type\":\"ImageObject\",\"inLanguage\":\"es\",\"@id\":\"http:\/\/vientosur.top\/museo\/#\/schema\/person\/image\/\",\"url\":\"https:\/\/secure.gravatar.com\/avatar\/713677ece3ffa642287213a80e5b773bce9ab81c269dd6d95102a990951c922f?s=96&d=mm&r=g\",\"contentUrl\":\"https:\/\/secure.gravatar.com\/avatar\/713677ece3ffa642287213a80e5b773bce9ab81c269dd6d95102a990951c922f?s=96&d=mm&r=g\",\"caption\":\"admin\"},\"sameAs\":[\"http:\/\/vientosur.top\/museo\"],\"url\":\"http:\/\/vientosur.top\/museo\/author\/comunicacionesmvp\/\"}]}<\/script>\n<!-- \/ Yoast SEO plugin. -->","yoast_head_json":{"title":"Exitosa presentaci\u00f3n de Mauricio Redol\u00e9s en el Museo Violeta Parra - Museo Violeta Parra","robots":{"index":"index","follow":"follow","max-snippet":"max-snippet:-1","max-image-preview":"max-image-preview:large","max-video-preview":"max-video-preview:-1"},"canonical":"http:\/\/vientosur.top\/museo\/mauricio-redoles-se-presentara-este-sabado-museo-violeta-parra\/","og_locale":"es_ES","og_type":"article","og_title":"Exitosa presentaci\u00f3n de Mauricio Redol\u00e9s en el Museo Violeta Parra - Museo Violeta Parra","og_description":"El poeta y cancionista ofreci\u00f3 un recital gratuito donde interpret\u00f3 canciones de sus nueve discos, ley\u00f3 poemas y textos y\u00a0homenaje\u00f3 a la autora de \u201cVolver a los 17\u201d. La cartelera musical del Museo Violeta Parra sigue sumando artistas locales. El s\u00e1bado 14 de julio a las 16:00 horas, Mauricio Redol\u00e9s (1953) lleg\u00f3 a la Sala [&hellip;]","og_url":"http:\/\/vientosur.top\/museo\/mauricio-redoles-se-presentara-este-sabado-museo-violeta-parra\/","og_site_name":"Museo Violeta Parra","article_published_time":"2018-07-08T20:22:57+00:00","og_image":[{"width":1920,"height":1080,"url":"http:\/\/vientosur.top\/museo\/wp-content\/uploads\/2018\/07\/37236282_2156541977922545_4277851018101784576_o-1.jpg","type":"image\/jpeg"}],"author":"admin","twitter_card":"summary_large_image","twitter_misc":{"Escrito por":"admin","Tiempo de lectura":"1 minuto"},"schema":{"@context":"https:\/\/schema.org","@graph":[{"@type":"WebPage","@id":"http:\/\/vientosur.top\/museo\/mauricio-redoles-se-presentara-este-sabado-museo-violeta-parra\/","url":"http:\/\/vientosur.top\/museo\/mauricio-redoles-se-presentara-este-sabado-museo-violeta-parra\/","name":"Exitosa presentaci\u00f3n de Mauricio Redol\u00e9s en el Museo Violeta Parra - Museo Violeta Parra","isPartOf":{"@id":"http:\/\/vientosur.top\/museo\/#website"},"primaryImageOfPage":{"@id":"http:\/\/vientosur.top\/museo\/mauricio-redoles-se-presentara-este-sabado-museo-violeta-parra\/#primaryimage"},"image":{"@id":"http:\/\/vientosur.top\/museo\/mauricio-redoles-se-presentara-este-sabado-museo-violeta-parra\/#primaryimage"},"thumbnailUrl":"http:\/\/vientosur.top\/museo\/wp-content\/uploads\/2018\/07\/37236282_2156541977922545_4277851018101784576_o-1.jpg","datePublished":"2018-07-08T20:22:57+00:00","author":{"@id":"http:\/\/vientosur.top\/museo\/#\/schema\/person\/20c79d3c38800971feec8c2693c3dd9c"},"breadcrumb":{"@id":"http:\/\/vientosur.top\/museo\/mauricio-redoles-se-presentara-este-sabado-museo-violeta-parra\/#breadcrumb"},"inLanguage":"es","potentialAction":[{"@type":"ReadAction","target":["http:\/\/vientosur.top\/museo\/mauricio-redoles-se-presentara-este-sabado-museo-violeta-parra\/"]}]},{"@type":"ImageObject","inLanguage":"es","@id":"http:\/\/vientosur.top\/museo\/mauricio-redoles-se-presentara-este-sabado-museo-violeta-parra\/#primaryimage","url":"http:\/\/vientosur.top\/museo\/wp-content\/uploads\/2018\/07\/37236282_2156541977922545_4277851018101784576_o-1.jpg","contentUrl":"http:\/\/vientosur.top\/museo\/wp-content\/uploads\/2018\/07\/37236282_2156541977922545_4277851018101784576_o-1.jpg","width":1920,"height":1080},{"@type":"BreadcrumbList","@id":"http:\/\/vientosur.top\/museo\/mauricio-redoles-se-presentara-este-sabado-museo-violeta-parra\/#breadcrumb","itemListElement":[{"@type":"ListItem","position":1,"name":"Portada","item":"http:\/\/vientosur.top\/museo\/"},{"@type":"ListItem","position":2,"name":"Exitosa presentaci\u00f3n de Mauricio Redol\u00e9s en el Museo Violeta Parra"}]},{"@type":"WebSite","@id":"http:\/\/vientosur.top\/museo\/#website","url":"http:\/\/vientosur.top\/museo\/","name":"Museo Violeta Parra","description":"Espacio que alberga tanto la memoria y legado creativo de la artista","potentialAction":[{"@type":"SearchAction","target":{"@type":"EntryPoint","urlTemplate":"http:\/\/vientosur.top\/museo\/?s={search_term_string}"},"query-input":{"@type":"PropertyValueSpecification","valueRequired":true,"valueName":"search_term_string"}}],"inLanguage":"es"},{"@type":"Person","@id":"http:\/\/vientosur.top\/museo\/#\/schema\/person\/20c79d3c38800971feec8c2693c3dd9c","name":"admin","image":{"@type":"ImageObject","inLanguage":"es","@id":"http:\/\/vientosur.top\/museo\/#\/schema\/person\/image\/","url":"https:\/\/secure.gravatar.com\/avatar\/713677ece3ffa642287213a80e5b773bce9ab81c269dd6d95102a990951c922f?s=96&d=mm&r=g","contentUrl":"https:\/\/secure.gravatar.com\/avatar\/713677ece3ffa642287213a80e5b773bce9ab81c269dd6d95102a990951c922f?s=96&d=mm&r=g","caption":"admin"},"sameAs":["http:\/\/vientosur.top\/museo"],"url":"http:\/\/vientosur.top\/museo\/author\/comunicacionesmvp\/"}]}},"_links":{"self":[{"href":"http:\/\/vientosur.top\/museo\/wp-json\/wp\/v2\/posts\/15585","targetHints":{"allow":["GET"]}}],"collection":[{"href":"http:\/\/vientosur.top\/museo\/wp-json\/wp\/v2\/posts"}],"about":[{"href":"http:\/\/vientosur.top\/museo\/wp-json\/wp\/v2\/types\/post"}],"author":[{"embeddable":true,"href":"http:\/\/vientosur.top\/museo\/wp-json\/wp\/v2\/users\/5"}],"replies":[{"embeddable":true,"href":"http:\/\/vientosur.top\/museo\/wp-json\/wp\/v2\/comments?post=15585"}],"version-history":[{"count":0,"href":"http:\/\/vientosur.top\/museo\/wp-json\/wp\/v2\/posts\/15585\/revisions"}],"wp:featuredmedia":[{"embeddable":true,"href":"http:\/\/vientosur.top\/museo\/wp-json\/wp\/v2\/media\/15638"}],"wp:attachment":[{"href":"http:\/\/vientosur.top\/museo\/wp-json\/wp\/v2\/media?parent=15585"}],"wp:term":[{"taxonomy":"category","embeddable":true,"href":"http:\/\/vientosur.top\/museo\/wp-json\/wp\/v2\/categories?post=15585"},{"taxonomy":"post_tag","embeddable":true,"href":"http:\/\/vientosur.top\/museo\/wp-json\/wp\/v2\/tags?post=15585"}],"curies":[{"name":"wp","href":"https:\/\/api.w.org\/{rel}","templated":true}]}}