{"id":15592,"date":"2018-07-10T14:29:05","date_gmt":"2018-07-10T19:29:05","guid":{"rendered":"http:\/\/vientosur.top\/museo\/?p=15592"},"modified":"2018-07-10T14:29:05","modified_gmt":"2018-07-10T19:29:05","slug":"museo-violeta-parra-invita-disfrutar-las-vacaciones-invierno-actividades-gratuitas","status":"publish","type":"post","link":"http:\/\/vientosur.top\/museo\/museo-violeta-parra-invita-disfrutar-las-vacaciones-invierno-actividades-gratuitas\/","title":{"rendered":"Museo Violeta Parra invita a disfrutar las vacaciones de invierno con actividades gratuitas"},"content":{"rendered":"<p><em>Durante el mes de julio, el museo presenta una diversa agenda cultural que incluye m\u00fasica en vivo, exhibici\u00f3n de documentales y talleres para ni\u00f1as y ni\u00f1os desde los 6 a\u00f1os.<\/em><\/p>\n<p>Lleg\u00f3 julio, el mes en que miles de estudiantes disfrutan de sus vacaciones de invierno. Pensando en el p\u00fablico familiar, el Museo Violeta Parra ofrecer\u00e1 una programaci\u00f3n especial que se suma a la <a href=\"http:\/\/vientosur.top\/museo\/actividades\/categoria\/taller\/\">oferta regular de talleres<\/a> y de <a href=\"http:\/\/vientosur.top\/museo\/visitas\/\">visitas mediadas grupales sin costo<\/a>.<\/p>\n<p><strong>Talleres para todos<\/strong><\/p>\n<p>El martes 17 de julio se realizar\u00e1 el <strong><a href=\"http:\/\/vientosur.top\/museo\/actividades\/actividad\/taller-muneca-violeta\/\">Taller de Mu\u00f1eca Violeta<\/a><\/strong>, donde las y los participantes aprender\u00e1n a confeccionar una mu\u00f1eca de Violeta Parra utilizando textiles, lanas y pinturas. Esta actividad, pensada para ni\u00f1as y ni\u00f1os desde los 8 a\u00f1os, se repetir\u00e1 el martes 24.<\/p>\n<p>La gastronom\u00eda tambi\u00e9n estar\u00e1 presente en las vacaciones de invierno. El mi\u00e9rcoles 18 de julio se impartir\u00e1 el <strong><a href=\"http:\/\/vientosur.top\/museo\/actividades\/actividad\/taller-de-milcao\/\">Taller de Milcao<\/a><\/strong>, pensado para ni\u00f1as y ni\u00f1os desde los 10 a\u00f1os en adelante, quienes conocer\u00e1n la historia y aprender\u00e1n a preparar una de las m\u00e1s tradicionales y exquisitas manifestaciones gastron\u00f3micas de la isla de Chilo\u00e9. Una semana m\u00e1s tarde, el mi\u00e9rcoles 25 de julio, se desarrollar\u00e1 el <strong><a href=\"http:\/\/vientosur.top\/museo\/actividades\/actividad\/taller-de-catutos\/\">Taller de Catutos<\/a><\/strong>, para aprender a preparar una de las comidas tradicionales de la cultura mapuche. Ambas actividades finalizar\u00e1n con una degustaci\u00f3n.<\/p>\n<p>La reutilizaci\u00f3n de materiales ser\u00e1 la protagonista en los talleres de los d\u00edas jueves 19\u00a0 y 26 de julio. En el primero, pensado para ni\u00f1os y ni\u00f1as desde los 8 a\u00f1os, se ofrecer\u00e1 un <strong><a href=\"http:\/\/vientosur.top\/museo\/actividades\/actividad\/taller-joyeria-material-reutilizado\/\">Taller de Joyer\u00eda<\/a><\/strong>, donde se crear\u00e1n una serie de accesorios como pinches y collares en base a textiles y tapas de latas de aluminio. En el segundo, pensado para ni\u00f1as y ni\u00f1os desde los 6 a\u00f1os, se impartir\u00e1 el <strong><a href=\"http:\/\/vientosur.top\/museo\/actividades\/actividad\/taller-estampado-textil-elementos-reutilizados\/\">Taller de Estampado Textil<\/a><\/strong>, en el que se utilizar\u00e1n diversos elementos reutilizados, org\u00e1nicos e inorg\u00e1nicos, que les permitir\u00e1 a los y las participantes jugar con texturas, formas y colores.<\/p>\n<p>El \u00faltimo taller de este ciclo de invierno ser\u00e1 el \u00a0<strong><a href=\"http:\/\/vientosur.top\/museo\/actividades\/actividad\/taller-muneco-nicanor\/\">Taller de Mu\u00f1eco Nicanor<\/a><\/strong>, para mayores de 8 a\u00f1os, quienes aprender\u00e1n a confeccionar una mu\u00f1eca del antipoeta utilizando textiles, lanas y pinturas. Esta actividad se realizar\u00e1 los d\u00edas 20 y 27 de julio a las 16:00 horas.<\/p>\n<p>Todos los talleres se realizar\u00e1n a las 16:00 horas. La inscripci\u00f3n es gratuita, previa reserva en el tel\u00e9fono 223554648.<\/p>\n<p><strong><a href=\"http:\/\/vientosur.top\/museo\/wp-content\/uploads\/2018\/07\/MauricioRedol\u00e9s.jpg\"><img fetchpriority=\"high\" decoding=\"async\" class=\"alignnone wp-image-15586 size-large\" src=\"http:\/\/vientosur.top\/museo\/wp-content\/uploads\/2018\/07\/MauricioRedol\u00e9s-1024x682.jpg\" alt=\"\" width=\"840\" height=\"559\" \/><br \/>\n<\/a><br \/>\nM\u00fasica y documentales<\/strong><\/p>\n<p>El s\u00e1bado 14 de julio se presentar\u00e1 el poeta y cancionista \u00a0<a href=\"http:\/\/vientosur.top\/museo\/mauricio-redoles-se-presentara-este-sabado-museo-violeta-parra\/\">Mauricio Redol\u00e9s ofrecer\u00e1 un recital gratuito<\/a> donde interpretar\u00e1 canciones de sus nueve discos, leer\u00e1 poemas y textos y\u00a0homenajear\u00e1 a la autora de \u201cVolver a los 17\u201d. Cupos limitados, previa reserva en <a href=\"http:\/\/vientosur.top\/museo\">www.museovioletaparra.cl<\/a>.<\/p>\n<p>A las 11:00 horas del domingo 15 de julio el museo emitir\u00e1 la final del Mundial de F\u00fatbol Rusia 2018 y en la tarde, a las 16:00 horas, se exhibir\u00e1n <a href=\"http:\/\/vientosur.top\/museo\/actividades\/actividad\/documentales-regionales-del-ficil-lebu\/\">cortometrajes documentales de diversas regiones de Chile<\/a>, de la selecci\u00f3n del Festival Internacional de CINELEBU.<\/p>\n<p>El fin de semana del 21 y 22 de julio, el museo realizar\u00e1 un homenaje a Antar Parra (1982-2010), m\u00fasico bisnieto de Violeta Parra, con las presentaciones de: <a href=\"http:\/\/vientosur.top\/museo\/actividades\/actividad\/celebramos-antar-parra-corazon-tita-parra-musicos-invitados\/\">Tita Parra junto a m\u00fasicos invitados<\/a> y, el domingo, <a href=\"http:\/\/vientosur.top\/museo\/actividades\/actividad\/celebramos-antar-parra-corazon-kitra-vivo\/\">de la banda Kitra<\/a>. El mi\u00e9rcoles 25 al mediod\u00eda Milena Rojas Cereceda, Jefa de Colecci\u00f3n y Patrimonio del museo, ofrecer\u00e1 <a href=\"http:\/\/vientosur.top\/museo\/actividades\/actividad\/charla-violeta-viajera-milena-rojas-cereceda\/\" target=\"_blank\" rel=\"noopener noreferrer\">la charla \u00abVioleta Parra viajera\u00bb<\/a>.<\/p>\n<p><a href=\"http:\/\/vientosur.top\/museo\/wp-content\/uploads\/2018\/07\/Ni\u00f1a-Tormenta-por-Mila-Bel\u00e9n.jpg\"><img decoding=\"async\" class=\"alignnone wp-image-15551 size-large\" src=\"http:\/\/vientosur.top\/museo\/wp-content\/uploads\/2018\/07\/Ni\u00f1a-Tormenta-por-Mila-Bel\u00e9n-1024x683.jpg\" alt=\"\" width=\"840\" height=\"560\" \/><\/a><\/p>\n<p>Para cerrar las vacaciones, el s\u00e1bado 28 \u00a0a las 16:00 horas se presentar\u00e1\u00a0<a href=\"http:\/\/vientosur.top\/museo\/actividades\/actividad\/nina-tormenta-vivo\/\">Ni\u00f1a Tormenta, la cantautora que recibi\u00f3 el Premio Pulsar en categor\u00eda Artista Revelaci\u00f3n 2018<\/a>, y el domingo \u2013en el marco del Ciclo Chiledoc\u2013\u00a0se exhibir\u00e1 el\u00a0<a href=\"http:\/\/miradoc.cl\/robar-a-rodin\/\">documental \u201cRobar a Rodin\u201d<\/a>, dirigido por Crist\u00f3bal Valenzuela.<\/p>\n<p><strong><br \/>\n<a href=\"http:\/\/vientosur.top\/museo\/actividades\">Conoce aqu\u00ed toda la oferta de actividades gratuitas del Museo Violeta Parra<\/a>.<\/strong><\/p>\n<p>&nbsp;<\/p>\n","protected":false},"excerpt":{"rendered":"<p>Durante el mes de julio, el museo presenta una diversa agenda cultural que incluye m\u00fasica en vivo, exhibici\u00f3n de documentales y talleres para ni\u00f1as y ni\u00f1os desde los 6 a\u00f1os. Lleg\u00f3 julio, el mes en que miles de estudiantes disfrutan de sus vacaciones de invierno. Pensando en el p\u00fablico familiar, el Museo Violeta Parra ofrecer\u00e1 [&hellip;]<\/p>\n","protected":false},"author":5,"featured_media":15593,"comment_status":"open","ping_status":"open","sticky":false,"template":"","format":"standard","meta":{"site-sidebar-layout":"default","site-content-layout":"","ast-site-content-layout":"default","site-content-style":"default","site-sidebar-style":"default","ast-global-header-display":"","ast-banner-title-visibility":"","ast-main-header-display":"","ast-hfb-above-header-display":"","ast-hfb-below-header-display":"","ast-hfb-mobile-header-display":"","site-post-title":"","ast-breadcrumbs-content":"","ast-featured-img":"","footer-sml-layout":"","theme-transparent-header-meta":"","adv-header-id-meta":"","stick-header-meta":"","header-above-stick-meta":"","header-main-stick-meta":"","header-below-stick-meta":"","astra-migrate-meta-layouts":"default","ast-page-background-enabled":"default","ast-page-background-meta":{"desktop":{"background-color":"var(--ast-global-color-4)","background-image":"","background-repeat":"repeat","background-position":"center center","background-size":"auto","background-attachment":"scroll","background-type":"","background-media":"","overlay-type":"","overlay-color":"","overlay-opacity":"","overlay-gradient":""},"tablet":{"background-color":"","background-image":"","background-repeat":"repeat","background-position":"center center","background-size":"auto","background-attachment":"scroll","background-type":"","background-media":"","overlay-type":"","overlay-color":"","overlay-opacity":"","overlay-gradient":""},"mobile":{"background-color":"","background-image":"","background-repeat":"repeat","background-position":"center center","background-size":"auto","background-attachment":"scroll","background-type":"","background-media":"","overlay-type":"","overlay-color":"","overlay-opacity":"","overlay-gradient":""}},"ast-content-background-meta":{"desktop":{"background-color":"var(--ast-global-color-5)","background-image":"","background-repeat":"repeat","background-position":"center center","background-size":"auto","background-attachment":"scroll","background-type":"","background-media":"","overlay-type":"","overlay-color":"","overlay-opacity":"","overlay-gradient":""},"tablet":{"background-color":"var(--ast-global-color-5)","background-image":"","background-repeat":"repeat","background-position":"center center","background-size":"auto","background-attachment":"scroll","background-type":"","background-media":"","overlay-type":"","overlay-color":"","overlay-opacity":"","overlay-gradient":""},"mobile":{"background-color":"var(--ast-global-color-5)","background-image":"","background-repeat":"repeat","background-position":"center center","background-size":"auto","background-attachment":"scroll","background-type":"","background-media":"","overlay-type":"","overlay-color":"","overlay-opacity":"","overlay-gradient":""}},"footnotes":""},"categories":[59,8,61],"tags":[],"class_list":["post-15592","post","type-post","status-publish","format-standard","has-post-thumbnail","hentry","category-destacado-noticia","category-noticias","category-novedades"],"yoast_head":"<!-- This site is optimized with the Yoast SEO plugin v25.4 - https:\/\/yoast.com\/wordpress\/plugins\/seo\/ -->\n<title>Museo Violeta Parra invita a disfrutar las vacaciones de invierno con actividades gratuitas - Museo Violeta Parra<\/title>\n<meta name=\"robots\" content=\"index, follow, max-snippet:-1, max-image-preview:large, max-video-preview:-1\" \/>\n<link rel=\"canonical\" href=\"http:\/\/vientosur.top\/museo\/museo-violeta-parra-invita-disfrutar-las-vacaciones-invierno-actividades-gratuitas\/\" \/>\n<meta property=\"og:locale\" content=\"es_ES\" \/>\n<meta property=\"og:type\" content=\"article\" \/>\n<meta property=\"og:title\" content=\"Museo Violeta Parra invita a disfrutar las vacaciones de invierno con actividades gratuitas - Museo Violeta Parra\" \/>\n<meta property=\"og:description\" content=\"Durante el mes de julio, el museo presenta una diversa agenda cultural que incluye m\u00fasica en vivo, exhibici\u00f3n de documentales y talleres para ni\u00f1as y ni\u00f1os desde los 6 a\u00f1os. Lleg\u00f3 julio, el mes en que miles de estudiantes disfrutan de sus vacaciones de invierno. Pensando en el p\u00fablico familiar, el Museo Violeta Parra ofrecer\u00e1 [&hellip;]\" \/>\n<meta property=\"og:url\" content=\"http:\/\/vientosur.top\/museo\/museo-violeta-parra-invita-disfrutar-las-vacaciones-invierno-actividades-gratuitas\/\" \/>\n<meta property=\"og:site_name\" content=\"Museo Violeta Parra\" \/>\n<meta property=\"article:published_time\" content=\"2018-07-10T19:29:05+00:00\" \/>\n<meta property=\"og:image\" content=\"http:\/\/vientosur.top\/museo\/wp-content\/uploads\/2018\/07\/mu\u00f1ecavioleta-scaled.jpg\" \/>\n\t<meta property=\"og:image:width\" content=\"2560\" \/>\n\t<meta property=\"og:image:height\" content=\"1702\" \/>\n\t<meta property=\"og:image:type\" content=\"image\/jpeg\" \/>\n<meta name=\"author\" content=\"admin\" \/>\n<meta name=\"twitter:card\" content=\"summary_large_image\" \/>\n<meta name=\"twitter:label1\" content=\"Escrito por\" \/>\n\t<meta name=\"twitter:data1\" content=\"admin\" \/>\n\t<meta name=\"twitter:label2\" content=\"Tiempo de lectura\" \/>\n\t<meta name=\"twitter:data2\" content=\"3 minutos\" \/>\n<script type=\"application\/ld+json\" class=\"yoast-schema-graph\">{\"@context\":\"https:\/\/schema.org\",\"@graph\":[{\"@type\":\"WebPage\",\"@id\":\"http:\/\/vientosur.top\/museo\/museo-violeta-parra-invita-disfrutar-las-vacaciones-invierno-actividades-gratuitas\/\",\"url\":\"http:\/\/vientosur.top\/museo\/museo-violeta-parra-invita-disfrutar-las-vacaciones-invierno-actividades-gratuitas\/\",\"name\":\"Museo Violeta Parra invita a disfrutar las vacaciones de invierno con actividades gratuitas - Museo Violeta Parra\",\"isPartOf\":{\"@id\":\"http:\/\/vientosur.top\/museo\/#website\"},\"primaryImageOfPage\":{\"@id\":\"http:\/\/vientosur.top\/museo\/museo-violeta-parra-invita-disfrutar-las-vacaciones-invierno-actividades-gratuitas\/#primaryimage\"},\"image\":{\"@id\":\"http:\/\/vientosur.top\/museo\/museo-violeta-parra-invita-disfrutar-las-vacaciones-invierno-actividades-gratuitas\/#primaryimage\"},\"thumbnailUrl\":\"http:\/\/vientosur.top\/museo\/wp-content\/uploads\/2018\/07\/mu\u00f1ecavioleta-scaled.jpg\",\"datePublished\":\"2018-07-10T19:29:05+00:00\",\"author\":{\"@id\":\"http:\/\/vientosur.top\/museo\/#\/schema\/person\/20c79d3c38800971feec8c2693c3dd9c\"},\"breadcrumb\":{\"@id\":\"http:\/\/vientosur.top\/museo\/museo-violeta-parra-invita-disfrutar-las-vacaciones-invierno-actividades-gratuitas\/#breadcrumb\"},\"inLanguage\":\"es\",\"potentialAction\":[{\"@type\":\"ReadAction\",\"target\":[\"http:\/\/vientosur.top\/museo\/museo-violeta-parra-invita-disfrutar-las-vacaciones-invierno-actividades-gratuitas\/\"]}]},{\"@type\":\"ImageObject\",\"inLanguage\":\"es\",\"@id\":\"http:\/\/vientosur.top\/museo\/museo-violeta-parra-invita-disfrutar-las-vacaciones-invierno-actividades-gratuitas\/#primaryimage\",\"url\":\"http:\/\/vientosur.top\/museo\/wp-content\/uploads\/2018\/07\/mu\u00f1ecavioleta-scaled.jpg\",\"contentUrl\":\"http:\/\/vientosur.top\/museo\/wp-content\/uploads\/2018\/07\/mu\u00f1ecavioleta-scaled.jpg\",\"width\":2560,\"height\":1702},{\"@type\":\"BreadcrumbList\",\"@id\":\"http:\/\/vientosur.top\/museo\/museo-violeta-parra-invita-disfrutar-las-vacaciones-invierno-actividades-gratuitas\/#breadcrumb\",\"itemListElement\":[{\"@type\":\"ListItem\",\"position\":1,\"name\":\"Portada\",\"item\":\"http:\/\/vientosur.top\/museo\/\"},{\"@type\":\"ListItem\",\"position\":2,\"name\":\"Museo Violeta Parra invita a disfrutar las vacaciones de invierno con actividades gratuitas\"}]},{\"@type\":\"WebSite\",\"@id\":\"http:\/\/vientosur.top\/museo\/#website\",\"url\":\"http:\/\/vientosur.top\/museo\/\",\"name\":\"Museo Violeta Parra\",\"description\":\"Espacio que alberga tanto la memoria y legado creativo de la artista\",\"potentialAction\":[{\"@type\":\"SearchAction\",\"target\":{\"@type\":\"EntryPoint\",\"urlTemplate\":\"http:\/\/vientosur.top\/museo\/?s={search_term_string}\"},\"query-input\":{\"@type\":\"PropertyValueSpecification\",\"valueRequired\":true,\"valueName\":\"search_term_string\"}}],\"inLanguage\":\"es\"},{\"@type\":\"Person\",\"@id\":\"http:\/\/vientosur.top\/museo\/#\/schema\/person\/20c79d3c38800971feec8c2693c3dd9c\",\"name\":\"admin\",\"image\":{\"@type\":\"ImageObject\",\"inLanguage\":\"es\",\"@id\":\"http:\/\/vientosur.top\/museo\/#\/schema\/person\/image\/\",\"url\":\"https:\/\/secure.gravatar.com\/avatar\/713677ece3ffa642287213a80e5b773bce9ab81c269dd6d95102a990951c922f?s=96&d=mm&r=g\",\"contentUrl\":\"https:\/\/secure.gravatar.com\/avatar\/713677ece3ffa642287213a80e5b773bce9ab81c269dd6d95102a990951c922f?s=96&d=mm&r=g\",\"caption\":\"admin\"},\"sameAs\":[\"http:\/\/vientosur.top\/museo\"],\"url\":\"http:\/\/vientosur.top\/museo\/author\/comunicacionesmvp\/\"}]}<\/script>\n<!-- \/ Yoast SEO plugin. -->","yoast_head_json":{"title":"Museo Violeta Parra invita a disfrutar las vacaciones de invierno con actividades gratuitas - Museo Violeta Parra","robots":{"index":"index","follow":"follow","max-snippet":"max-snippet:-1","max-image-preview":"max-image-preview:large","max-video-preview":"max-video-preview:-1"},"canonical":"http:\/\/vientosur.top\/museo\/museo-violeta-parra-invita-disfrutar-las-vacaciones-invierno-actividades-gratuitas\/","og_locale":"es_ES","og_type":"article","og_title":"Museo Violeta Parra invita a disfrutar las vacaciones de invierno con actividades gratuitas - Museo Violeta Parra","og_description":"Durante el mes de julio, el museo presenta una diversa agenda cultural que incluye m\u00fasica en vivo, exhibici\u00f3n de documentales y talleres para ni\u00f1as y ni\u00f1os desde los 6 a\u00f1os. Lleg\u00f3 julio, el mes en que miles de estudiantes disfrutan de sus vacaciones de invierno. Pensando en el p\u00fablico familiar, el Museo Violeta Parra ofrecer\u00e1 [&hellip;]","og_url":"http:\/\/vientosur.top\/museo\/museo-violeta-parra-invita-disfrutar-las-vacaciones-invierno-actividades-gratuitas\/","og_site_name":"Museo Violeta Parra","article_published_time":"2018-07-10T19:29:05+00:00","og_image":[{"width":2560,"height":1702,"url":"http:\/\/vientosur.top\/museo\/wp-content\/uploads\/2018\/07\/mu\u00f1ecavioleta-scaled.jpg","type":"image\/jpeg"}],"author":"admin","twitter_card":"summary_large_image","twitter_misc":{"Escrito por":"admin","Tiempo de lectura":"3 minutos"},"schema":{"@context":"https:\/\/schema.org","@graph":[{"@type":"WebPage","@id":"http:\/\/vientosur.top\/museo\/museo-violeta-parra-invita-disfrutar-las-vacaciones-invierno-actividades-gratuitas\/","url":"http:\/\/vientosur.top\/museo\/museo-violeta-parra-invita-disfrutar-las-vacaciones-invierno-actividades-gratuitas\/","name":"Museo Violeta Parra invita a disfrutar las vacaciones de invierno con actividades gratuitas - Museo Violeta Parra","isPartOf":{"@id":"http:\/\/vientosur.top\/museo\/#website"},"primaryImageOfPage":{"@id":"http:\/\/vientosur.top\/museo\/museo-violeta-parra-invita-disfrutar-las-vacaciones-invierno-actividades-gratuitas\/#primaryimage"},"image":{"@id":"http:\/\/vientosur.top\/museo\/museo-violeta-parra-invita-disfrutar-las-vacaciones-invierno-actividades-gratuitas\/#primaryimage"},"thumbnailUrl":"http:\/\/vientosur.top\/museo\/wp-content\/uploads\/2018\/07\/mu\u00f1ecavioleta-scaled.jpg","datePublished":"2018-07-10T19:29:05+00:00","author":{"@id":"http:\/\/vientosur.top\/museo\/#\/schema\/person\/20c79d3c38800971feec8c2693c3dd9c"},"breadcrumb":{"@id":"http:\/\/vientosur.top\/museo\/museo-violeta-parra-invita-disfrutar-las-vacaciones-invierno-actividades-gratuitas\/#breadcrumb"},"inLanguage":"es","potentialAction":[{"@type":"ReadAction","target":["http:\/\/vientosur.top\/museo\/museo-violeta-parra-invita-disfrutar-las-vacaciones-invierno-actividades-gratuitas\/"]}]},{"@type":"ImageObject","inLanguage":"es","@id":"http:\/\/vientosur.top\/museo\/museo-violeta-parra-invita-disfrutar-las-vacaciones-invierno-actividades-gratuitas\/#primaryimage","url":"http:\/\/vientosur.top\/museo\/wp-content\/uploads\/2018\/07\/mu\u00f1ecavioleta-scaled.jpg","contentUrl":"http:\/\/vientosur.top\/museo\/wp-content\/uploads\/2018\/07\/mu\u00f1ecavioleta-scaled.jpg","width":2560,"height":1702},{"@type":"BreadcrumbList","@id":"http:\/\/vientosur.top\/museo\/museo-violeta-parra-invita-disfrutar-las-vacaciones-invierno-actividades-gratuitas\/#breadcrumb","itemListElement":[{"@type":"ListItem","position":1,"name":"Portada","item":"http:\/\/vientosur.top\/museo\/"},{"@type":"ListItem","position":2,"name":"Museo Violeta Parra invita a disfrutar las vacaciones de invierno con actividades gratuitas"}]},{"@type":"WebSite","@id":"http:\/\/vientosur.top\/museo\/#website","url":"http:\/\/vientosur.top\/museo\/","name":"Museo Violeta Parra","description":"Espacio que alberga tanto la memoria y legado creativo de la artista","potentialAction":[{"@type":"SearchAction","target":{"@type":"EntryPoint","urlTemplate":"http:\/\/vientosur.top\/museo\/?s={search_term_string}"},"query-input":{"@type":"PropertyValueSpecification","valueRequired":true,"valueName":"search_term_string"}}],"inLanguage":"es"},{"@type":"Person","@id":"http:\/\/vientosur.top\/museo\/#\/schema\/person\/20c79d3c38800971feec8c2693c3dd9c","name":"admin","image":{"@type":"ImageObject","inLanguage":"es","@id":"http:\/\/vientosur.top\/museo\/#\/schema\/person\/image\/","url":"https:\/\/secure.gravatar.com\/avatar\/713677ece3ffa642287213a80e5b773bce9ab81c269dd6d95102a990951c922f?s=96&d=mm&r=g","contentUrl":"https:\/\/secure.gravatar.com\/avatar\/713677ece3ffa642287213a80e5b773bce9ab81c269dd6d95102a990951c922f?s=96&d=mm&r=g","caption":"admin"},"sameAs":["http:\/\/vientosur.top\/museo"],"url":"http:\/\/vientosur.top\/museo\/author\/comunicacionesmvp\/"}]}},"_links":{"self":[{"href":"http:\/\/vientosur.top\/museo\/wp-json\/wp\/v2\/posts\/15592","targetHints":{"allow":["GET"]}}],"collection":[{"href":"http:\/\/vientosur.top\/museo\/wp-json\/wp\/v2\/posts"}],"about":[{"href":"http:\/\/vientosur.top\/museo\/wp-json\/wp\/v2\/types\/post"}],"author":[{"embeddable":true,"href":"http:\/\/vientosur.top\/museo\/wp-json\/wp\/v2\/users\/5"}],"replies":[{"embeddable":true,"href":"http:\/\/vientosur.top\/museo\/wp-json\/wp\/v2\/comments?post=15592"}],"version-history":[{"count":0,"href":"http:\/\/vientosur.top\/museo\/wp-json\/wp\/v2\/posts\/15592\/revisions"}],"wp:featuredmedia":[{"embeddable":true,"href":"http:\/\/vientosur.top\/museo\/wp-json\/wp\/v2\/media\/15593"}],"wp:attachment":[{"href":"http:\/\/vientosur.top\/museo\/wp-json\/wp\/v2\/media?parent=15592"}],"wp:term":[{"taxonomy":"category","embeddable":true,"href":"http:\/\/vientosur.top\/museo\/wp-json\/wp\/v2\/categories?post=15592"},{"taxonomy":"post_tag","embeddable":true,"href":"http:\/\/vientosur.top\/museo\/wp-json\/wp\/v2\/tags?post=15592"}],"curies":[{"name":"wp","href":"https:\/\/api.w.org\/{rel}","templated":true}]}}