{"id":15622,"date":"2018-07-12T11:47:21","date_gmt":"2018-07-12T16:47:21","guid":{"rendered":"http:\/\/vientosur.top\/museo\/?p=15622"},"modified":"2018-07-12T11:47:21","modified_gmt":"2018-07-12T16:47:21","slug":"museo-violeta-parra-exhibira-documentales-valparaiso-lebu-concepcion-este-domingo","status":"publish","type":"post","link":"http:\/\/vientosur.top\/museo\/museo-violeta-parra-exhibira-documentales-valparaiso-lebu-concepcion-este-domingo\/","title":{"rendered":"Museo Violeta Parra exhibi\u00f3 documentales de Valpara\u00edso, Lebu y Concepci\u00f3n"},"content":{"rendered":"<p><em> Cuatro fueron los cortometrajes que se presentaron en la tercera fecha del ciclo de la selecci\u00f3n del Festival Internacional CINELEBU.<\/em><\/p>\n<p>El domingo 15 de julio a las 16:00 horas se exhibi\u00f3 la selecci\u00f3n de trabajos audiovisuales que fueron parte de la programaci\u00f3n de este importante certamen cinematogr\u00e1fico.<\/p>\n<p>La Sala Antar del Museo Violeta Parra se volvi\u00f3 a convertir en una importante vitrina para que realizadores y realizadoras de todo Chile muestren su trabajo, gracias al convenio que el museo tiene con el Festival Internacional CINELEBU, suscrito en marzo del presente a\u00f1o.<\/p>\n<p>La primera historia que el p\u00fablico pudo disfrutar el domingo pasado fue la de Jonatan Carrera, un apacible bibliotecario que pasa su tiempo entre libros y cuentos, pero que una vez al mes se presenta como el gigante de Talcahuano, \u201cel Kraken\u201d, en un show de lucha libre. En el corto documental\u00a0\u00a0\u201cMi nombre es Kraken\u201d, dirigido por Octavio Spierccolli,\u00a0\u00a0Jonatan comparte sus experiencias, motivaciones y desaf\u00edos para llevar su pasi\u00f3n al p\u00fablico y as\u00ed lograr alcanzar su mayor objetivo: convertirse en el h\u00e9roe de su hija.<\/p>\n<p>La exhibici\u00f3n continu\u00f3 con \u201cBetty\u201d, cortometraje que lleva a la pantalla la historia de una poeta y gestora cultural, cuya pasi\u00f3n por la poes\u00eda la ha mantenido creando y abriendo oportunidades para otros artistas de la costera ciudad de Lebu, Regi\u00f3n del Bio Bio. En este documental de Ang\u00e9lica Beltr\u00e1n, Betty recorre sus memorias junto a los vestigios de la mansi\u00f3n Err\u00e1zuriz ahora convertida en museo en el Parque del Carb\u00f3n.<\/p>\n<p>Desde el puerto de Valpara\u00edso lleg\u00f3 \u201cUna c\u00e1rcel que se abri\u00f3\u201d,\u00a0\u00a0dirigido por Cristian Gabriel Vidal. A mediados del 2016 casi dos mil reos obtuvieron el beneficio de la libertad condicional. Algunos de ellos participaban de un taller art\u00edstico realizado en el centro de reclusi\u00f3n de Valpara\u00edso, donde profundizaron en sus voces po\u00e9ticas, abriendo nuevos espacios para manifestaciones art\u00edsticas y culturales en un sector permanentemente excluido por la sociedad.<\/p>\n<p>Tambi\u00e9n, desde la ciudad puerto,\u00a0\u00a0se present\u00f3 \u201cCompa\u00f1ero Mario no existimos\u201d, cinta experimental dirigida por Pavlo Mark y protagonizada por un jubilado indignado que reclama frente a La Moneda contra la decadencia permanente de la clase pol\u00edtica.<\/p>\n<p><strong>Sobre el Festival CINELEBU<\/strong><\/p>\n<p>En febrero de 2018 se desarroll\u00f3 la 18\u00aa versi\u00f3n del Festival Internacional de Cine de Lebu (CINELEBU) en Lebu, Ca\u00f1ete y Concepci\u00f3n, instancia que marc\u00f3 un hito en Chile y en festivales de cine, al anunciar que por primera vez un festival de cine del Cono Sur, es calificador de cortometrajes para los Premios Oscar. De esa categor\u00eda existen s\u00f3lo cinco en Latinoam\u00e9rica: Guadalajara, Guanajuato, Cartagena, Grand Prix (Brasil) y Morelia.<\/p>\n<p>&nbsp;<\/p>\n<p><strong>Documentales regionales del Festival Internacional CINELEBU<br \/>\nDomingo 15 de julio \/ 16:00 horas \/Sala Antar<br \/>\nAvenida Vicu\u00f1a Mackenna 37, Metro Baquedano<br \/>\nEntrada liberada<br \/>\n<\/strong><\/p>\n<p>\u201cMi nombre es Kraken\u201d<br \/>\nDirector:\u00a0Octavio Spiercolli<br \/>\nDuraci\u00f3n: 12 minutos<br \/>\nCiudad: Concepci\u00f3n<\/p>\n<p>\u201cBetty\u201d<br \/>\nDirectora:\u00a0Ang\u00e9lica Beltr\u00e1n<br \/>\nDuraci\u00f3n: 11 minutos<br \/>\nCiudad: Lebu<\/p>\n<p>\u201cUna c\u00e1rcel que se abri\u00f3\u201d<br \/>\nDirector:\u00a0Cristian Gabriel Vidal<br \/>\nDuraci\u00f3n: 26 minutos<br \/>\nCiudad: Valpara\u00edso<\/p>\n<p>\u201cCompa\u00f1ero Mario no existimos\u201d<br \/>\nDirector:\u00a0Pavlo Mark<br \/>\nDuraci\u00f3n: 19 minutos<br \/>\nCiudad: Valpara\u00edso<\/p>\n<p>&nbsp;<\/p>\n","protected":false},"excerpt":{"rendered":"<p>Cuatro fueron los cortometrajes que se presentaron en la tercera fecha del ciclo de la selecci\u00f3n del Festival Internacional CINELEBU. El domingo 15 de julio a las 16:00 horas se exhibi\u00f3 la selecci\u00f3n de trabajos audiovisuales que fueron parte de la programaci\u00f3n de este importante certamen cinematogr\u00e1fico. La Sala Antar del Museo Violeta Parra se [&hellip;]<\/p>\n","protected":false},"author":5,"featured_media":15621,"comment_status":"open","ping_status":"open","sticky":false,"template":"","format":"standard","meta":{"site-sidebar-layout":"default","site-content-layout":"","ast-site-content-layout":"default","site-content-style":"default","site-sidebar-style":"default","ast-global-header-display":"","ast-banner-title-visibility":"","ast-main-header-display":"","ast-hfb-above-header-display":"","ast-hfb-below-header-display":"","ast-hfb-mobile-header-display":"","site-post-title":"","ast-breadcrumbs-content":"","ast-featured-img":"","footer-sml-layout":"","theme-transparent-header-meta":"","adv-header-id-meta":"","stick-header-meta":"","header-above-stick-meta":"","header-main-stick-meta":"","header-below-stick-meta":"","astra-migrate-meta-layouts":"default","ast-page-background-enabled":"default","ast-page-background-meta":{"desktop":{"background-color":"var(--ast-global-color-4)","background-image":"","background-repeat":"repeat","background-position":"center center","background-size":"auto","background-attachment":"scroll","background-type":"","background-media":"","overlay-type":"","overlay-color":"","overlay-opacity":"","overlay-gradient":""},"tablet":{"background-color":"","background-image":"","background-repeat":"repeat","background-position":"center center","background-size":"auto","background-attachment":"scroll","background-type":"","background-media":"","overlay-type":"","overlay-color":"","overlay-opacity":"","overlay-gradient":""},"mobile":{"background-color":"","background-image":"","background-repeat":"repeat","background-position":"center center","background-size":"auto","background-attachment":"scroll","background-type":"","background-media":"","overlay-type":"","overlay-color":"","overlay-opacity":"","overlay-gradient":""}},"ast-content-background-meta":{"desktop":{"background-color":"var(--ast-global-color-5)","background-image":"","background-repeat":"repeat","background-position":"center center","background-size":"auto","background-attachment":"scroll","background-type":"","background-media":"","overlay-type":"","overlay-color":"","overlay-opacity":"","overlay-gradient":""},"tablet":{"background-color":"var(--ast-global-color-5)","background-image":"","background-repeat":"repeat","background-position":"center center","background-size":"auto","background-attachment":"scroll","background-type":"","background-media":"","overlay-type":"","overlay-color":"","overlay-opacity":"","overlay-gradient":""},"mobile":{"background-color":"var(--ast-global-color-5)","background-image":"","background-repeat":"repeat","background-position":"center center","background-size":"auto","background-attachment":"scroll","background-type":"","background-media":"","overlay-type":"","overlay-color":"","overlay-opacity":"","overlay-gradient":""}},"footnotes":""},"categories":[59,8,61],"tags":[],"class_list":["post-15622","post","type-post","status-publish","format-standard","has-post-thumbnail","hentry","category-destacado-noticia","category-noticias","category-novedades"],"yoast_head":"<!-- This site is optimized with the Yoast SEO plugin v25.4 - https:\/\/yoast.com\/wordpress\/plugins\/seo\/ -->\n<title>Museo Violeta Parra exhibi\u00f3 documentales de Valpara\u00edso, Lebu y Concepci\u00f3n - Museo Violeta Parra<\/title>\n<meta name=\"robots\" content=\"index, follow, max-snippet:-1, max-image-preview:large, max-video-preview:-1\" \/>\n<link rel=\"canonical\" href=\"http:\/\/vientosur.top\/museo\/museo-violeta-parra-exhibira-documentales-valparaiso-lebu-concepcion-este-domingo\/\" \/>\n<meta property=\"og:locale\" content=\"es_ES\" \/>\n<meta property=\"og:type\" content=\"article\" \/>\n<meta property=\"og:title\" content=\"Museo Violeta Parra exhibi\u00f3 documentales de Valpara\u00edso, Lebu y Concepci\u00f3n - Museo Violeta Parra\" \/>\n<meta property=\"og:description\" content=\"Cuatro fueron los cortometrajes que se presentaron en la tercera fecha del ciclo de la selecci\u00f3n del Festival Internacional CINELEBU. El domingo 15 de julio a las 16:00 horas se exhibi\u00f3 la selecci\u00f3n de trabajos audiovisuales que fueron parte de la programaci\u00f3n de este importante certamen cinematogr\u00e1fico. La Sala Antar del Museo Violeta Parra se [&hellip;]\" \/>\n<meta property=\"og:url\" content=\"http:\/\/vientosur.top\/museo\/museo-violeta-parra-exhibira-documentales-valparaiso-lebu-concepcion-este-domingo\/\" \/>\n<meta property=\"og:site_name\" content=\"Museo Violeta Parra\" \/>\n<meta property=\"article:published_time\" content=\"2018-07-12T16:47:21+00:00\" \/>\n<meta property=\"og:image\" content=\"http:\/\/vientosur.top\/museo\/wp-content\/uploads\/2018\/07\/Mi-Nombre-es-Kraken.png\" \/>\n\t<meta property=\"og:image:width\" content=\"1702\" \/>\n\t<meta property=\"og:image:height\" content=\"1052\" \/>\n\t<meta property=\"og:image:type\" content=\"image\/png\" \/>\n<meta name=\"author\" content=\"admin\" \/>\n<meta name=\"twitter:card\" content=\"summary_large_image\" \/>\n<meta name=\"twitter:label1\" content=\"Escrito por\" \/>\n\t<meta name=\"twitter:data1\" content=\"admin\" \/>\n\t<meta name=\"twitter:label2\" content=\"Tiempo de lectura\" \/>\n\t<meta name=\"twitter:data2\" content=\"3 minutos\" \/>\n<script type=\"application\/ld+json\" class=\"yoast-schema-graph\">{\"@context\":\"https:\/\/schema.org\",\"@graph\":[{\"@type\":\"WebPage\",\"@id\":\"http:\/\/vientosur.top\/museo\/museo-violeta-parra-exhibira-documentales-valparaiso-lebu-concepcion-este-domingo\/\",\"url\":\"http:\/\/vientosur.top\/museo\/museo-violeta-parra-exhibira-documentales-valparaiso-lebu-concepcion-este-domingo\/\",\"name\":\"Museo Violeta Parra exhibi\u00f3 documentales de Valpara\u00edso, Lebu y Concepci\u00f3n - Museo Violeta Parra\",\"isPartOf\":{\"@id\":\"http:\/\/vientosur.top\/museo\/#website\"},\"primaryImageOfPage\":{\"@id\":\"http:\/\/vientosur.top\/museo\/museo-violeta-parra-exhibira-documentales-valparaiso-lebu-concepcion-este-domingo\/#primaryimage\"},\"image\":{\"@id\":\"http:\/\/vientosur.top\/museo\/museo-violeta-parra-exhibira-documentales-valparaiso-lebu-concepcion-este-domingo\/#primaryimage\"},\"thumbnailUrl\":\"http:\/\/vientosur.top\/museo\/wp-content\/uploads\/2018\/07\/Mi-Nombre-es-Kraken.png\",\"datePublished\":\"2018-07-12T16:47:21+00:00\",\"author\":{\"@id\":\"http:\/\/vientosur.top\/museo\/#\/schema\/person\/20c79d3c38800971feec8c2693c3dd9c\"},\"breadcrumb\":{\"@id\":\"http:\/\/vientosur.top\/museo\/museo-violeta-parra-exhibira-documentales-valparaiso-lebu-concepcion-este-domingo\/#breadcrumb\"},\"inLanguage\":\"es\",\"potentialAction\":[{\"@type\":\"ReadAction\",\"target\":[\"http:\/\/vientosur.top\/museo\/museo-violeta-parra-exhibira-documentales-valparaiso-lebu-concepcion-este-domingo\/\"]}]},{\"@type\":\"ImageObject\",\"inLanguage\":\"es\",\"@id\":\"http:\/\/vientosur.top\/museo\/museo-violeta-parra-exhibira-documentales-valparaiso-lebu-concepcion-este-domingo\/#primaryimage\",\"url\":\"http:\/\/vientosur.top\/museo\/wp-content\/uploads\/2018\/07\/Mi-Nombre-es-Kraken.png\",\"contentUrl\":\"http:\/\/vientosur.top\/museo\/wp-content\/uploads\/2018\/07\/Mi-Nombre-es-Kraken.png\",\"width\":1702,\"height\":1052},{\"@type\":\"BreadcrumbList\",\"@id\":\"http:\/\/vientosur.top\/museo\/museo-violeta-parra-exhibira-documentales-valparaiso-lebu-concepcion-este-domingo\/#breadcrumb\",\"itemListElement\":[{\"@type\":\"ListItem\",\"position\":1,\"name\":\"Portada\",\"item\":\"http:\/\/vientosur.top\/museo\/\"},{\"@type\":\"ListItem\",\"position\":2,\"name\":\"Museo Violeta Parra exhibi\u00f3 documentales de Valpara\u00edso, Lebu y Concepci\u00f3n\"}]},{\"@type\":\"WebSite\",\"@id\":\"http:\/\/vientosur.top\/museo\/#website\",\"url\":\"http:\/\/vientosur.top\/museo\/\",\"name\":\"Museo Violeta Parra\",\"description\":\"Espacio que alberga tanto la memoria y legado creativo de la artista\",\"potentialAction\":[{\"@type\":\"SearchAction\",\"target\":{\"@type\":\"EntryPoint\",\"urlTemplate\":\"http:\/\/vientosur.top\/museo\/?s={search_term_string}\"},\"query-input\":{\"@type\":\"PropertyValueSpecification\",\"valueRequired\":true,\"valueName\":\"search_term_string\"}}],\"inLanguage\":\"es\"},{\"@type\":\"Person\",\"@id\":\"http:\/\/vientosur.top\/museo\/#\/schema\/person\/20c79d3c38800971feec8c2693c3dd9c\",\"name\":\"admin\",\"image\":{\"@type\":\"ImageObject\",\"inLanguage\":\"es\",\"@id\":\"http:\/\/vientosur.top\/museo\/#\/schema\/person\/image\/\",\"url\":\"https:\/\/secure.gravatar.com\/avatar\/713677ece3ffa642287213a80e5b773bce9ab81c269dd6d95102a990951c922f?s=96&d=mm&r=g\",\"contentUrl\":\"https:\/\/secure.gravatar.com\/avatar\/713677ece3ffa642287213a80e5b773bce9ab81c269dd6d95102a990951c922f?s=96&d=mm&r=g\",\"caption\":\"admin\"},\"sameAs\":[\"http:\/\/vientosur.top\/museo\"],\"url\":\"http:\/\/vientosur.top\/museo\/author\/comunicacionesmvp\/\"}]}<\/script>\n<!-- \/ Yoast SEO plugin. -->","yoast_head_json":{"title":"Museo Violeta Parra exhibi\u00f3 documentales de Valpara\u00edso, Lebu y Concepci\u00f3n - Museo Violeta Parra","robots":{"index":"index","follow":"follow","max-snippet":"max-snippet:-1","max-image-preview":"max-image-preview:large","max-video-preview":"max-video-preview:-1"},"canonical":"http:\/\/vientosur.top\/museo\/museo-violeta-parra-exhibira-documentales-valparaiso-lebu-concepcion-este-domingo\/","og_locale":"es_ES","og_type":"article","og_title":"Museo Violeta Parra exhibi\u00f3 documentales de Valpara\u00edso, Lebu y Concepci\u00f3n - Museo Violeta Parra","og_description":"Cuatro fueron los cortometrajes que se presentaron en la tercera fecha del ciclo de la selecci\u00f3n del Festival Internacional CINELEBU. El domingo 15 de julio a las 16:00 horas se exhibi\u00f3 la selecci\u00f3n de trabajos audiovisuales que fueron parte de la programaci\u00f3n de este importante certamen cinematogr\u00e1fico. La Sala Antar del Museo Violeta Parra se [&hellip;]","og_url":"http:\/\/vientosur.top\/museo\/museo-violeta-parra-exhibira-documentales-valparaiso-lebu-concepcion-este-domingo\/","og_site_name":"Museo Violeta Parra","article_published_time":"2018-07-12T16:47:21+00:00","og_image":[{"width":1702,"height":1052,"url":"http:\/\/vientosur.top\/museo\/wp-content\/uploads\/2018\/07\/Mi-Nombre-es-Kraken.png","type":"image\/png"}],"author":"admin","twitter_card":"summary_large_image","twitter_misc":{"Escrito por":"admin","Tiempo de lectura":"3 minutos"},"schema":{"@context":"https:\/\/schema.org","@graph":[{"@type":"WebPage","@id":"http:\/\/vientosur.top\/museo\/museo-violeta-parra-exhibira-documentales-valparaiso-lebu-concepcion-este-domingo\/","url":"http:\/\/vientosur.top\/museo\/museo-violeta-parra-exhibira-documentales-valparaiso-lebu-concepcion-este-domingo\/","name":"Museo Violeta Parra exhibi\u00f3 documentales de Valpara\u00edso, Lebu y Concepci\u00f3n - Museo Violeta Parra","isPartOf":{"@id":"http:\/\/vientosur.top\/museo\/#website"},"primaryImageOfPage":{"@id":"http:\/\/vientosur.top\/museo\/museo-violeta-parra-exhibira-documentales-valparaiso-lebu-concepcion-este-domingo\/#primaryimage"},"image":{"@id":"http:\/\/vientosur.top\/museo\/museo-violeta-parra-exhibira-documentales-valparaiso-lebu-concepcion-este-domingo\/#primaryimage"},"thumbnailUrl":"http:\/\/vientosur.top\/museo\/wp-content\/uploads\/2018\/07\/Mi-Nombre-es-Kraken.png","datePublished":"2018-07-12T16:47:21+00:00","author":{"@id":"http:\/\/vientosur.top\/museo\/#\/schema\/person\/20c79d3c38800971feec8c2693c3dd9c"},"breadcrumb":{"@id":"http:\/\/vientosur.top\/museo\/museo-violeta-parra-exhibira-documentales-valparaiso-lebu-concepcion-este-domingo\/#breadcrumb"},"inLanguage":"es","potentialAction":[{"@type":"ReadAction","target":["http:\/\/vientosur.top\/museo\/museo-violeta-parra-exhibira-documentales-valparaiso-lebu-concepcion-este-domingo\/"]}]},{"@type":"ImageObject","inLanguage":"es","@id":"http:\/\/vientosur.top\/museo\/museo-violeta-parra-exhibira-documentales-valparaiso-lebu-concepcion-este-domingo\/#primaryimage","url":"http:\/\/vientosur.top\/museo\/wp-content\/uploads\/2018\/07\/Mi-Nombre-es-Kraken.png","contentUrl":"http:\/\/vientosur.top\/museo\/wp-content\/uploads\/2018\/07\/Mi-Nombre-es-Kraken.png","width":1702,"height":1052},{"@type":"BreadcrumbList","@id":"http:\/\/vientosur.top\/museo\/museo-violeta-parra-exhibira-documentales-valparaiso-lebu-concepcion-este-domingo\/#breadcrumb","itemListElement":[{"@type":"ListItem","position":1,"name":"Portada","item":"http:\/\/vientosur.top\/museo\/"},{"@type":"ListItem","position":2,"name":"Museo Violeta Parra exhibi\u00f3 documentales de Valpara\u00edso, Lebu y Concepci\u00f3n"}]},{"@type":"WebSite","@id":"http:\/\/vientosur.top\/museo\/#website","url":"http:\/\/vientosur.top\/museo\/","name":"Museo Violeta Parra","description":"Espacio que alberga tanto la memoria y legado creativo de la artista","potentialAction":[{"@type":"SearchAction","target":{"@type":"EntryPoint","urlTemplate":"http:\/\/vientosur.top\/museo\/?s={search_term_string}"},"query-input":{"@type":"PropertyValueSpecification","valueRequired":true,"valueName":"search_term_string"}}],"inLanguage":"es"},{"@type":"Person","@id":"http:\/\/vientosur.top\/museo\/#\/schema\/person\/20c79d3c38800971feec8c2693c3dd9c","name":"admin","image":{"@type":"ImageObject","inLanguage":"es","@id":"http:\/\/vientosur.top\/museo\/#\/schema\/person\/image\/","url":"https:\/\/secure.gravatar.com\/avatar\/713677ece3ffa642287213a80e5b773bce9ab81c269dd6d95102a990951c922f?s=96&d=mm&r=g","contentUrl":"https:\/\/secure.gravatar.com\/avatar\/713677ece3ffa642287213a80e5b773bce9ab81c269dd6d95102a990951c922f?s=96&d=mm&r=g","caption":"admin"},"sameAs":["http:\/\/vientosur.top\/museo"],"url":"http:\/\/vientosur.top\/museo\/author\/comunicacionesmvp\/"}]}},"_links":{"self":[{"href":"http:\/\/vientosur.top\/museo\/wp-json\/wp\/v2\/posts\/15622","targetHints":{"allow":["GET"]}}],"collection":[{"href":"http:\/\/vientosur.top\/museo\/wp-json\/wp\/v2\/posts"}],"about":[{"href":"http:\/\/vientosur.top\/museo\/wp-json\/wp\/v2\/types\/post"}],"author":[{"embeddable":true,"href":"http:\/\/vientosur.top\/museo\/wp-json\/wp\/v2\/users\/5"}],"replies":[{"embeddable":true,"href":"http:\/\/vientosur.top\/museo\/wp-json\/wp\/v2\/comments?post=15622"}],"version-history":[{"count":0,"href":"http:\/\/vientosur.top\/museo\/wp-json\/wp\/v2\/posts\/15622\/revisions"}],"wp:featuredmedia":[{"embeddable":true,"href":"http:\/\/vientosur.top\/museo\/wp-json\/wp\/v2\/media\/15621"}],"wp:attachment":[{"href":"http:\/\/vientosur.top\/museo\/wp-json\/wp\/v2\/media?parent=15622"}],"wp:term":[{"taxonomy":"category","embeddable":true,"href":"http:\/\/vientosur.top\/museo\/wp-json\/wp\/v2\/categories?post=15622"},{"taxonomy":"post_tag","embeddable":true,"href":"http:\/\/vientosur.top\/museo\/wp-json\/wp\/v2\/tags?post=15622"}],"curies":[{"name":"wp","href":"https:\/\/api.w.org\/{rel}","templated":true}]}}