{"id":15684,"date":"2018-07-18T14:15:51","date_gmt":"2018-07-18T19:15:51","guid":{"rendered":"http:\/\/vientosur.top\/museo\/?p=15684"},"modified":"2018-07-18T14:15:51","modified_gmt":"2018-07-18T19:15:51","slug":"museo-violeta-parra-recordara-antar-parra-dos-recitales-gratuitos","status":"publish","type":"post","link":"http:\/\/vientosur.top\/museo\/museo-violeta-parra-recordara-antar-parra-dos-recitales-gratuitos\/","title":{"rendered":"Museo Violeta Parra record\u00f3 a Antar Parra con dos recitales gratuitos"},"content":{"rendered":"<p><em>El s\u00e1bado 21 y el domingo 22 de julio se realizaron dos presentaciones musicales a ocho a\u00f1os de la partida del m\u00fasico y bisnieto de Violeta Parra. Participaron Tita Parra, la banda de\u00a0reggae Kitra y m\u00fasicos invitados.\u00a0<\/em><\/p>\n<p>En julio se cumplieron ocho a\u00f1os de la partida de Antar Parra, joven m\u00fasico chileno, bisnieto de Violeta Parra. En ese contexto, el museo present\u00f3 dos recitales en su honor, el s\u00e1bado 21 y el domingo 22 de julio a las 16:00 horas.<\/p>\n<p>Nacido en 1982, Antar es recordado por\u00a0su creatividad y amor a la m\u00fasica. Curs\u00f3 las carreras de int\u00e9rprete instrumental en guitarra y composici\u00f3n musical en las escuelas de M\u00fasica Moderna y Pro-Jazz de Santiago. Junto con ser el acompa\u00f1ante habitual de su madre Tita, y de su abuela Isabel Parra, el artista ten\u00eda, desde 2007, su propia banda llamada \u00c1cido Un Placer.<\/p>\n<p>Rescatando su entrega a la vida, amistad y generosa alegr\u00eda, la sala del Museo Violeta Parra que lleva su nombre fue el lugar donde la banda de reggae latino Kitra y Tita Parra, junto a varios m\u00fasicos invitados, recordaron y homenajearon al joven creador.<\/p>\n<p><strong>Fin de semana musical<\/strong><\/p>\n<p>\u201cCelebramos a Antar Parra en el coraz\u00f3n: Tita Parra y m\u00fasicos invitados\u201d, fue el nombre del primer encuentro musical para recordar artista. El recital se desarroll\u00f3 el s\u00e1bado 21 de julio a las 16:00 en el museo ubicado en\u00a0<a href=\"https:\/\/maps.google.com\/?q=Vicu%C3%B1a+Mackenna+37&amp;entry=gmail&amp;source=g\">Vicu\u00f1a Mackenna 37<\/a>, metro Baquedano.<\/p>\n<p>Cantautora, guitarrista y tecladista, Tita Parra lider\u00f3 este encuentro musical. La mayor de las hijas de Isabel Parra cuenta con una discograf\u00eda que destaca por la fusi\u00f3n entre ritmos de ra\u00edz folcl\u00f3rica, el jazz y la bossa nova.<\/p>\n<p><iframe style=\"border: none; overflow: hidden;\" src=\"https:\/\/www.facebook.com\/plugins\/video.php?href=https%3A%2F%2Fwww.facebook.com%2FMuseoVioletaParra%2Fvideos%2F2167398313503578%2F&amp;show_text=0&amp;width=560\" width=\"560\" height=\"315\" frameborder=\"0\" scrolling=\"no\" allowfullscreen=\"allowfullscreen\"><\/iframe><\/p>\n<p>En la segunda jornada musical, que se desarroll\u00f3 el domingo 22 de julio a las 16:00 horas, el protagonista fue el reggae con la presentaci\u00f3n en vivo de Kitra, agrupaci\u00f3n que mostr\u00f3 su tercer disco de estudio llamado L.R.R. (Latino Rock Reggae).<\/p>\n<p>En su primera presentaci\u00f3n en el Museo Violeta Parra, Kitra tambi\u00e9n hizo un repaso por su discograf\u00eda que incluye los discos \u201cSomos muchos\u2026\u201d y \u201cLo Justo\u201d.<\/p>\n<p>Sobre su presentaci\u00f3n, Manuel\u00a0\u00a0Araya, vocalista del conjunto, explic\u00f3 que \u201cpara nosotros es muy especial. Somos amigos de la vida con Tita y Antar y desde que la banda naci\u00f3 ensay\u00e1bamos en su casa. De alguna manera nos apadrinaron en nuestros inicios. No recordaremos su partida sino que celebraremos su existencia, con Antar en el coraz\u00f3n\u201d, dijo.<\/p>\n<p><iframe src=\"https:\/\/www.facebook.com\/plugins\/video.php?href=https%3A%2F%2Fwww.facebook.com%2FMuseoVioletaParra%2Fvideos%2F2163188380591238%2F&amp;show_text=0&amp;width=560\" width=\"560\" height=\"315\" frameborder=\"0\" scrolling=\"no\" allowfullscreen=\"allowfullscreen\"><\/iframe><\/p>\n<p>&nbsp;<\/p>\n","protected":false},"excerpt":{"rendered":"<p>El s\u00e1bado 21 y el domingo 22 de julio se realizaron dos presentaciones musicales a ocho a\u00f1os de la partida del m\u00fasico y bisnieto de Violeta Parra. Participaron Tita Parra, la banda de\u00a0reggae Kitra y m\u00fasicos invitados.\u00a0 En julio se cumplieron ocho a\u00f1os de la partida de Antar Parra, joven m\u00fasico chileno, bisnieto de Violeta [&hellip;]<\/p>\n","protected":false},"author":5,"featured_media":15705,"comment_status":"open","ping_status":"open","sticky":false,"template":"","format":"standard","meta":{"site-sidebar-layout":"default","site-content-layout":"","ast-site-content-layout":"default","site-content-style":"default","site-sidebar-style":"default","ast-global-header-display":"","ast-banner-title-visibility":"","ast-main-header-display":"","ast-hfb-above-header-display":"","ast-hfb-below-header-display":"","ast-hfb-mobile-header-display":"","site-post-title":"","ast-breadcrumbs-content":"","ast-featured-img":"","footer-sml-layout":"","theme-transparent-header-meta":"","adv-header-id-meta":"","stick-header-meta":"","header-above-stick-meta":"","header-main-stick-meta":"","header-below-stick-meta":"","astra-migrate-meta-layouts":"default","ast-page-background-enabled":"default","ast-page-background-meta":{"desktop":{"background-color":"var(--ast-global-color-4)","background-image":"","background-repeat":"repeat","background-position":"center center","background-size":"auto","background-attachment":"scroll","background-type":"","background-media":"","overlay-type":"","overlay-color":"","overlay-opacity":"","overlay-gradient":""},"tablet":{"background-color":"","background-image":"","background-repeat":"repeat","background-position":"center center","background-size":"auto","background-attachment":"scroll","background-type":"","background-media":"","overlay-type":"","overlay-color":"","overlay-opacity":"","overlay-gradient":""},"mobile":{"background-color":"","background-image":"","background-repeat":"repeat","background-position":"center center","background-size":"auto","background-attachment":"scroll","background-type":"","background-media":"","overlay-type":"","overlay-color":"","overlay-opacity":"","overlay-gradient":""}},"ast-content-background-meta":{"desktop":{"background-color":"var(--ast-global-color-5)","background-image":"","background-repeat":"repeat","background-position":"center center","background-size":"auto","background-attachment":"scroll","background-type":"","background-media":"","overlay-type":"","overlay-color":"","overlay-opacity":"","overlay-gradient":""},"tablet":{"background-color":"var(--ast-global-color-5)","background-image":"","background-repeat":"repeat","background-position":"center center","background-size":"auto","background-attachment":"scroll","background-type":"","background-media":"","overlay-type":"","overlay-color":"","overlay-opacity":"","overlay-gradient":""},"mobile":{"background-color":"var(--ast-global-color-5)","background-image":"","background-repeat":"repeat","background-position":"center center","background-size":"auto","background-attachment":"scroll","background-type":"","background-media":"","overlay-type":"","overlay-color":"","overlay-opacity":"","overlay-gradient":""}},"footnotes":""},"categories":[59,8,61],"tags":[],"class_list":["post-15684","post","type-post","status-publish","format-standard","has-post-thumbnail","hentry","category-destacado-noticia","category-noticias","category-novedades"],"yoast_head":"<!-- This site is optimized with the Yoast SEO plugin v25.4 - https:\/\/yoast.com\/wordpress\/plugins\/seo\/ -->\n<title>Museo Violeta Parra record\u00f3 a Antar Parra con dos recitales gratuitos - Museo Violeta Parra<\/title>\n<meta name=\"robots\" content=\"index, follow, max-snippet:-1, max-image-preview:large, max-video-preview:-1\" \/>\n<link rel=\"canonical\" href=\"http:\/\/vientosur.top\/museo\/museo-violeta-parra-recordara-antar-parra-dos-recitales-gratuitos\/\" \/>\n<meta property=\"og:locale\" content=\"es_ES\" \/>\n<meta property=\"og:type\" content=\"article\" \/>\n<meta property=\"og:title\" content=\"Museo Violeta Parra record\u00f3 a Antar Parra con dos recitales gratuitos - Museo Violeta Parra\" \/>\n<meta property=\"og:description\" content=\"El s\u00e1bado 21 y el domingo 22 de julio se realizaron dos presentaciones musicales a ocho a\u00f1os de la partida del m\u00fasico y bisnieto de Violeta Parra. Participaron Tita Parra, la banda de\u00a0reggae Kitra y m\u00fasicos invitados.\u00a0 En julio se cumplieron ocho a\u00f1os de la partida de Antar Parra, joven m\u00fasico chileno, bisnieto de Violeta [&hellip;]\" \/>\n<meta property=\"og:url\" content=\"http:\/\/vientosur.top\/museo\/museo-violeta-parra-recordara-antar-parra-dos-recitales-gratuitos\/\" \/>\n<meta property=\"og:site_name\" content=\"Museo Violeta Parra\" \/>\n<meta property=\"article:published_time\" content=\"2018-07-18T19:15:51+00:00\" \/>\n<meta property=\"og:image\" content=\"http:\/\/vientosur.top\/museo\/wp-content\/uploads\/2018\/07\/37568668_10155483046770671_5992876930213347328_n.jpg\" \/>\n\t<meta property=\"og:image:width\" content=\"960\" \/>\n\t<meta property=\"og:image:height\" content=\"720\" \/>\n\t<meta property=\"og:image:type\" content=\"image\/jpeg\" \/>\n<meta name=\"author\" content=\"admin\" \/>\n<meta name=\"twitter:card\" content=\"summary_large_image\" \/>\n<meta name=\"twitter:label1\" content=\"Escrito por\" \/>\n\t<meta name=\"twitter:data1\" content=\"admin\" \/>\n\t<meta name=\"twitter:label2\" content=\"Tiempo de lectura\" \/>\n\t<meta name=\"twitter:data2\" content=\"2 minutos\" \/>\n<script type=\"application\/ld+json\" class=\"yoast-schema-graph\">{\"@context\":\"https:\/\/schema.org\",\"@graph\":[{\"@type\":\"WebPage\",\"@id\":\"http:\/\/vientosur.top\/museo\/museo-violeta-parra-recordara-antar-parra-dos-recitales-gratuitos\/\",\"url\":\"http:\/\/vientosur.top\/museo\/museo-violeta-parra-recordara-antar-parra-dos-recitales-gratuitos\/\",\"name\":\"Museo Violeta Parra record\u00f3 a Antar Parra con dos recitales gratuitos - Museo Violeta Parra\",\"isPartOf\":{\"@id\":\"http:\/\/vientosur.top\/museo\/#website\"},\"primaryImageOfPage\":{\"@id\":\"http:\/\/vientosur.top\/museo\/museo-violeta-parra-recordara-antar-parra-dos-recitales-gratuitos\/#primaryimage\"},\"image\":{\"@id\":\"http:\/\/vientosur.top\/museo\/museo-violeta-parra-recordara-antar-parra-dos-recitales-gratuitos\/#primaryimage\"},\"thumbnailUrl\":\"http:\/\/vientosur.top\/museo\/wp-content\/uploads\/2018\/07\/37568668_10155483046770671_5992876930213347328_n.jpg\",\"datePublished\":\"2018-07-18T19:15:51+00:00\",\"author\":{\"@id\":\"http:\/\/vientosur.top\/museo\/#\/schema\/person\/20c79d3c38800971feec8c2693c3dd9c\"},\"breadcrumb\":{\"@id\":\"http:\/\/vientosur.top\/museo\/museo-violeta-parra-recordara-antar-parra-dos-recitales-gratuitos\/#breadcrumb\"},\"inLanguage\":\"es\",\"potentialAction\":[{\"@type\":\"ReadAction\",\"target\":[\"http:\/\/vientosur.top\/museo\/museo-violeta-parra-recordara-antar-parra-dos-recitales-gratuitos\/\"]}]},{\"@type\":\"ImageObject\",\"inLanguage\":\"es\",\"@id\":\"http:\/\/vientosur.top\/museo\/museo-violeta-parra-recordara-antar-parra-dos-recitales-gratuitos\/#primaryimage\",\"url\":\"http:\/\/vientosur.top\/museo\/wp-content\/uploads\/2018\/07\/37568668_10155483046770671_5992876930213347328_n.jpg\",\"contentUrl\":\"http:\/\/vientosur.top\/museo\/wp-content\/uploads\/2018\/07\/37568668_10155483046770671_5992876930213347328_n.jpg\",\"width\":960,\"height\":720},{\"@type\":\"BreadcrumbList\",\"@id\":\"http:\/\/vientosur.top\/museo\/museo-violeta-parra-recordara-antar-parra-dos-recitales-gratuitos\/#breadcrumb\",\"itemListElement\":[{\"@type\":\"ListItem\",\"position\":1,\"name\":\"Portada\",\"item\":\"http:\/\/vientosur.top\/museo\/\"},{\"@type\":\"ListItem\",\"position\":2,\"name\":\"Museo Violeta Parra record\u00f3 a Antar Parra con dos recitales gratuitos\"}]},{\"@type\":\"WebSite\",\"@id\":\"http:\/\/vientosur.top\/museo\/#website\",\"url\":\"http:\/\/vientosur.top\/museo\/\",\"name\":\"Museo Violeta Parra\",\"description\":\"Espacio que alberga tanto la memoria y legado creativo de la artista\",\"potentialAction\":[{\"@type\":\"SearchAction\",\"target\":{\"@type\":\"EntryPoint\",\"urlTemplate\":\"http:\/\/vientosur.top\/museo\/?s={search_term_string}\"},\"query-input\":{\"@type\":\"PropertyValueSpecification\",\"valueRequired\":true,\"valueName\":\"search_term_string\"}}],\"inLanguage\":\"es\"},{\"@type\":\"Person\",\"@id\":\"http:\/\/vientosur.top\/museo\/#\/schema\/person\/20c79d3c38800971feec8c2693c3dd9c\",\"name\":\"admin\",\"image\":{\"@type\":\"ImageObject\",\"inLanguage\":\"es\",\"@id\":\"http:\/\/vientosur.top\/museo\/#\/schema\/person\/image\/\",\"url\":\"https:\/\/secure.gravatar.com\/avatar\/713677ece3ffa642287213a80e5b773bce9ab81c269dd6d95102a990951c922f?s=96&d=mm&r=g\",\"contentUrl\":\"https:\/\/secure.gravatar.com\/avatar\/713677ece3ffa642287213a80e5b773bce9ab81c269dd6d95102a990951c922f?s=96&d=mm&r=g\",\"caption\":\"admin\"},\"sameAs\":[\"http:\/\/vientosur.top\/museo\"],\"url\":\"http:\/\/vientosur.top\/museo\/author\/comunicacionesmvp\/\"}]}<\/script>\n<!-- \/ Yoast SEO plugin. -->","yoast_head_json":{"title":"Museo Violeta Parra record\u00f3 a Antar Parra con dos recitales gratuitos - Museo Violeta Parra","robots":{"index":"index","follow":"follow","max-snippet":"max-snippet:-1","max-image-preview":"max-image-preview:large","max-video-preview":"max-video-preview:-1"},"canonical":"http:\/\/vientosur.top\/museo\/museo-violeta-parra-recordara-antar-parra-dos-recitales-gratuitos\/","og_locale":"es_ES","og_type":"article","og_title":"Museo Violeta Parra record\u00f3 a Antar Parra con dos recitales gratuitos - Museo Violeta Parra","og_description":"El s\u00e1bado 21 y el domingo 22 de julio se realizaron dos presentaciones musicales a ocho a\u00f1os de la partida del m\u00fasico y bisnieto de Violeta Parra. Participaron Tita Parra, la banda de\u00a0reggae Kitra y m\u00fasicos invitados.\u00a0 En julio se cumplieron ocho a\u00f1os de la partida de Antar Parra, joven m\u00fasico chileno, bisnieto de Violeta [&hellip;]","og_url":"http:\/\/vientosur.top\/museo\/museo-violeta-parra-recordara-antar-parra-dos-recitales-gratuitos\/","og_site_name":"Museo Violeta Parra","article_published_time":"2018-07-18T19:15:51+00:00","og_image":[{"width":960,"height":720,"url":"http:\/\/vientosur.top\/museo\/wp-content\/uploads\/2018\/07\/37568668_10155483046770671_5992876930213347328_n.jpg","type":"image\/jpeg"}],"author":"admin","twitter_card":"summary_large_image","twitter_misc":{"Escrito por":"admin","Tiempo de lectura":"2 minutos"},"schema":{"@context":"https:\/\/schema.org","@graph":[{"@type":"WebPage","@id":"http:\/\/vientosur.top\/museo\/museo-violeta-parra-recordara-antar-parra-dos-recitales-gratuitos\/","url":"http:\/\/vientosur.top\/museo\/museo-violeta-parra-recordara-antar-parra-dos-recitales-gratuitos\/","name":"Museo Violeta Parra record\u00f3 a Antar Parra con dos recitales gratuitos - Museo Violeta Parra","isPartOf":{"@id":"http:\/\/vientosur.top\/museo\/#website"},"primaryImageOfPage":{"@id":"http:\/\/vientosur.top\/museo\/museo-violeta-parra-recordara-antar-parra-dos-recitales-gratuitos\/#primaryimage"},"image":{"@id":"http:\/\/vientosur.top\/museo\/museo-violeta-parra-recordara-antar-parra-dos-recitales-gratuitos\/#primaryimage"},"thumbnailUrl":"http:\/\/vientosur.top\/museo\/wp-content\/uploads\/2018\/07\/37568668_10155483046770671_5992876930213347328_n.jpg","datePublished":"2018-07-18T19:15:51+00:00","author":{"@id":"http:\/\/vientosur.top\/museo\/#\/schema\/person\/20c79d3c38800971feec8c2693c3dd9c"},"breadcrumb":{"@id":"http:\/\/vientosur.top\/museo\/museo-violeta-parra-recordara-antar-parra-dos-recitales-gratuitos\/#breadcrumb"},"inLanguage":"es","potentialAction":[{"@type":"ReadAction","target":["http:\/\/vientosur.top\/museo\/museo-violeta-parra-recordara-antar-parra-dos-recitales-gratuitos\/"]}]},{"@type":"ImageObject","inLanguage":"es","@id":"http:\/\/vientosur.top\/museo\/museo-violeta-parra-recordara-antar-parra-dos-recitales-gratuitos\/#primaryimage","url":"http:\/\/vientosur.top\/museo\/wp-content\/uploads\/2018\/07\/37568668_10155483046770671_5992876930213347328_n.jpg","contentUrl":"http:\/\/vientosur.top\/museo\/wp-content\/uploads\/2018\/07\/37568668_10155483046770671_5992876930213347328_n.jpg","width":960,"height":720},{"@type":"BreadcrumbList","@id":"http:\/\/vientosur.top\/museo\/museo-violeta-parra-recordara-antar-parra-dos-recitales-gratuitos\/#breadcrumb","itemListElement":[{"@type":"ListItem","position":1,"name":"Portada","item":"http:\/\/vientosur.top\/museo\/"},{"@type":"ListItem","position":2,"name":"Museo Violeta Parra record\u00f3 a Antar Parra con dos recitales gratuitos"}]},{"@type":"WebSite","@id":"http:\/\/vientosur.top\/museo\/#website","url":"http:\/\/vientosur.top\/museo\/","name":"Museo Violeta Parra","description":"Espacio que alberga tanto la memoria y legado creativo de la artista","potentialAction":[{"@type":"SearchAction","target":{"@type":"EntryPoint","urlTemplate":"http:\/\/vientosur.top\/museo\/?s={search_term_string}"},"query-input":{"@type":"PropertyValueSpecification","valueRequired":true,"valueName":"search_term_string"}}],"inLanguage":"es"},{"@type":"Person","@id":"http:\/\/vientosur.top\/museo\/#\/schema\/person\/20c79d3c38800971feec8c2693c3dd9c","name":"admin","image":{"@type":"ImageObject","inLanguage":"es","@id":"http:\/\/vientosur.top\/museo\/#\/schema\/person\/image\/","url":"https:\/\/secure.gravatar.com\/avatar\/713677ece3ffa642287213a80e5b773bce9ab81c269dd6d95102a990951c922f?s=96&d=mm&r=g","contentUrl":"https:\/\/secure.gravatar.com\/avatar\/713677ece3ffa642287213a80e5b773bce9ab81c269dd6d95102a990951c922f?s=96&d=mm&r=g","caption":"admin"},"sameAs":["http:\/\/vientosur.top\/museo"],"url":"http:\/\/vientosur.top\/museo\/author\/comunicacionesmvp\/"}]}},"_links":{"self":[{"href":"http:\/\/vientosur.top\/museo\/wp-json\/wp\/v2\/posts\/15684","targetHints":{"allow":["GET"]}}],"collection":[{"href":"http:\/\/vientosur.top\/museo\/wp-json\/wp\/v2\/posts"}],"about":[{"href":"http:\/\/vientosur.top\/museo\/wp-json\/wp\/v2\/types\/post"}],"author":[{"embeddable":true,"href":"http:\/\/vientosur.top\/museo\/wp-json\/wp\/v2\/users\/5"}],"replies":[{"embeddable":true,"href":"http:\/\/vientosur.top\/museo\/wp-json\/wp\/v2\/comments?post=15684"}],"version-history":[{"count":0,"href":"http:\/\/vientosur.top\/museo\/wp-json\/wp\/v2\/posts\/15684\/revisions"}],"wp:featuredmedia":[{"embeddable":true,"href":"http:\/\/vientosur.top\/museo\/wp-json\/wp\/v2\/media\/15705"}],"wp:attachment":[{"href":"http:\/\/vientosur.top\/museo\/wp-json\/wp\/v2\/media?parent=15684"}],"wp:term":[{"taxonomy":"category","embeddable":true,"href":"http:\/\/vientosur.top\/museo\/wp-json\/wp\/v2\/categories?post=15684"},{"taxonomy":"post_tag","embeddable":true,"href":"http:\/\/vientosur.top\/museo\/wp-json\/wp\/v2\/tags?post=15684"}],"curies":[{"name":"wp","href":"https:\/\/api.w.org\/{rel}","templated":true}]}}