{"id":15732,"date":"2018-07-26T08:21:41","date_gmt":"2018-07-26T13:21:41","guid":{"rendered":"http:\/\/vientosur.top\/museo\/?p=15732"},"modified":"2018-07-26T08:21:41","modified_gmt":"2018-07-26T13:21:41","slug":"nina-tormenta-ofrecera-dos-recitales-gratuitos-museo-violeta-parra","status":"publish","type":"post","link":"http:\/\/vientosur.top\/museo\/nina-tormenta-ofrecera-dos-recitales-gratuitos-museo-violeta-parra\/","title":{"rendered":"Ni\u00f1a Tormenta ofreci\u00f3 dos recitales gratuitos en el Museo Violeta Parra"},"content":{"rendered":"<p><em>Tras agotar las entradas en menos de 24 horas, la artista sum\u00f3 una nueva presentaci\u00f3n en la Sala Antar del museo. As\u00ed, el p\u00fablico disfrut\u00f3 de dos recitales el s\u00e1bado 28 de julio, a las 15:00 y 16:00 horas.\u00a0<\/em><\/p>\n<p>El 2018 ha sido el a\u00f1o de Ni\u00f1a Tormenta, nombre del proyecto musical de Tiare Galaz. Recibi\u00f3 el Premio Pulsar en la categor\u00eda \u201cArtista Revelaci\u00f3n\u201d y realiz\u00f3 su primera gira internacional. Se present\u00f3 en Europa junto a La Matin\u00e9 Uva Robot, conjunto musical al que pertenece y quienes fueron invitados a abrir los conciertos del m\u00fasico noruego Erlend Oye en su tour ac\u00fastico por Alemania.<\/p>\n<p>Al igual que Violeta Parra, la carrera art\u00edstica de Ni\u00f1a Tormenta ha estado marcada por la autogesti\u00f3n. \u201cElla fue una visionaria\u201d, dice Tiare sobre la autora de \u201cLa Jardinera. \u201cLa autogesti\u00f3n surge de la necesidad de compartir lo que uno est\u00e1 haciendo, poniendo siempre la creaci\u00f3n por delante\u201d, agrega.<\/p>\n<p>Letras sencillas y una voz suave pero firme, son el sello de esta artista que lleg\u00f3 a la Sala Antar del Museo Violeta Parra. \u201cCrec\u00ed escuchando canciones de Violeta y su obra es una inspiraci\u00f3n para todos los m\u00fasicos. Es s\u00faper emocionante haber recibido la invitaci\u00f3n para tocar en este espacio incre\u00edble donde no solo se va a contemplar las obras sino que a vivirlas\u201d, explic\u00f3 la artista.<\/p>\n<p>El Museo Violeta Parra agradece a la artista, quien decidi\u00f3 sumar una segunda presentaci\u00f3n debido al \u00e9xito de p\u00fablico. En la Sala Antar toc\u00f3 temas de su disco \u201cLoza\u201d, editado por UVA Robot y Capit\u00e1n Cobalto, la agencia de gesti\u00f3n cultural de la que ella es una de las fundadoras, y tambi\u00e9n adelant\u00f3 composiciones de su pr\u00f3ximo trabajo discogr\u00e1fico, que todav\u00eda no tiene fecha de lanzamiento.<\/p>\n<p>En su presentaci\u00f3n en el Museo Violeta Parra, la artista se present\u00f3 junto a Juan Manuel Daza y Macarena Galaz. El artista visual y m\u00fasico, Diego Lorenzini, tambi\u00e9n subi\u00f3 al escenario para acompa\u00f1arla en uno de sus temas.<\/p>\n<p><iframe style=\"border: none; overflow: hidden;\" src=\"https:\/\/www.facebook.com\/plugins\/video.php?href=https%3A%2F%2Fwww.facebook.com%2FMuseoVioletaParra%2Fvideos%2F2170702159839860%2F&amp;show_text=0&amp;width=560\" width=\"560\" height=\"315\" frameborder=\"0\" scrolling=\"no\" allowfullscreen=\"allowfullscreen\"><\/iframe><br \/>\n&nbsp;<\/p>\n<p>&nbsp;<\/p>\n","protected":false},"excerpt":{"rendered":"<p>Tras agotar las entradas en menos de 24 horas, la artista sum\u00f3 una nueva presentaci\u00f3n en la Sala Antar del museo. As\u00ed, el p\u00fablico disfrut\u00f3 de dos recitales el s\u00e1bado 28 de julio, a las 15:00 y 16:00 horas.\u00a0 El 2018 ha sido el a\u00f1o de Ni\u00f1a Tormenta, nombre del proyecto musical de Tiare Galaz. [&hellip;]<\/p>\n","protected":false},"author":5,"featured_media":15809,"comment_status":"open","ping_status":"open","sticky":false,"template":"","format":"standard","meta":{"site-sidebar-layout":"default","site-content-layout":"","ast-site-content-layout":"default","site-content-style":"default","site-sidebar-style":"default","ast-global-header-display":"","ast-banner-title-visibility":"","ast-main-header-display":"","ast-hfb-above-header-display":"","ast-hfb-below-header-display":"","ast-hfb-mobile-header-display":"","site-post-title":"","ast-breadcrumbs-content":"","ast-featured-img":"","footer-sml-layout":"","theme-transparent-header-meta":"","adv-header-id-meta":"","stick-header-meta":"","header-above-stick-meta":"","header-main-stick-meta":"","header-below-stick-meta":"","astra-migrate-meta-layouts":"default","ast-page-background-enabled":"default","ast-page-background-meta":{"desktop":{"background-color":"var(--ast-global-color-4)","background-image":"","background-repeat":"repeat","background-position":"center center","background-size":"auto","background-attachment":"scroll","background-type":"","background-media":"","overlay-type":"","overlay-color":"","overlay-opacity":"","overlay-gradient":""},"tablet":{"background-color":"","background-image":"","background-repeat":"repeat","background-position":"center center","background-size":"auto","background-attachment":"scroll","background-type":"","background-media":"","overlay-type":"","overlay-color":"","overlay-opacity":"","overlay-gradient":""},"mobile":{"background-color":"","background-image":"","background-repeat":"repeat","background-position":"center center","background-size":"auto","background-attachment":"scroll","background-type":"","background-media":"","overlay-type":"","overlay-color":"","overlay-opacity":"","overlay-gradient":""}},"ast-content-background-meta":{"desktop":{"background-color":"var(--ast-global-color-5)","background-image":"","background-repeat":"repeat","background-position":"center center","background-size":"auto","background-attachment":"scroll","background-type":"","background-media":"","overlay-type":"","overlay-color":"","overlay-opacity":"","overlay-gradient":""},"tablet":{"background-color":"var(--ast-global-color-5)","background-image":"","background-repeat":"repeat","background-position":"center center","background-size":"auto","background-attachment":"scroll","background-type":"","background-media":"","overlay-type":"","overlay-color":"","overlay-opacity":"","overlay-gradient":""},"mobile":{"background-color":"var(--ast-global-color-5)","background-image":"","background-repeat":"repeat","background-position":"center center","background-size":"auto","background-attachment":"scroll","background-type":"","background-media":"","overlay-type":"","overlay-color":"","overlay-opacity":"","overlay-gradient":""}},"footnotes":""},"categories":[59,8,61],"tags":[],"class_list":["post-15732","post","type-post","status-publish","format-standard","has-post-thumbnail","hentry","category-destacado-noticia","category-noticias","category-novedades"],"yoast_head":"<!-- This site is optimized with the Yoast SEO plugin v25.4 - https:\/\/yoast.com\/wordpress\/plugins\/seo\/ -->\n<title>Ni\u00f1a Tormenta ofreci\u00f3 dos recitales gratuitos en el Museo Violeta Parra - Museo Violeta Parra<\/title>\n<meta name=\"robots\" content=\"index, follow, max-snippet:-1, max-image-preview:large, max-video-preview:-1\" \/>\n<link rel=\"canonical\" href=\"http:\/\/vientosur.top\/museo\/nina-tormenta-ofrecera-dos-recitales-gratuitos-museo-violeta-parra\/\" \/>\n<meta property=\"og:locale\" content=\"es_ES\" \/>\n<meta property=\"og:type\" content=\"article\" \/>\n<meta property=\"og:title\" content=\"Ni\u00f1a Tormenta ofreci\u00f3 dos recitales gratuitos en el Museo Violeta Parra - Museo Violeta Parra\" \/>\n<meta property=\"og:description\" content=\"Tras agotar las entradas en menos de 24 horas, la artista sum\u00f3 una nueva presentaci\u00f3n en la Sala Antar del museo. As\u00ed, el p\u00fablico disfrut\u00f3 de dos recitales el s\u00e1bado 28 de julio, a las 15:00 y 16:00 horas.\u00a0 El 2018 ha sido el a\u00f1o de Ni\u00f1a Tormenta, nombre del proyecto musical de Tiare Galaz. [&hellip;]\" \/>\n<meta property=\"og:url\" content=\"http:\/\/vientosur.top\/museo\/nina-tormenta-ofrecera-dos-recitales-gratuitos-museo-violeta-parra\/\" \/>\n<meta property=\"og:site_name\" content=\"Museo Violeta Parra\" \/>\n<meta property=\"article:published_time\" content=\"2018-07-26T13:21:41+00:00\" \/>\n<meta property=\"og:image\" content=\"http:\/\/vientosur.top\/museo\/wp-content\/uploads\/2018\/07\/WhatsApp-Image-2018-07-28-at-15.43.14.jpeg\" \/>\n\t<meta property=\"og:image:width\" content=\"1280\" \/>\n\t<meta property=\"og:image:height\" content=\"720\" \/>\n\t<meta property=\"og:image:type\" content=\"image\/jpeg\" \/>\n<meta name=\"author\" content=\"admin\" \/>\n<meta name=\"twitter:card\" content=\"summary_large_image\" \/>\n<meta name=\"twitter:label1\" content=\"Escrito por\" \/>\n\t<meta name=\"twitter:data1\" content=\"admin\" \/>\n\t<meta name=\"twitter:label2\" content=\"Tiempo de lectura\" \/>\n\t<meta name=\"twitter:data2\" content=\"2 minutos\" \/>\n<script type=\"application\/ld+json\" class=\"yoast-schema-graph\">{\"@context\":\"https:\/\/schema.org\",\"@graph\":[{\"@type\":\"WebPage\",\"@id\":\"http:\/\/vientosur.top\/museo\/nina-tormenta-ofrecera-dos-recitales-gratuitos-museo-violeta-parra\/\",\"url\":\"http:\/\/vientosur.top\/museo\/nina-tormenta-ofrecera-dos-recitales-gratuitos-museo-violeta-parra\/\",\"name\":\"Ni\u00f1a Tormenta ofreci\u00f3 dos recitales gratuitos en el Museo Violeta Parra - Museo Violeta Parra\",\"isPartOf\":{\"@id\":\"http:\/\/vientosur.top\/museo\/#website\"},\"primaryImageOfPage\":{\"@id\":\"http:\/\/vientosur.top\/museo\/nina-tormenta-ofrecera-dos-recitales-gratuitos-museo-violeta-parra\/#primaryimage\"},\"image\":{\"@id\":\"http:\/\/vientosur.top\/museo\/nina-tormenta-ofrecera-dos-recitales-gratuitos-museo-violeta-parra\/#primaryimage\"},\"thumbnailUrl\":\"http:\/\/vientosur.top\/museo\/wp-content\/uploads\/2018\/07\/WhatsApp-Image-2018-07-28-at-15.43.14.jpeg\",\"datePublished\":\"2018-07-26T13:21:41+00:00\",\"author\":{\"@id\":\"http:\/\/vientosur.top\/museo\/#\/schema\/person\/20c79d3c38800971feec8c2693c3dd9c\"},\"breadcrumb\":{\"@id\":\"http:\/\/vientosur.top\/museo\/nina-tormenta-ofrecera-dos-recitales-gratuitos-museo-violeta-parra\/#breadcrumb\"},\"inLanguage\":\"es\",\"potentialAction\":[{\"@type\":\"ReadAction\",\"target\":[\"http:\/\/vientosur.top\/museo\/nina-tormenta-ofrecera-dos-recitales-gratuitos-museo-violeta-parra\/\"]}]},{\"@type\":\"ImageObject\",\"inLanguage\":\"es\",\"@id\":\"http:\/\/vientosur.top\/museo\/nina-tormenta-ofrecera-dos-recitales-gratuitos-museo-violeta-parra\/#primaryimage\",\"url\":\"http:\/\/vientosur.top\/museo\/wp-content\/uploads\/2018\/07\/WhatsApp-Image-2018-07-28-at-15.43.14.jpeg\",\"contentUrl\":\"http:\/\/vientosur.top\/museo\/wp-content\/uploads\/2018\/07\/WhatsApp-Image-2018-07-28-at-15.43.14.jpeg\",\"width\":1280,\"height\":720},{\"@type\":\"BreadcrumbList\",\"@id\":\"http:\/\/vientosur.top\/museo\/nina-tormenta-ofrecera-dos-recitales-gratuitos-museo-violeta-parra\/#breadcrumb\",\"itemListElement\":[{\"@type\":\"ListItem\",\"position\":1,\"name\":\"Portada\",\"item\":\"http:\/\/vientosur.top\/museo\/\"},{\"@type\":\"ListItem\",\"position\":2,\"name\":\"Ni\u00f1a Tormenta ofreci\u00f3 dos recitales gratuitos en el Museo Violeta Parra\"}]},{\"@type\":\"WebSite\",\"@id\":\"http:\/\/vientosur.top\/museo\/#website\",\"url\":\"http:\/\/vientosur.top\/museo\/\",\"name\":\"Museo Violeta Parra\",\"description\":\"Espacio que alberga tanto la memoria y legado creativo de la artista\",\"potentialAction\":[{\"@type\":\"SearchAction\",\"target\":{\"@type\":\"EntryPoint\",\"urlTemplate\":\"http:\/\/vientosur.top\/museo\/?s={search_term_string}\"},\"query-input\":{\"@type\":\"PropertyValueSpecification\",\"valueRequired\":true,\"valueName\":\"search_term_string\"}}],\"inLanguage\":\"es\"},{\"@type\":\"Person\",\"@id\":\"http:\/\/vientosur.top\/museo\/#\/schema\/person\/20c79d3c38800971feec8c2693c3dd9c\",\"name\":\"admin\",\"image\":{\"@type\":\"ImageObject\",\"inLanguage\":\"es\",\"@id\":\"http:\/\/vientosur.top\/museo\/#\/schema\/person\/image\/\",\"url\":\"https:\/\/secure.gravatar.com\/avatar\/713677ece3ffa642287213a80e5b773bce9ab81c269dd6d95102a990951c922f?s=96&d=mm&r=g\",\"contentUrl\":\"https:\/\/secure.gravatar.com\/avatar\/713677ece3ffa642287213a80e5b773bce9ab81c269dd6d95102a990951c922f?s=96&d=mm&r=g\",\"caption\":\"admin\"},\"sameAs\":[\"http:\/\/vientosur.top\/museo\"],\"url\":\"http:\/\/vientosur.top\/museo\/author\/comunicacionesmvp\/\"}]}<\/script>\n<!-- \/ Yoast SEO plugin. -->","yoast_head_json":{"title":"Ni\u00f1a Tormenta ofreci\u00f3 dos recitales gratuitos en el Museo Violeta Parra - Museo Violeta Parra","robots":{"index":"index","follow":"follow","max-snippet":"max-snippet:-1","max-image-preview":"max-image-preview:large","max-video-preview":"max-video-preview:-1"},"canonical":"http:\/\/vientosur.top\/museo\/nina-tormenta-ofrecera-dos-recitales-gratuitos-museo-violeta-parra\/","og_locale":"es_ES","og_type":"article","og_title":"Ni\u00f1a Tormenta ofreci\u00f3 dos recitales gratuitos en el Museo Violeta Parra - Museo Violeta Parra","og_description":"Tras agotar las entradas en menos de 24 horas, la artista sum\u00f3 una nueva presentaci\u00f3n en la Sala Antar del museo. As\u00ed, el p\u00fablico disfrut\u00f3 de dos recitales el s\u00e1bado 28 de julio, a las 15:00 y 16:00 horas.\u00a0 El 2018 ha sido el a\u00f1o de Ni\u00f1a Tormenta, nombre del proyecto musical de Tiare Galaz. [&hellip;]","og_url":"http:\/\/vientosur.top\/museo\/nina-tormenta-ofrecera-dos-recitales-gratuitos-museo-violeta-parra\/","og_site_name":"Museo Violeta Parra","article_published_time":"2018-07-26T13:21:41+00:00","og_image":[{"width":1280,"height":720,"url":"http:\/\/vientosur.top\/museo\/wp-content\/uploads\/2018\/07\/WhatsApp-Image-2018-07-28-at-15.43.14.jpeg","type":"image\/jpeg"}],"author":"admin","twitter_card":"summary_large_image","twitter_misc":{"Escrito por":"admin","Tiempo de lectura":"2 minutos"},"schema":{"@context":"https:\/\/schema.org","@graph":[{"@type":"WebPage","@id":"http:\/\/vientosur.top\/museo\/nina-tormenta-ofrecera-dos-recitales-gratuitos-museo-violeta-parra\/","url":"http:\/\/vientosur.top\/museo\/nina-tormenta-ofrecera-dos-recitales-gratuitos-museo-violeta-parra\/","name":"Ni\u00f1a Tormenta ofreci\u00f3 dos recitales gratuitos en el Museo Violeta Parra - Museo Violeta Parra","isPartOf":{"@id":"http:\/\/vientosur.top\/museo\/#website"},"primaryImageOfPage":{"@id":"http:\/\/vientosur.top\/museo\/nina-tormenta-ofrecera-dos-recitales-gratuitos-museo-violeta-parra\/#primaryimage"},"image":{"@id":"http:\/\/vientosur.top\/museo\/nina-tormenta-ofrecera-dos-recitales-gratuitos-museo-violeta-parra\/#primaryimage"},"thumbnailUrl":"http:\/\/vientosur.top\/museo\/wp-content\/uploads\/2018\/07\/WhatsApp-Image-2018-07-28-at-15.43.14.jpeg","datePublished":"2018-07-26T13:21:41+00:00","author":{"@id":"http:\/\/vientosur.top\/museo\/#\/schema\/person\/20c79d3c38800971feec8c2693c3dd9c"},"breadcrumb":{"@id":"http:\/\/vientosur.top\/museo\/nina-tormenta-ofrecera-dos-recitales-gratuitos-museo-violeta-parra\/#breadcrumb"},"inLanguage":"es","potentialAction":[{"@type":"ReadAction","target":["http:\/\/vientosur.top\/museo\/nina-tormenta-ofrecera-dos-recitales-gratuitos-museo-violeta-parra\/"]}]},{"@type":"ImageObject","inLanguage":"es","@id":"http:\/\/vientosur.top\/museo\/nina-tormenta-ofrecera-dos-recitales-gratuitos-museo-violeta-parra\/#primaryimage","url":"http:\/\/vientosur.top\/museo\/wp-content\/uploads\/2018\/07\/WhatsApp-Image-2018-07-28-at-15.43.14.jpeg","contentUrl":"http:\/\/vientosur.top\/museo\/wp-content\/uploads\/2018\/07\/WhatsApp-Image-2018-07-28-at-15.43.14.jpeg","width":1280,"height":720},{"@type":"BreadcrumbList","@id":"http:\/\/vientosur.top\/museo\/nina-tormenta-ofrecera-dos-recitales-gratuitos-museo-violeta-parra\/#breadcrumb","itemListElement":[{"@type":"ListItem","position":1,"name":"Portada","item":"http:\/\/vientosur.top\/museo\/"},{"@type":"ListItem","position":2,"name":"Ni\u00f1a Tormenta ofreci\u00f3 dos recitales gratuitos en el Museo Violeta Parra"}]},{"@type":"WebSite","@id":"http:\/\/vientosur.top\/museo\/#website","url":"http:\/\/vientosur.top\/museo\/","name":"Museo Violeta Parra","description":"Espacio que alberga tanto la memoria y legado creativo de la artista","potentialAction":[{"@type":"SearchAction","target":{"@type":"EntryPoint","urlTemplate":"http:\/\/vientosur.top\/museo\/?s={search_term_string}"},"query-input":{"@type":"PropertyValueSpecification","valueRequired":true,"valueName":"search_term_string"}}],"inLanguage":"es"},{"@type":"Person","@id":"http:\/\/vientosur.top\/museo\/#\/schema\/person\/20c79d3c38800971feec8c2693c3dd9c","name":"admin","image":{"@type":"ImageObject","inLanguage":"es","@id":"http:\/\/vientosur.top\/museo\/#\/schema\/person\/image\/","url":"https:\/\/secure.gravatar.com\/avatar\/713677ece3ffa642287213a80e5b773bce9ab81c269dd6d95102a990951c922f?s=96&d=mm&r=g","contentUrl":"https:\/\/secure.gravatar.com\/avatar\/713677ece3ffa642287213a80e5b773bce9ab81c269dd6d95102a990951c922f?s=96&d=mm&r=g","caption":"admin"},"sameAs":["http:\/\/vientosur.top\/museo"],"url":"http:\/\/vientosur.top\/museo\/author\/comunicacionesmvp\/"}]}},"_links":{"self":[{"href":"http:\/\/vientosur.top\/museo\/wp-json\/wp\/v2\/posts\/15732","targetHints":{"allow":["GET"]}}],"collection":[{"href":"http:\/\/vientosur.top\/museo\/wp-json\/wp\/v2\/posts"}],"about":[{"href":"http:\/\/vientosur.top\/museo\/wp-json\/wp\/v2\/types\/post"}],"author":[{"embeddable":true,"href":"http:\/\/vientosur.top\/museo\/wp-json\/wp\/v2\/users\/5"}],"replies":[{"embeddable":true,"href":"http:\/\/vientosur.top\/museo\/wp-json\/wp\/v2\/comments?post=15732"}],"version-history":[{"count":0,"href":"http:\/\/vientosur.top\/museo\/wp-json\/wp\/v2\/posts\/15732\/revisions"}],"wp:featuredmedia":[{"embeddable":true,"href":"http:\/\/vientosur.top\/museo\/wp-json\/wp\/v2\/media\/15809"}],"wp:attachment":[{"href":"http:\/\/vientosur.top\/museo\/wp-json\/wp\/v2\/media?parent=15732"}],"wp:term":[{"taxonomy":"category","embeddable":true,"href":"http:\/\/vientosur.top\/museo\/wp-json\/wp\/v2\/categories?post=15732"},{"taxonomy":"post_tag","embeddable":true,"href":"http:\/\/vientosur.top\/museo\/wp-json\/wp\/v2\/tags?post=15732"}],"curies":[{"name":"wp","href":"https:\/\/api.w.org\/{rel}","templated":true}]}}