{"id":15747,"date":"2018-07-27T10:02:23","date_gmt":"2018-07-27T15:02:23","guid":{"rendered":"http:\/\/vientosur.top\/museo\/?p=15747"},"modified":"2018-07-27T10:02:23","modified_gmt":"2018-07-27T15:02:23","slug":"museo-violeta-parra-exhibira-documental-robo-artistico-mas-recordado-la-historia-chile","status":"publish","type":"post","link":"http:\/\/vientosur.top\/museo\/museo-violeta-parra-exhibira-documental-robo-artistico-mas-recordado-la-historia-chile\/","title":{"rendered":"Museo Violeta Parra exhibi\u00f3 documental sobre uno de los robos art\u00edsticos m\u00e1s recordados de la historia de Chile"},"content":{"rendered":"<p><em>\u201cRobar a Rodin\u201d, dirigido por Crist\u00f3bal Valenzuela, se proyect\u00f3 el domingo 29 de juli0 a las 16:00 horas.<br \/>\n<\/em><br \/>\nUna ma\u00f1ana de junio de 2005, los guardias del Museo Nacional de Bellas Artes notaron que\u00a0una millonaria escultura de Auguste Rodin hab\u00eda sido robada.\u00a024 horas despu\u00e9s, un t\u00edmido estudiante de arte regres\u00f3 con el \u00abTorso de Ad\u00e8le\u00bb argumentando que la hab\u00eda robado como parte de un proyecto art\u00edstico en que quer\u00eda comprobar que\u00a0\u201cuna obra de arte estaba m\u00e1s presente no estando\u201d.<\/p>\n<p>Doce a\u00f1os m\u00e1s tarde, el cineasta Crist\u00f3bal Valenzuela indag\u00f3 en el famoso robo entrevistando a artistas, abogados, te\u00f3ricos y al propio protagonista del hurto.\u00a0As\u00ed nace \u201cRobar a Rodin\u201d, el documental que lleg\u00f3 a la Sala Antar del Museo Violeta Parra en el marco del ciclo anual de pel\u00edculas de Chiledoc, con una \u00fanica funci\u00f3n gratuita el domingo 29 de julio a las 16:00 horas.<\/p>\n<p>\u201cAmbas l\u00edneas, lo policial y la comedia, funcionaban como un veh\u00edculo muy interesante para hablar en el fondo de temas como\u00a0el arte contempor\u00e1neo, su funci\u00f3n, la definici\u00f3n de arte y el rol de los artistas en las sociedades\u201d, explic\u00f3 el director del filme, Crist\u00f3bal Valenzuela.<\/p>\n<p>La investigaci\u00f3n para la realizaci\u00f3n del documental dur\u00f3 seis a\u00f1os, en los que contactaron a decenas de personajes implicados en la historia.\u00a0\u201cAl protagonista nos cost\u00f3 encontrarlo.\u00a0Hab\u00eda cambiado de nombre, de Luis Onfray a Emilio Fabres, del primer al segundo nombre, del primer al segundo apellido. Cuando dimos \u00e9l se mostr\u00f3 muy colaborativo. Vio en este proyecto una oportunidad de explicarse y expresarse como artista.\u00a0Nunca antes le hab\u00edan dado una ventana as\u00ed\u201d, a\u00f1adi\u00f3 Valenzuela.<\/p>\n<p>\u00abRobar a Rodin\u00bb<em>\u00a0<\/em>\u00a0ha despertado gran inter\u00e9s del p\u00fablico desde su estreno. Adem\u00e1s, fue premiada como\u00a0Mejor Documental Latinoamericano en FICVi\u00f1a 2017 y obtuvo una Menci\u00f3n Especial del jurado en la Competencia de Cine Chileno de SANFIC, el mismo a\u00f1o.<\/p>\n<p><strong>\u00a0<\/strong><\/p>\n<p><strong>Documental \u201cRobar a Rodin\u201d<br \/>\nDomingo 29 de julio \/ 16:00 horas \/ Sala Antar del Museo Violeta Parra<br \/>\n<a href=\"https:\/\/maps.google.com\/?q=Avenida+Vicu%C3%B1a+Mackenna+37&amp;entry=gmail&amp;source=g\">Avenida Vicu\u00f1a Mackenna 37<\/a>\u00a0(Metro Baquedano)<br \/>\nEntrada liberada<\/strong><\/p>\n<p><iframe src=\"https:\/\/www.youtube.com\/embed\/mv3HYFF5LDk\" width=\"560\" height=\"315\" frameborder=\"0\" allowfullscreen=\"allowfullscreen\"><\/iframe><\/p>\n","protected":false},"excerpt":{"rendered":"<p>\u201cRobar a Rodin\u201d, dirigido por Crist\u00f3bal Valenzuela, se proyect\u00f3 el domingo 29 de juli0 a las 16:00 horas. Una ma\u00f1ana de junio de 2005, los guardias del Museo Nacional de Bellas Artes notaron que\u00a0una millonaria escultura de Auguste Rodin hab\u00eda sido robada.\u00a024 horas despu\u00e9s, un t\u00edmido estudiante de arte regres\u00f3 con el \u00abTorso de Ad\u00e8le\u00bb [&hellip;]<\/p>\n","protected":false},"author":5,"featured_media":15486,"comment_status":"open","ping_status":"open","sticky":false,"template":"","format":"standard","meta":{"site-sidebar-layout":"default","site-content-layout":"","ast-site-content-layout":"default","site-content-style":"default","site-sidebar-style":"default","ast-global-header-display":"","ast-banner-title-visibility":"","ast-main-header-display":"","ast-hfb-above-header-display":"","ast-hfb-below-header-display":"","ast-hfb-mobile-header-display":"","site-post-title":"","ast-breadcrumbs-content":"","ast-featured-img":"","footer-sml-layout":"","theme-transparent-header-meta":"","adv-header-id-meta":"","stick-header-meta":"","header-above-stick-meta":"","header-main-stick-meta":"","header-below-stick-meta":"","astra-migrate-meta-layouts":"default","ast-page-background-enabled":"default","ast-page-background-meta":{"desktop":{"background-color":"var(--ast-global-color-4)","background-image":"","background-repeat":"repeat","background-position":"center center","background-size":"auto","background-attachment":"scroll","background-type":"","background-media":"","overlay-type":"","overlay-color":"","overlay-opacity":"","overlay-gradient":""},"tablet":{"background-color":"","background-image":"","background-repeat":"repeat","background-position":"center center","background-size":"auto","background-attachment":"scroll","background-type":"","background-media":"","overlay-type":"","overlay-color":"","overlay-opacity":"","overlay-gradient":""},"mobile":{"background-color":"","background-image":"","background-repeat":"repeat","background-position":"center center","background-size":"auto","background-attachment":"scroll","background-type":"","background-media":"","overlay-type":"","overlay-color":"","overlay-opacity":"","overlay-gradient":""}},"ast-content-background-meta":{"desktop":{"background-color":"var(--ast-global-color-5)","background-image":"","background-repeat":"repeat","background-position":"center center","background-size":"auto","background-attachment":"scroll","background-type":"","background-media":"","overlay-type":"","overlay-color":"","overlay-opacity":"","overlay-gradient":""},"tablet":{"background-color":"var(--ast-global-color-5)","background-image":"","background-repeat":"repeat","background-position":"center center","background-size":"auto","background-attachment":"scroll","background-type":"","background-media":"","overlay-type":"","overlay-color":"","overlay-opacity":"","overlay-gradient":""},"mobile":{"background-color":"var(--ast-global-color-5)","background-image":"","background-repeat":"repeat","background-position":"center center","background-size":"auto","background-attachment":"scroll","background-type":"","background-media":"","overlay-type":"","overlay-color":"","overlay-opacity":"","overlay-gradient":""}},"footnotes":""},"categories":[59,8,61],"tags":[],"class_list":["post-15747","post","type-post","status-publish","format-standard","has-post-thumbnail","hentry","category-destacado-noticia","category-noticias","category-novedades"],"yoast_head":"<!-- This site is optimized with the Yoast SEO plugin v25.4 - https:\/\/yoast.com\/wordpress\/plugins\/seo\/ -->\n<title>Museo Violeta Parra exhibi\u00f3 documental sobre uno de los robos art\u00edsticos m\u00e1s recordados de la historia de Chile - Museo Violeta Parra<\/title>\n<meta name=\"robots\" content=\"index, follow, max-snippet:-1, max-image-preview:large, max-video-preview:-1\" \/>\n<link rel=\"canonical\" href=\"http:\/\/vientosur.top\/museo\/museo-violeta-parra-exhibira-documental-robo-artistico-mas-recordado-la-historia-chile\/\" \/>\n<meta property=\"og:locale\" content=\"es_ES\" \/>\n<meta property=\"og:type\" content=\"article\" \/>\n<meta property=\"og:title\" content=\"Museo Violeta Parra exhibi\u00f3 documental sobre uno de los robos art\u00edsticos m\u00e1s recordados de la historia de Chile - Museo Violeta Parra\" \/>\n<meta property=\"og:description\" content=\"\u201cRobar a Rodin\u201d, dirigido por Crist\u00f3bal Valenzuela, se proyect\u00f3 el domingo 29 de juli0 a las 16:00 horas. Una ma\u00f1ana de junio de 2005, los guardias del Museo Nacional de Bellas Artes notaron que\u00a0una millonaria escultura de Auguste Rodin hab\u00eda sido robada.\u00a024 horas despu\u00e9s, un t\u00edmido estudiante de arte regres\u00f3 con el \u00abTorso de Ad\u00e8le\u00bb [&hellip;]\" \/>\n<meta property=\"og:url\" content=\"http:\/\/vientosur.top\/museo\/museo-violeta-parra-exhibira-documental-robo-artistico-mas-recordado-la-historia-chile\/\" \/>\n<meta property=\"og:site_name\" content=\"Museo Violeta Parra\" \/>\n<meta property=\"article:published_time\" content=\"2018-07-27T15:02:23+00:00\" \/>\n<meta property=\"og:image\" content=\"http:\/\/vientosur.top\/museo\/wp-content\/uploads\/2018\/06\/robara.jpg\" \/>\n\t<meta property=\"og:image:width\" content=\"672\" \/>\n\t<meta property=\"og:image:height\" content=\"960\" \/>\n\t<meta property=\"og:image:type\" content=\"image\/jpeg\" \/>\n<meta name=\"author\" content=\"admin\" \/>\n<meta name=\"twitter:card\" content=\"summary_large_image\" \/>\n<meta name=\"twitter:label1\" content=\"Escrito por\" \/>\n\t<meta name=\"twitter:data1\" content=\"admin\" \/>\n\t<meta name=\"twitter:label2\" content=\"Tiempo de lectura\" \/>\n\t<meta name=\"twitter:data2\" content=\"2 minutos\" \/>\n<script type=\"application\/ld+json\" class=\"yoast-schema-graph\">{\"@context\":\"https:\/\/schema.org\",\"@graph\":[{\"@type\":\"WebPage\",\"@id\":\"http:\/\/vientosur.top\/museo\/museo-violeta-parra-exhibira-documental-robo-artistico-mas-recordado-la-historia-chile\/\",\"url\":\"http:\/\/vientosur.top\/museo\/museo-violeta-parra-exhibira-documental-robo-artistico-mas-recordado-la-historia-chile\/\",\"name\":\"Museo Violeta Parra exhibi\u00f3 documental sobre uno de los robos art\u00edsticos m\u00e1s recordados de la historia de Chile - Museo Violeta Parra\",\"isPartOf\":{\"@id\":\"http:\/\/vientosur.top\/museo\/#website\"},\"primaryImageOfPage\":{\"@id\":\"http:\/\/vientosur.top\/museo\/museo-violeta-parra-exhibira-documental-robo-artistico-mas-recordado-la-historia-chile\/#primaryimage\"},\"image\":{\"@id\":\"http:\/\/vientosur.top\/museo\/museo-violeta-parra-exhibira-documental-robo-artistico-mas-recordado-la-historia-chile\/#primaryimage\"},\"thumbnailUrl\":\"http:\/\/vientosur.top\/museo\/wp-content\/uploads\/2018\/06\/robara.jpg\",\"datePublished\":\"2018-07-27T15:02:23+00:00\",\"author\":{\"@id\":\"http:\/\/vientosur.top\/museo\/#\/schema\/person\/20c79d3c38800971feec8c2693c3dd9c\"},\"breadcrumb\":{\"@id\":\"http:\/\/vientosur.top\/museo\/museo-violeta-parra-exhibira-documental-robo-artistico-mas-recordado-la-historia-chile\/#breadcrumb\"},\"inLanguage\":\"es\",\"potentialAction\":[{\"@type\":\"ReadAction\",\"target\":[\"http:\/\/vientosur.top\/museo\/museo-violeta-parra-exhibira-documental-robo-artistico-mas-recordado-la-historia-chile\/\"]}]},{\"@type\":\"ImageObject\",\"inLanguage\":\"es\",\"@id\":\"http:\/\/vientosur.top\/museo\/museo-violeta-parra-exhibira-documental-robo-artistico-mas-recordado-la-historia-chile\/#primaryimage\",\"url\":\"http:\/\/vientosur.top\/museo\/wp-content\/uploads\/2018\/06\/robara.jpg\",\"contentUrl\":\"http:\/\/vientosur.top\/museo\/wp-content\/uploads\/2018\/06\/robara.jpg\",\"width\":672,\"height\":960},{\"@type\":\"BreadcrumbList\",\"@id\":\"http:\/\/vientosur.top\/museo\/museo-violeta-parra-exhibira-documental-robo-artistico-mas-recordado-la-historia-chile\/#breadcrumb\",\"itemListElement\":[{\"@type\":\"ListItem\",\"position\":1,\"name\":\"Portada\",\"item\":\"http:\/\/vientosur.top\/museo\/\"},{\"@type\":\"ListItem\",\"position\":2,\"name\":\"Museo Violeta Parra exhibi\u00f3 documental sobre uno de los robos art\u00edsticos m\u00e1s recordados de la historia de Chile\"}]},{\"@type\":\"WebSite\",\"@id\":\"http:\/\/vientosur.top\/museo\/#website\",\"url\":\"http:\/\/vientosur.top\/museo\/\",\"name\":\"Museo Violeta Parra\",\"description\":\"Espacio que alberga tanto la memoria y legado creativo de la artista\",\"potentialAction\":[{\"@type\":\"SearchAction\",\"target\":{\"@type\":\"EntryPoint\",\"urlTemplate\":\"http:\/\/vientosur.top\/museo\/?s={search_term_string}\"},\"query-input\":{\"@type\":\"PropertyValueSpecification\",\"valueRequired\":true,\"valueName\":\"search_term_string\"}}],\"inLanguage\":\"es\"},{\"@type\":\"Person\",\"@id\":\"http:\/\/vientosur.top\/museo\/#\/schema\/person\/20c79d3c38800971feec8c2693c3dd9c\",\"name\":\"admin\",\"image\":{\"@type\":\"ImageObject\",\"inLanguage\":\"es\",\"@id\":\"http:\/\/vientosur.top\/museo\/#\/schema\/person\/image\/\",\"url\":\"https:\/\/secure.gravatar.com\/avatar\/713677ece3ffa642287213a80e5b773bce9ab81c269dd6d95102a990951c922f?s=96&d=mm&r=g\",\"contentUrl\":\"https:\/\/secure.gravatar.com\/avatar\/713677ece3ffa642287213a80e5b773bce9ab81c269dd6d95102a990951c922f?s=96&d=mm&r=g\",\"caption\":\"admin\"},\"sameAs\":[\"http:\/\/vientosur.top\/museo\"],\"url\":\"http:\/\/vientosur.top\/museo\/author\/comunicacionesmvp\/\"}]}<\/script>\n<!-- \/ Yoast SEO plugin. -->","yoast_head_json":{"title":"Museo Violeta Parra exhibi\u00f3 documental sobre uno de los robos art\u00edsticos m\u00e1s recordados de la historia de Chile - Museo Violeta Parra","robots":{"index":"index","follow":"follow","max-snippet":"max-snippet:-1","max-image-preview":"max-image-preview:large","max-video-preview":"max-video-preview:-1"},"canonical":"http:\/\/vientosur.top\/museo\/museo-violeta-parra-exhibira-documental-robo-artistico-mas-recordado-la-historia-chile\/","og_locale":"es_ES","og_type":"article","og_title":"Museo Violeta Parra exhibi\u00f3 documental sobre uno de los robos art\u00edsticos m\u00e1s recordados de la historia de Chile - Museo Violeta Parra","og_description":"\u201cRobar a Rodin\u201d, dirigido por Crist\u00f3bal Valenzuela, se proyect\u00f3 el domingo 29 de juli0 a las 16:00 horas. Una ma\u00f1ana de junio de 2005, los guardias del Museo Nacional de Bellas Artes notaron que\u00a0una millonaria escultura de Auguste Rodin hab\u00eda sido robada.\u00a024 horas despu\u00e9s, un t\u00edmido estudiante de arte regres\u00f3 con el \u00abTorso de Ad\u00e8le\u00bb [&hellip;]","og_url":"http:\/\/vientosur.top\/museo\/museo-violeta-parra-exhibira-documental-robo-artistico-mas-recordado-la-historia-chile\/","og_site_name":"Museo Violeta Parra","article_published_time":"2018-07-27T15:02:23+00:00","og_image":[{"width":672,"height":960,"url":"http:\/\/vientosur.top\/museo\/wp-content\/uploads\/2018\/06\/robara.jpg","type":"image\/jpeg"}],"author":"admin","twitter_card":"summary_large_image","twitter_misc":{"Escrito por":"admin","Tiempo de lectura":"2 minutos"},"schema":{"@context":"https:\/\/schema.org","@graph":[{"@type":"WebPage","@id":"http:\/\/vientosur.top\/museo\/museo-violeta-parra-exhibira-documental-robo-artistico-mas-recordado-la-historia-chile\/","url":"http:\/\/vientosur.top\/museo\/museo-violeta-parra-exhibira-documental-robo-artistico-mas-recordado-la-historia-chile\/","name":"Museo Violeta Parra exhibi\u00f3 documental sobre uno de los robos art\u00edsticos m\u00e1s recordados de la historia de Chile - Museo Violeta Parra","isPartOf":{"@id":"http:\/\/vientosur.top\/museo\/#website"},"primaryImageOfPage":{"@id":"http:\/\/vientosur.top\/museo\/museo-violeta-parra-exhibira-documental-robo-artistico-mas-recordado-la-historia-chile\/#primaryimage"},"image":{"@id":"http:\/\/vientosur.top\/museo\/museo-violeta-parra-exhibira-documental-robo-artistico-mas-recordado-la-historia-chile\/#primaryimage"},"thumbnailUrl":"http:\/\/vientosur.top\/museo\/wp-content\/uploads\/2018\/06\/robara.jpg","datePublished":"2018-07-27T15:02:23+00:00","author":{"@id":"http:\/\/vientosur.top\/museo\/#\/schema\/person\/20c79d3c38800971feec8c2693c3dd9c"},"breadcrumb":{"@id":"http:\/\/vientosur.top\/museo\/museo-violeta-parra-exhibira-documental-robo-artistico-mas-recordado-la-historia-chile\/#breadcrumb"},"inLanguage":"es","potentialAction":[{"@type":"ReadAction","target":["http:\/\/vientosur.top\/museo\/museo-violeta-parra-exhibira-documental-robo-artistico-mas-recordado-la-historia-chile\/"]}]},{"@type":"ImageObject","inLanguage":"es","@id":"http:\/\/vientosur.top\/museo\/museo-violeta-parra-exhibira-documental-robo-artistico-mas-recordado-la-historia-chile\/#primaryimage","url":"http:\/\/vientosur.top\/museo\/wp-content\/uploads\/2018\/06\/robara.jpg","contentUrl":"http:\/\/vientosur.top\/museo\/wp-content\/uploads\/2018\/06\/robara.jpg","width":672,"height":960},{"@type":"BreadcrumbList","@id":"http:\/\/vientosur.top\/museo\/museo-violeta-parra-exhibira-documental-robo-artistico-mas-recordado-la-historia-chile\/#breadcrumb","itemListElement":[{"@type":"ListItem","position":1,"name":"Portada","item":"http:\/\/vientosur.top\/museo\/"},{"@type":"ListItem","position":2,"name":"Museo Violeta Parra exhibi\u00f3 documental sobre uno de los robos art\u00edsticos m\u00e1s recordados de la historia de Chile"}]},{"@type":"WebSite","@id":"http:\/\/vientosur.top\/museo\/#website","url":"http:\/\/vientosur.top\/museo\/","name":"Museo Violeta Parra","description":"Espacio que alberga tanto la memoria y legado creativo de la artista","potentialAction":[{"@type":"SearchAction","target":{"@type":"EntryPoint","urlTemplate":"http:\/\/vientosur.top\/museo\/?s={search_term_string}"},"query-input":{"@type":"PropertyValueSpecification","valueRequired":true,"valueName":"search_term_string"}}],"inLanguage":"es"},{"@type":"Person","@id":"http:\/\/vientosur.top\/museo\/#\/schema\/person\/20c79d3c38800971feec8c2693c3dd9c","name":"admin","image":{"@type":"ImageObject","inLanguage":"es","@id":"http:\/\/vientosur.top\/museo\/#\/schema\/person\/image\/","url":"https:\/\/secure.gravatar.com\/avatar\/713677ece3ffa642287213a80e5b773bce9ab81c269dd6d95102a990951c922f?s=96&d=mm&r=g","contentUrl":"https:\/\/secure.gravatar.com\/avatar\/713677ece3ffa642287213a80e5b773bce9ab81c269dd6d95102a990951c922f?s=96&d=mm&r=g","caption":"admin"},"sameAs":["http:\/\/vientosur.top\/museo"],"url":"http:\/\/vientosur.top\/museo\/author\/comunicacionesmvp\/"}]}},"_links":{"self":[{"href":"http:\/\/vientosur.top\/museo\/wp-json\/wp\/v2\/posts\/15747","targetHints":{"allow":["GET"]}}],"collection":[{"href":"http:\/\/vientosur.top\/museo\/wp-json\/wp\/v2\/posts"}],"about":[{"href":"http:\/\/vientosur.top\/museo\/wp-json\/wp\/v2\/types\/post"}],"author":[{"embeddable":true,"href":"http:\/\/vientosur.top\/museo\/wp-json\/wp\/v2\/users\/5"}],"replies":[{"embeddable":true,"href":"http:\/\/vientosur.top\/museo\/wp-json\/wp\/v2\/comments?post=15747"}],"version-history":[{"count":0,"href":"http:\/\/vientosur.top\/museo\/wp-json\/wp\/v2\/posts\/15747\/revisions"}],"wp:featuredmedia":[{"embeddable":true,"href":"http:\/\/vientosur.top\/museo\/wp-json\/wp\/v2\/media\/15486"}],"wp:attachment":[{"href":"http:\/\/vientosur.top\/museo\/wp-json\/wp\/v2\/media?parent=15747"}],"wp:term":[{"taxonomy":"category","embeddable":true,"href":"http:\/\/vientosur.top\/museo\/wp-json\/wp\/v2\/categories?post=15747"},{"taxonomy":"post_tag","embeddable":true,"href":"http:\/\/vientosur.top\/museo\/wp-json\/wp\/v2\/tags?post=15747"}],"curies":[{"name":"wp","href":"https:\/\/api.w.org\/{rel}","templated":true}]}}