{"id":15861,"date":"2018-07-31T08:26:16","date_gmt":"2018-07-31T13:26:16","guid":{"rendered":"http:\/\/vientosur.top\/museo\/?p=15861"},"modified":"2018-07-31T08:26:16","modified_gmt":"2018-07-31T13:26:16","slug":"carmen-luisa-letelier-asume-presidencia-del-directorio-la-fundacion-museo-violeta-parra","status":"publish","type":"post","link":"http:\/\/vientosur.top\/museo\/carmen-luisa-letelier-asume-presidencia-del-directorio-la-fundacion-museo-violeta-parra\/","title":{"rendered":"Carmen Luisa Letelier asume Presidencia del Directorio de la Fundaci\u00f3n Museo Violeta Parra"},"content":{"rendered":"<p class=\"m_3877252724321392308m_-379543689781627306gmail-MsoNoSpacing\">A contar del 27 de junio, el Directorio de la Fundaci\u00f3n Museo Violeta Parra qued\u00f3 compuesto por: Carmen Luisa Letelier (Presidenta), Isabel Parra (Vicepresidenta), Javiera Parra, Felipe Alessandri, Guillermo Miranda, Alan Trampe y Manuel Garc\u00eda. La Directora Cecilia Garc\u00eda-Huidobro manifest\u00f3 su complacencia por la designaci\u00f3n: \u00abMe pareci\u00f3 muy acertado que se eligiera a una figura tan importante ligada a la m\u00fasica y la creaci\u00f3n musical chilena, por familia y por formaci\u00f3n. Su padre, Alfonso Letelier, llev\u00f3 a Violeta Parra a su campo en Aculeo, donde conoci\u00f3 la tradici\u00f3n musical de la zona. A su hermano Miguel, le debemos la transcripci\u00f3n de \u00abEl Gavil\u00e1n\u00bb. Su experiencia, conocimientos e ideas ser\u00e1n un aporte relevante a la Fundaci\u00f3n\u00bb.<\/p>\n<p>La artista, distinguida con el Premio Nacional de Artes Musicales en 2010,\u00a0sucede en la Presidencia del Directorio al arque\u00f3logo Carlos Aldunate del Solar, quien ocup\u00f3 el cargo entre agosto de 2016 y junio de 2018.<\/p>\n<p><b>Una vida vinculada a la m\u00fasica<\/b><\/p>\n<p>Carmen Luisa Letelier Vald\u00e9s realiz\u00f3 sus estudios superiores en el\u00a0Conservatorio Nacional de M\u00fasica\u00a0de la\u00a0Universidad de Chile\u00a0hasta obtener su t\u00edtulo de\u00a0Int\u00e9rprete Superior en Canto\u00a0(1979). Adem\u00e1s, es Profesora de Estado en\u00a0Castellano por la Pontificia Universidad Cat\u00f3lica (1967).<\/p>\n<p>Se inici\u00f3 como\u00a0solista\u00a0en 1967. A contar de 1969, y durante dos d\u00e9cadas, integr\u00f3 el pionero Conjunto de M\u00fasica Antigua de la Universidad Cat\u00f3lica.<\/p>\n<p>En 1979 comenz\u00f3 su carrera acad\u00e9mica en el\u00a0Departamento de M\u00fasica y Sonolog\u00eda\u00a0de la\u00a0Facultad de Artes de la U. de Chile\u00a0y en 1980 alcanz\u00f3 la categor\u00eda de\u00a0Profesora Titular.<\/p>\n<p>Carmen Luisa Letelier se ha presentado en diversos escenarios de pa\u00edses como: Chile, Argentina, M\u00e9xico, Espa\u00f1a, Estados Unidos, Per\u00fa, Uruguay, Colombia y Brasil interpretando obras de J. S. Bach, Haendel, Brahms, Mahler, Bruckner, Scriabin, Prokofiev, Ravel, De Falla, Rossini, Leng, Riesco y Letelier, entre otros.<\/p>\n<p>En 1995 fue escogida como\u00a0miembro de n\u00famero\u00a0de la\u00a0Academia Chilena de Bellas Artes\u00a0del Instituto de Chile, en 2000 se integr\u00f3 al\u00a0Directorio\u00a0del\u00a0Teatro Municipal de Santiago y en 2010 recibi\u00f3 el Premio Nacional de Artes Musicales.<\/p>\n<p>Es hija del\u00a0compositor\u00a0Alfonso Letelier Llona\u00a0(Premio Nacional de Arte, menci\u00f3n m\u00fasica en 1968) y de\u00a0Margarita Vald\u00e9s, cantante profesional, tambi\u00e9n contralto. Es, adem\u00e1s, hermana del compositor\u00a0Miguel Letelier\u00a0(Premio\u00a0Nacional de Artes Musicales 2008).<\/p>\n<p><a href=\"http:\/\/vientosur.top\/museo\/wp-content\/uploads\/2018\/07\/carmenluisa.jpg\"><img fetchpriority=\"high\" decoding=\"async\" class=\"wp-image-15862 size-medium alignright\" src=\"http:\/\/vientosur.top\/museo\/wp-content\/uploads\/2018\/07\/carmenluisa-231x300.jpg\" alt=\"\" width=\"231\" height=\"300\" \/><\/a><\/p>\n<p><b>Disc\u00edpula de Violeta Parra<\/b><\/p>\n<p>\u00abEs para m\u00ed un honor y un gran gusto esta designaci\u00f3n, ya que admir\u00e9 mucho a Violeta, tuvimos una hermosa amistad e incluso durante un a\u00f1o fui su disc\u00edpula. Sus clases eran muy originales. \u00cdbamos con otra amiga del colegio hasta su departamento en la calle Ej\u00e9rcito donde, en una s\u00faper austera vivienda nos ense\u00f1aba sus canciones, sus textos, la afinaci\u00f3n de la guitarra y sus recomendaciones de no olvidar sus canciones pues ella no las escrib\u00eda y dec\u00eda que muchas se perd\u00edan o se las plagiaban. Era muy c\u00e1lida, cari\u00f1osa y entretenida\u00bb, recuerda la acad\u00e9mica.<\/p>\n<p>Sobre la primera reuni\u00f3n, efectuada el mi\u00e9rcoles 27 de junio, la Presidenta del Directorio se\u00f1ala que fue \u00abmuy interesante saber c\u00f3mo funciona. Me permit\u00ed dar algunas ideas que tal vez sirvan para potenciar la figura de Violeta en el \u00e1mbito cultural chileno m\u00e1s all\u00e1 de lo puramente popular, tales como crear un concurso de compositores de m\u00fasica docta inspirado en la obra de Violeta, as\u00ed como editar un libro con su poes\u00eda completa. Adem\u00e1s, creo que como Fundaci\u00f3n Museo Violeta Parra deber\u00edamos impulsar la necesidad de dar cumplimiento a la ley del 20% de la m\u00fasica chilena en las radios, lo que permitir\u00eda un mayor conocimiento del p\u00fablico general con el estilo de m\u00fasica folkl\u00f3rica, hoy en d\u00eda muy olvidada. Las radios cumplen a medias con la ley, o usan horarios que no sirven\u00bb.<\/p>\n","protected":false},"excerpt":{"rendered":"<p>A contar del 27 de junio, el Directorio de la Fundaci\u00f3n Museo Violeta Parra qued\u00f3 compuesto por: Carmen Luisa Letelier (Presidenta), Isabel Parra (Vicepresidenta), Javiera Parra, Felipe Alessandri, Guillermo Miranda, Alan Trampe y Manuel Garc\u00eda. La Directora Cecilia Garc\u00eda-Huidobro manifest\u00f3 su complacencia por la designaci\u00f3n: \u00abMe pareci\u00f3 muy acertado que se eligiera a una figura [&hellip;]<\/p>\n","protected":false},"author":5,"featured_media":15867,"comment_status":"open","ping_status":"open","sticky":false,"template":"","format":"standard","meta":{"site-sidebar-layout":"default","site-content-layout":"","ast-site-content-layout":"default","site-content-style":"default","site-sidebar-style":"default","ast-global-header-display":"","ast-banner-title-visibility":"","ast-main-header-display":"","ast-hfb-above-header-display":"","ast-hfb-below-header-display":"","ast-hfb-mobile-header-display":"","site-post-title":"","ast-breadcrumbs-content":"","ast-featured-img":"","footer-sml-layout":"","theme-transparent-header-meta":"","adv-header-id-meta":"","stick-header-meta":"","header-above-stick-meta":"","header-main-stick-meta":"","header-below-stick-meta":"","astra-migrate-meta-layouts":"default","ast-page-background-enabled":"default","ast-page-background-meta":{"desktop":{"background-color":"var(--ast-global-color-4)","background-image":"","background-repeat":"repeat","background-position":"center center","background-size":"auto","background-attachment":"scroll","background-type":"","background-media":"","overlay-type":"","overlay-color":"","overlay-opacity":"","overlay-gradient":""},"tablet":{"background-color":"","background-image":"","background-repeat":"repeat","background-position":"center center","background-size":"auto","background-attachment":"scroll","background-type":"","background-media":"","overlay-type":"","overlay-color":"","overlay-opacity":"","overlay-gradient":""},"mobile":{"background-color":"","background-image":"","background-repeat":"repeat","background-position":"center center","background-size":"auto","background-attachment":"scroll","background-type":"","background-media":"","overlay-type":"","overlay-color":"","overlay-opacity":"","overlay-gradient":""}},"ast-content-background-meta":{"desktop":{"background-color":"var(--ast-global-color-5)","background-image":"","background-repeat":"repeat","background-position":"center center","background-size":"auto","background-attachment":"scroll","background-type":"","background-media":"","overlay-type":"","overlay-color":"","overlay-opacity":"","overlay-gradient":""},"tablet":{"background-color":"var(--ast-global-color-5)","background-image":"","background-repeat":"repeat","background-position":"center center","background-size":"auto","background-attachment":"scroll","background-type":"","background-media":"","overlay-type":"","overlay-color":"","overlay-opacity":"","overlay-gradient":""},"mobile":{"background-color":"var(--ast-global-color-5)","background-image":"","background-repeat":"repeat","background-position":"center center","background-size":"auto","background-attachment":"scroll","background-type":"","background-media":"","overlay-type":"","overlay-color":"","overlay-opacity":"","overlay-gradient":""}},"footnotes":""},"categories":[59,8,61],"tags":[],"class_list":["post-15861","post","type-post","status-publish","format-standard","has-post-thumbnail","hentry","category-destacado-noticia","category-noticias","category-novedades"],"yoast_head":"<!-- This site is optimized with the Yoast SEO plugin v25.4 - https:\/\/yoast.com\/wordpress\/plugins\/seo\/ -->\n<title>Carmen Luisa Letelier asume Presidencia del Directorio de la Fundaci\u00f3n Museo Violeta Parra - Museo Violeta Parra<\/title>\n<meta name=\"robots\" content=\"index, follow, max-snippet:-1, max-image-preview:large, max-video-preview:-1\" \/>\n<link rel=\"canonical\" href=\"http:\/\/vientosur.top\/museo\/carmen-luisa-letelier-asume-presidencia-del-directorio-la-fundacion-museo-violeta-parra\/\" \/>\n<meta property=\"og:locale\" content=\"es_ES\" \/>\n<meta property=\"og:type\" content=\"article\" \/>\n<meta property=\"og:title\" content=\"Carmen Luisa Letelier asume Presidencia del Directorio de la Fundaci\u00f3n Museo Violeta Parra - Museo Violeta Parra\" \/>\n<meta property=\"og:description\" content=\"A contar del 27 de junio, el Directorio de la Fundaci\u00f3n Museo Violeta Parra qued\u00f3 compuesto por: Carmen Luisa Letelier (Presidenta), Isabel Parra (Vicepresidenta), Javiera Parra, Felipe Alessandri, Guillermo Miranda, Alan Trampe y Manuel Garc\u00eda. La Directora Cecilia Garc\u00eda-Huidobro manifest\u00f3 su complacencia por la designaci\u00f3n: \u00abMe pareci\u00f3 muy acertado que se eligiera a una figura [&hellip;]\" \/>\n<meta property=\"og:url\" content=\"http:\/\/vientosur.top\/museo\/carmen-luisa-letelier-asume-presidencia-del-directorio-la-fundacion-museo-violeta-parra\/\" \/>\n<meta property=\"og:site_name\" content=\"Museo Violeta Parra\" \/>\n<meta property=\"article:published_time\" content=\"2018-07-31T13:26:16+00:00\" \/>\n<meta property=\"og:image\" content=\"http:\/\/vientosur.top\/museo\/wp-content\/uploads\/2018\/07\/cletelier.jpg\" \/>\n\t<meta property=\"og:image:width\" content=\"1199\" \/>\n\t<meta property=\"og:image:height\" content=\"768\" \/>\n\t<meta property=\"og:image:type\" content=\"image\/jpeg\" \/>\n<meta name=\"author\" content=\"admin\" \/>\n<meta name=\"twitter:card\" content=\"summary_large_image\" \/>\n<meta name=\"twitter:label1\" content=\"Escrito por\" \/>\n\t<meta name=\"twitter:data1\" content=\"admin\" \/>\n\t<meta name=\"twitter:label2\" content=\"Tiempo de lectura\" \/>\n\t<meta name=\"twitter:data2\" content=\"3 minutos\" \/>\n<script type=\"application\/ld+json\" class=\"yoast-schema-graph\">{\"@context\":\"https:\/\/schema.org\",\"@graph\":[{\"@type\":\"WebPage\",\"@id\":\"http:\/\/vientosur.top\/museo\/carmen-luisa-letelier-asume-presidencia-del-directorio-la-fundacion-museo-violeta-parra\/\",\"url\":\"http:\/\/vientosur.top\/museo\/carmen-luisa-letelier-asume-presidencia-del-directorio-la-fundacion-museo-violeta-parra\/\",\"name\":\"Carmen Luisa Letelier asume Presidencia del Directorio de la Fundaci\u00f3n Museo Violeta Parra - Museo Violeta Parra\",\"isPartOf\":{\"@id\":\"http:\/\/vientosur.top\/museo\/#website\"},\"primaryImageOfPage\":{\"@id\":\"http:\/\/vientosur.top\/museo\/carmen-luisa-letelier-asume-presidencia-del-directorio-la-fundacion-museo-violeta-parra\/#primaryimage\"},\"image\":{\"@id\":\"http:\/\/vientosur.top\/museo\/carmen-luisa-letelier-asume-presidencia-del-directorio-la-fundacion-museo-violeta-parra\/#primaryimage\"},\"thumbnailUrl\":\"http:\/\/vientosur.top\/museo\/wp-content\/uploads\/2018\/07\/cletelier.jpg\",\"datePublished\":\"2018-07-31T13:26:16+00:00\",\"author\":{\"@id\":\"http:\/\/vientosur.top\/museo\/#\/schema\/person\/20c79d3c38800971feec8c2693c3dd9c\"},\"breadcrumb\":{\"@id\":\"http:\/\/vientosur.top\/museo\/carmen-luisa-letelier-asume-presidencia-del-directorio-la-fundacion-museo-violeta-parra\/#breadcrumb\"},\"inLanguage\":\"es\",\"potentialAction\":[{\"@type\":\"ReadAction\",\"target\":[\"http:\/\/vientosur.top\/museo\/carmen-luisa-letelier-asume-presidencia-del-directorio-la-fundacion-museo-violeta-parra\/\"]}]},{\"@type\":\"ImageObject\",\"inLanguage\":\"es\",\"@id\":\"http:\/\/vientosur.top\/museo\/carmen-luisa-letelier-asume-presidencia-del-directorio-la-fundacion-museo-violeta-parra\/#primaryimage\",\"url\":\"http:\/\/vientosur.top\/museo\/wp-content\/uploads\/2018\/07\/cletelier.jpg\",\"contentUrl\":\"http:\/\/vientosur.top\/museo\/wp-content\/uploads\/2018\/07\/cletelier.jpg\",\"width\":1199,\"height\":768},{\"@type\":\"BreadcrumbList\",\"@id\":\"http:\/\/vientosur.top\/museo\/carmen-luisa-letelier-asume-presidencia-del-directorio-la-fundacion-museo-violeta-parra\/#breadcrumb\",\"itemListElement\":[{\"@type\":\"ListItem\",\"position\":1,\"name\":\"Portada\",\"item\":\"http:\/\/vientosur.top\/museo\/\"},{\"@type\":\"ListItem\",\"position\":2,\"name\":\"Carmen Luisa Letelier asume Presidencia del Directorio de la Fundaci\u00f3n Museo Violeta Parra\"}]},{\"@type\":\"WebSite\",\"@id\":\"http:\/\/vientosur.top\/museo\/#website\",\"url\":\"http:\/\/vientosur.top\/museo\/\",\"name\":\"Museo Violeta Parra\",\"description\":\"Espacio que alberga tanto la memoria y legado creativo de la artista\",\"potentialAction\":[{\"@type\":\"SearchAction\",\"target\":{\"@type\":\"EntryPoint\",\"urlTemplate\":\"http:\/\/vientosur.top\/museo\/?s={search_term_string}\"},\"query-input\":{\"@type\":\"PropertyValueSpecification\",\"valueRequired\":true,\"valueName\":\"search_term_string\"}}],\"inLanguage\":\"es\"},{\"@type\":\"Person\",\"@id\":\"http:\/\/vientosur.top\/museo\/#\/schema\/person\/20c79d3c38800971feec8c2693c3dd9c\",\"name\":\"admin\",\"image\":{\"@type\":\"ImageObject\",\"inLanguage\":\"es\",\"@id\":\"http:\/\/vientosur.top\/museo\/#\/schema\/person\/image\/\",\"url\":\"https:\/\/secure.gravatar.com\/avatar\/713677ece3ffa642287213a80e5b773bce9ab81c269dd6d95102a990951c922f?s=96&d=mm&r=g\",\"contentUrl\":\"https:\/\/secure.gravatar.com\/avatar\/713677ece3ffa642287213a80e5b773bce9ab81c269dd6d95102a990951c922f?s=96&d=mm&r=g\",\"caption\":\"admin\"},\"sameAs\":[\"http:\/\/vientosur.top\/museo\"],\"url\":\"http:\/\/vientosur.top\/museo\/author\/comunicacionesmvp\/\"}]}<\/script>\n<!-- \/ Yoast SEO plugin. -->","yoast_head_json":{"title":"Carmen Luisa Letelier asume Presidencia del Directorio de la Fundaci\u00f3n Museo Violeta Parra - Museo Violeta Parra","robots":{"index":"index","follow":"follow","max-snippet":"max-snippet:-1","max-image-preview":"max-image-preview:large","max-video-preview":"max-video-preview:-1"},"canonical":"http:\/\/vientosur.top\/museo\/carmen-luisa-letelier-asume-presidencia-del-directorio-la-fundacion-museo-violeta-parra\/","og_locale":"es_ES","og_type":"article","og_title":"Carmen Luisa Letelier asume Presidencia del Directorio de la Fundaci\u00f3n Museo Violeta Parra - Museo Violeta Parra","og_description":"A contar del 27 de junio, el Directorio de la Fundaci\u00f3n Museo Violeta Parra qued\u00f3 compuesto por: Carmen Luisa Letelier (Presidenta), Isabel Parra (Vicepresidenta), Javiera Parra, Felipe Alessandri, Guillermo Miranda, Alan Trampe y Manuel Garc\u00eda. La Directora Cecilia Garc\u00eda-Huidobro manifest\u00f3 su complacencia por la designaci\u00f3n: \u00abMe pareci\u00f3 muy acertado que se eligiera a una figura [&hellip;]","og_url":"http:\/\/vientosur.top\/museo\/carmen-luisa-letelier-asume-presidencia-del-directorio-la-fundacion-museo-violeta-parra\/","og_site_name":"Museo Violeta Parra","article_published_time":"2018-07-31T13:26:16+00:00","og_image":[{"width":1199,"height":768,"url":"http:\/\/vientosur.top\/museo\/wp-content\/uploads\/2018\/07\/cletelier.jpg","type":"image\/jpeg"}],"author":"admin","twitter_card":"summary_large_image","twitter_misc":{"Escrito por":"admin","Tiempo de lectura":"3 minutos"},"schema":{"@context":"https:\/\/schema.org","@graph":[{"@type":"WebPage","@id":"http:\/\/vientosur.top\/museo\/carmen-luisa-letelier-asume-presidencia-del-directorio-la-fundacion-museo-violeta-parra\/","url":"http:\/\/vientosur.top\/museo\/carmen-luisa-letelier-asume-presidencia-del-directorio-la-fundacion-museo-violeta-parra\/","name":"Carmen Luisa Letelier asume Presidencia del Directorio de la Fundaci\u00f3n Museo Violeta Parra - Museo Violeta Parra","isPartOf":{"@id":"http:\/\/vientosur.top\/museo\/#website"},"primaryImageOfPage":{"@id":"http:\/\/vientosur.top\/museo\/carmen-luisa-letelier-asume-presidencia-del-directorio-la-fundacion-museo-violeta-parra\/#primaryimage"},"image":{"@id":"http:\/\/vientosur.top\/museo\/carmen-luisa-letelier-asume-presidencia-del-directorio-la-fundacion-museo-violeta-parra\/#primaryimage"},"thumbnailUrl":"http:\/\/vientosur.top\/museo\/wp-content\/uploads\/2018\/07\/cletelier.jpg","datePublished":"2018-07-31T13:26:16+00:00","author":{"@id":"http:\/\/vientosur.top\/museo\/#\/schema\/person\/20c79d3c38800971feec8c2693c3dd9c"},"breadcrumb":{"@id":"http:\/\/vientosur.top\/museo\/carmen-luisa-letelier-asume-presidencia-del-directorio-la-fundacion-museo-violeta-parra\/#breadcrumb"},"inLanguage":"es","potentialAction":[{"@type":"ReadAction","target":["http:\/\/vientosur.top\/museo\/carmen-luisa-letelier-asume-presidencia-del-directorio-la-fundacion-museo-violeta-parra\/"]}]},{"@type":"ImageObject","inLanguage":"es","@id":"http:\/\/vientosur.top\/museo\/carmen-luisa-letelier-asume-presidencia-del-directorio-la-fundacion-museo-violeta-parra\/#primaryimage","url":"http:\/\/vientosur.top\/museo\/wp-content\/uploads\/2018\/07\/cletelier.jpg","contentUrl":"http:\/\/vientosur.top\/museo\/wp-content\/uploads\/2018\/07\/cletelier.jpg","width":1199,"height":768},{"@type":"BreadcrumbList","@id":"http:\/\/vientosur.top\/museo\/carmen-luisa-letelier-asume-presidencia-del-directorio-la-fundacion-museo-violeta-parra\/#breadcrumb","itemListElement":[{"@type":"ListItem","position":1,"name":"Portada","item":"http:\/\/vientosur.top\/museo\/"},{"@type":"ListItem","position":2,"name":"Carmen Luisa Letelier asume Presidencia del Directorio de la Fundaci\u00f3n Museo Violeta Parra"}]},{"@type":"WebSite","@id":"http:\/\/vientosur.top\/museo\/#website","url":"http:\/\/vientosur.top\/museo\/","name":"Museo Violeta Parra","description":"Espacio que alberga tanto la memoria y legado creativo de la artista","potentialAction":[{"@type":"SearchAction","target":{"@type":"EntryPoint","urlTemplate":"http:\/\/vientosur.top\/museo\/?s={search_term_string}"},"query-input":{"@type":"PropertyValueSpecification","valueRequired":true,"valueName":"search_term_string"}}],"inLanguage":"es"},{"@type":"Person","@id":"http:\/\/vientosur.top\/museo\/#\/schema\/person\/20c79d3c38800971feec8c2693c3dd9c","name":"admin","image":{"@type":"ImageObject","inLanguage":"es","@id":"http:\/\/vientosur.top\/museo\/#\/schema\/person\/image\/","url":"https:\/\/secure.gravatar.com\/avatar\/713677ece3ffa642287213a80e5b773bce9ab81c269dd6d95102a990951c922f?s=96&d=mm&r=g","contentUrl":"https:\/\/secure.gravatar.com\/avatar\/713677ece3ffa642287213a80e5b773bce9ab81c269dd6d95102a990951c922f?s=96&d=mm&r=g","caption":"admin"},"sameAs":["http:\/\/vientosur.top\/museo"],"url":"http:\/\/vientosur.top\/museo\/author\/comunicacionesmvp\/"}]}},"_links":{"self":[{"href":"http:\/\/vientosur.top\/museo\/wp-json\/wp\/v2\/posts\/15861","targetHints":{"allow":["GET"]}}],"collection":[{"href":"http:\/\/vientosur.top\/museo\/wp-json\/wp\/v2\/posts"}],"about":[{"href":"http:\/\/vientosur.top\/museo\/wp-json\/wp\/v2\/types\/post"}],"author":[{"embeddable":true,"href":"http:\/\/vientosur.top\/museo\/wp-json\/wp\/v2\/users\/5"}],"replies":[{"embeddable":true,"href":"http:\/\/vientosur.top\/museo\/wp-json\/wp\/v2\/comments?post=15861"}],"version-history":[{"count":0,"href":"http:\/\/vientosur.top\/museo\/wp-json\/wp\/v2\/posts\/15861\/revisions"}],"wp:featuredmedia":[{"embeddable":true,"href":"http:\/\/vientosur.top\/museo\/wp-json\/wp\/v2\/media\/15867"}],"wp:attachment":[{"href":"http:\/\/vientosur.top\/museo\/wp-json\/wp\/v2\/media?parent=15861"}],"wp:term":[{"taxonomy":"category","embeddable":true,"href":"http:\/\/vientosur.top\/museo\/wp-json\/wp\/v2\/categories?post=15861"},{"taxonomy":"post_tag","embeddable":true,"href":"http:\/\/vientosur.top\/museo\/wp-json\/wp\/v2\/tags?post=15861"}],"curies":[{"name":"wp","href":"https:\/\/api.w.org\/{rel}","templated":true}]}}