{"id":15901,"date":"2018-08-05T14:45:56","date_gmt":"2018-08-05T19:45:56","guid":{"rendered":"http:\/\/vientosur.top\/museo\/?p=15901"},"modified":"2018-08-05T14:45:56","modified_gmt":"2018-08-05T19:45:56","slug":"celebra-dia-del-nino-actividades-gratuitas-museo-violeta-parra","status":"publish","type":"post","link":"http:\/\/vientosur.top\/museo\/celebra-dia-del-nino-actividades-gratuitas-museo-violeta-parra\/","title":{"rendered":"Museo Violeta Parra celebr\u00f3 el D\u00eda del Ni\u00f1o con exitosa presentaci\u00f3n de Agrupaci\u00f3n Remolino"},"content":{"rendered":"<p><em>Talleres, cuentacuentos, cuecas en vivo, visitas mediadas y un recital de m\u00fasica tradicional especial para ni\u00f1as y ni\u00f1os fueron algunas de las actividades que el museo ofreci\u00f3 el fin de semana.<\/em><\/p>\n<p>Las actividades comenzaron el s\u00e1bado 4 de agosto con\u00a0<a href=\"http:\/\/vientosur.top\/museo\/actividades\/actividad\/los-susurros-violeta\/\">Los Susurros de Violeta<\/a>. Entre las 15:00 y las 17:00 horas, quienes asistieron al museo ubicado en\u00a0<a href=\"https:\/\/maps.google.com\/?q=Avenida+Vicu%C3%B1a+Mackenna+37&amp;entry=gmail&amp;source=g\">Avenida Vicu\u00f1a Mackenna 37<\/a>,\u00a0\u00a0vivieron la experiencia de una intervenci\u00f3n de cuentos cortos y poes\u00eda breve, que fueron entregados por medio de \u201csusurradores\u201d. El Colectivo Flicks fue el encargado de darle vida a esta novedosa forma de conocer la obra de Violeta Parra.<\/p>\n<p>Los talleres estuvieron ausentes en la celebraci\u00f3n. El 4 y 5 de agosto se realiz\u00f3 el\u00a0<a href=\"http:\/\/vientosur.top\/museo\/actividades\/actividad\/taller-cocadas-semillas-frutos-secos\/\">Taller de Cocadas de Semillas y Frutos Secos<\/a>. En la actividad, en la que participaron ni\u00f1os y ni\u00f1as desde los 5 a\u00f1os,\u00a0\u00a0las y los participantes aprendieron a realizar estos ricos dulces artesanales con semillas y frutos secos\u00a0del\u00a0pa\u00eds.<\/p>\n<p><a href=\"http:\/\/vientosur.top\/museo\/wp-content\/uploads\/2018\/07\/aladiny.jpg\"><br \/>\n<img fetchpriority=\"high\" decoding=\"async\" class=\"alignnone size-large wp-image-15956\" src=\"http:\/\/vientosur.top\/museo\/wp-content\/uploads\/2018\/07\/aladiny-1024x681.jpg\" alt=\"\" width=\"840\" height=\"559\" srcset=\"http:\/\/vientosur.top\/museo\/wp-content\/uploads\/2018\/07\/aladiny-1024x681.jpg 1024w, http:\/\/vientosur.top\/museo\/wp-content\/uploads\/2018\/07\/aladiny-600x399.jpg 600w, http:\/\/vientosur.top\/museo\/wp-content\/uploads\/2018\/07\/aladiny-300x199.jpg 300w, http:\/\/vientosur.top\/museo\/wp-content\/uploads\/2018\/07\/aladiny-768x511.jpg 768w, http:\/\/vientosur.top\/museo\/wp-content\/uploads\/2018\/07\/aladiny-1536x1021.jpg 1536w, http:\/\/vientosur.top\/museo\/wp-content\/uploads\/2018\/07\/aladiny-1200x798.jpg 1200w, http:\/\/vientosur.top\/museo\/wp-content\/uploads\/2018\/07\/aladiny.jpg 1692w\" sizes=\"(max-width: 840px) 100vw, 840px\" \/><\/a><\/p>\n<p><strong><br \/>\nM\u00fasica en la casa de Violeta<\/strong><\/p>\n<p>El\u00a0<a href=\"http:\/\/vientosur.top\/museo\/actividades\/actividad\/aladin-reyes-ciclo-cuecas\/\">Ciclo de Cuecas\u00a0<\/a>que, desde enero de 2017 se realiza el primer s\u00e1bado de cada mes en el museo, form\u00f3 parte de las actividades para celebrar a ni\u00f1os y ni\u00f1as. El s\u00e1bado 4 de agosto a las 16:00 horas se present\u00f3 Alad\u00edn y sus Reyes, agrupaci\u00f3n que naci\u00f3 el 2015 gracias al inter\u00e9s de cinco m\u00fasicos chilenos por reconocer y difundir la figura de don Alad\u00edn Reyes Aburto, pianista, acordeonista y cantor con m\u00e1s de medio siglo de trayectoria.<\/p>\n<p>\u00bb\u00a01-2-3 momia\u201d o\u00a0\u201cHa llegado carta\u201d fueron algunas de las canciones que sonaron en la Sala Antar\u00a0del\u00a0museo el domingo 5 de agosto. Ese\u00a0d\u00eda\u00a0se present\u00f3 la agrupaci\u00f3n infantil y juvenil Remolino, junto a Los Parralitos, con\u00a0<a href=\"http:\/\/vientosur.top\/museo\/actividades\/actividad\/dia-del-nino-remolino-jugando-cantando-bailando\/\">\u201cJugando y cantando, vamos bailando\u201d<\/a>, un recital familiar que acerc\u00f3 las tradiciones chilenas a las nuevas generaciones.<\/p>\n<p>Junto con estas actividades, el Museo ofreci\u00f3 visitas mediadas gratuitas el s\u00e1bado y domingo al mediod\u00eda.\u00a0<a href=\"http:\/\/vientosur.top\/museo\/actividades\/\" target=\"_blank\" rel=\"noopener noreferrer\">Para conocer la cartelera de actividades gratuitas del mes de agosto pinche aqu\u00ed.<\/a><\/p>\n<p>&nbsp;<\/p>\n","protected":false},"excerpt":{"rendered":"<p>Talleres, cuentacuentos, cuecas en vivo, visitas mediadas y un recital de m\u00fasica tradicional especial para ni\u00f1as y ni\u00f1os fueron algunas de las actividades que el museo ofreci\u00f3 el fin de semana. Las actividades comenzaron el s\u00e1bado 4 de agosto con\u00a0Los Susurros de Violeta. Entre las 15:00 y las 17:00 horas, quienes asistieron al museo ubicado [&hellip;]<\/p>\n","protected":false},"author":5,"featured_media":15954,"comment_status":"open","ping_status":"open","sticky":false,"template":"","format":"standard","meta":{"site-sidebar-layout":"default","site-content-layout":"","ast-site-content-layout":"default","site-content-style":"default","site-sidebar-style":"default","ast-global-header-display":"","ast-banner-title-visibility":"","ast-main-header-display":"","ast-hfb-above-header-display":"","ast-hfb-below-header-display":"","ast-hfb-mobile-header-display":"","site-post-title":"","ast-breadcrumbs-content":"","ast-featured-img":"","footer-sml-layout":"","theme-transparent-header-meta":"","adv-header-id-meta":"","stick-header-meta":"","header-above-stick-meta":"","header-main-stick-meta":"","header-below-stick-meta":"","astra-migrate-meta-layouts":"default","ast-page-background-enabled":"default","ast-page-background-meta":{"desktop":{"background-color":"var(--ast-global-color-4)","background-image":"","background-repeat":"repeat","background-position":"center center","background-size":"auto","background-attachment":"scroll","background-type":"","background-media":"","overlay-type":"","overlay-color":"","overlay-opacity":"","overlay-gradient":""},"tablet":{"background-color":"","background-image":"","background-repeat":"repeat","background-position":"center center","background-size":"auto","background-attachment":"scroll","background-type":"","background-media":"","overlay-type":"","overlay-color":"","overlay-opacity":"","overlay-gradient":""},"mobile":{"background-color":"","background-image":"","background-repeat":"repeat","background-position":"center center","background-size":"auto","background-attachment":"scroll","background-type":"","background-media":"","overlay-type":"","overlay-color":"","overlay-opacity":"","overlay-gradient":""}},"ast-content-background-meta":{"desktop":{"background-color":"var(--ast-global-color-5)","background-image":"","background-repeat":"repeat","background-position":"center center","background-size":"auto","background-attachment":"scroll","background-type":"","background-media":"","overlay-type":"","overlay-color":"","overlay-opacity":"","overlay-gradient":""},"tablet":{"background-color":"var(--ast-global-color-5)","background-image":"","background-repeat":"repeat","background-position":"center center","background-size":"auto","background-attachment":"scroll","background-type":"","background-media":"","overlay-type":"","overlay-color":"","overlay-opacity":"","overlay-gradient":""},"mobile":{"background-color":"var(--ast-global-color-5)","background-image":"","background-repeat":"repeat","background-position":"center center","background-size":"auto","background-attachment":"scroll","background-type":"","background-media":"","overlay-type":"","overlay-color":"","overlay-opacity":"","overlay-gradient":""}},"footnotes":""},"categories":[59,8,61],"tags":[],"class_list":["post-15901","post","type-post","status-publish","format-standard","has-post-thumbnail","hentry","category-destacado-noticia","category-noticias","category-novedades"],"yoast_head":"<!-- This site is optimized with the Yoast SEO plugin v25.4 - https:\/\/yoast.com\/wordpress\/plugins\/seo\/ -->\n<title>Museo Violeta Parra celebr\u00f3 el D\u00eda del Ni\u00f1o con exitosa presentaci\u00f3n de Agrupaci\u00f3n Remolino - Museo Violeta Parra<\/title>\n<meta name=\"robots\" content=\"index, follow, max-snippet:-1, max-image-preview:large, max-video-preview:-1\" \/>\n<link rel=\"canonical\" href=\"http:\/\/vientosur.top\/museo\/celebra-dia-del-nino-actividades-gratuitas-museo-violeta-parra\/\" \/>\n<meta property=\"og:locale\" content=\"es_ES\" \/>\n<meta property=\"og:type\" content=\"article\" \/>\n<meta property=\"og:title\" content=\"Museo Violeta Parra celebr\u00f3 el D\u00eda del Ni\u00f1o con exitosa presentaci\u00f3n de Agrupaci\u00f3n Remolino - Museo Violeta Parra\" \/>\n<meta property=\"og:description\" content=\"Talleres, cuentacuentos, cuecas en vivo, visitas mediadas y un recital de m\u00fasica tradicional especial para ni\u00f1as y ni\u00f1os fueron algunas de las actividades que el museo ofreci\u00f3 el fin de semana. Las actividades comenzaron el s\u00e1bado 4 de agosto con\u00a0Los Susurros de Violeta. Entre las 15:00 y las 17:00 horas, quienes asistieron al museo ubicado [&hellip;]\" \/>\n<meta property=\"og:url\" content=\"http:\/\/vientosur.top\/museo\/celebra-dia-del-nino-actividades-gratuitas-museo-violeta-parra\/\" \/>\n<meta property=\"og:site_name\" content=\"Museo Violeta Parra\" \/>\n<meta property=\"article:published_time\" content=\"2018-08-05T19:45:56+00:00\" \/>\n<meta property=\"og:image\" content=\"http:\/\/vientosur.top\/museo\/wp-content\/uploads\/2018\/07\/IMG_0666.jpg\" \/>\n\t<meta property=\"og:image:width\" content=\"1920\" \/>\n\t<meta property=\"og:image:height\" content=\"1080\" \/>\n\t<meta property=\"og:image:type\" content=\"image\/jpeg\" \/>\n<meta name=\"author\" content=\"admin\" \/>\n<meta name=\"twitter:card\" content=\"summary_large_image\" \/>\n<meta name=\"twitter:label1\" content=\"Escrito por\" \/>\n\t<meta name=\"twitter:data1\" content=\"admin\" \/>\n\t<meta name=\"twitter:label2\" content=\"Tiempo de lectura\" \/>\n\t<meta name=\"twitter:data2\" content=\"2 minutos\" \/>\n<script type=\"application\/ld+json\" class=\"yoast-schema-graph\">{\"@context\":\"https:\/\/schema.org\",\"@graph\":[{\"@type\":\"WebPage\",\"@id\":\"http:\/\/vientosur.top\/museo\/celebra-dia-del-nino-actividades-gratuitas-museo-violeta-parra\/\",\"url\":\"http:\/\/vientosur.top\/museo\/celebra-dia-del-nino-actividades-gratuitas-museo-violeta-parra\/\",\"name\":\"Museo Violeta Parra celebr\u00f3 el D\u00eda del Ni\u00f1o con exitosa presentaci\u00f3n de Agrupaci\u00f3n Remolino - Museo Violeta Parra\",\"isPartOf\":{\"@id\":\"http:\/\/vientosur.top\/museo\/#website\"},\"primaryImageOfPage\":{\"@id\":\"http:\/\/vientosur.top\/museo\/celebra-dia-del-nino-actividades-gratuitas-museo-violeta-parra\/#primaryimage\"},\"image\":{\"@id\":\"http:\/\/vientosur.top\/museo\/celebra-dia-del-nino-actividades-gratuitas-museo-violeta-parra\/#primaryimage\"},\"thumbnailUrl\":\"http:\/\/vientosur.top\/museo\/wp-content\/uploads\/2018\/07\/IMG_0666.jpg\",\"datePublished\":\"2018-08-05T19:45:56+00:00\",\"author\":{\"@id\":\"http:\/\/vientosur.top\/museo\/#\/schema\/person\/20c79d3c38800971feec8c2693c3dd9c\"},\"breadcrumb\":{\"@id\":\"http:\/\/vientosur.top\/museo\/celebra-dia-del-nino-actividades-gratuitas-museo-violeta-parra\/#breadcrumb\"},\"inLanguage\":\"es\",\"potentialAction\":[{\"@type\":\"ReadAction\",\"target\":[\"http:\/\/vientosur.top\/museo\/celebra-dia-del-nino-actividades-gratuitas-museo-violeta-parra\/\"]}]},{\"@type\":\"ImageObject\",\"inLanguage\":\"es\",\"@id\":\"http:\/\/vientosur.top\/museo\/celebra-dia-del-nino-actividades-gratuitas-museo-violeta-parra\/#primaryimage\",\"url\":\"http:\/\/vientosur.top\/museo\/wp-content\/uploads\/2018\/07\/IMG_0666.jpg\",\"contentUrl\":\"http:\/\/vientosur.top\/museo\/wp-content\/uploads\/2018\/07\/IMG_0666.jpg\",\"width\":1920,\"height\":1080},{\"@type\":\"BreadcrumbList\",\"@id\":\"http:\/\/vientosur.top\/museo\/celebra-dia-del-nino-actividades-gratuitas-museo-violeta-parra\/#breadcrumb\",\"itemListElement\":[{\"@type\":\"ListItem\",\"position\":1,\"name\":\"Portada\",\"item\":\"http:\/\/vientosur.top\/museo\/\"},{\"@type\":\"ListItem\",\"position\":2,\"name\":\"Museo Violeta Parra celebr\u00f3 el D\u00eda del Ni\u00f1o con exitosa presentaci\u00f3n de Agrupaci\u00f3n Remolino\"}]},{\"@type\":\"WebSite\",\"@id\":\"http:\/\/vientosur.top\/museo\/#website\",\"url\":\"http:\/\/vientosur.top\/museo\/\",\"name\":\"Museo Violeta Parra\",\"description\":\"Espacio que alberga tanto la memoria y legado creativo de la artista\",\"potentialAction\":[{\"@type\":\"SearchAction\",\"target\":{\"@type\":\"EntryPoint\",\"urlTemplate\":\"http:\/\/vientosur.top\/museo\/?s={search_term_string}\"},\"query-input\":{\"@type\":\"PropertyValueSpecification\",\"valueRequired\":true,\"valueName\":\"search_term_string\"}}],\"inLanguage\":\"es\"},{\"@type\":\"Person\",\"@id\":\"http:\/\/vientosur.top\/museo\/#\/schema\/person\/20c79d3c38800971feec8c2693c3dd9c\",\"name\":\"admin\",\"image\":{\"@type\":\"ImageObject\",\"inLanguage\":\"es\",\"@id\":\"http:\/\/vientosur.top\/museo\/#\/schema\/person\/image\/\",\"url\":\"https:\/\/secure.gravatar.com\/avatar\/713677ece3ffa642287213a80e5b773bce9ab81c269dd6d95102a990951c922f?s=96&d=mm&r=g\",\"contentUrl\":\"https:\/\/secure.gravatar.com\/avatar\/713677ece3ffa642287213a80e5b773bce9ab81c269dd6d95102a990951c922f?s=96&d=mm&r=g\",\"caption\":\"admin\"},\"sameAs\":[\"http:\/\/vientosur.top\/museo\"],\"url\":\"http:\/\/vientosur.top\/museo\/author\/comunicacionesmvp\/\"}]}<\/script>\n<!-- \/ Yoast SEO plugin. -->","yoast_head_json":{"title":"Museo Violeta Parra celebr\u00f3 el D\u00eda del Ni\u00f1o con exitosa presentaci\u00f3n de Agrupaci\u00f3n Remolino - Museo Violeta Parra","robots":{"index":"index","follow":"follow","max-snippet":"max-snippet:-1","max-image-preview":"max-image-preview:large","max-video-preview":"max-video-preview:-1"},"canonical":"http:\/\/vientosur.top\/museo\/celebra-dia-del-nino-actividades-gratuitas-museo-violeta-parra\/","og_locale":"es_ES","og_type":"article","og_title":"Museo Violeta Parra celebr\u00f3 el D\u00eda del Ni\u00f1o con exitosa presentaci\u00f3n de Agrupaci\u00f3n Remolino - Museo Violeta Parra","og_description":"Talleres, cuentacuentos, cuecas en vivo, visitas mediadas y un recital de m\u00fasica tradicional especial para ni\u00f1as y ni\u00f1os fueron algunas de las actividades que el museo ofreci\u00f3 el fin de semana. Las actividades comenzaron el s\u00e1bado 4 de agosto con\u00a0Los Susurros de Violeta. Entre las 15:00 y las 17:00 horas, quienes asistieron al museo ubicado [&hellip;]","og_url":"http:\/\/vientosur.top\/museo\/celebra-dia-del-nino-actividades-gratuitas-museo-violeta-parra\/","og_site_name":"Museo Violeta Parra","article_published_time":"2018-08-05T19:45:56+00:00","og_image":[{"width":1920,"height":1080,"url":"http:\/\/vientosur.top\/museo\/wp-content\/uploads\/2018\/07\/IMG_0666.jpg","type":"image\/jpeg"}],"author":"admin","twitter_card":"summary_large_image","twitter_misc":{"Escrito por":"admin","Tiempo de lectura":"2 minutos"},"schema":{"@context":"https:\/\/schema.org","@graph":[{"@type":"WebPage","@id":"http:\/\/vientosur.top\/museo\/celebra-dia-del-nino-actividades-gratuitas-museo-violeta-parra\/","url":"http:\/\/vientosur.top\/museo\/celebra-dia-del-nino-actividades-gratuitas-museo-violeta-parra\/","name":"Museo Violeta Parra celebr\u00f3 el D\u00eda del Ni\u00f1o con exitosa presentaci\u00f3n de Agrupaci\u00f3n Remolino - Museo Violeta Parra","isPartOf":{"@id":"http:\/\/vientosur.top\/museo\/#website"},"primaryImageOfPage":{"@id":"http:\/\/vientosur.top\/museo\/celebra-dia-del-nino-actividades-gratuitas-museo-violeta-parra\/#primaryimage"},"image":{"@id":"http:\/\/vientosur.top\/museo\/celebra-dia-del-nino-actividades-gratuitas-museo-violeta-parra\/#primaryimage"},"thumbnailUrl":"http:\/\/vientosur.top\/museo\/wp-content\/uploads\/2018\/07\/IMG_0666.jpg","datePublished":"2018-08-05T19:45:56+00:00","author":{"@id":"http:\/\/vientosur.top\/museo\/#\/schema\/person\/20c79d3c38800971feec8c2693c3dd9c"},"breadcrumb":{"@id":"http:\/\/vientosur.top\/museo\/celebra-dia-del-nino-actividades-gratuitas-museo-violeta-parra\/#breadcrumb"},"inLanguage":"es","potentialAction":[{"@type":"ReadAction","target":["http:\/\/vientosur.top\/museo\/celebra-dia-del-nino-actividades-gratuitas-museo-violeta-parra\/"]}]},{"@type":"ImageObject","inLanguage":"es","@id":"http:\/\/vientosur.top\/museo\/celebra-dia-del-nino-actividades-gratuitas-museo-violeta-parra\/#primaryimage","url":"http:\/\/vientosur.top\/museo\/wp-content\/uploads\/2018\/07\/IMG_0666.jpg","contentUrl":"http:\/\/vientosur.top\/museo\/wp-content\/uploads\/2018\/07\/IMG_0666.jpg","width":1920,"height":1080},{"@type":"BreadcrumbList","@id":"http:\/\/vientosur.top\/museo\/celebra-dia-del-nino-actividades-gratuitas-museo-violeta-parra\/#breadcrumb","itemListElement":[{"@type":"ListItem","position":1,"name":"Portada","item":"http:\/\/vientosur.top\/museo\/"},{"@type":"ListItem","position":2,"name":"Museo Violeta Parra celebr\u00f3 el D\u00eda del Ni\u00f1o con exitosa presentaci\u00f3n de Agrupaci\u00f3n Remolino"}]},{"@type":"WebSite","@id":"http:\/\/vientosur.top\/museo\/#website","url":"http:\/\/vientosur.top\/museo\/","name":"Museo Violeta Parra","description":"Espacio que alberga tanto la memoria y legado creativo de la artista","potentialAction":[{"@type":"SearchAction","target":{"@type":"EntryPoint","urlTemplate":"http:\/\/vientosur.top\/museo\/?s={search_term_string}"},"query-input":{"@type":"PropertyValueSpecification","valueRequired":true,"valueName":"search_term_string"}}],"inLanguage":"es"},{"@type":"Person","@id":"http:\/\/vientosur.top\/museo\/#\/schema\/person\/20c79d3c38800971feec8c2693c3dd9c","name":"admin","image":{"@type":"ImageObject","inLanguage":"es","@id":"http:\/\/vientosur.top\/museo\/#\/schema\/person\/image\/","url":"https:\/\/secure.gravatar.com\/avatar\/713677ece3ffa642287213a80e5b773bce9ab81c269dd6d95102a990951c922f?s=96&d=mm&r=g","contentUrl":"https:\/\/secure.gravatar.com\/avatar\/713677ece3ffa642287213a80e5b773bce9ab81c269dd6d95102a990951c922f?s=96&d=mm&r=g","caption":"admin"},"sameAs":["http:\/\/vientosur.top\/museo"],"url":"http:\/\/vientosur.top\/museo\/author\/comunicacionesmvp\/"}]}},"_links":{"self":[{"href":"http:\/\/vientosur.top\/museo\/wp-json\/wp\/v2\/posts\/15901","targetHints":{"allow":["GET"]}}],"collection":[{"href":"http:\/\/vientosur.top\/museo\/wp-json\/wp\/v2\/posts"}],"about":[{"href":"http:\/\/vientosur.top\/museo\/wp-json\/wp\/v2\/types\/post"}],"author":[{"embeddable":true,"href":"http:\/\/vientosur.top\/museo\/wp-json\/wp\/v2\/users\/5"}],"replies":[{"embeddable":true,"href":"http:\/\/vientosur.top\/museo\/wp-json\/wp\/v2\/comments?post=15901"}],"version-history":[{"count":0,"href":"http:\/\/vientosur.top\/museo\/wp-json\/wp\/v2\/posts\/15901\/revisions"}],"wp:featuredmedia":[{"embeddable":true,"href":"http:\/\/vientosur.top\/museo\/wp-json\/wp\/v2\/media\/15954"}],"wp:attachment":[{"href":"http:\/\/vientosur.top\/museo\/wp-json\/wp\/v2\/media?parent=15901"}],"wp:term":[{"taxonomy":"category","embeddable":true,"href":"http:\/\/vientosur.top\/museo\/wp-json\/wp\/v2\/categories?post=15901"},{"taxonomy":"post_tag","embeddable":true,"href":"http:\/\/vientosur.top\/museo\/wp-json\/wp\/v2\/tags?post=15901"}],"curies":[{"name":"wp","href":"https:\/\/api.w.org\/{rel}","templated":true}]}}