{"id":15941,"date":"2018-08-04T17:15:26","date_gmt":"2018-08-04T22:15:26","guid":{"rendered":"http:\/\/vientosur.top\/museo\/?p=15941"},"modified":"2018-08-04T17:15:26","modified_gmt":"2018-08-04T22:15:26","slug":"historico-pianista-aladin-reyes-se-presentara-banda-este-sabado-museo-violeta-parra","status":"publish","type":"post","link":"http:\/\/vientosur.top\/museo\/historico-pianista-aladin-reyes-se-presentara-banda-este-sabado-museo-violeta-parra\/","title":{"rendered":"Alad\u00edn y sus Reyes se presentaron en el Ciclo de Cuecas del Museo Violeta Parra"},"content":{"rendered":"<p>Para darle la bienvenida a agosto, el s\u00e1bado 4 de agosto a las 16:00 horas se llev\u00f3 a cabo una nueva jornada del Ciclo de Cuecas, que se realiza todos los primeros s\u00e1bados del mes desde enero de 2017.<\/p>\n<p>Alad\u00edn y sus Reyes es una agrupaci\u00f3n nacida en 2015 gracias al inter\u00e9s de cinco j\u00f3venes m\u00fasicos por reconocer y difundir la figura de Alad\u00edn Reyes Aburto, pianista, acordeonista y cantor con m\u00e1s de medio siglo de trayectoria.<\/p>\n<p>Como \u201cuna fiesta musical de la memoria\u201d definen los integrantes de esta agrupaci\u00f3n sus actuaciones en vivo, haciendo alusi\u00f3n a la nutrida trayectoria art\u00edstica de Alad\u00edn Reyes, quien ha compartido y trabajado con algunos de los m\u00e1s c\u00e9lebres exponentes del estilo folcl\u00f3rico denominado \u201cchilenero\u201d, del cual es uno de los \u00faltimos exponentes.<\/p>\n<p>Sobre su presentaci\u00f3n en el museo, Cristian Comigual, voz y\u00a0\u00a0acord\u00e9on del conjunto, se\u00f1al\u00f3 que \u201cestamos s\u00faper contentos. Es un hecho emblem\u00e1tico para nosotros tocar en el museo donde est\u00e1 la obra de Violeta\u00bb.<\/p>\n<p>Alad\u00edn y sus Reyes son: Alad\u00edn Reyes (voz, piano); Miguel Molina (voz, guitarra); Cristian Comigual (voz, acord\u00e9on) y Felipe Fuentes (contrabajo).<\/p>\n<p><a href=\"https:\/\/www.facebook.com\/pg\/MuseoVioletaParra\/photos\/?tab=album&amp;album_id=2178242075752535\" target=\"_blank\" rel=\"noopener noreferrer\"><strong>Ver galer\u00eda de im\u00e1genes<\/strong><\/a><\/p>\n<p>&nbsp;<\/p>\n","protected":false},"excerpt":{"rendered":"<p>Para darle la bienvenida a agosto, el s\u00e1bado 4 de agosto a las 16:00 horas se llev\u00f3 a cabo una nueva jornada del Ciclo de Cuecas, que se realiza todos los primeros s\u00e1bados del mes desde enero de 2017. Alad\u00edn y sus Reyes es una agrupaci\u00f3n nacida en 2015 gracias al inter\u00e9s de cinco j\u00f3venes [&hellip;]<\/p>\n","protected":false},"author":5,"featured_media":15956,"comment_status":"open","ping_status":"open","sticky":false,"template":"","format":"standard","meta":{"site-sidebar-layout":"default","site-content-layout":"","ast-site-content-layout":"default","site-content-style":"default","site-sidebar-style":"default","ast-global-header-display":"","ast-banner-title-visibility":"","ast-main-header-display":"","ast-hfb-above-header-display":"","ast-hfb-below-header-display":"","ast-hfb-mobile-header-display":"","site-post-title":"","ast-breadcrumbs-content":"","ast-featured-img":"","footer-sml-layout":"","theme-transparent-header-meta":"","adv-header-id-meta":"","stick-header-meta":"","header-above-stick-meta":"","header-main-stick-meta":"","header-below-stick-meta":"","astra-migrate-meta-layouts":"default","ast-page-background-enabled":"default","ast-page-background-meta":{"desktop":{"background-color":"var(--ast-global-color-4)","background-image":"","background-repeat":"repeat","background-position":"center center","background-size":"auto","background-attachment":"scroll","background-type":"","background-media":"","overlay-type":"","overlay-color":"","overlay-opacity":"","overlay-gradient":""},"tablet":{"background-color":"","background-image":"","background-repeat":"repeat","background-position":"center center","background-size":"auto","background-attachment":"scroll","background-type":"","background-media":"","overlay-type":"","overlay-color":"","overlay-opacity":"","overlay-gradient":""},"mobile":{"background-color":"","background-image":"","background-repeat":"repeat","background-position":"center center","background-size":"auto","background-attachment":"scroll","background-type":"","background-media":"","overlay-type":"","overlay-color":"","overlay-opacity":"","overlay-gradient":""}},"ast-content-background-meta":{"desktop":{"background-color":"var(--ast-global-color-5)","background-image":"","background-repeat":"repeat","background-position":"center center","background-size":"auto","background-attachment":"scroll","background-type":"","background-media":"","overlay-type":"","overlay-color":"","overlay-opacity":"","overlay-gradient":""},"tablet":{"background-color":"var(--ast-global-color-5)","background-image":"","background-repeat":"repeat","background-position":"center center","background-size":"auto","background-attachment":"scroll","background-type":"","background-media":"","overlay-type":"","overlay-color":"","overlay-opacity":"","overlay-gradient":""},"mobile":{"background-color":"var(--ast-global-color-5)","background-image":"","background-repeat":"repeat","background-position":"center center","background-size":"auto","background-attachment":"scroll","background-type":"","background-media":"","overlay-type":"","overlay-color":"","overlay-opacity":"","overlay-gradient":""}},"footnotes":""},"categories":[59,8,61],"tags":[],"class_list":["post-15941","post","type-post","status-publish","format-standard","has-post-thumbnail","hentry","category-destacado-noticia","category-noticias","category-novedades"],"yoast_head":"<!-- This site is optimized with the Yoast SEO plugin v25.4 - https:\/\/yoast.com\/wordpress\/plugins\/seo\/ -->\n<title>Alad\u00edn y sus Reyes se presentaron en el Ciclo de Cuecas del Museo Violeta Parra - Museo Violeta Parra<\/title>\n<meta name=\"robots\" content=\"index, follow, max-snippet:-1, max-image-preview:large, max-video-preview:-1\" \/>\n<link rel=\"canonical\" href=\"http:\/\/vientosur.top\/museo\/historico-pianista-aladin-reyes-se-presentara-banda-este-sabado-museo-violeta-parra\/\" \/>\n<meta property=\"og:locale\" content=\"es_ES\" \/>\n<meta property=\"og:type\" content=\"article\" \/>\n<meta property=\"og:title\" content=\"Alad\u00edn y sus Reyes se presentaron en el Ciclo de Cuecas del Museo Violeta Parra - Museo Violeta Parra\" \/>\n<meta property=\"og:description\" content=\"Para darle la bienvenida a agosto, el s\u00e1bado 4 de agosto a las 16:00 horas se llev\u00f3 a cabo una nueva jornada del Ciclo de Cuecas, que se realiza todos los primeros s\u00e1bados del mes desde enero de 2017. Alad\u00edn y sus Reyes es una agrupaci\u00f3n nacida en 2015 gracias al inter\u00e9s de cinco j\u00f3venes [&hellip;]\" \/>\n<meta property=\"og:url\" content=\"http:\/\/vientosur.top\/museo\/historico-pianista-aladin-reyes-se-presentara-banda-este-sabado-museo-violeta-parra\/\" \/>\n<meta property=\"og:site_name\" content=\"Museo Violeta Parra\" \/>\n<meta property=\"article:published_time\" content=\"2018-08-04T22:15:26+00:00\" \/>\n<meta property=\"og:image\" content=\"http:\/\/vientosur.top\/museo\/wp-content\/uploads\/2018\/07\/aladiny.jpg\" \/>\n\t<meta property=\"og:image:width\" content=\"1692\" \/>\n\t<meta property=\"og:image:height\" content=\"1125\" \/>\n\t<meta property=\"og:image:type\" content=\"image\/jpeg\" \/>\n<meta name=\"author\" content=\"admin\" \/>\n<meta name=\"twitter:card\" content=\"summary_large_image\" \/>\n<meta name=\"twitter:label1\" content=\"Escrito por\" \/>\n\t<meta name=\"twitter:data1\" content=\"admin\" \/>\n\t<meta name=\"twitter:label2\" content=\"Tiempo de lectura\" \/>\n\t<meta name=\"twitter:data2\" content=\"1 minuto\" \/>\n<script type=\"application\/ld+json\" class=\"yoast-schema-graph\">{\"@context\":\"https:\/\/schema.org\",\"@graph\":[{\"@type\":\"WebPage\",\"@id\":\"http:\/\/vientosur.top\/museo\/historico-pianista-aladin-reyes-se-presentara-banda-este-sabado-museo-violeta-parra\/\",\"url\":\"http:\/\/vientosur.top\/museo\/historico-pianista-aladin-reyes-se-presentara-banda-este-sabado-museo-violeta-parra\/\",\"name\":\"Alad\u00edn y sus Reyes se presentaron en el Ciclo de Cuecas del Museo Violeta Parra - Museo Violeta Parra\",\"isPartOf\":{\"@id\":\"http:\/\/vientosur.top\/museo\/#website\"},\"primaryImageOfPage\":{\"@id\":\"http:\/\/vientosur.top\/museo\/historico-pianista-aladin-reyes-se-presentara-banda-este-sabado-museo-violeta-parra\/#primaryimage\"},\"image\":{\"@id\":\"http:\/\/vientosur.top\/museo\/historico-pianista-aladin-reyes-se-presentara-banda-este-sabado-museo-violeta-parra\/#primaryimage\"},\"thumbnailUrl\":\"http:\/\/vientosur.top\/museo\/wp-content\/uploads\/2018\/07\/aladiny.jpg\",\"datePublished\":\"2018-08-04T22:15:26+00:00\",\"author\":{\"@id\":\"http:\/\/vientosur.top\/museo\/#\/schema\/person\/20c79d3c38800971feec8c2693c3dd9c\"},\"breadcrumb\":{\"@id\":\"http:\/\/vientosur.top\/museo\/historico-pianista-aladin-reyes-se-presentara-banda-este-sabado-museo-violeta-parra\/#breadcrumb\"},\"inLanguage\":\"es\",\"potentialAction\":[{\"@type\":\"ReadAction\",\"target\":[\"http:\/\/vientosur.top\/museo\/historico-pianista-aladin-reyes-se-presentara-banda-este-sabado-museo-violeta-parra\/\"]}]},{\"@type\":\"ImageObject\",\"inLanguage\":\"es\",\"@id\":\"http:\/\/vientosur.top\/museo\/historico-pianista-aladin-reyes-se-presentara-banda-este-sabado-museo-violeta-parra\/#primaryimage\",\"url\":\"http:\/\/vientosur.top\/museo\/wp-content\/uploads\/2018\/07\/aladiny.jpg\",\"contentUrl\":\"http:\/\/vientosur.top\/museo\/wp-content\/uploads\/2018\/07\/aladiny.jpg\",\"width\":1692,\"height\":1125},{\"@type\":\"BreadcrumbList\",\"@id\":\"http:\/\/vientosur.top\/museo\/historico-pianista-aladin-reyes-se-presentara-banda-este-sabado-museo-violeta-parra\/#breadcrumb\",\"itemListElement\":[{\"@type\":\"ListItem\",\"position\":1,\"name\":\"Portada\",\"item\":\"http:\/\/vientosur.top\/museo\/\"},{\"@type\":\"ListItem\",\"position\":2,\"name\":\"Alad\u00edn y sus Reyes se presentaron en el Ciclo de Cuecas del Museo Violeta Parra\"}]},{\"@type\":\"WebSite\",\"@id\":\"http:\/\/vientosur.top\/museo\/#website\",\"url\":\"http:\/\/vientosur.top\/museo\/\",\"name\":\"Museo Violeta Parra\",\"description\":\"Espacio que alberga tanto la memoria y legado creativo de la artista\",\"potentialAction\":[{\"@type\":\"SearchAction\",\"target\":{\"@type\":\"EntryPoint\",\"urlTemplate\":\"http:\/\/vientosur.top\/museo\/?s={search_term_string}\"},\"query-input\":{\"@type\":\"PropertyValueSpecification\",\"valueRequired\":true,\"valueName\":\"search_term_string\"}}],\"inLanguage\":\"es\"},{\"@type\":\"Person\",\"@id\":\"http:\/\/vientosur.top\/museo\/#\/schema\/person\/20c79d3c38800971feec8c2693c3dd9c\",\"name\":\"admin\",\"image\":{\"@type\":\"ImageObject\",\"inLanguage\":\"es\",\"@id\":\"http:\/\/vientosur.top\/museo\/#\/schema\/person\/image\/\",\"url\":\"https:\/\/secure.gravatar.com\/avatar\/713677ece3ffa642287213a80e5b773bce9ab81c269dd6d95102a990951c922f?s=96&d=mm&r=g\",\"contentUrl\":\"https:\/\/secure.gravatar.com\/avatar\/713677ece3ffa642287213a80e5b773bce9ab81c269dd6d95102a990951c922f?s=96&d=mm&r=g\",\"caption\":\"admin\"},\"sameAs\":[\"http:\/\/vientosur.top\/museo\"],\"url\":\"http:\/\/vientosur.top\/museo\/author\/comunicacionesmvp\/\"}]}<\/script>\n<!-- \/ Yoast SEO plugin. -->","yoast_head_json":{"title":"Alad\u00edn y sus Reyes se presentaron en el Ciclo de Cuecas del Museo Violeta Parra - Museo Violeta Parra","robots":{"index":"index","follow":"follow","max-snippet":"max-snippet:-1","max-image-preview":"max-image-preview:large","max-video-preview":"max-video-preview:-1"},"canonical":"http:\/\/vientosur.top\/museo\/historico-pianista-aladin-reyes-se-presentara-banda-este-sabado-museo-violeta-parra\/","og_locale":"es_ES","og_type":"article","og_title":"Alad\u00edn y sus Reyes se presentaron en el Ciclo de Cuecas del Museo Violeta Parra - Museo Violeta Parra","og_description":"Para darle la bienvenida a agosto, el s\u00e1bado 4 de agosto a las 16:00 horas se llev\u00f3 a cabo una nueva jornada del Ciclo de Cuecas, que se realiza todos los primeros s\u00e1bados del mes desde enero de 2017. Alad\u00edn y sus Reyes es una agrupaci\u00f3n nacida en 2015 gracias al inter\u00e9s de cinco j\u00f3venes [&hellip;]","og_url":"http:\/\/vientosur.top\/museo\/historico-pianista-aladin-reyes-se-presentara-banda-este-sabado-museo-violeta-parra\/","og_site_name":"Museo Violeta Parra","article_published_time":"2018-08-04T22:15:26+00:00","og_image":[{"width":1692,"height":1125,"url":"http:\/\/vientosur.top\/museo\/wp-content\/uploads\/2018\/07\/aladiny.jpg","type":"image\/jpeg"}],"author":"admin","twitter_card":"summary_large_image","twitter_misc":{"Escrito por":"admin","Tiempo de lectura":"1 minuto"},"schema":{"@context":"https:\/\/schema.org","@graph":[{"@type":"WebPage","@id":"http:\/\/vientosur.top\/museo\/historico-pianista-aladin-reyes-se-presentara-banda-este-sabado-museo-violeta-parra\/","url":"http:\/\/vientosur.top\/museo\/historico-pianista-aladin-reyes-se-presentara-banda-este-sabado-museo-violeta-parra\/","name":"Alad\u00edn y sus Reyes se presentaron en el Ciclo de Cuecas del Museo Violeta Parra - Museo Violeta Parra","isPartOf":{"@id":"http:\/\/vientosur.top\/museo\/#website"},"primaryImageOfPage":{"@id":"http:\/\/vientosur.top\/museo\/historico-pianista-aladin-reyes-se-presentara-banda-este-sabado-museo-violeta-parra\/#primaryimage"},"image":{"@id":"http:\/\/vientosur.top\/museo\/historico-pianista-aladin-reyes-se-presentara-banda-este-sabado-museo-violeta-parra\/#primaryimage"},"thumbnailUrl":"http:\/\/vientosur.top\/museo\/wp-content\/uploads\/2018\/07\/aladiny.jpg","datePublished":"2018-08-04T22:15:26+00:00","author":{"@id":"http:\/\/vientosur.top\/museo\/#\/schema\/person\/20c79d3c38800971feec8c2693c3dd9c"},"breadcrumb":{"@id":"http:\/\/vientosur.top\/museo\/historico-pianista-aladin-reyes-se-presentara-banda-este-sabado-museo-violeta-parra\/#breadcrumb"},"inLanguage":"es","potentialAction":[{"@type":"ReadAction","target":["http:\/\/vientosur.top\/museo\/historico-pianista-aladin-reyes-se-presentara-banda-este-sabado-museo-violeta-parra\/"]}]},{"@type":"ImageObject","inLanguage":"es","@id":"http:\/\/vientosur.top\/museo\/historico-pianista-aladin-reyes-se-presentara-banda-este-sabado-museo-violeta-parra\/#primaryimage","url":"http:\/\/vientosur.top\/museo\/wp-content\/uploads\/2018\/07\/aladiny.jpg","contentUrl":"http:\/\/vientosur.top\/museo\/wp-content\/uploads\/2018\/07\/aladiny.jpg","width":1692,"height":1125},{"@type":"BreadcrumbList","@id":"http:\/\/vientosur.top\/museo\/historico-pianista-aladin-reyes-se-presentara-banda-este-sabado-museo-violeta-parra\/#breadcrumb","itemListElement":[{"@type":"ListItem","position":1,"name":"Portada","item":"http:\/\/vientosur.top\/museo\/"},{"@type":"ListItem","position":2,"name":"Alad\u00edn y sus Reyes se presentaron en el Ciclo de Cuecas del Museo Violeta Parra"}]},{"@type":"WebSite","@id":"http:\/\/vientosur.top\/museo\/#website","url":"http:\/\/vientosur.top\/museo\/","name":"Museo Violeta Parra","description":"Espacio que alberga tanto la memoria y legado creativo de la artista","potentialAction":[{"@type":"SearchAction","target":{"@type":"EntryPoint","urlTemplate":"http:\/\/vientosur.top\/museo\/?s={search_term_string}"},"query-input":{"@type":"PropertyValueSpecification","valueRequired":true,"valueName":"search_term_string"}}],"inLanguage":"es"},{"@type":"Person","@id":"http:\/\/vientosur.top\/museo\/#\/schema\/person\/20c79d3c38800971feec8c2693c3dd9c","name":"admin","image":{"@type":"ImageObject","inLanguage":"es","@id":"http:\/\/vientosur.top\/museo\/#\/schema\/person\/image\/","url":"https:\/\/secure.gravatar.com\/avatar\/713677ece3ffa642287213a80e5b773bce9ab81c269dd6d95102a990951c922f?s=96&d=mm&r=g","contentUrl":"https:\/\/secure.gravatar.com\/avatar\/713677ece3ffa642287213a80e5b773bce9ab81c269dd6d95102a990951c922f?s=96&d=mm&r=g","caption":"admin"},"sameAs":["http:\/\/vientosur.top\/museo"],"url":"http:\/\/vientosur.top\/museo\/author\/comunicacionesmvp\/"}]}},"_links":{"self":[{"href":"http:\/\/vientosur.top\/museo\/wp-json\/wp\/v2\/posts\/15941","targetHints":{"allow":["GET"]}}],"collection":[{"href":"http:\/\/vientosur.top\/museo\/wp-json\/wp\/v2\/posts"}],"about":[{"href":"http:\/\/vientosur.top\/museo\/wp-json\/wp\/v2\/types\/post"}],"author":[{"embeddable":true,"href":"http:\/\/vientosur.top\/museo\/wp-json\/wp\/v2\/users\/5"}],"replies":[{"embeddable":true,"href":"http:\/\/vientosur.top\/museo\/wp-json\/wp\/v2\/comments?post=15941"}],"version-history":[{"count":0,"href":"http:\/\/vientosur.top\/museo\/wp-json\/wp\/v2\/posts\/15941\/revisions"}],"wp:featuredmedia":[{"embeddable":true,"href":"http:\/\/vientosur.top\/museo\/wp-json\/wp\/v2\/media\/15956"}],"wp:attachment":[{"href":"http:\/\/vientosur.top\/museo\/wp-json\/wp\/v2\/media?parent=15941"}],"wp:term":[{"taxonomy":"category","embeddable":true,"href":"http:\/\/vientosur.top\/museo\/wp-json\/wp\/v2\/categories?post=15941"},{"taxonomy":"post_tag","embeddable":true,"href":"http:\/\/vientosur.top\/museo\/wp-json\/wp\/v2\/tags?post=15941"}],"curies":[{"name":"wp","href":"https:\/\/api.w.org\/{rel}","templated":true}]}}