{"id":15963,"date":"2018-08-06T12:08:09","date_gmt":"2018-08-06T17:08:09","guid":{"rendered":"http:\/\/vientosur.top\/museo\/?p=15963"},"modified":"2018-08-06T12:08:09","modified_gmt":"2018-08-06T17:08:09","slug":"reserva-entrada-gratis-recital-moyenei-valdes-homenaje-violeta-parra","status":"publish","type":"post","link":"http:\/\/vientosur.top\/museo\/reserva-entrada-gratis-recital-moyenei-valdes-homenaje-violeta-parra\/","title":{"rendered":"Moyenei Vald\u00e9s present\u00f3 homenaje a Violeta Parra"},"content":{"rendered":"<p><em>La artista ofreci\u00f3 un concierto \u00edntimo en el que tambi\u00e9n repas\u00f3 sus \u00e9xitos con Mamma Soul y present\u00f3 un adelanto de su pr\u00f3ximo disco.\u00a0<\/em><\/p>\n<p>Los s\u00e1bados musicales del Museo Violeta Parra siguen sumando a destacadas artistas en su cartelera. El pasado 11 de agosto a las 16:00 horas, Moyenei Vald\u00e9s lleg\u00f3 a la Sala Antar del recinto para presentar un concierto gratuito.<\/p>\n<p>La artista, recordada por ser la voz de Mamma Soul \u2014agrupaci\u00f3n que fund\u00f3 en 1997 y que se convirti\u00f3 en un suceso masivo\u2014 lleva 11 a\u00f1os radicada en M\u00e9xico trabajando en la m\u00fasica. Su exitosa carrera art\u00edstica incluye, por ejemplo, cuatro nominaciones al Grammy Latino y presentaciones en m\u00e1s de 50 pa\u00edses del mundo.<\/p>\n<p>La cantautora regres\u00f3 a Chile, entre otras cosas, para presentar su homenaje a Violeta y un adelanto de su pr\u00f3ximo disco. \u201cTocar en el Museo Violeta Parra es un regalo. Desde M\u00e9xico, Chile es un lugar nost\u00e1lgico, es nuestra tierra y tener la posibilidad de tocar m\u00ed m\u00fasica con la de Violeta es un placer, es un gran honor\u201d, afirm\u00f3.<\/p>\n<p>Fue en su nuevo pa\u00eds de residencia donde la artista decidi\u00f3 organizarle un homenaje a Violeta Parra el 2017, cuando el mundo entero celebraba los 100 a\u00f1os de la artista. \u201cEl proyecto Rosa Violeta es una idea de personal m\u00eda, siempre he sido una seguidora de Violeta. Tal como le pasa a miles de chilenos, ella signific\u00f3 mucho en nuestra infancia. Con mis padres viaj\u00e1bamos mucho y en todos los viajes nos acompa\u00f1aba su m\u00fasica\u201d, explic\u00f3.<\/p>\n<p>Junto con revivir este homenaje, la cantautora repas\u00f3 sus \u00e9xitos con Mamma Soul y present\u00f3 un adelanto de su pr\u00f3ximo trabajo disc\u00f3grafico: \u201cEsp\u00edritu Libre\u201d. \u201cEs la primera vez que trabajo en un formato tan minimalista, es un formato de arpa, cuatro venezolano, guitarra y percusi\u00f3n. Viene con un sonido s\u00faper mestizo, pero muy de ra\u00edz sudamericana\u201d, adelant\u00f3.<\/p>\n<p>El homenaje se realiz\u00f3 el s\u00e1bado 11 de agosto a las 16:00 horas en la Sala Antar del museo ubicado en Avenida Vicu\u00f1a Mackenna 37, metro Baquedano.<\/p>\n<p><iframe style=\"border: none; overflow: hidden;\" src=\"https:\/\/www.facebook.com\/plugins\/video.php?href=https%3A%2F%2Fwww.facebook.com%2FMuseoVioletaParra%2Fvideos%2F786668168170540%2F&amp;show_text=0&amp;width=560\" width=\"560\" height=\"315\" frameborder=\"0\" scrolling=\"no\" allowfullscreen=\"allowfullscreen\"><\/iframe><\/p>\n","protected":false},"excerpt":{"rendered":"<p>La artista ofreci\u00f3 un concierto \u00edntimo en el que tambi\u00e9n repas\u00f3 sus \u00e9xitos con Mamma Soul y present\u00f3 un adelanto de su pr\u00f3ximo disco.\u00a0 Los s\u00e1bados musicales del Museo Violeta Parra siguen sumando a destacadas artistas en su cartelera. El pasado 11 de agosto a las 16:00 horas, Moyenei Vald\u00e9s lleg\u00f3 a la Sala Antar [&hellip;]<\/p>\n","protected":false},"author":5,"featured_media":15997,"comment_status":"open","ping_status":"open","sticky":false,"template":"","format":"standard","meta":{"site-sidebar-layout":"default","site-content-layout":"","ast-site-content-layout":"default","site-content-style":"default","site-sidebar-style":"default","ast-global-header-display":"","ast-banner-title-visibility":"","ast-main-header-display":"","ast-hfb-above-header-display":"","ast-hfb-below-header-display":"","ast-hfb-mobile-header-display":"","site-post-title":"","ast-breadcrumbs-content":"","ast-featured-img":"","footer-sml-layout":"","theme-transparent-header-meta":"","adv-header-id-meta":"","stick-header-meta":"","header-above-stick-meta":"","header-main-stick-meta":"","header-below-stick-meta":"","astra-migrate-meta-layouts":"default","ast-page-background-enabled":"default","ast-page-background-meta":{"desktop":{"background-color":"var(--ast-global-color-4)","background-image":"","background-repeat":"repeat","background-position":"center center","background-size":"auto","background-attachment":"scroll","background-type":"","background-media":"","overlay-type":"","overlay-color":"","overlay-opacity":"","overlay-gradient":""},"tablet":{"background-color":"","background-image":"","background-repeat":"repeat","background-position":"center center","background-size":"auto","background-attachment":"scroll","background-type":"","background-media":"","overlay-type":"","overlay-color":"","overlay-opacity":"","overlay-gradient":""},"mobile":{"background-color":"","background-image":"","background-repeat":"repeat","background-position":"center center","background-size":"auto","background-attachment":"scroll","background-type":"","background-media":"","overlay-type":"","overlay-color":"","overlay-opacity":"","overlay-gradient":""}},"ast-content-background-meta":{"desktop":{"background-color":"var(--ast-global-color-5)","background-image":"","background-repeat":"repeat","background-position":"center center","background-size":"auto","background-attachment":"scroll","background-type":"","background-media":"","overlay-type":"","overlay-color":"","overlay-opacity":"","overlay-gradient":""},"tablet":{"background-color":"var(--ast-global-color-5)","background-image":"","background-repeat":"repeat","background-position":"center center","background-size":"auto","background-attachment":"scroll","background-type":"","background-media":"","overlay-type":"","overlay-color":"","overlay-opacity":"","overlay-gradient":""},"mobile":{"background-color":"var(--ast-global-color-5)","background-image":"","background-repeat":"repeat","background-position":"center center","background-size":"auto","background-attachment":"scroll","background-type":"","background-media":"","overlay-type":"","overlay-color":"","overlay-opacity":"","overlay-gradient":""}},"footnotes":""},"categories":[59,8,61],"tags":[],"class_list":["post-15963","post","type-post","status-publish","format-standard","has-post-thumbnail","hentry","category-destacado-noticia","category-noticias","category-novedades"],"yoast_head":"<!-- This site is optimized with the Yoast SEO plugin v25.4 - https:\/\/yoast.com\/wordpress\/plugins\/seo\/ -->\n<title>Moyenei Vald\u00e9s present\u00f3 homenaje a Violeta Parra - Museo Violeta Parra<\/title>\n<meta name=\"robots\" content=\"index, follow, max-snippet:-1, max-image-preview:large, max-video-preview:-1\" \/>\n<link rel=\"canonical\" href=\"http:\/\/vientosur.top\/museo\/reserva-entrada-gratis-recital-moyenei-valdes-homenaje-violeta-parra\/\" \/>\n<meta property=\"og:locale\" content=\"es_ES\" \/>\n<meta property=\"og:type\" content=\"article\" \/>\n<meta property=\"og:title\" content=\"Moyenei Vald\u00e9s present\u00f3 homenaje a Violeta Parra - Museo Violeta Parra\" \/>\n<meta property=\"og:description\" content=\"La artista ofreci\u00f3 un concierto \u00edntimo en el que tambi\u00e9n repas\u00f3 sus \u00e9xitos con Mamma Soul y present\u00f3 un adelanto de su pr\u00f3ximo disco.\u00a0 Los s\u00e1bados musicales del Museo Violeta Parra siguen sumando a destacadas artistas en su cartelera. El pasado 11 de agosto a las 16:00 horas, Moyenei Vald\u00e9s lleg\u00f3 a la Sala Antar [&hellip;]\" \/>\n<meta property=\"og:url\" content=\"http:\/\/vientosur.top\/museo\/reserva-entrada-gratis-recital-moyenei-valdes-homenaje-violeta-parra\/\" \/>\n<meta property=\"og:site_name\" content=\"Museo Violeta Parra\" \/>\n<meta property=\"article:published_time\" content=\"2018-08-06T17:08:09+00:00\" \/>\n<meta property=\"og:image\" content=\"http:\/\/vientosur.top\/museo\/wp-content\/uploads\/2018\/08\/IMG_0670.jpg\" \/>\n\t<meta property=\"og:image:width\" content=\"1920\" \/>\n\t<meta property=\"og:image:height\" content=\"1080\" \/>\n\t<meta property=\"og:image:type\" content=\"image\/jpeg\" \/>\n<meta name=\"author\" content=\"admin\" \/>\n<meta name=\"twitter:card\" content=\"summary_large_image\" \/>\n<meta name=\"twitter:label1\" content=\"Escrito por\" \/>\n\t<meta name=\"twitter:data1\" content=\"admin\" \/>\n\t<meta name=\"twitter:label2\" content=\"Tiempo de lectura\" \/>\n\t<meta name=\"twitter:data2\" content=\"2 minutos\" \/>\n<script type=\"application\/ld+json\" class=\"yoast-schema-graph\">{\"@context\":\"https:\/\/schema.org\",\"@graph\":[{\"@type\":\"WebPage\",\"@id\":\"http:\/\/vientosur.top\/museo\/reserva-entrada-gratis-recital-moyenei-valdes-homenaje-violeta-parra\/\",\"url\":\"http:\/\/vientosur.top\/museo\/reserva-entrada-gratis-recital-moyenei-valdes-homenaje-violeta-parra\/\",\"name\":\"Moyenei Vald\u00e9s present\u00f3 homenaje a Violeta Parra - Museo Violeta Parra\",\"isPartOf\":{\"@id\":\"http:\/\/vientosur.top\/museo\/#website\"},\"primaryImageOfPage\":{\"@id\":\"http:\/\/vientosur.top\/museo\/reserva-entrada-gratis-recital-moyenei-valdes-homenaje-violeta-parra\/#primaryimage\"},\"image\":{\"@id\":\"http:\/\/vientosur.top\/museo\/reserva-entrada-gratis-recital-moyenei-valdes-homenaje-violeta-parra\/#primaryimage\"},\"thumbnailUrl\":\"http:\/\/vientosur.top\/museo\/wp-content\/uploads\/2018\/08\/IMG_0670.jpg\",\"datePublished\":\"2018-08-06T17:08:09+00:00\",\"author\":{\"@id\":\"http:\/\/vientosur.top\/museo\/#\/schema\/person\/20c79d3c38800971feec8c2693c3dd9c\"},\"breadcrumb\":{\"@id\":\"http:\/\/vientosur.top\/museo\/reserva-entrada-gratis-recital-moyenei-valdes-homenaje-violeta-parra\/#breadcrumb\"},\"inLanguage\":\"es\",\"potentialAction\":[{\"@type\":\"ReadAction\",\"target\":[\"http:\/\/vientosur.top\/museo\/reserva-entrada-gratis-recital-moyenei-valdes-homenaje-violeta-parra\/\"]}]},{\"@type\":\"ImageObject\",\"inLanguage\":\"es\",\"@id\":\"http:\/\/vientosur.top\/museo\/reserva-entrada-gratis-recital-moyenei-valdes-homenaje-violeta-parra\/#primaryimage\",\"url\":\"http:\/\/vientosur.top\/museo\/wp-content\/uploads\/2018\/08\/IMG_0670.jpg\",\"contentUrl\":\"http:\/\/vientosur.top\/museo\/wp-content\/uploads\/2018\/08\/IMG_0670.jpg\",\"width\":1920,\"height\":1080},{\"@type\":\"BreadcrumbList\",\"@id\":\"http:\/\/vientosur.top\/museo\/reserva-entrada-gratis-recital-moyenei-valdes-homenaje-violeta-parra\/#breadcrumb\",\"itemListElement\":[{\"@type\":\"ListItem\",\"position\":1,\"name\":\"Portada\",\"item\":\"http:\/\/vientosur.top\/museo\/\"},{\"@type\":\"ListItem\",\"position\":2,\"name\":\"Moyenei Vald\u00e9s present\u00f3 homenaje a Violeta Parra\"}]},{\"@type\":\"WebSite\",\"@id\":\"http:\/\/vientosur.top\/museo\/#website\",\"url\":\"http:\/\/vientosur.top\/museo\/\",\"name\":\"Museo Violeta Parra\",\"description\":\"Espacio que alberga tanto la memoria y legado creativo de la artista\",\"potentialAction\":[{\"@type\":\"SearchAction\",\"target\":{\"@type\":\"EntryPoint\",\"urlTemplate\":\"http:\/\/vientosur.top\/museo\/?s={search_term_string}\"},\"query-input\":{\"@type\":\"PropertyValueSpecification\",\"valueRequired\":true,\"valueName\":\"search_term_string\"}}],\"inLanguage\":\"es\"},{\"@type\":\"Person\",\"@id\":\"http:\/\/vientosur.top\/museo\/#\/schema\/person\/20c79d3c38800971feec8c2693c3dd9c\",\"name\":\"admin\",\"image\":{\"@type\":\"ImageObject\",\"inLanguage\":\"es\",\"@id\":\"http:\/\/vientosur.top\/museo\/#\/schema\/person\/image\/\",\"url\":\"https:\/\/secure.gravatar.com\/avatar\/713677ece3ffa642287213a80e5b773bce9ab81c269dd6d95102a990951c922f?s=96&d=mm&r=g\",\"contentUrl\":\"https:\/\/secure.gravatar.com\/avatar\/713677ece3ffa642287213a80e5b773bce9ab81c269dd6d95102a990951c922f?s=96&d=mm&r=g\",\"caption\":\"admin\"},\"sameAs\":[\"http:\/\/vientosur.top\/museo\"],\"url\":\"http:\/\/vientosur.top\/museo\/author\/comunicacionesmvp\/\"}]}<\/script>\n<!-- \/ Yoast SEO plugin. -->","yoast_head_json":{"title":"Moyenei Vald\u00e9s present\u00f3 homenaje a Violeta Parra - Museo Violeta Parra","robots":{"index":"index","follow":"follow","max-snippet":"max-snippet:-1","max-image-preview":"max-image-preview:large","max-video-preview":"max-video-preview:-1"},"canonical":"http:\/\/vientosur.top\/museo\/reserva-entrada-gratis-recital-moyenei-valdes-homenaje-violeta-parra\/","og_locale":"es_ES","og_type":"article","og_title":"Moyenei Vald\u00e9s present\u00f3 homenaje a Violeta Parra - Museo Violeta Parra","og_description":"La artista ofreci\u00f3 un concierto \u00edntimo en el que tambi\u00e9n repas\u00f3 sus \u00e9xitos con Mamma Soul y present\u00f3 un adelanto de su pr\u00f3ximo disco.\u00a0 Los s\u00e1bados musicales del Museo Violeta Parra siguen sumando a destacadas artistas en su cartelera. El pasado 11 de agosto a las 16:00 horas, Moyenei Vald\u00e9s lleg\u00f3 a la Sala Antar [&hellip;]","og_url":"http:\/\/vientosur.top\/museo\/reserva-entrada-gratis-recital-moyenei-valdes-homenaje-violeta-parra\/","og_site_name":"Museo Violeta Parra","article_published_time":"2018-08-06T17:08:09+00:00","og_image":[{"width":1920,"height":1080,"url":"http:\/\/vientosur.top\/museo\/wp-content\/uploads\/2018\/08\/IMG_0670.jpg","type":"image\/jpeg"}],"author":"admin","twitter_card":"summary_large_image","twitter_misc":{"Escrito por":"admin","Tiempo de lectura":"2 minutos"},"schema":{"@context":"https:\/\/schema.org","@graph":[{"@type":"WebPage","@id":"http:\/\/vientosur.top\/museo\/reserva-entrada-gratis-recital-moyenei-valdes-homenaje-violeta-parra\/","url":"http:\/\/vientosur.top\/museo\/reserva-entrada-gratis-recital-moyenei-valdes-homenaje-violeta-parra\/","name":"Moyenei Vald\u00e9s present\u00f3 homenaje a Violeta Parra - Museo Violeta Parra","isPartOf":{"@id":"http:\/\/vientosur.top\/museo\/#website"},"primaryImageOfPage":{"@id":"http:\/\/vientosur.top\/museo\/reserva-entrada-gratis-recital-moyenei-valdes-homenaje-violeta-parra\/#primaryimage"},"image":{"@id":"http:\/\/vientosur.top\/museo\/reserva-entrada-gratis-recital-moyenei-valdes-homenaje-violeta-parra\/#primaryimage"},"thumbnailUrl":"http:\/\/vientosur.top\/museo\/wp-content\/uploads\/2018\/08\/IMG_0670.jpg","datePublished":"2018-08-06T17:08:09+00:00","author":{"@id":"http:\/\/vientosur.top\/museo\/#\/schema\/person\/20c79d3c38800971feec8c2693c3dd9c"},"breadcrumb":{"@id":"http:\/\/vientosur.top\/museo\/reserva-entrada-gratis-recital-moyenei-valdes-homenaje-violeta-parra\/#breadcrumb"},"inLanguage":"es","potentialAction":[{"@type":"ReadAction","target":["http:\/\/vientosur.top\/museo\/reserva-entrada-gratis-recital-moyenei-valdes-homenaje-violeta-parra\/"]}]},{"@type":"ImageObject","inLanguage":"es","@id":"http:\/\/vientosur.top\/museo\/reserva-entrada-gratis-recital-moyenei-valdes-homenaje-violeta-parra\/#primaryimage","url":"http:\/\/vientosur.top\/museo\/wp-content\/uploads\/2018\/08\/IMG_0670.jpg","contentUrl":"http:\/\/vientosur.top\/museo\/wp-content\/uploads\/2018\/08\/IMG_0670.jpg","width":1920,"height":1080},{"@type":"BreadcrumbList","@id":"http:\/\/vientosur.top\/museo\/reserva-entrada-gratis-recital-moyenei-valdes-homenaje-violeta-parra\/#breadcrumb","itemListElement":[{"@type":"ListItem","position":1,"name":"Portada","item":"http:\/\/vientosur.top\/museo\/"},{"@type":"ListItem","position":2,"name":"Moyenei Vald\u00e9s present\u00f3 homenaje a Violeta Parra"}]},{"@type":"WebSite","@id":"http:\/\/vientosur.top\/museo\/#website","url":"http:\/\/vientosur.top\/museo\/","name":"Museo Violeta Parra","description":"Espacio que alberga tanto la memoria y legado creativo de la artista","potentialAction":[{"@type":"SearchAction","target":{"@type":"EntryPoint","urlTemplate":"http:\/\/vientosur.top\/museo\/?s={search_term_string}"},"query-input":{"@type":"PropertyValueSpecification","valueRequired":true,"valueName":"search_term_string"}}],"inLanguage":"es"},{"@type":"Person","@id":"http:\/\/vientosur.top\/museo\/#\/schema\/person\/20c79d3c38800971feec8c2693c3dd9c","name":"admin","image":{"@type":"ImageObject","inLanguage":"es","@id":"http:\/\/vientosur.top\/museo\/#\/schema\/person\/image\/","url":"https:\/\/secure.gravatar.com\/avatar\/713677ece3ffa642287213a80e5b773bce9ab81c269dd6d95102a990951c922f?s=96&d=mm&r=g","contentUrl":"https:\/\/secure.gravatar.com\/avatar\/713677ece3ffa642287213a80e5b773bce9ab81c269dd6d95102a990951c922f?s=96&d=mm&r=g","caption":"admin"},"sameAs":["http:\/\/vientosur.top\/museo"],"url":"http:\/\/vientosur.top\/museo\/author\/comunicacionesmvp\/"}]}},"_links":{"self":[{"href":"http:\/\/vientosur.top\/museo\/wp-json\/wp\/v2\/posts\/15963","targetHints":{"allow":["GET"]}}],"collection":[{"href":"http:\/\/vientosur.top\/museo\/wp-json\/wp\/v2\/posts"}],"about":[{"href":"http:\/\/vientosur.top\/museo\/wp-json\/wp\/v2\/types\/post"}],"author":[{"embeddable":true,"href":"http:\/\/vientosur.top\/museo\/wp-json\/wp\/v2\/users\/5"}],"replies":[{"embeddable":true,"href":"http:\/\/vientosur.top\/museo\/wp-json\/wp\/v2\/comments?post=15963"}],"version-history":[{"count":0,"href":"http:\/\/vientosur.top\/museo\/wp-json\/wp\/v2\/posts\/15963\/revisions"}],"wp:featuredmedia":[{"embeddable":true,"href":"http:\/\/vientosur.top\/museo\/wp-json\/wp\/v2\/media\/15997"}],"wp:attachment":[{"href":"http:\/\/vientosur.top\/museo\/wp-json\/wp\/v2\/media?parent=15963"}],"wp:term":[{"taxonomy":"category","embeddable":true,"href":"http:\/\/vientosur.top\/museo\/wp-json\/wp\/v2\/categories?post=15963"},{"taxonomy":"post_tag","embeddable":true,"href":"http:\/\/vientosur.top\/museo\/wp-json\/wp\/v2\/tags?post=15963"}],"curies":[{"name":"wp","href":"https:\/\/api.w.org\/{rel}","templated":true}]}}