{"id":15971,"date":"2018-08-07T14:41:15","date_gmt":"2018-08-07T19:41:15","guid":{"rendered":"http:\/\/vientosur.top\/museo\/?p=15971"},"modified":"2018-08-07T14:41:15","modified_gmt":"2018-08-07T19:41:15","slug":"museo-violeta-parra-presenta-politica-institucional-equidad-genero","status":"publish","type":"post","link":"http:\/\/vientosur.top\/museo\/museo-violeta-parra-presenta-politica-institucional-equidad-genero\/","title":{"rendered":"Museo Violeta Parra presenta Pol\u00edtica Institucional de Equidad de\u00a0G\u00e9nero"},"content":{"rendered":"<p><em>El documento, pionero en instituciones culturales chilenas,\u00a0es el resultado de una jornada de reflexi\u00f3n que realiz\u00f3 el equipo de trabajo del museo.<br \/>\n<\/em><br \/>\nSon millones las mujeres en todo el mundo que se han manifestado\u00a0a favor de la igualdad y el respeto por sus derechos. El Museo Violeta Parra, comprometido con estas demandas, acaba de lanzar su <a href=\"http:\/\/vientosur.top\/museo\/wp-content\/uploads\/2018\/07\/Pol%C3%ADticainstitucionaldeequidaddeg%C3%A9nero.pdf\" target=\"_blank\" rel=\"noopener noreferrer\">Pol\u00edtica Institucional de Equidad de\u00a0G\u00e9nero.<\/a><\/p>\n<p>El documento es el resultado de una jornada de reflexi\u00f3n que realiz\u00f3 el personal de la instituci\u00f3n el lunes 4 de junio. Esta iniciativa busca erradicar toda forma de violencia sexual y de\u00a0g\u00e9nero, velando por el respeto hacia quienes trabajan y visitan el museo, por medio de una pol\u00edtica que prevenga, desaliente, evite, sancione y repare las conductas de acoso sexual y de\u00a0g\u00e9nero, y discriminaci\u00f3n en cualquiera de sus formas.<\/p>\n<p>\u201cLlevamos el nombre de una de las mujeres m\u00e1s s\u00f3lidas de nuestro imaginario colectivo. Somos un espacio cultural, es decir, el lugar id\u00f3neo para pensar con altura de miras el movimiento, ya que el machismo obedece a un fen\u00f3meno cultural. No solo buscamos involucrar a los trabajadores, sino\u00a0que tambi\u00e9n al p\u00fablico\u00a0que\u00a0nos visita. Todos tienen\u00a0que\u00a0sentir\u00a0un\u00a0clima de respeto e inclusi\u00f3n\u201d, explica Cecilia Garc\u00eda-Huidobro, Directora del Museo Violeta Parra.<\/p>\n<p>Junto con educar y sensibilizar a la comunidad de trabajadores y a los visitantes sobre los procedimientos a seguir ante eventuales situaciones de acoso sexual y\/o de\u00a0g\u00e9nero, el documento tambi\u00e9n aborda el uso de lenguaje inclusivo y la relaci\u00f3n del personal del museo con sus visitantes.<\/p>\n<p>Esta pol\u00edtica se suma al <a href=\"http:\/\/vientosur.top\/museo\/museo-violeta-parra-celebra-dia-mundial-del-medio-ambiente-presentando-protocolo-ecologico\/\" target=\"_blank\" rel=\"noopener noreferrer\">Protocolo Ecol\u00f3gico<\/a> presentado el 5 de junio, en el marco del D\u00eda Mundial del Medioambiente.<\/p>\n<p><strong><a href=\"http:\/\/vientosur.top\/museo\/wp-content\/uploads\/2018\/07\/Pol%C3%ADticainstitucionaldeequidaddeg%C3%A9nero.pdf\" target=\"_blank\" rel=\"noopener noreferrer\"><br \/>\nDescargar Pol\u00edtica Institucional de Equidad de G\u00e9nero<\/a> <\/strong><\/p>\n","protected":false},"excerpt":{"rendered":"<p>El documento, pionero en instituciones culturales chilenas,\u00a0es el resultado de una jornada de reflexi\u00f3n que realiz\u00f3 el equipo de trabajo del museo. Son millones las mujeres en todo el mundo que se han manifestado\u00a0a favor de la igualdad y el respeto por sus derechos. El Museo Violeta Parra, comprometido con estas demandas, acaba de lanzar [&hellip;]<\/p>\n","protected":false},"author":5,"featured_media":15155,"comment_status":"open","ping_status":"open","sticky":false,"template":"","format":"standard","meta":{"site-sidebar-layout":"default","site-content-layout":"","ast-site-content-layout":"default","site-content-style":"default","site-sidebar-style":"default","ast-global-header-display":"","ast-banner-title-visibility":"","ast-main-header-display":"","ast-hfb-above-header-display":"","ast-hfb-below-header-display":"","ast-hfb-mobile-header-display":"","site-post-title":"","ast-breadcrumbs-content":"","ast-featured-img":"","footer-sml-layout":"","theme-transparent-header-meta":"","adv-header-id-meta":"","stick-header-meta":"","header-above-stick-meta":"","header-main-stick-meta":"","header-below-stick-meta":"","astra-migrate-meta-layouts":"default","ast-page-background-enabled":"default","ast-page-background-meta":{"desktop":{"background-color":"var(--ast-global-color-4)","background-image":"","background-repeat":"repeat","background-position":"center center","background-size":"auto","background-attachment":"scroll","background-type":"","background-media":"","overlay-type":"","overlay-color":"","overlay-opacity":"","overlay-gradient":""},"tablet":{"background-color":"","background-image":"","background-repeat":"repeat","background-position":"center center","background-size":"auto","background-attachment":"scroll","background-type":"","background-media":"","overlay-type":"","overlay-color":"","overlay-opacity":"","overlay-gradient":""},"mobile":{"background-color":"","background-image":"","background-repeat":"repeat","background-position":"center center","background-size":"auto","background-attachment":"scroll","background-type":"","background-media":"","overlay-type":"","overlay-color":"","overlay-opacity":"","overlay-gradient":""}},"ast-content-background-meta":{"desktop":{"background-color":"var(--ast-global-color-5)","background-image":"","background-repeat":"repeat","background-position":"center center","background-size":"auto","background-attachment":"scroll","background-type":"","background-media":"","overlay-type":"","overlay-color":"","overlay-opacity":"","overlay-gradient":""},"tablet":{"background-color":"var(--ast-global-color-5)","background-image":"","background-repeat":"repeat","background-position":"center center","background-size":"auto","background-attachment":"scroll","background-type":"","background-media":"","overlay-type":"","overlay-color":"","overlay-opacity":"","overlay-gradient":""},"mobile":{"background-color":"var(--ast-global-color-5)","background-image":"","background-repeat":"repeat","background-position":"center center","background-size":"auto","background-attachment":"scroll","background-type":"","background-media":"","overlay-type":"","overlay-color":"","overlay-opacity":"","overlay-gradient":""}},"footnotes":""},"categories":[59,8,61],"tags":[],"class_list":["post-15971","post","type-post","status-publish","format-standard","has-post-thumbnail","hentry","category-destacado-noticia","category-noticias","category-novedades"],"yoast_head":"<!-- This site is optimized with the Yoast SEO plugin v25.4 - https:\/\/yoast.com\/wordpress\/plugins\/seo\/ -->\n<title>Museo Violeta Parra presenta Pol\u00edtica Institucional de Equidad de\u00a0G\u00e9nero - Museo Violeta Parra<\/title>\n<meta name=\"robots\" content=\"index, follow, max-snippet:-1, max-image-preview:large, max-video-preview:-1\" \/>\n<link rel=\"canonical\" href=\"http:\/\/vientosur.top\/museo\/museo-violeta-parra-presenta-politica-institucional-equidad-genero\/\" \/>\n<meta property=\"og:locale\" content=\"es_ES\" \/>\n<meta property=\"og:type\" content=\"article\" \/>\n<meta property=\"og:title\" content=\"Museo Violeta Parra presenta Pol\u00edtica Institucional de Equidad de\u00a0G\u00e9nero - Museo Violeta Parra\" \/>\n<meta property=\"og:description\" content=\"El documento, pionero en instituciones culturales chilenas,\u00a0es el resultado de una jornada de reflexi\u00f3n que realiz\u00f3 el equipo de trabajo del museo. Son millones las mujeres en todo el mundo que se han manifestado\u00a0a favor de la igualdad y el respeto por sus derechos. El Museo Violeta Parra, comprometido con estas demandas, acaba de lanzar [&hellip;]\" \/>\n<meta property=\"og:url\" content=\"http:\/\/vientosur.top\/museo\/museo-violeta-parra-presenta-politica-institucional-equidad-genero\/\" \/>\n<meta property=\"og:site_name\" content=\"Museo Violeta Parra\" \/>\n<meta property=\"article:published_time\" content=\"2018-08-07T19:41:15+00:00\" \/>\n<meta property=\"og:image\" content=\"http:\/\/vientosur.top\/museo\/wp-content\/uploads\/2018\/06\/genero-1024x690.jpg\" \/>\n\t<meta property=\"og:image:width\" content=\"1024\" \/>\n\t<meta property=\"og:image:height\" content=\"690\" \/>\n\t<meta property=\"og:image:type\" content=\"image\/jpeg\" \/>\n<meta name=\"author\" content=\"admin\" \/>\n<meta name=\"twitter:card\" content=\"summary_large_image\" \/>\n<meta name=\"twitter:label1\" content=\"Escrito por\" \/>\n\t<meta name=\"twitter:data1\" content=\"admin\" \/>\n\t<meta name=\"twitter:label2\" content=\"Tiempo de lectura\" \/>\n\t<meta name=\"twitter:data2\" content=\"2 minutos\" \/>\n<script type=\"application\/ld+json\" class=\"yoast-schema-graph\">{\"@context\":\"https:\/\/schema.org\",\"@graph\":[{\"@type\":\"WebPage\",\"@id\":\"http:\/\/vientosur.top\/museo\/museo-violeta-parra-presenta-politica-institucional-equidad-genero\/\",\"url\":\"http:\/\/vientosur.top\/museo\/museo-violeta-parra-presenta-politica-institucional-equidad-genero\/\",\"name\":\"Museo Violeta Parra presenta Pol\u00edtica Institucional de Equidad de\u00a0G\u00e9nero - Museo Violeta Parra\",\"isPartOf\":{\"@id\":\"http:\/\/vientosur.top\/museo\/#website\"},\"primaryImageOfPage\":{\"@id\":\"http:\/\/vientosur.top\/museo\/museo-violeta-parra-presenta-politica-institucional-equidad-genero\/#primaryimage\"},\"image\":{\"@id\":\"http:\/\/vientosur.top\/museo\/museo-violeta-parra-presenta-politica-institucional-equidad-genero\/#primaryimage\"},\"thumbnailUrl\":\"http:\/\/vientosur.top\/museo\/wp-content\/uploads\/2018\/06\/genero.jpg\",\"datePublished\":\"2018-08-07T19:41:15+00:00\",\"author\":{\"@id\":\"http:\/\/vientosur.top\/museo\/#\/schema\/person\/20c79d3c38800971feec8c2693c3dd9c\"},\"breadcrumb\":{\"@id\":\"http:\/\/vientosur.top\/museo\/museo-violeta-parra-presenta-politica-institucional-equidad-genero\/#breadcrumb\"},\"inLanguage\":\"es\",\"potentialAction\":[{\"@type\":\"ReadAction\",\"target\":[\"http:\/\/vientosur.top\/museo\/museo-violeta-parra-presenta-politica-institucional-equidad-genero\/\"]}]},{\"@type\":\"ImageObject\",\"inLanguage\":\"es\",\"@id\":\"http:\/\/vientosur.top\/museo\/museo-violeta-parra-presenta-politica-institucional-equidad-genero\/#primaryimage\",\"url\":\"http:\/\/vientosur.top\/museo\/wp-content\/uploads\/2018\/06\/genero.jpg\",\"contentUrl\":\"http:\/\/vientosur.top\/museo\/wp-content\/uploads\/2018\/06\/genero.jpg\",\"width\":2000,\"height\":1348},{\"@type\":\"BreadcrumbList\",\"@id\":\"http:\/\/vientosur.top\/museo\/museo-violeta-parra-presenta-politica-institucional-equidad-genero\/#breadcrumb\",\"itemListElement\":[{\"@type\":\"ListItem\",\"position\":1,\"name\":\"Portada\",\"item\":\"http:\/\/vientosur.top\/museo\/\"},{\"@type\":\"ListItem\",\"position\":2,\"name\":\"Museo Violeta Parra presenta Pol\u00edtica Institucional de Equidad de\u00a0G\u00e9nero\"}]},{\"@type\":\"WebSite\",\"@id\":\"http:\/\/vientosur.top\/museo\/#website\",\"url\":\"http:\/\/vientosur.top\/museo\/\",\"name\":\"Museo Violeta Parra\",\"description\":\"Espacio que alberga tanto la memoria y legado creativo de la artista\",\"potentialAction\":[{\"@type\":\"SearchAction\",\"target\":{\"@type\":\"EntryPoint\",\"urlTemplate\":\"http:\/\/vientosur.top\/museo\/?s={search_term_string}\"},\"query-input\":{\"@type\":\"PropertyValueSpecification\",\"valueRequired\":true,\"valueName\":\"search_term_string\"}}],\"inLanguage\":\"es\"},{\"@type\":\"Person\",\"@id\":\"http:\/\/vientosur.top\/museo\/#\/schema\/person\/20c79d3c38800971feec8c2693c3dd9c\",\"name\":\"admin\",\"image\":{\"@type\":\"ImageObject\",\"inLanguage\":\"es\",\"@id\":\"http:\/\/vientosur.top\/museo\/#\/schema\/person\/image\/\",\"url\":\"https:\/\/secure.gravatar.com\/avatar\/713677ece3ffa642287213a80e5b773bce9ab81c269dd6d95102a990951c922f?s=96&d=mm&r=g\",\"contentUrl\":\"https:\/\/secure.gravatar.com\/avatar\/713677ece3ffa642287213a80e5b773bce9ab81c269dd6d95102a990951c922f?s=96&d=mm&r=g\",\"caption\":\"admin\"},\"sameAs\":[\"http:\/\/vientosur.top\/museo\"],\"url\":\"http:\/\/vientosur.top\/museo\/author\/comunicacionesmvp\/\"}]}<\/script>\n<!-- \/ Yoast SEO plugin. -->","yoast_head_json":{"title":"Museo Violeta Parra presenta Pol\u00edtica Institucional de Equidad de\u00a0G\u00e9nero - Museo Violeta Parra","robots":{"index":"index","follow":"follow","max-snippet":"max-snippet:-1","max-image-preview":"max-image-preview:large","max-video-preview":"max-video-preview:-1"},"canonical":"http:\/\/vientosur.top\/museo\/museo-violeta-parra-presenta-politica-institucional-equidad-genero\/","og_locale":"es_ES","og_type":"article","og_title":"Museo Violeta Parra presenta Pol\u00edtica Institucional de Equidad de\u00a0G\u00e9nero - Museo Violeta Parra","og_description":"El documento, pionero en instituciones culturales chilenas,\u00a0es el resultado de una jornada de reflexi\u00f3n que realiz\u00f3 el equipo de trabajo del museo. Son millones las mujeres en todo el mundo que se han manifestado\u00a0a favor de la igualdad y el respeto por sus derechos. El Museo Violeta Parra, comprometido con estas demandas, acaba de lanzar [&hellip;]","og_url":"http:\/\/vientosur.top\/museo\/museo-violeta-parra-presenta-politica-institucional-equidad-genero\/","og_site_name":"Museo Violeta Parra","article_published_time":"2018-08-07T19:41:15+00:00","og_image":[{"width":1024,"height":690,"url":"http:\/\/vientosur.top\/museo\/wp-content\/uploads\/2018\/06\/genero-1024x690.jpg","type":"image\/jpeg"}],"author":"admin","twitter_card":"summary_large_image","twitter_misc":{"Escrito por":"admin","Tiempo de lectura":"2 minutos"},"schema":{"@context":"https:\/\/schema.org","@graph":[{"@type":"WebPage","@id":"http:\/\/vientosur.top\/museo\/museo-violeta-parra-presenta-politica-institucional-equidad-genero\/","url":"http:\/\/vientosur.top\/museo\/museo-violeta-parra-presenta-politica-institucional-equidad-genero\/","name":"Museo Violeta Parra presenta Pol\u00edtica Institucional de Equidad de\u00a0G\u00e9nero - Museo Violeta Parra","isPartOf":{"@id":"http:\/\/vientosur.top\/museo\/#website"},"primaryImageOfPage":{"@id":"http:\/\/vientosur.top\/museo\/museo-violeta-parra-presenta-politica-institucional-equidad-genero\/#primaryimage"},"image":{"@id":"http:\/\/vientosur.top\/museo\/museo-violeta-parra-presenta-politica-institucional-equidad-genero\/#primaryimage"},"thumbnailUrl":"http:\/\/vientosur.top\/museo\/wp-content\/uploads\/2018\/06\/genero.jpg","datePublished":"2018-08-07T19:41:15+00:00","author":{"@id":"http:\/\/vientosur.top\/museo\/#\/schema\/person\/20c79d3c38800971feec8c2693c3dd9c"},"breadcrumb":{"@id":"http:\/\/vientosur.top\/museo\/museo-violeta-parra-presenta-politica-institucional-equidad-genero\/#breadcrumb"},"inLanguage":"es","potentialAction":[{"@type":"ReadAction","target":["http:\/\/vientosur.top\/museo\/museo-violeta-parra-presenta-politica-institucional-equidad-genero\/"]}]},{"@type":"ImageObject","inLanguage":"es","@id":"http:\/\/vientosur.top\/museo\/museo-violeta-parra-presenta-politica-institucional-equidad-genero\/#primaryimage","url":"http:\/\/vientosur.top\/museo\/wp-content\/uploads\/2018\/06\/genero.jpg","contentUrl":"http:\/\/vientosur.top\/museo\/wp-content\/uploads\/2018\/06\/genero.jpg","width":2000,"height":1348},{"@type":"BreadcrumbList","@id":"http:\/\/vientosur.top\/museo\/museo-violeta-parra-presenta-politica-institucional-equidad-genero\/#breadcrumb","itemListElement":[{"@type":"ListItem","position":1,"name":"Portada","item":"http:\/\/vientosur.top\/museo\/"},{"@type":"ListItem","position":2,"name":"Museo Violeta Parra presenta Pol\u00edtica Institucional de Equidad de\u00a0G\u00e9nero"}]},{"@type":"WebSite","@id":"http:\/\/vientosur.top\/museo\/#website","url":"http:\/\/vientosur.top\/museo\/","name":"Museo Violeta Parra","description":"Espacio que alberga tanto la memoria y legado creativo de la artista","potentialAction":[{"@type":"SearchAction","target":{"@type":"EntryPoint","urlTemplate":"http:\/\/vientosur.top\/museo\/?s={search_term_string}"},"query-input":{"@type":"PropertyValueSpecification","valueRequired":true,"valueName":"search_term_string"}}],"inLanguage":"es"},{"@type":"Person","@id":"http:\/\/vientosur.top\/museo\/#\/schema\/person\/20c79d3c38800971feec8c2693c3dd9c","name":"admin","image":{"@type":"ImageObject","inLanguage":"es","@id":"http:\/\/vientosur.top\/museo\/#\/schema\/person\/image\/","url":"https:\/\/secure.gravatar.com\/avatar\/713677ece3ffa642287213a80e5b773bce9ab81c269dd6d95102a990951c922f?s=96&d=mm&r=g","contentUrl":"https:\/\/secure.gravatar.com\/avatar\/713677ece3ffa642287213a80e5b773bce9ab81c269dd6d95102a990951c922f?s=96&d=mm&r=g","caption":"admin"},"sameAs":["http:\/\/vientosur.top\/museo"],"url":"http:\/\/vientosur.top\/museo\/author\/comunicacionesmvp\/"}]}},"_links":{"self":[{"href":"http:\/\/vientosur.top\/museo\/wp-json\/wp\/v2\/posts\/15971","targetHints":{"allow":["GET"]}}],"collection":[{"href":"http:\/\/vientosur.top\/museo\/wp-json\/wp\/v2\/posts"}],"about":[{"href":"http:\/\/vientosur.top\/museo\/wp-json\/wp\/v2\/types\/post"}],"author":[{"embeddable":true,"href":"http:\/\/vientosur.top\/museo\/wp-json\/wp\/v2\/users\/5"}],"replies":[{"embeddable":true,"href":"http:\/\/vientosur.top\/museo\/wp-json\/wp\/v2\/comments?post=15971"}],"version-history":[{"count":0,"href":"http:\/\/vientosur.top\/museo\/wp-json\/wp\/v2\/posts\/15971\/revisions"}],"wp:featuredmedia":[{"embeddable":true,"href":"http:\/\/vientosur.top\/museo\/wp-json\/wp\/v2\/media\/15155"}],"wp:attachment":[{"href":"http:\/\/vientosur.top\/museo\/wp-json\/wp\/v2\/media?parent=15971"}],"wp:term":[{"taxonomy":"category","embeddable":true,"href":"http:\/\/vientosur.top\/museo\/wp-json\/wp\/v2\/categories?post=15971"},{"taxonomy":"post_tag","embeddable":true,"href":"http:\/\/vientosur.top\/museo\/wp-json\/wp\/v2\/tags?post=15971"}],"curies":[{"name":"wp","href":"https:\/\/api.w.org\/{rel}","templated":true}]}}