{"id":15985,"date":"2018-08-10T15:49:51","date_gmt":"2018-08-10T20:49:51","guid":{"rendered":"http:\/\/vientosur.top\/museo\/?p=15985"},"modified":"2018-08-10T15:49:51","modified_gmt":"2018-08-10T20:49:51","slug":"biografia-animada-violeta-parra-se-presenta-este-fin-semana-ciclo-cortometrajes","status":"publish","type":"post","link":"http:\/\/vientosur.top\/museo\/biografia-animada-violeta-parra-se-presenta-este-fin-semana-ciclo-cortometrajes\/","title":{"rendered":"Biograf\u00eda animada sobre Violeta Parra se present\u00f3 en ciclo de cortometrajes"},"content":{"rendered":"<p><em>La premiada cinta \u201cCantar con sentido\u201d fue parte de la cuarta fecha del ciclo audiovisual que el Museo Violeta Parra presenta junto al Festival Internacional CINELEBU. Tambi\u00e9n se exhibieron \u201cLa Mala Pesca\u201d y \u201cK\u00f6nun Leuf\u00fa\u201d.<\/em><\/p>\n<p>El ciclo de cortometrajes documentales nacionales, que el Museo Violeta Parra organiza en conjunto con el Festival Internacional CINELEBU, sum\u00f3 su cuarta fecha. Convirtiendo a la Sala Antar del recinto cultural ubicado en Vicu\u00f1a Mackenna 37, a pasos del metro Baquedano, en una destacada plataforma para realizadores y realizadoras de todo Chile.<\/p>\n<p>En la nueva fecha de este ciclo, que se desarroll\u00f3 el domingo 12 de agosto a las 16:00 horas, se exhibieron de manera gratuita pel\u00edculas de Valpara\u00edso, Puerto Montt y San Carlos.<\/p>\n<p>Desde la ciudad puerto lleg\u00f3 \u201cLa Mala Pesca\u201d, de la directora Alison D\u00edaz N\u00fa\u00f1ez. La cinta aborda el malestar del sector artesanal de la pesca producto de la Ley de Pesca en Chile, desde un punto de vista cr\u00edtico por parte de los pescadores de las Caletas El Membrillo y Portales de Valpara\u00edso.<\/p>\n<p>\u201cK\u00f6nun Leuf\u00fa, Entrada al R\u00edo\u201d, de Marco Dumenez, tambi\u00e9n fue parte de la exhibici\u00f3n. Desde Puerto Montt, este cortometraje cuenta las experiencias de Tom\u00e1s Binimelis, un joven de la gran ciudad, que se radica en el sur de Chile para vivir del Kayak.<\/p>\n<p>Para cerrar la jornada se present\u00f3 \u201cCantar con sentido, una biograf\u00eda de Violeta Parra\u201d. La premiada pel\u00edcula animada en stop motion, dirigida por Leonardo Beltr\u00e1n, lleg\u00f3 desde San Carlos a mostrar en la pantalla \u00abla historia de Violeta Parra, la mujer que rescat\u00f3 el folclore de un pa\u00eds que olvida\u00bb, seg\u00fan dice la sinopsis.<\/p>\n<p>La entrada para la exhibici\u00f3n de los tres cortometrajes fue liberada. La actividad se realiz\u00f3 en la Sala Antar del museo ubicado en Avenida Vicu\u00f1a Mackenna 37, metro Baquedano.<\/p>\n<p><iframe src=\"https:\/\/www.youtube.com\/embed\/G6ZfavenS9A\" width=\"560\" height=\"315\" frameborder=\"0\" allowfullscreen=\"allowfullscreen\"><\/iframe><\/p>\n<p><strong>Programaci\u00f3n de CINE LEBU en Museo Violeta Parra<\/strong><br \/>\n<strong>Domingo 12 de agosto \/ 16:00 horas \/ Sala Antar<\/strong><\/p>\n<p><strong>La Mala Pesca<\/strong><br \/>\nDirectora: Alison D\u00edaz N\u00fa\u00f1ez<br \/>\nDuraci\u00f3n: 26 minutos<br \/>\nCiudad: Valpara\u00edso<\/p>\n<p><strong>K\u00f6nun Leuf\u00fa, Entrada al R\u00edo<\/strong><br \/>\nDirector: Marco Dumenez<br \/>\nDuraci\u00f3n: 10 minutos<br \/>\nCiudad: Puerto Montt<\/p>\n<p><strong>Cantar con sentido, una biograf\u00eda de Violeta Parr<\/strong>a<br \/>\nDirector: Leonardo Beltr\u00e1n<br \/>\nDuraci\u00f3n: 23 minutos<br \/>\nCiudad: San Carlos<\/p>\n","protected":false},"excerpt":{"rendered":"<p>La premiada cinta \u201cCantar con sentido\u201d fue parte de la cuarta fecha del ciclo audiovisual que el Museo Violeta Parra presenta junto al Festival Internacional CINELEBU. Tambi\u00e9n se exhibieron \u201cLa Mala Pesca\u201d y \u201cK\u00f6nun Leuf\u00fa\u201d. El ciclo de cortometrajes documentales nacionales, que el Museo Violeta Parra organiza en conjunto con el Festival Internacional CINELEBU, sum\u00f3 [&hellip;]<\/p>\n","protected":false},"author":5,"featured_media":15986,"comment_status":"open","ping_status":"open","sticky":false,"template":"","format":"standard","meta":{"site-sidebar-layout":"default","site-content-layout":"","ast-site-content-layout":"default","site-content-style":"default","site-sidebar-style":"default","ast-global-header-display":"","ast-banner-title-visibility":"","ast-main-header-display":"","ast-hfb-above-header-display":"","ast-hfb-below-header-display":"","ast-hfb-mobile-header-display":"","site-post-title":"","ast-breadcrumbs-content":"","ast-featured-img":"","footer-sml-layout":"","theme-transparent-header-meta":"","adv-header-id-meta":"","stick-header-meta":"","header-above-stick-meta":"","header-main-stick-meta":"","header-below-stick-meta":"","astra-migrate-meta-layouts":"default","ast-page-background-enabled":"default","ast-page-background-meta":{"desktop":{"background-color":"var(--ast-global-color-4)","background-image":"","background-repeat":"repeat","background-position":"center center","background-size":"auto","background-attachment":"scroll","background-type":"","background-media":"","overlay-type":"","overlay-color":"","overlay-opacity":"","overlay-gradient":""},"tablet":{"background-color":"","background-image":"","background-repeat":"repeat","background-position":"center center","background-size":"auto","background-attachment":"scroll","background-type":"","background-media":"","overlay-type":"","overlay-color":"","overlay-opacity":"","overlay-gradient":""},"mobile":{"background-color":"","background-image":"","background-repeat":"repeat","background-position":"center center","background-size":"auto","background-attachment":"scroll","background-type":"","background-media":"","overlay-type":"","overlay-color":"","overlay-opacity":"","overlay-gradient":""}},"ast-content-background-meta":{"desktop":{"background-color":"var(--ast-global-color-5)","background-image":"","background-repeat":"repeat","background-position":"center center","background-size":"auto","background-attachment":"scroll","background-type":"","background-media":"","overlay-type":"","overlay-color":"","overlay-opacity":"","overlay-gradient":""},"tablet":{"background-color":"var(--ast-global-color-5)","background-image":"","background-repeat":"repeat","background-position":"center center","background-size":"auto","background-attachment":"scroll","background-type":"","background-media":"","overlay-type":"","overlay-color":"","overlay-opacity":"","overlay-gradient":""},"mobile":{"background-color":"var(--ast-global-color-5)","background-image":"","background-repeat":"repeat","background-position":"center center","background-size":"auto","background-attachment":"scroll","background-type":"","background-media":"","overlay-type":"","overlay-color":"","overlay-opacity":"","overlay-gradient":""}},"footnotes":""},"categories":[59,8],"tags":[],"class_list":["post-15985","post","type-post","status-publish","format-standard","has-post-thumbnail","hentry","category-destacado-noticia","category-noticias"],"yoast_head":"<!-- This site is optimized with the Yoast SEO plugin v25.4 - https:\/\/yoast.com\/wordpress\/plugins\/seo\/ -->\n<title>Biograf\u00eda animada sobre Violeta Parra se present\u00f3 en ciclo de cortometrajes - Museo Violeta Parra<\/title>\n<meta name=\"robots\" content=\"index, follow, max-snippet:-1, max-image-preview:large, max-video-preview:-1\" \/>\n<link rel=\"canonical\" href=\"http:\/\/vientosur.top\/museo\/biografia-animada-violeta-parra-se-presenta-este-fin-semana-ciclo-cortometrajes\/\" \/>\n<meta property=\"og:locale\" content=\"es_ES\" \/>\n<meta property=\"og:type\" content=\"article\" \/>\n<meta property=\"og:title\" content=\"Biograf\u00eda animada sobre Violeta Parra se present\u00f3 en ciclo de cortometrajes - Museo Violeta Parra\" \/>\n<meta property=\"og:description\" content=\"La premiada cinta \u201cCantar con sentido\u201d fue parte de la cuarta fecha del ciclo audiovisual que el Museo Violeta Parra presenta junto al Festival Internacional CINELEBU. Tambi\u00e9n se exhibieron \u201cLa Mala Pesca\u201d y \u201cK\u00f6nun Leuf\u00fa\u201d. El ciclo de cortometrajes documentales nacionales, que el Museo Violeta Parra organiza en conjunto con el Festival Internacional CINELEBU, sum\u00f3 [&hellip;]\" \/>\n<meta property=\"og:url\" content=\"http:\/\/vientosur.top\/museo\/biografia-animada-violeta-parra-se-presenta-este-fin-semana-ciclo-cortometrajes\/\" \/>\n<meta property=\"og:site_name\" content=\"Museo Violeta Parra\" \/>\n<meta property=\"article:published_time\" content=\"2018-08-10T20:49:51+00:00\" \/>\n<meta property=\"og:image\" content=\"http:\/\/vientosur.top\/museo\/wp-content\/uploads\/2018\/08\/4.jpg\" \/>\n\t<meta property=\"og:image:width\" content=\"1196\" \/>\n\t<meta property=\"og:image:height\" content=\"665\" \/>\n\t<meta property=\"og:image:type\" content=\"image\/jpeg\" \/>\n<meta name=\"author\" content=\"admin\" \/>\n<meta name=\"twitter:card\" content=\"summary_large_image\" \/>\n<meta name=\"twitter:label1\" content=\"Escrito por\" \/>\n\t<meta name=\"twitter:data1\" content=\"admin\" \/>\n\t<meta name=\"twitter:label2\" content=\"Tiempo de lectura\" \/>\n\t<meta name=\"twitter:data2\" content=\"2 minutos\" \/>\n<script type=\"application\/ld+json\" class=\"yoast-schema-graph\">{\"@context\":\"https:\/\/schema.org\",\"@graph\":[{\"@type\":\"WebPage\",\"@id\":\"http:\/\/vientosur.top\/museo\/biografia-animada-violeta-parra-se-presenta-este-fin-semana-ciclo-cortometrajes\/\",\"url\":\"http:\/\/vientosur.top\/museo\/biografia-animada-violeta-parra-se-presenta-este-fin-semana-ciclo-cortometrajes\/\",\"name\":\"Biograf\u00eda animada sobre Violeta Parra se present\u00f3 en ciclo de cortometrajes - Museo Violeta Parra\",\"isPartOf\":{\"@id\":\"http:\/\/vientosur.top\/museo\/#website\"},\"primaryImageOfPage\":{\"@id\":\"http:\/\/vientosur.top\/museo\/biografia-animada-violeta-parra-se-presenta-este-fin-semana-ciclo-cortometrajes\/#primaryimage\"},\"image\":{\"@id\":\"http:\/\/vientosur.top\/museo\/biografia-animada-violeta-parra-se-presenta-este-fin-semana-ciclo-cortometrajes\/#primaryimage\"},\"thumbnailUrl\":\"http:\/\/vientosur.top\/museo\/wp-content\/uploads\/2018\/08\/4.jpg\",\"datePublished\":\"2018-08-10T20:49:51+00:00\",\"author\":{\"@id\":\"http:\/\/vientosur.top\/museo\/#\/schema\/person\/20c79d3c38800971feec8c2693c3dd9c\"},\"breadcrumb\":{\"@id\":\"http:\/\/vientosur.top\/museo\/biografia-animada-violeta-parra-se-presenta-este-fin-semana-ciclo-cortometrajes\/#breadcrumb\"},\"inLanguage\":\"es\",\"potentialAction\":[{\"@type\":\"ReadAction\",\"target\":[\"http:\/\/vientosur.top\/museo\/biografia-animada-violeta-parra-se-presenta-este-fin-semana-ciclo-cortometrajes\/\"]}]},{\"@type\":\"ImageObject\",\"inLanguage\":\"es\",\"@id\":\"http:\/\/vientosur.top\/museo\/biografia-animada-violeta-parra-se-presenta-este-fin-semana-ciclo-cortometrajes\/#primaryimage\",\"url\":\"http:\/\/vientosur.top\/museo\/wp-content\/uploads\/2018\/08\/4.jpg\",\"contentUrl\":\"http:\/\/vientosur.top\/museo\/wp-content\/uploads\/2018\/08\/4.jpg\",\"width\":1196,\"height\":665},{\"@type\":\"BreadcrumbList\",\"@id\":\"http:\/\/vientosur.top\/museo\/biografia-animada-violeta-parra-se-presenta-este-fin-semana-ciclo-cortometrajes\/#breadcrumb\",\"itemListElement\":[{\"@type\":\"ListItem\",\"position\":1,\"name\":\"Portada\",\"item\":\"http:\/\/vientosur.top\/museo\/\"},{\"@type\":\"ListItem\",\"position\":2,\"name\":\"Biograf\u00eda animada sobre Violeta Parra se present\u00f3 en ciclo de cortometrajes\"}]},{\"@type\":\"WebSite\",\"@id\":\"http:\/\/vientosur.top\/museo\/#website\",\"url\":\"http:\/\/vientosur.top\/museo\/\",\"name\":\"Museo Violeta Parra\",\"description\":\"Espacio que alberga tanto la memoria y legado creativo de la artista\",\"potentialAction\":[{\"@type\":\"SearchAction\",\"target\":{\"@type\":\"EntryPoint\",\"urlTemplate\":\"http:\/\/vientosur.top\/museo\/?s={search_term_string}\"},\"query-input\":{\"@type\":\"PropertyValueSpecification\",\"valueRequired\":true,\"valueName\":\"search_term_string\"}}],\"inLanguage\":\"es\"},{\"@type\":\"Person\",\"@id\":\"http:\/\/vientosur.top\/museo\/#\/schema\/person\/20c79d3c38800971feec8c2693c3dd9c\",\"name\":\"admin\",\"image\":{\"@type\":\"ImageObject\",\"inLanguage\":\"es\",\"@id\":\"http:\/\/vientosur.top\/museo\/#\/schema\/person\/image\/\",\"url\":\"https:\/\/secure.gravatar.com\/avatar\/713677ece3ffa642287213a80e5b773bce9ab81c269dd6d95102a990951c922f?s=96&d=mm&r=g\",\"contentUrl\":\"https:\/\/secure.gravatar.com\/avatar\/713677ece3ffa642287213a80e5b773bce9ab81c269dd6d95102a990951c922f?s=96&d=mm&r=g\",\"caption\":\"admin\"},\"sameAs\":[\"http:\/\/vientosur.top\/museo\"],\"url\":\"http:\/\/vientosur.top\/museo\/author\/comunicacionesmvp\/\"}]}<\/script>\n<!-- \/ Yoast SEO plugin. -->","yoast_head_json":{"title":"Biograf\u00eda animada sobre Violeta Parra se present\u00f3 en ciclo de cortometrajes - Museo Violeta Parra","robots":{"index":"index","follow":"follow","max-snippet":"max-snippet:-1","max-image-preview":"max-image-preview:large","max-video-preview":"max-video-preview:-1"},"canonical":"http:\/\/vientosur.top\/museo\/biografia-animada-violeta-parra-se-presenta-este-fin-semana-ciclo-cortometrajes\/","og_locale":"es_ES","og_type":"article","og_title":"Biograf\u00eda animada sobre Violeta Parra se present\u00f3 en ciclo de cortometrajes - Museo Violeta Parra","og_description":"La premiada cinta \u201cCantar con sentido\u201d fue parte de la cuarta fecha del ciclo audiovisual que el Museo Violeta Parra presenta junto al Festival Internacional CINELEBU. Tambi\u00e9n se exhibieron \u201cLa Mala Pesca\u201d y \u201cK\u00f6nun Leuf\u00fa\u201d. El ciclo de cortometrajes documentales nacionales, que el Museo Violeta Parra organiza en conjunto con el Festival Internacional CINELEBU, sum\u00f3 [&hellip;]","og_url":"http:\/\/vientosur.top\/museo\/biografia-animada-violeta-parra-se-presenta-este-fin-semana-ciclo-cortometrajes\/","og_site_name":"Museo Violeta Parra","article_published_time":"2018-08-10T20:49:51+00:00","og_image":[{"width":1196,"height":665,"url":"http:\/\/vientosur.top\/museo\/wp-content\/uploads\/2018\/08\/4.jpg","type":"image\/jpeg"}],"author":"admin","twitter_card":"summary_large_image","twitter_misc":{"Escrito por":"admin","Tiempo de lectura":"2 minutos"},"schema":{"@context":"https:\/\/schema.org","@graph":[{"@type":"WebPage","@id":"http:\/\/vientosur.top\/museo\/biografia-animada-violeta-parra-se-presenta-este-fin-semana-ciclo-cortometrajes\/","url":"http:\/\/vientosur.top\/museo\/biografia-animada-violeta-parra-se-presenta-este-fin-semana-ciclo-cortometrajes\/","name":"Biograf\u00eda animada sobre Violeta Parra se present\u00f3 en ciclo de cortometrajes - Museo Violeta Parra","isPartOf":{"@id":"http:\/\/vientosur.top\/museo\/#website"},"primaryImageOfPage":{"@id":"http:\/\/vientosur.top\/museo\/biografia-animada-violeta-parra-se-presenta-este-fin-semana-ciclo-cortometrajes\/#primaryimage"},"image":{"@id":"http:\/\/vientosur.top\/museo\/biografia-animada-violeta-parra-se-presenta-este-fin-semana-ciclo-cortometrajes\/#primaryimage"},"thumbnailUrl":"http:\/\/vientosur.top\/museo\/wp-content\/uploads\/2018\/08\/4.jpg","datePublished":"2018-08-10T20:49:51+00:00","author":{"@id":"http:\/\/vientosur.top\/museo\/#\/schema\/person\/20c79d3c38800971feec8c2693c3dd9c"},"breadcrumb":{"@id":"http:\/\/vientosur.top\/museo\/biografia-animada-violeta-parra-se-presenta-este-fin-semana-ciclo-cortometrajes\/#breadcrumb"},"inLanguage":"es","potentialAction":[{"@type":"ReadAction","target":["http:\/\/vientosur.top\/museo\/biografia-animada-violeta-parra-se-presenta-este-fin-semana-ciclo-cortometrajes\/"]}]},{"@type":"ImageObject","inLanguage":"es","@id":"http:\/\/vientosur.top\/museo\/biografia-animada-violeta-parra-se-presenta-este-fin-semana-ciclo-cortometrajes\/#primaryimage","url":"http:\/\/vientosur.top\/museo\/wp-content\/uploads\/2018\/08\/4.jpg","contentUrl":"http:\/\/vientosur.top\/museo\/wp-content\/uploads\/2018\/08\/4.jpg","width":1196,"height":665},{"@type":"BreadcrumbList","@id":"http:\/\/vientosur.top\/museo\/biografia-animada-violeta-parra-se-presenta-este-fin-semana-ciclo-cortometrajes\/#breadcrumb","itemListElement":[{"@type":"ListItem","position":1,"name":"Portada","item":"http:\/\/vientosur.top\/museo\/"},{"@type":"ListItem","position":2,"name":"Biograf\u00eda animada sobre Violeta Parra se present\u00f3 en ciclo de cortometrajes"}]},{"@type":"WebSite","@id":"http:\/\/vientosur.top\/museo\/#website","url":"http:\/\/vientosur.top\/museo\/","name":"Museo Violeta Parra","description":"Espacio que alberga tanto la memoria y legado creativo de la artista","potentialAction":[{"@type":"SearchAction","target":{"@type":"EntryPoint","urlTemplate":"http:\/\/vientosur.top\/museo\/?s={search_term_string}"},"query-input":{"@type":"PropertyValueSpecification","valueRequired":true,"valueName":"search_term_string"}}],"inLanguage":"es"},{"@type":"Person","@id":"http:\/\/vientosur.top\/museo\/#\/schema\/person\/20c79d3c38800971feec8c2693c3dd9c","name":"admin","image":{"@type":"ImageObject","inLanguage":"es","@id":"http:\/\/vientosur.top\/museo\/#\/schema\/person\/image\/","url":"https:\/\/secure.gravatar.com\/avatar\/713677ece3ffa642287213a80e5b773bce9ab81c269dd6d95102a990951c922f?s=96&d=mm&r=g","contentUrl":"https:\/\/secure.gravatar.com\/avatar\/713677ece3ffa642287213a80e5b773bce9ab81c269dd6d95102a990951c922f?s=96&d=mm&r=g","caption":"admin"},"sameAs":["http:\/\/vientosur.top\/museo"],"url":"http:\/\/vientosur.top\/museo\/author\/comunicacionesmvp\/"}]}},"_links":{"self":[{"href":"http:\/\/vientosur.top\/museo\/wp-json\/wp\/v2\/posts\/15985","targetHints":{"allow":["GET"]}}],"collection":[{"href":"http:\/\/vientosur.top\/museo\/wp-json\/wp\/v2\/posts"}],"about":[{"href":"http:\/\/vientosur.top\/museo\/wp-json\/wp\/v2\/types\/post"}],"author":[{"embeddable":true,"href":"http:\/\/vientosur.top\/museo\/wp-json\/wp\/v2\/users\/5"}],"replies":[{"embeddable":true,"href":"http:\/\/vientosur.top\/museo\/wp-json\/wp\/v2\/comments?post=15985"}],"version-history":[{"count":0,"href":"http:\/\/vientosur.top\/museo\/wp-json\/wp\/v2\/posts\/15985\/revisions"}],"wp:featuredmedia":[{"embeddable":true,"href":"http:\/\/vientosur.top\/museo\/wp-json\/wp\/v2\/media\/15986"}],"wp:attachment":[{"href":"http:\/\/vientosur.top\/museo\/wp-json\/wp\/v2\/media?parent=15985"}],"wp:term":[{"taxonomy":"category","embeddable":true,"href":"http:\/\/vientosur.top\/museo\/wp-json\/wp\/v2\/categories?post=15985"},{"taxonomy":"post_tag","embeddable":true,"href":"http:\/\/vientosur.top\/museo\/wp-json\/wp\/v2\/tags?post=15985"}],"curies":[{"name":"wp","href":"https:\/\/api.w.org\/{rel}","templated":true}]}}