{"id":16011,"date":"2018-08-14T09:49:50","date_gmt":"2018-08-14T14:49:50","guid":{"rendered":"http:\/\/vientosur.top\/museo\/?p=16011"},"modified":"2018-08-14T09:49:50","modified_gmt":"2018-08-14T14:49:50","slug":"museo-violeta-parra-suma-al-teatro-titeres-oferta-cultural-gratuita","status":"publish","type":"post","link":"http:\/\/vientosur.top\/museo\/museo-violeta-parra-suma-al-teatro-titeres-oferta-cultural-gratuita\/","title":{"rendered":"Museo Violeta Parra suma Teatro de T\u00edteres a su oferta cultural gratuita"},"content":{"rendered":"<p><em>Desde este domingo, una vez al mes, el museo ofrecer\u00e1 funciones para toda la familia. Adem\u00e1s, el Tesoro Humano Vivo, Sergio \u00abTito\u00bb Guzm\u00e1n, realiza un Taller de Teatro Tradicional de\u00a0T\u00edteres.<\/em><\/p>\n<p>Fiel a la multiplicidad de disciplinas art\u00edsticas abordadas por Violeta Parra, el museo dedicado a la artista sigue sumando nuevas expresiones a su programaci\u00f3n. A los talleres, recitales, documentales y conferencias que cada semana ofrece de manera gratuita, ahora se sumar\u00e1n las artes esc\u00e9nicas, disciplina en la que Violeta tambi\u00e9n incursion\u00f3. En\u00a01943\u00a0 se uni\u00f3 a una compa\u00f1\u00eda de teatro que realizaba giras por todo el pa\u00eds bajo el nombre de Violeta de Mayo.<\/p>\n<p>Cecilia Garc\u00eda-Huidobro, Directora del museo, comenta que\u00a0\u00a0\u00abel Auditorio Antar tiene un fuerte \u00e9nfasis en la m\u00fasica, a pesar de que est\u00e1 abierto a muchas otras expresiones art\u00edsticas, acogiendo tambi\u00e9n encuentros y seminarios de diversas tem\u00e1ticas. Hoy relevamos el mundo del teatro, el que hemos plasmado en un ciclo permanente de marionetas,\u00a0t\u00edteres, sombras y lambe lambe\u201d.<\/p>\n<p>Para el desarrollo de la programaci\u00f3n del ciclo, el museo fue asesorado por la Asamblea\u00a0Nacional de\u00a0Titiriteros (ATICH). \u201cLas marionetas y\u00a0t\u00edteres\u00a0est\u00e1n relacionadas con la artesan\u00eda y con la valoraci\u00f3n del trabajo manual, desde recursos muy simples, lo que est\u00e1 muy en consonancia con el esp\u00edritu de Violeta\u00bb, agrega la Directora.<\/p>\n<p>El primer trabajo en presentarse ser\u00e1\u00a0<a href=\"http:\/\/vientosur.top\/museo\/actividades\/actividad\/quemanta-nino-se-transformo-delfin\/\" target=\"_blank\" rel=\"noopener noreferrer\">\u201cQuemanta. El ni\u00f1o que se transform\u00f3 en delf\u00edn\u201d<\/a>, de la\u00a0\u00a0Compa\u00f1\u00eda Teatro de Ingenio en Movimiento. El montaje, que aborda la leyenda\u00a0de la tribu kaw\u00e9skar que dice que los hombres no sab\u00edan nadar y se transformaban en delfines cuando mor\u00edan, se presentar\u00e1 en la Sala Antar del Museo el domingo 19 de agosto a las 12:00 horas.<\/p>\n<p>\u201cEs una obra que nace de una exploraci\u00f3n\u00a0que hicimos hace tres o cuatro a\u00f1os atr\u00e1s, buscando algo que no solamente fuera un divertimento sino que dejara una ense\u00f1anza\u00a0 y un mensaje. Dimos con un trabajo que realiz\u00f3 la antrop\u00f3loga\u00a0 Anne Chapman, a quien estudiamos profundamente y, en un trabajo en conjunto con la Biblioteca Nacional, pudimos rescatar algunos audios y materiales. En base a eso logramos dar con un texto\u201d, explica el actor Patricio Mu\u00f1oz, director de la compa\u00f1\u00eda.<\/p>\n<p>La programaci\u00f3n seguir\u00e1 \u2013siempre al mediod\u00eda\u2013 \u00a0el domingo 9 de septiembre con \u201cAventuras de Pedro Urdemales\u201d, de la compa\u00f1\u00eda Teatro Tradicional de\u00a0T\u00edteres\u00a0de Chile.\u00a0\u00a0La Compa\u00f1\u00eda\u00a0\u00a0Avuelop\u00e1jaro\u00a0presentar\u00e1 el domingo 21 de octubre el premiado montaje \u201cEl \u00e1rbol de Ko\u201d y, el domingo 18 de noviembre, la Compa\u00f1\u00eda\u00a0\u00a0Compa\u00f1\u00eda Liberarte llegar\u00e1 con\u00a0\u00a0\u201cHistorias para imaginar\u201d. Para cerrar el a\u00f1o, el domingo 23 de diciembre, la Compa\u00f1\u00eda Luci\u00e9rnaga m\u00e1gica\u00a0presentar\u00e1 \u201cLa fosforera\u201d y \u201cCuentos interactivos de Andersen\u201d.<\/p>\n<p>Las entradas para todas las funciones son gratuitas, previa inscripci\u00f3n en\u00a0<a href=\"http:\/\/www.museovioletaparrra.cl\/\">www.museovioletaparrra.cl<\/a><\/p>\n<p><strong><br \/>\n<a href=\"http:\/\/vientosur.top\/museo\/wp-content\/uploads\/2018\/08\/dontitoguzman.jpg\"><img fetchpriority=\"high\" decoding=\"async\" class=\"alignnone size-large wp-image-16017\" src=\"http:\/\/vientosur.top\/museo\/wp-content\/uploads\/2018\/08\/dontitoguzman-1024x604.jpg\" alt=\"\" width=\"840\" height=\"495\" \/><\/a><br \/>\nTitiriteros en la Casa de Violeta<\/strong><\/p>\n<p>El ciclo de Teatro de\u00a0T\u00edteres no ser\u00e1 la \u00fanica instancia en que el Museo pondr\u00e1 en valor esta hist\u00f3rica disciplina. El domingo 12 de agosto comenz\u00f3 el Taller de Teatro Tradicional de T\u00edteres.\u00a0Las 10 sesiones de esta instancia formativa para j\u00f3venes, desarrollada junto al\u00a0Servicio Nacional del Patrimonio,\u00a0es dirigida por el cultor reconocido Tesoro Humano Vivo 2016: Sergio \u00abTito\u00bb Guzm\u00e1n.<\/p>\n<p>\u00abEs muy importante este taller, debido a que rescata una tradici\u00f3n artesana de muy antigua data. La expresi\u00f3n art\u00edstica a trav\u00e9s de\u00a0t\u00edteres\u00a0tiene una raigambre popular que, en el museo, queremos relevar\u00bb, a\u00f1ade Cecilia Garc\u00eda-Huidobro, Directora del Museo Violeta Parra.<\/p>\n<p><a href=\"http:\/\/www.sigpa.cl\/ficha-individual\/sergio-guzman-vallejos\">Sergio \u201cTito\u201d Guzm\u00e1n<\/a>, junto a su hija Eli Guzm\u00e1n, trabajar\u00e1n con los alumnos de manera grupal (2 compa\u00f1\u00edas de teatro), donde ambos acompa\u00f1ar\u00e1n el proceso de creaci\u00f3n y comprensi\u00f3n del arte de\u00a0t\u00edteres\u00a0tradicional.<\/p>\n<p><strong>Teatro de t\u00edteres \u201cQuemanta. El ni\u00f1o que se transform\u00f3 en delf\u00edn\u201d\u00a0<\/strong><br \/>\n<strong>Domingo 19 de agosto \/ 12:00 horas \/ Sala Antar\u00a0<\/strong><br \/>\n<strong><a href=\"https:\/\/docs.google.com\/forms\/d\/e\/1FAIpQLSecp9CXwBUWolNnpf4znQ0WBxKsbiYMiFNwylY_iEwKMvbwRg\/viewform?usp=sf_link\">Entrada liberada, previa inscripci\u00f3n en este formulario<\/a>\u00a0<\/strong><\/p>\n","protected":false},"excerpt":{"rendered":"<p>Desde este domingo, una vez al mes, el museo ofrecer\u00e1 funciones para toda la familia. Adem\u00e1s, el Tesoro Humano Vivo, Sergio \u00abTito\u00bb Guzm\u00e1n, realiza un Taller de Teatro Tradicional de\u00a0T\u00edteres. Fiel a la multiplicidad de disciplinas art\u00edsticas abordadas por Violeta Parra, el museo dedicado a la artista sigue sumando nuevas expresiones a su programaci\u00f3n. A [&hellip;]<\/p>\n","protected":false},"author":5,"featured_media":15874,"comment_status":"open","ping_status":"open","sticky":false,"template":"","format":"standard","meta":{"site-sidebar-layout":"default","site-content-layout":"","ast-site-content-layout":"default","site-content-style":"default","site-sidebar-style":"default","ast-global-header-display":"","ast-banner-title-visibility":"","ast-main-header-display":"","ast-hfb-above-header-display":"","ast-hfb-below-header-display":"","ast-hfb-mobile-header-display":"","site-post-title":"","ast-breadcrumbs-content":"","ast-featured-img":"","footer-sml-layout":"","theme-transparent-header-meta":"","adv-header-id-meta":"","stick-header-meta":"","header-above-stick-meta":"","header-main-stick-meta":"","header-below-stick-meta":"","astra-migrate-meta-layouts":"default","ast-page-background-enabled":"default","ast-page-background-meta":{"desktop":{"background-color":"var(--ast-global-color-4)","background-image":"","background-repeat":"repeat","background-position":"center center","background-size":"auto","background-attachment":"scroll","background-type":"","background-media":"","overlay-type":"","overlay-color":"","overlay-opacity":"","overlay-gradient":""},"tablet":{"background-color":"","background-image":"","background-repeat":"repeat","background-position":"center center","background-size":"auto","background-attachment":"scroll","background-type":"","background-media":"","overlay-type":"","overlay-color":"","overlay-opacity":"","overlay-gradient":""},"mobile":{"background-color":"","background-image":"","background-repeat":"repeat","background-position":"center center","background-size":"auto","background-attachment":"scroll","background-type":"","background-media":"","overlay-type":"","overlay-color":"","overlay-opacity":"","overlay-gradient":""}},"ast-content-background-meta":{"desktop":{"background-color":"var(--ast-global-color-5)","background-image":"","background-repeat":"repeat","background-position":"center center","background-size":"auto","background-attachment":"scroll","background-type":"","background-media":"","overlay-type":"","overlay-color":"","overlay-opacity":"","overlay-gradient":""},"tablet":{"background-color":"var(--ast-global-color-5)","background-image":"","background-repeat":"repeat","background-position":"center center","background-size":"auto","background-attachment":"scroll","background-type":"","background-media":"","overlay-type":"","overlay-color":"","overlay-opacity":"","overlay-gradient":""},"mobile":{"background-color":"var(--ast-global-color-5)","background-image":"","background-repeat":"repeat","background-position":"center center","background-size":"auto","background-attachment":"scroll","background-type":"","background-media":"","overlay-type":"","overlay-color":"","overlay-opacity":"","overlay-gradient":""}},"footnotes":""},"categories":[59,8,61],"tags":[],"class_list":["post-16011","post","type-post","status-publish","format-standard","has-post-thumbnail","hentry","category-destacado-noticia","category-noticias","category-novedades"],"yoast_head":"<!-- This site is optimized with the Yoast SEO plugin v25.4 - https:\/\/yoast.com\/wordpress\/plugins\/seo\/ -->\n<title>Museo Violeta Parra suma Teatro de T\u00edteres a su oferta cultural gratuita - Museo Violeta Parra<\/title>\n<meta name=\"robots\" content=\"index, follow, max-snippet:-1, max-image-preview:large, max-video-preview:-1\" \/>\n<link rel=\"canonical\" href=\"http:\/\/vientosur.top\/museo\/museo-violeta-parra-suma-al-teatro-titeres-oferta-cultural-gratuita\/\" \/>\n<meta property=\"og:locale\" content=\"es_ES\" \/>\n<meta property=\"og:type\" content=\"article\" \/>\n<meta property=\"og:title\" content=\"Museo Violeta Parra suma Teatro de T\u00edteres a su oferta cultural gratuita - Museo Violeta Parra\" \/>\n<meta property=\"og:description\" content=\"Desde este domingo, una vez al mes, el museo ofrecer\u00e1 funciones para toda la familia. Adem\u00e1s, el Tesoro Humano Vivo, Sergio \u00abTito\u00bb Guzm\u00e1n, realiza un Taller de Teatro Tradicional de\u00a0T\u00edteres. Fiel a la multiplicidad de disciplinas art\u00edsticas abordadas por Violeta Parra, el museo dedicado a la artista sigue sumando nuevas expresiones a su programaci\u00f3n. A [&hellip;]\" \/>\n<meta property=\"og:url\" content=\"http:\/\/vientosur.top\/museo\/museo-violeta-parra-suma-al-teatro-titeres-oferta-cultural-gratuita\/\" \/>\n<meta property=\"og:site_name\" content=\"Museo Violeta Parra\" \/>\n<meta property=\"article:published_time\" content=\"2018-08-14T14:49:50+00:00\" \/>\n<meta property=\"og:image\" content=\"http:\/\/vientosur.top\/museo\/wp-content\/uploads\/2018\/07\/quemanta.jpg\" \/>\n\t<meta property=\"og:image:width\" content=\"988\" \/>\n\t<meta property=\"og:image:height\" content=\"538\" \/>\n\t<meta property=\"og:image:type\" content=\"image\/jpeg\" \/>\n<meta name=\"author\" content=\"admin\" \/>\n<meta name=\"twitter:card\" content=\"summary_large_image\" \/>\n<meta name=\"twitter:label1\" content=\"Escrito por\" \/>\n\t<meta name=\"twitter:data1\" content=\"admin\" \/>\n\t<meta name=\"twitter:label2\" content=\"Tiempo de lectura\" \/>\n\t<meta name=\"twitter:data2\" content=\"3 minutos\" \/>\n<script type=\"application\/ld+json\" class=\"yoast-schema-graph\">{\"@context\":\"https:\/\/schema.org\",\"@graph\":[{\"@type\":\"WebPage\",\"@id\":\"http:\/\/vientosur.top\/museo\/museo-violeta-parra-suma-al-teatro-titeres-oferta-cultural-gratuita\/\",\"url\":\"http:\/\/vientosur.top\/museo\/museo-violeta-parra-suma-al-teatro-titeres-oferta-cultural-gratuita\/\",\"name\":\"Museo Violeta Parra suma Teatro de T\u00edteres a su oferta cultural gratuita - Museo Violeta Parra\",\"isPartOf\":{\"@id\":\"http:\/\/vientosur.top\/museo\/#website\"},\"primaryImageOfPage\":{\"@id\":\"http:\/\/vientosur.top\/museo\/museo-violeta-parra-suma-al-teatro-titeres-oferta-cultural-gratuita\/#primaryimage\"},\"image\":{\"@id\":\"http:\/\/vientosur.top\/museo\/museo-violeta-parra-suma-al-teatro-titeres-oferta-cultural-gratuita\/#primaryimage\"},\"thumbnailUrl\":\"http:\/\/vientosur.top\/museo\/wp-content\/uploads\/2018\/07\/quemanta.jpg\",\"datePublished\":\"2018-08-14T14:49:50+00:00\",\"author\":{\"@id\":\"http:\/\/vientosur.top\/museo\/#\/schema\/person\/20c79d3c38800971feec8c2693c3dd9c\"},\"breadcrumb\":{\"@id\":\"http:\/\/vientosur.top\/museo\/museo-violeta-parra-suma-al-teatro-titeres-oferta-cultural-gratuita\/#breadcrumb\"},\"inLanguage\":\"es\",\"potentialAction\":[{\"@type\":\"ReadAction\",\"target\":[\"http:\/\/vientosur.top\/museo\/museo-violeta-parra-suma-al-teatro-titeres-oferta-cultural-gratuita\/\"]}]},{\"@type\":\"ImageObject\",\"inLanguage\":\"es\",\"@id\":\"http:\/\/vientosur.top\/museo\/museo-violeta-parra-suma-al-teatro-titeres-oferta-cultural-gratuita\/#primaryimage\",\"url\":\"http:\/\/vientosur.top\/museo\/wp-content\/uploads\/2018\/07\/quemanta.jpg\",\"contentUrl\":\"http:\/\/vientosur.top\/museo\/wp-content\/uploads\/2018\/07\/quemanta.jpg\",\"width\":988,\"height\":538},{\"@type\":\"BreadcrumbList\",\"@id\":\"http:\/\/vientosur.top\/museo\/museo-violeta-parra-suma-al-teatro-titeres-oferta-cultural-gratuita\/#breadcrumb\",\"itemListElement\":[{\"@type\":\"ListItem\",\"position\":1,\"name\":\"Portada\",\"item\":\"http:\/\/vientosur.top\/museo\/\"},{\"@type\":\"ListItem\",\"position\":2,\"name\":\"Museo Violeta Parra suma Teatro de T\u00edteres a su oferta cultural gratuita\"}]},{\"@type\":\"WebSite\",\"@id\":\"http:\/\/vientosur.top\/museo\/#website\",\"url\":\"http:\/\/vientosur.top\/museo\/\",\"name\":\"Museo Violeta Parra\",\"description\":\"Espacio que alberga tanto la memoria y legado creativo de la artista\",\"potentialAction\":[{\"@type\":\"SearchAction\",\"target\":{\"@type\":\"EntryPoint\",\"urlTemplate\":\"http:\/\/vientosur.top\/museo\/?s={search_term_string}\"},\"query-input\":{\"@type\":\"PropertyValueSpecification\",\"valueRequired\":true,\"valueName\":\"search_term_string\"}}],\"inLanguage\":\"es\"},{\"@type\":\"Person\",\"@id\":\"http:\/\/vientosur.top\/museo\/#\/schema\/person\/20c79d3c38800971feec8c2693c3dd9c\",\"name\":\"admin\",\"image\":{\"@type\":\"ImageObject\",\"inLanguage\":\"es\",\"@id\":\"http:\/\/vientosur.top\/museo\/#\/schema\/person\/image\/\",\"url\":\"https:\/\/secure.gravatar.com\/avatar\/713677ece3ffa642287213a80e5b773bce9ab81c269dd6d95102a990951c922f?s=96&d=mm&r=g\",\"contentUrl\":\"https:\/\/secure.gravatar.com\/avatar\/713677ece3ffa642287213a80e5b773bce9ab81c269dd6d95102a990951c922f?s=96&d=mm&r=g\",\"caption\":\"admin\"},\"sameAs\":[\"http:\/\/vientosur.top\/museo\"],\"url\":\"http:\/\/vientosur.top\/museo\/author\/comunicacionesmvp\/\"}]}<\/script>\n<!-- \/ Yoast SEO plugin. -->","yoast_head_json":{"title":"Museo Violeta Parra suma Teatro de T\u00edteres a su oferta cultural gratuita - Museo Violeta Parra","robots":{"index":"index","follow":"follow","max-snippet":"max-snippet:-1","max-image-preview":"max-image-preview:large","max-video-preview":"max-video-preview:-1"},"canonical":"http:\/\/vientosur.top\/museo\/museo-violeta-parra-suma-al-teatro-titeres-oferta-cultural-gratuita\/","og_locale":"es_ES","og_type":"article","og_title":"Museo Violeta Parra suma Teatro de T\u00edteres a su oferta cultural gratuita - Museo Violeta Parra","og_description":"Desde este domingo, una vez al mes, el museo ofrecer\u00e1 funciones para toda la familia. Adem\u00e1s, el Tesoro Humano Vivo, Sergio \u00abTito\u00bb Guzm\u00e1n, realiza un Taller de Teatro Tradicional de\u00a0T\u00edteres. Fiel a la multiplicidad de disciplinas art\u00edsticas abordadas por Violeta Parra, el museo dedicado a la artista sigue sumando nuevas expresiones a su programaci\u00f3n. A [&hellip;]","og_url":"http:\/\/vientosur.top\/museo\/museo-violeta-parra-suma-al-teatro-titeres-oferta-cultural-gratuita\/","og_site_name":"Museo Violeta Parra","article_published_time":"2018-08-14T14:49:50+00:00","og_image":[{"width":988,"height":538,"url":"http:\/\/vientosur.top\/museo\/wp-content\/uploads\/2018\/07\/quemanta.jpg","type":"image\/jpeg"}],"author":"admin","twitter_card":"summary_large_image","twitter_misc":{"Escrito por":"admin","Tiempo de lectura":"3 minutos"},"schema":{"@context":"https:\/\/schema.org","@graph":[{"@type":"WebPage","@id":"http:\/\/vientosur.top\/museo\/museo-violeta-parra-suma-al-teatro-titeres-oferta-cultural-gratuita\/","url":"http:\/\/vientosur.top\/museo\/museo-violeta-parra-suma-al-teatro-titeres-oferta-cultural-gratuita\/","name":"Museo Violeta Parra suma Teatro de T\u00edteres a su oferta cultural gratuita - Museo Violeta Parra","isPartOf":{"@id":"http:\/\/vientosur.top\/museo\/#website"},"primaryImageOfPage":{"@id":"http:\/\/vientosur.top\/museo\/museo-violeta-parra-suma-al-teatro-titeres-oferta-cultural-gratuita\/#primaryimage"},"image":{"@id":"http:\/\/vientosur.top\/museo\/museo-violeta-parra-suma-al-teatro-titeres-oferta-cultural-gratuita\/#primaryimage"},"thumbnailUrl":"http:\/\/vientosur.top\/museo\/wp-content\/uploads\/2018\/07\/quemanta.jpg","datePublished":"2018-08-14T14:49:50+00:00","author":{"@id":"http:\/\/vientosur.top\/museo\/#\/schema\/person\/20c79d3c38800971feec8c2693c3dd9c"},"breadcrumb":{"@id":"http:\/\/vientosur.top\/museo\/museo-violeta-parra-suma-al-teatro-titeres-oferta-cultural-gratuita\/#breadcrumb"},"inLanguage":"es","potentialAction":[{"@type":"ReadAction","target":["http:\/\/vientosur.top\/museo\/museo-violeta-parra-suma-al-teatro-titeres-oferta-cultural-gratuita\/"]}]},{"@type":"ImageObject","inLanguage":"es","@id":"http:\/\/vientosur.top\/museo\/museo-violeta-parra-suma-al-teatro-titeres-oferta-cultural-gratuita\/#primaryimage","url":"http:\/\/vientosur.top\/museo\/wp-content\/uploads\/2018\/07\/quemanta.jpg","contentUrl":"http:\/\/vientosur.top\/museo\/wp-content\/uploads\/2018\/07\/quemanta.jpg","width":988,"height":538},{"@type":"BreadcrumbList","@id":"http:\/\/vientosur.top\/museo\/museo-violeta-parra-suma-al-teatro-titeres-oferta-cultural-gratuita\/#breadcrumb","itemListElement":[{"@type":"ListItem","position":1,"name":"Portada","item":"http:\/\/vientosur.top\/museo\/"},{"@type":"ListItem","position":2,"name":"Museo Violeta Parra suma Teatro de T\u00edteres a su oferta cultural gratuita"}]},{"@type":"WebSite","@id":"http:\/\/vientosur.top\/museo\/#website","url":"http:\/\/vientosur.top\/museo\/","name":"Museo Violeta Parra","description":"Espacio que alberga tanto la memoria y legado creativo de la artista","potentialAction":[{"@type":"SearchAction","target":{"@type":"EntryPoint","urlTemplate":"http:\/\/vientosur.top\/museo\/?s={search_term_string}"},"query-input":{"@type":"PropertyValueSpecification","valueRequired":true,"valueName":"search_term_string"}}],"inLanguage":"es"},{"@type":"Person","@id":"http:\/\/vientosur.top\/museo\/#\/schema\/person\/20c79d3c38800971feec8c2693c3dd9c","name":"admin","image":{"@type":"ImageObject","inLanguage":"es","@id":"http:\/\/vientosur.top\/museo\/#\/schema\/person\/image\/","url":"https:\/\/secure.gravatar.com\/avatar\/713677ece3ffa642287213a80e5b773bce9ab81c269dd6d95102a990951c922f?s=96&d=mm&r=g","contentUrl":"https:\/\/secure.gravatar.com\/avatar\/713677ece3ffa642287213a80e5b773bce9ab81c269dd6d95102a990951c922f?s=96&d=mm&r=g","caption":"admin"},"sameAs":["http:\/\/vientosur.top\/museo"],"url":"http:\/\/vientosur.top\/museo\/author\/comunicacionesmvp\/"}]}},"_links":{"self":[{"href":"http:\/\/vientosur.top\/museo\/wp-json\/wp\/v2\/posts\/16011","targetHints":{"allow":["GET"]}}],"collection":[{"href":"http:\/\/vientosur.top\/museo\/wp-json\/wp\/v2\/posts"}],"about":[{"href":"http:\/\/vientosur.top\/museo\/wp-json\/wp\/v2\/types\/post"}],"author":[{"embeddable":true,"href":"http:\/\/vientosur.top\/museo\/wp-json\/wp\/v2\/users\/5"}],"replies":[{"embeddable":true,"href":"http:\/\/vientosur.top\/museo\/wp-json\/wp\/v2\/comments?post=16011"}],"version-history":[{"count":0,"href":"http:\/\/vientosur.top\/museo\/wp-json\/wp\/v2\/posts\/16011\/revisions"}],"wp:featuredmedia":[{"embeddable":true,"href":"http:\/\/vientosur.top\/museo\/wp-json\/wp\/v2\/media\/15874"}],"wp:attachment":[{"href":"http:\/\/vientosur.top\/museo\/wp-json\/wp\/v2\/media?parent=16011"}],"wp:term":[{"taxonomy":"category","embeddable":true,"href":"http:\/\/vientosur.top\/museo\/wp-json\/wp\/v2\/categories?post=16011"},{"taxonomy":"post_tag","embeddable":true,"href":"http:\/\/vientosur.top\/museo\/wp-json\/wp\/v2\/tags?post=16011"}],"curies":[{"name":"wp","href":"https:\/\/api.w.org\/{rel}","templated":true}]}}