{"id":16035,"date":"2018-08-17T15:01:13","date_gmt":"2018-08-17T20:01:13","guid":{"rendered":"http:\/\/vientosur.top\/museo\/?p=16035"},"modified":"2018-08-17T15:01:13","modified_gmt":"2018-08-17T20:01:13","slug":"museo-violeta-parra-reafirma-compromiso-la-naturaleza-la-presentacion-politica-medioambiental","status":"publish","type":"post","link":"http:\/\/vientosur.top\/museo\/museo-violeta-parra-reafirma-compromiso-la-naturaleza-la-presentacion-politica-medioambiental\/","title":{"rendered":"Museo Violeta Parra reafirma su compromiso con la Naturaleza en la presentaci\u00f3n de su Pol\u00edtica Medioambiental"},"content":{"rendered":"<p><em>Bicicleteros, utilizaci\u00f3n de luces LED, comunicaci\u00f3n digital e instalaci\u00f3n de separadores de desechos para su reciclaje son algunas de las medidas de este plan pionero en los museos del pa\u00eds.<\/em><\/p>\n<p>Luego de la interpretaci\u00f3n de \u201cLa Jardinera\u201d por el coro de ni\u00f1os del Pre Kinder B del Colegio Holanda de Estaci\u00f3n Central, en la sala que lleva el mismo nombre que la canci\u00f3n, la Directora del Museo Violeta Parra, Cecilia Garc\u00eda-Huidobro, present\u00f3 la Pol\u00edtica Medioambiental de la instituci\u00f3n junto a la Ministra Carolina Schmidt.<\/p>\n<p>Cecilia Garc\u00eda-Huidobro, se\u00f1ala que la pol\u00edtica medioambiental se ha venido elaborando durante todo el a\u00f1o, ejecut\u00e1ndose ya medidas muy concretas: \u00abVioleta Parra tuvo siempre a la Naturaleza como fuente de inspiraci\u00f3n. Eso lo recogimos en la Sala La Jardinera, pero ahora dimos un paso adelante, comprometi\u00e9ndonos a crear h\u00e1bitos de buenas pr\u00e1cticas y a hacer un esfuerzo de ahorro energ\u00e9tico y reciclaje. Tambi\u00e9n nos hemos comprometido a privilegiar la industria nacional en nuestras adquisiciones. Es deber \u00e9tico de las instituciones financiadas con dinero de los contribuyentes \u00a0devolver la confianza depositada, a trav\u00e9s del respeto por el medioambiente y la sustentabilidad. Los museos somos espacios privilegiados para educar\u00bb.<\/p>\n<p>\u201cLa conciencia y cuidado de la naturaleza es tarea de todos. En la medida en que las personas y las instituciones entendamos la responsabilidad que tenemos con nuestro patrimonio natural, vamos a ir avanzando de manera decidida hacia un pa\u00eds m\u00e1s amigable con el medio ambiente y el desarrollo sustentable\u201d, afirm\u00f3 la Ministra del Medio Ambiente, Carolina Schmidt.<\/p>\n<p>La titular de la cartera hizo un llamado a que m\u00e1s establecimientos se sumen a este tipo de iniciativa: \u201cOtros museos, centros culturales y educacionales, todos est\u00e1n llamados a imitar este programa, porque en el cuidado del medioambiente no sobra nadie, todos debemos ser parte de la soluci\u00f3n\u201d.<\/p>\n<p><strong>Compromiso con la Naturaleza<\/strong><\/p>\n<p>\u201cEl Museo Violeta Parra se inserta en una comunidad donde impacta desde actividades y acciones educativas, art\u00edsticas, culturales y acad\u00e9micas, generando un espacio vivo y de acogida gratuita. La contingencia cotidiana es recogida por el legado universal de Violeta Parra quien, a trav\u00e9s de su m\u00fasica, poes\u00eda y arte logr\u00f3 plasmar una mirada del mundo desde las ra\u00edces profundas de la identidad chilena\u201d, introduce el documento, pionero en los museos del pa\u00eds.<\/p>\n<p>Entre los principales objetivos del plan se encuentran: Alcanzar el mayor grado de sustentabilidad posible; Implementar medidas conducentes a la toma de conciencia medioambiental por parte de los visitantes, tanto presenciales como digitales; Formar audiencias en el tema; Resaltar los contenidos del museo que se refieren al aprecio de la Naturaleza; Promover a la industria chilena, privilegiando aquellos productos que sean sustentables y de comercio justo.<\/p>\n<p>Algunas de las medidas implementadas a trav\u00e9s de esta pol\u00edtica se encuentran: Comunicaci\u00f3n digital para evitar uso de papel; Reemplazo de luminarias tradicionales por tecnolog\u00eda LED; Instalaci\u00f3n de contenedores de basura separada para su posterior reciclaje (en conjunto con la I. Municipalidad de Santiago); instalaci\u00f3n de bicicleteros; Incorporaci\u00f3n de \u00e1reas verdes al recorrido museogr\u00e1fico; Dise\u00f1o de programas y talleres para las audiencias del museo, utilizando los recursos naturales de la Sala La Jardinera; Compra de vasos y vajillas de manufactura nacional, de forma de eliminar vasos, platos, bombillas y cubiertos pl\u00e1sticos, as\u00ed como de cart\u00f3n; Eliminaci\u00f3n de bolsas pl\u00e1sticas y reemplazo por bolsas reutilizables; Suspensi\u00f3n del riego autom\u00e1tico en \u00e9poca de lluvias; Ahorro de agua en los ba\u00f1os p\u00fablicos, implementando v\u00e1lvulas de corte autom\u00e1tico; Instalaci\u00f3n de dispensadores el\u00e9ctricos de papel en los ba\u00f1os; Capacitaci\u00f3n del personal por entidades expertas; \u00c9nfasis en la adquisici\u00f3n de productos nacionales.<\/p>\n<p>Adem\u00e1s, el Museo Violeta Parra adhiere y difunde campa\u00f1as tendientes a la sustentabilidad del medio ambiente.<br \/>\nEsta pol\u00edtica se suma a la <a href=\"http:\/\/vientosur.top\/museo\/wp-content\/uploads\/2018\/07\/Pol%C3%ADticainstitucionaldeequidaddeg%C3%A9nero.pdf\">Pol\u00edtica Institucional de Equidad de G\u00e9nero<\/a>, publicada en agosto pasado.<\/p>\n<p><strong><a href=\"http:\/\/vientosur.top\/museo\/wp-content\/uploads\/2018\/08\/Pol%C3%ADtica-medioambiental-MVP.pdf\"><br \/>\nDescargar Pol\u00edtica Medioambiental del Museo Violeta Parra<\/a><br \/>\n<\/strong><\/p>\n<p><strong><a href=\"https:\/\/www.facebook.com\/media\/set\/?set=ms.c.eJxFzNkNgEAMA9GOkO1Ajv4bWy1Zwu~%3BTaMSChbIoOIVLBzwyFFkHjPaC6wNEQw70A~%3B~%3Bj6ek9D25A5RTWhS8~%3BLRsq.bps.a.2190372764539466&amp;type=1\" target=\"_blank\" rel=\"noopener noreferrer\">Ver galer\u00eda de im\u00e1genes<\/a><\/strong><\/p>\n<p>&nbsp;<\/p>\n","protected":false},"excerpt":{"rendered":"<p>Bicicleteros, utilizaci\u00f3n de luces LED, comunicaci\u00f3n digital e instalaci\u00f3n de separadores de desechos para su reciclaje son algunas de las medidas de este plan pionero en los museos del pa\u00eds. Luego de la interpretaci\u00f3n de \u201cLa Jardinera\u201d por el coro de ni\u00f1os del Pre Kinder B del Colegio Holanda de Estaci\u00f3n Central, en la sala [&hellip;]<\/p>\n","protected":false},"author":5,"featured_media":16036,"comment_status":"open","ping_status":"open","sticky":false,"template":"","format":"standard","meta":{"site-sidebar-layout":"default","site-content-layout":"","ast-site-content-layout":"default","site-content-style":"default","site-sidebar-style":"default","ast-global-header-display":"","ast-banner-title-visibility":"","ast-main-header-display":"","ast-hfb-above-header-display":"","ast-hfb-below-header-display":"","ast-hfb-mobile-header-display":"","site-post-title":"","ast-breadcrumbs-content":"","ast-featured-img":"","footer-sml-layout":"","theme-transparent-header-meta":"","adv-header-id-meta":"","stick-header-meta":"","header-above-stick-meta":"","header-main-stick-meta":"","header-below-stick-meta":"","astra-migrate-meta-layouts":"default","ast-page-background-enabled":"default","ast-page-background-meta":{"desktop":{"background-color":"var(--ast-global-color-4)","background-image":"","background-repeat":"repeat","background-position":"center center","background-size":"auto","background-attachment":"scroll","background-type":"","background-media":"","overlay-type":"","overlay-color":"","overlay-opacity":"","overlay-gradient":""},"tablet":{"background-color":"","background-image":"","background-repeat":"repeat","background-position":"center center","background-size":"auto","background-attachment":"scroll","background-type":"","background-media":"","overlay-type":"","overlay-color":"","overlay-opacity":"","overlay-gradient":""},"mobile":{"background-color":"","background-image":"","background-repeat":"repeat","background-position":"center center","background-size":"auto","background-attachment":"scroll","background-type":"","background-media":"","overlay-type":"","overlay-color":"","overlay-opacity":"","overlay-gradient":""}},"ast-content-background-meta":{"desktop":{"background-color":"var(--ast-global-color-5)","background-image":"","background-repeat":"repeat","background-position":"center center","background-size":"auto","background-attachment":"scroll","background-type":"","background-media":"","overlay-type":"","overlay-color":"","overlay-opacity":"","overlay-gradient":""},"tablet":{"background-color":"var(--ast-global-color-5)","background-image":"","background-repeat":"repeat","background-position":"center center","background-size":"auto","background-attachment":"scroll","background-type":"","background-media":"","overlay-type":"","overlay-color":"","overlay-opacity":"","overlay-gradient":""},"mobile":{"background-color":"var(--ast-global-color-5)","background-image":"","background-repeat":"repeat","background-position":"center center","background-size":"auto","background-attachment":"scroll","background-type":"","background-media":"","overlay-type":"","overlay-color":"","overlay-opacity":"","overlay-gradient":""}},"footnotes":""},"categories":[59,8,61],"tags":[],"class_list":["post-16035","post","type-post","status-publish","format-standard","has-post-thumbnail","hentry","category-destacado-noticia","category-noticias","category-novedades"],"yoast_head":"<!-- This site is optimized with the Yoast SEO plugin v25.4 - https:\/\/yoast.com\/wordpress\/plugins\/seo\/ -->\n<title>Museo Violeta Parra reafirma su compromiso con la Naturaleza en la presentaci\u00f3n de su Pol\u00edtica Medioambiental - Museo Violeta Parra<\/title>\n<meta name=\"robots\" content=\"index, follow, max-snippet:-1, max-image-preview:large, max-video-preview:-1\" \/>\n<link rel=\"canonical\" href=\"http:\/\/vientosur.top\/museo\/museo-violeta-parra-reafirma-compromiso-la-naturaleza-la-presentacion-politica-medioambiental\/\" \/>\n<meta property=\"og:locale\" content=\"es_ES\" \/>\n<meta property=\"og:type\" content=\"article\" \/>\n<meta property=\"og:title\" content=\"Museo Violeta Parra reafirma su compromiso con la Naturaleza en la presentaci\u00f3n de su Pol\u00edtica Medioambiental - Museo Violeta Parra\" \/>\n<meta property=\"og:description\" content=\"Bicicleteros, utilizaci\u00f3n de luces LED, comunicaci\u00f3n digital e instalaci\u00f3n de separadores de desechos para su reciclaje son algunas de las medidas de este plan pionero en los museos del pa\u00eds. Luego de la interpretaci\u00f3n de \u201cLa Jardinera\u201d por el coro de ni\u00f1os del Pre Kinder B del Colegio Holanda de Estaci\u00f3n Central, en la sala [&hellip;]\" \/>\n<meta property=\"og:url\" content=\"http:\/\/vientosur.top\/museo\/museo-violeta-parra-reafirma-compromiso-la-naturaleza-la-presentacion-politica-medioambiental\/\" \/>\n<meta property=\"og:site_name\" content=\"Museo Violeta Parra\" \/>\n<meta property=\"article:published_time\" content=\"2018-08-17T20:01:13+00:00\" \/>\n<meta property=\"og:image\" content=\"http:\/\/vientosur.top\/museo\/wp-content\/uploads\/2018\/08\/1-scaled.jpg\" \/>\n\t<meta property=\"og:image:width\" content=\"2560\" \/>\n\t<meta property=\"og:image:height\" content=\"2132\" \/>\n\t<meta property=\"og:image:type\" content=\"image\/jpeg\" \/>\n<meta name=\"author\" content=\"admin\" \/>\n<meta name=\"twitter:card\" content=\"summary_large_image\" \/>\n<meta name=\"twitter:label1\" content=\"Escrito por\" \/>\n\t<meta name=\"twitter:data1\" content=\"admin\" \/>\n\t<meta name=\"twitter:label2\" content=\"Tiempo de lectura\" \/>\n\t<meta name=\"twitter:data2\" content=\"3 minutos\" \/>\n<script type=\"application\/ld+json\" class=\"yoast-schema-graph\">{\"@context\":\"https:\/\/schema.org\",\"@graph\":[{\"@type\":\"WebPage\",\"@id\":\"http:\/\/vientosur.top\/museo\/museo-violeta-parra-reafirma-compromiso-la-naturaleza-la-presentacion-politica-medioambiental\/\",\"url\":\"http:\/\/vientosur.top\/museo\/museo-violeta-parra-reafirma-compromiso-la-naturaleza-la-presentacion-politica-medioambiental\/\",\"name\":\"Museo Violeta Parra reafirma su compromiso con la Naturaleza en la presentaci\u00f3n de su Pol\u00edtica Medioambiental - Museo Violeta Parra\",\"isPartOf\":{\"@id\":\"http:\/\/vientosur.top\/museo\/#website\"},\"primaryImageOfPage\":{\"@id\":\"http:\/\/vientosur.top\/museo\/museo-violeta-parra-reafirma-compromiso-la-naturaleza-la-presentacion-politica-medioambiental\/#primaryimage\"},\"image\":{\"@id\":\"http:\/\/vientosur.top\/museo\/museo-violeta-parra-reafirma-compromiso-la-naturaleza-la-presentacion-politica-medioambiental\/#primaryimage\"},\"thumbnailUrl\":\"http:\/\/vientosur.top\/museo\/wp-content\/uploads\/2018\/08\/1-scaled.jpg\",\"datePublished\":\"2018-08-17T20:01:13+00:00\",\"author\":{\"@id\":\"http:\/\/vientosur.top\/museo\/#\/schema\/person\/20c79d3c38800971feec8c2693c3dd9c\"},\"breadcrumb\":{\"@id\":\"http:\/\/vientosur.top\/museo\/museo-violeta-parra-reafirma-compromiso-la-naturaleza-la-presentacion-politica-medioambiental\/#breadcrumb\"},\"inLanguage\":\"es\",\"potentialAction\":[{\"@type\":\"ReadAction\",\"target\":[\"http:\/\/vientosur.top\/museo\/museo-violeta-parra-reafirma-compromiso-la-naturaleza-la-presentacion-politica-medioambiental\/\"]}]},{\"@type\":\"ImageObject\",\"inLanguage\":\"es\",\"@id\":\"http:\/\/vientosur.top\/museo\/museo-violeta-parra-reafirma-compromiso-la-naturaleza-la-presentacion-politica-medioambiental\/#primaryimage\",\"url\":\"http:\/\/vientosur.top\/museo\/wp-content\/uploads\/2018\/08\/1-scaled.jpg\",\"contentUrl\":\"http:\/\/vientosur.top\/museo\/wp-content\/uploads\/2018\/08\/1-scaled.jpg\",\"width\":2560,\"height\":2132},{\"@type\":\"BreadcrumbList\",\"@id\":\"http:\/\/vientosur.top\/museo\/museo-violeta-parra-reafirma-compromiso-la-naturaleza-la-presentacion-politica-medioambiental\/#breadcrumb\",\"itemListElement\":[{\"@type\":\"ListItem\",\"position\":1,\"name\":\"Portada\",\"item\":\"http:\/\/vientosur.top\/museo\/\"},{\"@type\":\"ListItem\",\"position\":2,\"name\":\"Museo Violeta Parra reafirma su compromiso con la Naturaleza en la presentaci\u00f3n de su Pol\u00edtica Medioambiental\"}]},{\"@type\":\"WebSite\",\"@id\":\"http:\/\/vientosur.top\/museo\/#website\",\"url\":\"http:\/\/vientosur.top\/museo\/\",\"name\":\"Museo Violeta Parra\",\"description\":\"Espacio que alberga tanto la memoria y legado creativo de la artista\",\"potentialAction\":[{\"@type\":\"SearchAction\",\"target\":{\"@type\":\"EntryPoint\",\"urlTemplate\":\"http:\/\/vientosur.top\/museo\/?s={search_term_string}\"},\"query-input\":{\"@type\":\"PropertyValueSpecification\",\"valueRequired\":true,\"valueName\":\"search_term_string\"}}],\"inLanguage\":\"es\"},{\"@type\":\"Person\",\"@id\":\"http:\/\/vientosur.top\/museo\/#\/schema\/person\/20c79d3c38800971feec8c2693c3dd9c\",\"name\":\"admin\",\"image\":{\"@type\":\"ImageObject\",\"inLanguage\":\"es\",\"@id\":\"http:\/\/vientosur.top\/museo\/#\/schema\/person\/image\/\",\"url\":\"https:\/\/secure.gravatar.com\/avatar\/713677ece3ffa642287213a80e5b773bce9ab81c269dd6d95102a990951c922f?s=96&d=mm&r=g\",\"contentUrl\":\"https:\/\/secure.gravatar.com\/avatar\/713677ece3ffa642287213a80e5b773bce9ab81c269dd6d95102a990951c922f?s=96&d=mm&r=g\",\"caption\":\"admin\"},\"sameAs\":[\"http:\/\/vientosur.top\/museo\"],\"url\":\"http:\/\/vientosur.top\/museo\/author\/comunicacionesmvp\/\"}]}<\/script>\n<!-- \/ Yoast SEO plugin. -->","yoast_head_json":{"title":"Museo Violeta Parra reafirma su compromiso con la Naturaleza en la presentaci\u00f3n de su Pol\u00edtica Medioambiental - Museo Violeta Parra","robots":{"index":"index","follow":"follow","max-snippet":"max-snippet:-1","max-image-preview":"max-image-preview:large","max-video-preview":"max-video-preview:-1"},"canonical":"http:\/\/vientosur.top\/museo\/museo-violeta-parra-reafirma-compromiso-la-naturaleza-la-presentacion-politica-medioambiental\/","og_locale":"es_ES","og_type":"article","og_title":"Museo Violeta Parra reafirma su compromiso con la Naturaleza en la presentaci\u00f3n de su Pol\u00edtica Medioambiental - Museo Violeta Parra","og_description":"Bicicleteros, utilizaci\u00f3n de luces LED, comunicaci\u00f3n digital e instalaci\u00f3n de separadores de desechos para su reciclaje son algunas de las medidas de este plan pionero en los museos del pa\u00eds. Luego de la interpretaci\u00f3n de \u201cLa Jardinera\u201d por el coro de ni\u00f1os del Pre Kinder B del Colegio Holanda de Estaci\u00f3n Central, en la sala [&hellip;]","og_url":"http:\/\/vientosur.top\/museo\/museo-violeta-parra-reafirma-compromiso-la-naturaleza-la-presentacion-politica-medioambiental\/","og_site_name":"Museo Violeta Parra","article_published_time":"2018-08-17T20:01:13+00:00","og_image":[{"width":2560,"height":2132,"url":"http:\/\/vientosur.top\/museo\/wp-content\/uploads\/2018\/08\/1-scaled.jpg","type":"image\/jpeg"}],"author":"admin","twitter_card":"summary_large_image","twitter_misc":{"Escrito por":"admin","Tiempo de lectura":"3 minutos"},"schema":{"@context":"https:\/\/schema.org","@graph":[{"@type":"WebPage","@id":"http:\/\/vientosur.top\/museo\/museo-violeta-parra-reafirma-compromiso-la-naturaleza-la-presentacion-politica-medioambiental\/","url":"http:\/\/vientosur.top\/museo\/museo-violeta-parra-reafirma-compromiso-la-naturaleza-la-presentacion-politica-medioambiental\/","name":"Museo Violeta Parra reafirma su compromiso con la Naturaleza en la presentaci\u00f3n de su Pol\u00edtica Medioambiental - Museo Violeta Parra","isPartOf":{"@id":"http:\/\/vientosur.top\/museo\/#website"},"primaryImageOfPage":{"@id":"http:\/\/vientosur.top\/museo\/museo-violeta-parra-reafirma-compromiso-la-naturaleza-la-presentacion-politica-medioambiental\/#primaryimage"},"image":{"@id":"http:\/\/vientosur.top\/museo\/museo-violeta-parra-reafirma-compromiso-la-naturaleza-la-presentacion-politica-medioambiental\/#primaryimage"},"thumbnailUrl":"http:\/\/vientosur.top\/museo\/wp-content\/uploads\/2018\/08\/1-scaled.jpg","datePublished":"2018-08-17T20:01:13+00:00","author":{"@id":"http:\/\/vientosur.top\/museo\/#\/schema\/person\/20c79d3c38800971feec8c2693c3dd9c"},"breadcrumb":{"@id":"http:\/\/vientosur.top\/museo\/museo-violeta-parra-reafirma-compromiso-la-naturaleza-la-presentacion-politica-medioambiental\/#breadcrumb"},"inLanguage":"es","potentialAction":[{"@type":"ReadAction","target":["http:\/\/vientosur.top\/museo\/museo-violeta-parra-reafirma-compromiso-la-naturaleza-la-presentacion-politica-medioambiental\/"]}]},{"@type":"ImageObject","inLanguage":"es","@id":"http:\/\/vientosur.top\/museo\/museo-violeta-parra-reafirma-compromiso-la-naturaleza-la-presentacion-politica-medioambiental\/#primaryimage","url":"http:\/\/vientosur.top\/museo\/wp-content\/uploads\/2018\/08\/1-scaled.jpg","contentUrl":"http:\/\/vientosur.top\/museo\/wp-content\/uploads\/2018\/08\/1-scaled.jpg","width":2560,"height":2132},{"@type":"BreadcrumbList","@id":"http:\/\/vientosur.top\/museo\/museo-violeta-parra-reafirma-compromiso-la-naturaleza-la-presentacion-politica-medioambiental\/#breadcrumb","itemListElement":[{"@type":"ListItem","position":1,"name":"Portada","item":"http:\/\/vientosur.top\/museo\/"},{"@type":"ListItem","position":2,"name":"Museo Violeta Parra reafirma su compromiso con la Naturaleza en la presentaci\u00f3n de su Pol\u00edtica Medioambiental"}]},{"@type":"WebSite","@id":"http:\/\/vientosur.top\/museo\/#website","url":"http:\/\/vientosur.top\/museo\/","name":"Museo Violeta Parra","description":"Espacio que alberga tanto la memoria y legado creativo de la artista","potentialAction":[{"@type":"SearchAction","target":{"@type":"EntryPoint","urlTemplate":"http:\/\/vientosur.top\/museo\/?s={search_term_string}"},"query-input":{"@type":"PropertyValueSpecification","valueRequired":true,"valueName":"search_term_string"}}],"inLanguage":"es"},{"@type":"Person","@id":"http:\/\/vientosur.top\/museo\/#\/schema\/person\/20c79d3c38800971feec8c2693c3dd9c","name":"admin","image":{"@type":"ImageObject","inLanguage":"es","@id":"http:\/\/vientosur.top\/museo\/#\/schema\/person\/image\/","url":"https:\/\/secure.gravatar.com\/avatar\/713677ece3ffa642287213a80e5b773bce9ab81c269dd6d95102a990951c922f?s=96&d=mm&r=g","contentUrl":"https:\/\/secure.gravatar.com\/avatar\/713677ece3ffa642287213a80e5b773bce9ab81c269dd6d95102a990951c922f?s=96&d=mm&r=g","caption":"admin"},"sameAs":["http:\/\/vientosur.top\/museo"],"url":"http:\/\/vientosur.top\/museo\/author\/comunicacionesmvp\/"}]}},"_links":{"self":[{"href":"http:\/\/vientosur.top\/museo\/wp-json\/wp\/v2\/posts\/16035","targetHints":{"allow":["GET"]}}],"collection":[{"href":"http:\/\/vientosur.top\/museo\/wp-json\/wp\/v2\/posts"}],"about":[{"href":"http:\/\/vientosur.top\/museo\/wp-json\/wp\/v2\/types\/post"}],"author":[{"embeddable":true,"href":"http:\/\/vientosur.top\/museo\/wp-json\/wp\/v2\/users\/5"}],"replies":[{"embeddable":true,"href":"http:\/\/vientosur.top\/museo\/wp-json\/wp\/v2\/comments?post=16035"}],"version-history":[{"count":0,"href":"http:\/\/vientosur.top\/museo\/wp-json\/wp\/v2\/posts\/16035\/revisions"}],"wp:featuredmedia":[{"embeddable":true,"href":"http:\/\/vientosur.top\/museo\/wp-json\/wp\/v2\/media\/16036"}],"wp:attachment":[{"href":"http:\/\/vientosur.top\/museo\/wp-json\/wp\/v2\/media?parent=16035"}],"wp:term":[{"taxonomy":"category","embeddable":true,"href":"http:\/\/vientosur.top\/museo\/wp-json\/wp\/v2\/categories?post=16035"},{"taxonomy":"post_tag","embeddable":true,"href":"http:\/\/vientosur.top\/museo\/wp-json\/wp\/v2\/tags?post=16035"}],"curies":[{"name":"wp","href":"https:\/\/api.w.org\/{rel}","templated":true}]}}