{"id":16048,"date":"2018-08-25T10:27:13","date_gmt":"2018-08-25T15:27:13","guid":{"rendered":"http:\/\/vientosur.top\/museo\/?p=16048"},"modified":"2018-08-25T10:27:13","modified_gmt":"2018-08-25T15:27:13","slug":"reserva-entrada-gratis-homenaje-jorge-farias-los-celestinos","status":"publish","type":"post","link":"http:\/\/vientosur.top\/museo\/reserva-entrada-gratis-homenaje-jorge-farias-los-celestinos\/","title":{"rendered":"Los Celestinos presentaron homenaje a Jorge Far\u00edas"},"content":{"rendered":"<p style=\"font-weight: 400;\"><em>La agrupaci\u00f3n musical ofreci\u00f3 un recital tributo al artista que populariz\u00f3 \u201cLa joya del Pac\u00edfico\u201d.\u00a0<\/em><\/p>\n<p>\u201cUna de las \u00faltimas leyendas de la vieja bohemia porte\u00f1a\u201d. As\u00ed defini\u00f3 el diario\u00a0La Estrella\u00a0a Jorge Far\u00edas, tras su muerte el 2007. El cantor porte\u00f1o se hizo famoso, entre otras cosas, por ser quien populariz\u00f3 \u201cLa joya del Pac\u00edfico\u201d, en una sentida versi\u00f3n previa a la de Lucho Barrios.<\/p>\n<p>El legado del tambi\u00e9n llamado \u201cRuise\u00f1or de los cerros\u00a0porte\u00f1os\u201d se hizo presente este s\u00e1bado 25 de agosto en un concierto homenaje que realizaron Los Celestinos en la Sala Antar del Museo Violeta Parra.<\/p>\n<p>Los Celestinos es un conjunto musical chileno de vocaci\u00f3n latinoamericana nacido en 2009, cuyo repertorio incluye valses criollos de estampa lime\u00f1a, boleros, cueca urbana y chora y chacareras.<\/p>\n<p>Junto con interpretar el ic\u00f3nico\u00a0vals\u00a0dedicado al puerto de\u00a0Valpara\u00edso,\u00a0la agrupaci\u00f3n interpret\u00f3 populares canciones como \u201cEl gran tirano\u201d y \u201cQu\u00e9 te importa como vivo\u201d, sumadas a\u00a0algunas piezas de su disco \u201cSe sufre pero se aprende\u201d (2014). Adem\u00e1s, presentaron un adelanto del trabajo discogr\u00e1fico que lanzar\u00e1n el pr\u00f3ximo a\u00f1o.<\/p>\n<p>\u201cPara nosotros es un gran honor que nos invitaran a tocar a la casa de Violeta, porque reconocemos en ella la madre fundadora del canto chileno, una artista que fue capaz de hablar de temas universales a trav\u00e9s de experiencias personales. Eso es algo que tambi\u00e9n nos gusta hacer como Celestinos\u201d, explic\u00f3 Camilo Parada, representante de la agrupaci\u00f3n.<\/p>\n<p>Los Celestinos son: Javier Mardones (guitarra), Juli\u00e1n Herreros (segunda guitarra y voz), Cristian Mancilla (caj\u00f3n peruano y voz) y Giancarlo Valdebenito (contrabajo y voz).<br \/>\n<strong><br \/>\n<\/strong><\/p>\n<p>&nbsp;<\/p>\n","protected":false},"excerpt":{"rendered":"<p>La agrupaci\u00f3n musical ofreci\u00f3 un recital tributo al artista que populariz\u00f3 \u201cLa joya del Pac\u00edfico\u201d.\u00a0 \u201cUna de las \u00faltimas leyendas de la vieja bohemia porte\u00f1a\u201d. As\u00ed defini\u00f3 el diario\u00a0La Estrella\u00a0a Jorge Far\u00edas, tras su muerte el 2007. El cantor porte\u00f1o se hizo famoso, entre otras cosas, por ser quien populariz\u00f3 \u201cLa joya del Pac\u00edfico\u201d, en [&hellip;]<\/p>\n","protected":false},"author":5,"featured_media":16095,"comment_status":"open","ping_status":"open","sticky":false,"template":"","format":"standard","meta":{"site-sidebar-layout":"default","site-content-layout":"","ast-site-content-layout":"default","site-content-style":"default","site-sidebar-style":"default","ast-global-header-display":"","ast-banner-title-visibility":"","ast-main-header-display":"","ast-hfb-above-header-display":"","ast-hfb-below-header-display":"","ast-hfb-mobile-header-display":"","site-post-title":"","ast-breadcrumbs-content":"","ast-featured-img":"","footer-sml-layout":"","theme-transparent-header-meta":"","adv-header-id-meta":"","stick-header-meta":"","header-above-stick-meta":"","header-main-stick-meta":"","header-below-stick-meta":"","astra-migrate-meta-layouts":"default","ast-page-background-enabled":"default","ast-page-background-meta":{"desktop":{"background-color":"var(--ast-global-color-4)","background-image":"","background-repeat":"repeat","background-position":"center center","background-size":"auto","background-attachment":"scroll","background-type":"","background-media":"","overlay-type":"","overlay-color":"","overlay-opacity":"","overlay-gradient":""},"tablet":{"background-color":"","background-image":"","background-repeat":"repeat","background-position":"center center","background-size":"auto","background-attachment":"scroll","background-type":"","background-media":"","overlay-type":"","overlay-color":"","overlay-opacity":"","overlay-gradient":""},"mobile":{"background-color":"","background-image":"","background-repeat":"repeat","background-position":"center center","background-size":"auto","background-attachment":"scroll","background-type":"","background-media":"","overlay-type":"","overlay-color":"","overlay-opacity":"","overlay-gradient":""}},"ast-content-background-meta":{"desktop":{"background-color":"var(--ast-global-color-5)","background-image":"","background-repeat":"repeat","background-position":"center center","background-size":"auto","background-attachment":"scroll","background-type":"","background-media":"","overlay-type":"","overlay-color":"","overlay-opacity":"","overlay-gradient":""},"tablet":{"background-color":"var(--ast-global-color-5)","background-image":"","background-repeat":"repeat","background-position":"center center","background-size":"auto","background-attachment":"scroll","background-type":"","background-media":"","overlay-type":"","overlay-color":"","overlay-opacity":"","overlay-gradient":""},"mobile":{"background-color":"var(--ast-global-color-5)","background-image":"","background-repeat":"repeat","background-position":"center center","background-size":"auto","background-attachment":"scroll","background-type":"","background-media":"","overlay-type":"","overlay-color":"","overlay-opacity":"","overlay-gradient":""}},"footnotes":""},"categories":[59,8,61],"tags":[],"class_list":["post-16048","post","type-post","status-publish","format-standard","has-post-thumbnail","hentry","category-destacado-noticia","category-noticias","category-novedades"],"yoast_head":"<!-- This site is optimized with the Yoast SEO plugin v25.4 - https:\/\/yoast.com\/wordpress\/plugins\/seo\/ -->\n<title>Los Celestinos presentaron homenaje a Jorge Far\u00edas - Museo Violeta Parra<\/title>\n<meta name=\"robots\" content=\"index, follow, max-snippet:-1, max-image-preview:large, max-video-preview:-1\" \/>\n<link rel=\"canonical\" href=\"http:\/\/vientosur.top\/museo\/reserva-entrada-gratis-homenaje-jorge-farias-los-celestinos\/\" \/>\n<meta property=\"og:locale\" content=\"es_ES\" \/>\n<meta property=\"og:type\" content=\"article\" \/>\n<meta property=\"og:title\" content=\"Los Celestinos presentaron homenaje a Jorge Far\u00edas - Museo Violeta Parra\" \/>\n<meta property=\"og:description\" content=\"La agrupaci\u00f3n musical ofreci\u00f3 un recital tributo al artista que populariz\u00f3 \u201cLa joya del Pac\u00edfico\u201d.\u00a0 \u201cUna de las \u00faltimas leyendas de la vieja bohemia porte\u00f1a\u201d. As\u00ed defini\u00f3 el diario\u00a0La Estrella\u00a0a Jorge Far\u00edas, tras su muerte el 2007. El cantor porte\u00f1o se hizo famoso, entre otras cosas, por ser quien populariz\u00f3 \u201cLa joya del Pac\u00edfico\u201d, en [&hellip;]\" \/>\n<meta property=\"og:url\" content=\"http:\/\/vientosur.top\/museo\/reserva-entrada-gratis-homenaje-jorge-farias-los-celestinos\/\" \/>\n<meta property=\"og:site_name\" content=\"Museo Violeta Parra\" \/>\n<meta property=\"article:published_time\" content=\"2018-08-25T15:27:13+00:00\" \/>\n<meta property=\"og:image\" content=\"http:\/\/vientosur.top\/museo\/wp-content\/uploads\/2018\/08\/IMG_3321-scaled.jpg\" \/>\n\t<meta property=\"og:image:width\" content=\"2560\" \/>\n\t<meta property=\"og:image:height\" content=\"1707\" \/>\n\t<meta property=\"og:image:type\" content=\"image\/jpeg\" \/>\n<meta name=\"author\" content=\"admin\" \/>\n<meta name=\"twitter:card\" content=\"summary_large_image\" \/>\n<meta name=\"twitter:label1\" content=\"Escrito por\" \/>\n\t<meta name=\"twitter:data1\" content=\"admin\" \/>\n\t<meta name=\"twitter:label2\" content=\"Tiempo de lectura\" \/>\n\t<meta name=\"twitter:data2\" content=\"1 minuto\" \/>\n<script type=\"application\/ld+json\" class=\"yoast-schema-graph\">{\"@context\":\"https:\/\/schema.org\",\"@graph\":[{\"@type\":\"WebPage\",\"@id\":\"http:\/\/vientosur.top\/museo\/reserva-entrada-gratis-homenaje-jorge-farias-los-celestinos\/\",\"url\":\"http:\/\/vientosur.top\/museo\/reserva-entrada-gratis-homenaje-jorge-farias-los-celestinos\/\",\"name\":\"Los Celestinos presentaron homenaje a Jorge Far\u00edas - Museo Violeta Parra\",\"isPartOf\":{\"@id\":\"http:\/\/vientosur.top\/museo\/#website\"},\"primaryImageOfPage\":{\"@id\":\"http:\/\/vientosur.top\/museo\/reserva-entrada-gratis-homenaje-jorge-farias-los-celestinos\/#primaryimage\"},\"image\":{\"@id\":\"http:\/\/vientosur.top\/museo\/reserva-entrada-gratis-homenaje-jorge-farias-los-celestinos\/#primaryimage\"},\"thumbnailUrl\":\"http:\/\/vientosur.top\/museo\/wp-content\/uploads\/2018\/08\/IMG_3321-scaled.jpg\",\"datePublished\":\"2018-08-25T15:27:13+00:00\",\"author\":{\"@id\":\"http:\/\/vientosur.top\/museo\/#\/schema\/person\/20c79d3c38800971feec8c2693c3dd9c\"},\"breadcrumb\":{\"@id\":\"http:\/\/vientosur.top\/museo\/reserva-entrada-gratis-homenaje-jorge-farias-los-celestinos\/#breadcrumb\"},\"inLanguage\":\"es\",\"potentialAction\":[{\"@type\":\"ReadAction\",\"target\":[\"http:\/\/vientosur.top\/museo\/reserva-entrada-gratis-homenaje-jorge-farias-los-celestinos\/\"]}]},{\"@type\":\"ImageObject\",\"inLanguage\":\"es\",\"@id\":\"http:\/\/vientosur.top\/museo\/reserva-entrada-gratis-homenaje-jorge-farias-los-celestinos\/#primaryimage\",\"url\":\"http:\/\/vientosur.top\/museo\/wp-content\/uploads\/2018\/08\/IMG_3321-scaled.jpg\",\"contentUrl\":\"http:\/\/vientosur.top\/museo\/wp-content\/uploads\/2018\/08\/IMG_3321-scaled.jpg\",\"width\":2560,\"height\":1707},{\"@type\":\"BreadcrumbList\",\"@id\":\"http:\/\/vientosur.top\/museo\/reserva-entrada-gratis-homenaje-jorge-farias-los-celestinos\/#breadcrumb\",\"itemListElement\":[{\"@type\":\"ListItem\",\"position\":1,\"name\":\"Portada\",\"item\":\"http:\/\/vientosur.top\/museo\/\"},{\"@type\":\"ListItem\",\"position\":2,\"name\":\"Los Celestinos presentaron homenaje a Jorge Far\u00edas\"}]},{\"@type\":\"WebSite\",\"@id\":\"http:\/\/vientosur.top\/museo\/#website\",\"url\":\"http:\/\/vientosur.top\/museo\/\",\"name\":\"Museo Violeta Parra\",\"description\":\"Espacio que alberga tanto la memoria y legado creativo de la artista\",\"potentialAction\":[{\"@type\":\"SearchAction\",\"target\":{\"@type\":\"EntryPoint\",\"urlTemplate\":\"http:\/\/vientosur.top\/museo\/?s={search_term_string}\"},\"query-input\":{\"@type\":\"PropertyValueSpecification\",\"valueRequired\":true,\"valueName\":\"search_term_string\"}}],\"inLanguage\":\"es\"},{\"@type\":\"Person\",\"@id\":\"http:\/\/vientosur.top\/museo\/#\/schema\/person\/20c79d3c38800971feec8c2693c3dd9c\",\"name\":\"admin\",\"image\":{\"@type\":\"ImageObject\",\"inLanguage\":\"es\",\"@id\":\"http:\/\/vientosur.top\/museo\/#\/schema\/person\/image\/\",\"url\":\"https:\/\/secure.gravatar.com\/avatar\/713677ece3ffa642287213a80e5b773bce9ab81c269dd6d95102a990951c922f?s=96&d=mm&r=g\",\"contentUrl\":\"https:\/\/secure.gravatar.com\/avatar\/713677ece3ffa642287213a80e5b773bce9ab81c269dd6d95102a990951c922f?s=96&d=mm&r=g\",\"caption\":\"admin\"},\"sameAs\":[\"http:\/\/vientosur.top\/museo\"],\"url\":\"http:\/\/vientosur.top\/museo\/author\/comunicacionesmvp\/\"}]}<\/script>\n<!-- \/ Yoast SEO plugin. -->","yoast_head_json":{"title":"Los Celestinos presentaron homenaje a Jorge Far\u00edas - Museo Violeta Parra","robots":{"index":"index","follow":"follow","max-snippet":"max-snippet:-1","max-image-preview":"max-image-preview:large","max-video-preview":"max-video-preview:-1"},"canonical":"http:\/\/vientosur.top\/museo\/reserva-entrada-gratis-homenaje-jorge-farias-los-celestinos\/","og_locale":"es_ES","og_type":"article","og_title":"Los Celestinos presentaron homenaje a Jorge Far\u00edas - Museo Violeta Parra","og_description":"La agrupaci\u00f3n musical ofreci\u00f3 un recital tributo al artista que populariz\u00f3 \u201cLa joya del Pac\u00edfico\u201d.\u00a0 \u201cUna de las \u00faltimas leyendas de la vieja bohemia porte\u00f1a\u201d. As\u00ed defini\u00f3 el diario\u00a0La Estrella\u00a0a Jorge Far\u00edas, tras su muerte el 2007. El cantor porte\u00f1o se hizo famoso, entre otras cosas, por ser quien populariz\u00f3 \u201cLa joya del Pac\u00edfico\u201d, en [&hellip;]","og_url":"http:\/\/vientosur.top\/museo\/reserva-entrada-gratis-homenaje-jorge-farias-los-celestinos\/","og_site_name":"Museo Violeta Parra","article_published_time":"2018-08-25T15:27:13+00:00","og_image":[{"width":2560,"height":1707,"url":"http:\/\/vientosur.top\/museo\/wp-content\/uploads\/2018\/08\/IMG_3321-scaled.jpg","type":"image\/jpeg"}],"author":"admin","twitter_card":"summary_large_image","twitter_misc":{"Escrito por":"admin","Tiempo de lectura":"1 minuto"},"schema":{"@context":"https:\/\/schema.org","@graph":[{"@type":"WebPage","@id":"http:\/\/vientosur.top\/museo\/reserva-entrada-gratis-homenaje-jorge-farias-los-celestinos\/","url":"http:\/\/vientosur.top\/museo\/reserva-entrada-gratis-homenaje-jorge-farias-los-celestinos\/","name":"Los Celestinos presentaron homenaje a Jorge Far\u00edas - Museo Violeta Parra","isPartOf":{"@id":"http:\/\/vientosur.top\/museo\/#website"},"primaryImageOfPage":{"@id":"http:\/\/vientosur.top\/museo\/reserva-entrada-gratis-homenaje-jorge-farias-los-celestinos\/#primaryimage"},"image":{"@id":"http:\/\/vientosur.top\/museo\/reserva-entrada-gratis-homenaje-jorge-farias-los-celestinos\/#primaryimage"},"thumbnailUrl":"http:\/\/vientosur.top\/museo\/wp-content\/uploads\/2018\/08\/IMG_3321-scaled.jpg","datePublished":"2018-08-25T15:27:13+00:00","author":{"@id":"http:\/\/vientosur.top\/museo\/#\/schema\/person\/20c79d3c38800971feec8c2693c3dd9c"},"breadcrumb":{"@id":"http:\/\/vientosur.top\/museo\/reserva-entrada-gratis-homenaje-jorge-farias-los-celestinos\/#breadcrumb"},"inLanguage":"es","potentialAction":[{"@type":"ReadAction","target":["http:\/\/vientosur.top\/museo\/reserva-entrada-gratis-homenaje-jorge-farias-los-celestinos\/"]}]},{"@type":"ImageObject","inLanguage":"es","@id":"http:\/\/vientosur.top\/museo\/reserva-entrada-gratis-homenaje-jorge-farias-los-celestinos\/#primaryimage","url":"http:\/\/vientosur.top\/museo\/wp-content\/uploads\/2018\/08\/IMG_3321-scaled.jpg","contentUrl":"http:\/\/vientosur.top\/museo\/wp-content\/uploads\/2018\/08\/IMG_3321-scaled.jpg","width":2560,"height":1707},{"@type":"BreadcrumbList","@id":"http:\/\/vientosur.top\/museo\/reserva-entrada-gratis-homenaje-jorge-farias-los-celestinos\/#breadcrumb","itemListElement":[{"@type":"ListItem","position":1,"name":"Portada","item":"http:\/\/vientosur.top\/museo\/"},{"@type":"ListItem","position":2,"name":"Los Celestinos presentaron homenaje a Jorge Far\u00edas"}]},{"@type":"WebSite","@id":"http:\/\/vientosur.top\/museo\/#website","url":"http:\/\/vientosur.top\/museo\/","name":"Museo Violeta Parra","description":"Espacio que alberga tanto la memoria y legado creativo de la artista","potentialAction":[{"@type":"SearchAction","target":{"@type":"EntryPoint","urlTemplate":"http:\/\/vientosur.top\/museo\/?s={search_term_string}"},"query-input":{"@type":"PropertyValueSpecification","valueRequired":true,"valueName":"search_term_string"}}],"inLanguage":"es"},{"@type":"Person","@id":"http:\/\/vientosur.top\/museo\/#\/schema\/person\/20c79d3c38800971feec8c2693c3dd9c","name":"admin","image":{"@type":"ImageObject","inLanguage":"es","@id":"http:\/\/vientosur.top\/museo\/#\/schema\/person\/image\/","url":"https:\/\/secure.gravatar.com\/avatar\/713677ece3ffa642287213a80e5b773bce9ab81c269dd6d95102a990951c922f?s=96&d=mm&r=g","contentUrl":"https:\/\/secure.gravatar.com\/avatar\/713677ece3ffa642287213a80e5b773bce9ab81c269dd6d95102a990951c922f?s=96&d=mm&r=g","caption":"admin"},"sameAs":["http:\/\/vientosur.top\/museo"],"url":"http:\/\/vientosur.top\/museo\/author\/comunicacionesmvp\/"}]}},"_links":{"self":[{"href":"http:\/\/vientosur.top\/museo\/wp-json\/wp\/v2\/posts\/16048","targetHints":{"allow":["GET"]}}],"collection":[{"href":"http:\/\/vientosur.top\/museo\/wp-json\/wp\/v2\/posts"}],"about":[{"href":"http:\/\/vientosur.top\/museo\/wp-json\/wp\/v2\/types\/post"}],"author":[{"embeddable":true,"href":"http:\/\/vientosur.top\/museo\/wp-json\/wp\/v2\/users\/5"}],"replies":[{"embeddable":true,"href":"http:\/\/vientosur.top\/museo\/wp-json\/wp\/v2\/comments?post=16048"}],"version-history":[{"count":0,"href":"http:\/\/vientosur.top\/museo\/wp-json\/wp\/v2\/posts\/16048\/revisions"}],"wp:featuredmedia":[{"embeddable":true,"href":"http:\/\/vientosur.top\/museo\/wp-json\/wp\/v2\/media\/16095"}],"wp:attachment":[{"href":"http:\/\/vientosur.top\/museo\/wp-json\/wp\/v2\/media?parent=16048"}],"wp:term":[{"taxonomy":"category","embeddable":true,"href":"http:\/\/vientosur.top\/museo\/wp-json\/wp\/v2\/categories?post=16048"},{"taxonomy":"post_tag","embeddable":true,"href":"http:\/\/vientosur.top\/museo\/wp-json\/wp\/v2\/tags?post=16048"}],"curies":[{"name":"wp","href":"https:\/\/api.w.org\/{rel}","templated":true}]}}