{"id":16054,"date":"2018-08-24T12:36:26","date_gmt":"2018-08-24T17:36:26","guid":{"rendered":"http:\/\/vientosur.top\/museo\/?p=16054"},"modified":"2018-08-24T12:36:26","modified_gmt":"2018-08-24T17:36:26","slug":"marcelo-montealegre-realizara-una-charla-obra-fotografica-este-viernes-museo-violeta-parra","status":"publish","type":"post","link":"http:\/\/vientosur.top\/museo\/marcelo-montealegre-realizara-una-charla-obra-fotografica-este-viernes-museo-violeta-parra\/","title":{"rendered":"Marcelo Montealegre particip\u00f3 en el Ciclo Pupila de \u00c1guila del Museo Violeta Parra"},"content":{"rendered":"<p>Marcelo Montealegre (Puerto Montt, 1936) es fot\u00f3grafo, periodista y traductor residente en Nueva York desde 1968. Cuenta con estudios de las universidades de Chile, Cat\u00f3lica de Chile y en el Empire State College de Nueva York. Fue profesor ayudante en la Escuela de Periodismo de la Universidad de Chile, The New School de Nueva York y de MIDINRA, Managua.<\/p>\n<p>Ha trabajado como fot\u00f3grafo independiente para medios de comunicaci\u00f3n como TIME, The Houston Post, Newsweek, Manchete, Ercilla, Oui, Revista La Voz y otras. Representado por Agencia Liaison y Echave &amp; Associates, ambas de Nueva York. Parte de su obra se encuentra publicada en el libro \u201cNo me olvido: Chile 1954-1968\u201d\u00a0(Ocho Libros, 2011).<\/p>\n<p>El viernes 24 de agosto, Marcelo Montealegre realiz\u00f3\u00a0 un repaso por su trayectoria y coment\u00f3 las tres fotograf\u00edas que tom\u00f3 a Violeta Parra en la Feria de Artes Pl\u00e1sticas del Parque Forestal en 1960. Sobre este encuentro record\u00f3: \u201cTom\u00e9 s\u00f3lo tres fotos a Violeta. No la conoc\u00eda. Vi el nombre Parra y me son\u00f3 a algo por Nicanor. Le pregunt\u00e9 y me dijo que era hermana. Me cont\u00f3 que hab\u00eda estado en Europa y que en realidad era folclorista, pero que en la feria estaba mostrando sus tapices. Ah\u00ed fue cuando le tom\u00e9 fotos\u201d.<br \/>\n<a href=\"https:\/\/www.facebook.com\/pg\/MuseoVioletaParra\/photos\/?tab=album&amp;album_id=2198267183750024\" target=\"_blank\" rel=\"noopener noreferrer\"><strong><br \/>\nVer galer\u00eda de im\u00e1genes\u00a0<\/strong><\/a><\/p>\n<p>&nbsp;<\/p>\n","protected":false},"excerpt":{"rendered":"<p>Marcelo Montealegre (Puerto Montt, 1936) es fot\u00f3grafo, periodista y traductor residente en Nueva York desde 1968. Cuenta con estudios de las universidades de Chile, Cat\u00f3lica de Chile y en el Empire State College de Nueva York. Fue profesor ayudante en la Escuela de Periodismo de la Universidad de Chile, The New School de Nueva York [&hellip;]<\/p>\n","protected":false},"author":5,"featured_media":16208,"comment_status":"open","ping_status":"open","sticky":false,"template":"","format":"standard","meta":{"site-sidebar-layout":"default","site-content-layout":"","ast-site-content-layout":"default","site-content-style":"default","site-sidebar-style":"default","ast-global-header-display":"","ast-banner-title-visibility":"","ast-main-header-display":"","ast-hfb-above-header-display":"","ast-hfb-below-header-display":"","ast-hfb-mobile-header-display":"","site-post-title":"","ast-breadcrumbs-content":"","ast-featured-img":"","footer-sml-layout":"","theme-transparent-header-meta":"","adv-header-id-meta":"","stick-header-meta":"","header-above-stick-meta":"","header-main-stick-meta":"","header-below-stick-meta":"","astra-migrate-meta-layouts":"default","ast-page-background-enabled":"default","ast-page-background-meta":{"desktop":{"background-color":"var(--ast-global-color-4)","background-image":"","background-repeat":"repeat","background-position":"center center","background-size":"auto","background-attachment":"scroll","background-type":"","background-media":"","overlay-type":"","overlay-color":"","overlay-opacity":"","overlay-gradient":""},"tablet":{"background-color":"","background-image":"","background-repeat":"repeat","background-position":"center center","background-size":"auto","background-attachment":"scroll","background-type":"","background-media":"","overlay-type":"","overlay-color":"","overlay-opacity":"","overlay-gradient":""},"mobile":{"background-color":"","background-image":"","background-repeat":"repeat","background-position":"center center","background-size":"auto","background-attachment":"scroll","background-type":"","background-media":"","overlay-type":"","overlay-color":"","overlay-opacity":"","overlay-gradient":""}},"ast-content-background-meta":{"desktop":{"background-color":"var(--ast-global-color-5)","background-image":"","background-repeat":"repeat","background-position":"center center","background-size":"auto","background-attachment":"scroll","background-type":"","background-media":"","overlay-type":"","overlay-color":"","overlay-opacity":"","overlay-gradient":""},"tablet":{"background-color":"var(--ast-global-color-5)","background-image":"","background-repeat":"repeat","background-position":"center center","background-size":"auto","background-attachment":"scroll","background-type":"","background-media":"","overlay-type":"","overlay-color":"","overlay-opacity":"","overlay-gradient":""},"mobile":{"background-color":"var(--ast-global-color-5)","background-image":"","background-repeat":"repeat","background-position":"center center","background-size":"auto","background-attachment":"scroll","background-type":"","background-media":"","overlay-type":"","overlay-color":"","overlay-opacity":"","overlay-gradient":""}},"footnotes":""},"categories":[59,8,61],"tags":[],"class_list":["post-16054","post","type-post","status-publish","format-standard","has-post-thumbnail","hentry","category-destacado-noticia","category-noticias","category-novedades"],"yoast_head":"<!-- This site is optimized with the Yoast SEO plugin v25.4 - https:\/\/yoast.com\/wordpress\/plugins\/seo\/ -->\n<title>Marcelo Montealegre particip\u00f3 en el Ciclo Pupila de \u00c1guila del Museo Violeta Parra - Museo Violeta Parra<\/title>\n<meta name=\"robots\" content=\"index, follow, max-snippet:-1, max-image-preview:large, max-video-preview:-1\" \/>\n<link rel=\"canonical\" href=\"http:\/\/vientosur.top\/museo\/marcelo-montealegre-realizara-una-charla-obra-fotografica-este-viernes-museo-violeta-parra\/\" \/>\n<meta property=\"og:locale\" content=\"es_ES\" \/>\n<meta property=\"og:type\" content=\"article\" \/>\n<meta property=\"og:title\" content=\"Marcelo Montealegre particip\u00f3 en el Ciclo Pupila de \u00c1guila del Museo Violeta Parra - Museo Violeta Parra\" \/>\n<meta property=\"og:description\" content=\"Marcelo Montealegre (Puerto Montt, 1936) es fot\u00f3grafo, periodista y traductor residente en Nueva York desde 1968. Cuenta con estudios de las universidades de Chile, Cat\u00f3lica de Chile y en el Empire State College de Nueva York. Fue profesor ayudante en la Escuela de Periodismo de la Universidad de Chile, The New School de Nueva York [&hellip;]\" \/>\n<meta property=\"og:url\" content=\"http:\/\/vientosur.top\/museo\/marcelo-montealegre-realizara-una-charla-obra-fotografica-este-viernes-museo-violeta-parra\/\" \/>\n<meta property=\"og:site_name\" content=\"Museo Violeta Parra\" \/>\n<meta property=\"article:published_time\" content=\"2018-08-24T17:36:26+00:00\" \/>\n<meta property=\"og:image\" content=\"http:\/\/vientosur.top\/museo\/wp-content\/uploads\/2018\/08\/pupilamm.jpg\" \/>\n\t<meta property=\"og:image:width\" content=\"2046\" \/>\n\t<meta property=\"og:image:height\" content=\"1288\" \/>\n\t<meta property=\"og:image:type\" content=\"image\/jpeg\" \/>\n<meta name=\"author\" content=\"admin\" \/>\n<meta name=\"twitter:card\" content=\"summary_large_image\" \/>\n<meta name=\"twitter:label1\" content=\"Escrito por\" \/>\n\t<meta name=\"twitter:data1\" content=\"admin\" \/>\n\t<meta name=\"twitter:label2\" content=\"Tiempo de lectura\" \/>\n\t<meta name=\"twitter:data2\" content=\"1 minuto\" \/>\n<script type=\"application\/ld+json\" class=\"yoast-schema-graph\">{\"@context\":\"https:\/\/schema.org\",\"@graph\":[{\"@type\":\"WebPage\",\"@id\":\"http:\/\/vientosur.top\/museo\/marcelo-montealegre-realizara-una-charla-obra-fotografica-este-viernes-museo-violeta-parra\/\",\"url\":\"http:\/\/vientosur.top\/museo\/marcelo-montealegre-realizara-una-charla-obra-fotografica-este-viernes-museo-violeta-parra\/\",\"name\":\"Marcelo Montealegre particip\u00f3 en el Ciclo Pupila de \u00c1guila del Museo Violeta Parra - Museo Violeta Parra\",\"isPartOf\":{\"@id\":\"http:\/\/vientosur.top\/museo\/#website\"},\"primaryImageOfPage\":{\"@id\":\"http:\/\/vientosur.top\/museo\/marcelo-montealegre-realizara-una-charla-obra-fotografica-este-viernes-museo-violeta-parra\/#primaryimage\"},\"image\":{\"@id\":\"http:\/\/vientosur.top\/museo\/marcelo-montealegre-realizara-una-charla-obra-fotografica-este-viernes-museo-violeta-parra\/#primaryimage\"},\"thumbnailUrl\":\"http:\/\/vientosur.top\/museo\/wp-content\/uploads\/2018\/08\/pupilamm.jpg\",\"datePublished\":\"2018-08-24T17:36:26+00:00\",\"author\":{\"@id\":\"http:\/\/vientosur.top\/museo\/#\/schema\/person\/20c79d3c38800971feec8c2693c3dd9c\"},\"breadcrumb\":{\"@id\":\"http:\/\/vientosur.top\/museo\/marcelo-montealegre-realizara-una-charla-obra-fotografica-este-viernes-museo-violeta-parra\/#breadcrumb\"},\"inLanguage\":\"es\",\"potentialAction\":[{\"@type\":\"ReadAction\",\"target\":[\"http:\/\/vientosur.top\/museo\/marcelo-montealegre-realizara-una-charla-obra-fotografica-este-viernes-museo-violeta-parra\/\"]}]},{\"@type\":\"ImageObject\",\"inLanguage\":\"es\",\"@id\":\"http:\/\/vientosur.top\/museo\/marcelo-montealegre-realizara-una-charla-obra-fotografica-este-viernes-museo-violeta-parra\/#primaryimage\",\"url\":\"http:\/\/vientosur.top\/museo\/wp-content\/uploads\/2018\/08\/pupilamm.jpg\",\"contentUrl\":\"http:\/\/vientosur.top\/museo\/wp-content\/uploads\/2018\/08\/pupilamm.jpg\",\"width\":2046,\"height\":1288},{\"@type\":\"BreadcrumbList\",\"@id\":\"http:\/\/vientosur.top\/museo\/marcelo-montealegre-realizara-una-charla-obra-fotografica-este-viernes-museo-violeta-parra\/#breadcrumb\",\"itemListElement\":[{\"@type\":\"ListItem\",\"position\":1,\"name\":\"Portada\",\"item\":\"http:\/\/vientosur.top\/museo\/\"},{\"@type\":\"ListItem\",\"position\":2,\"name\":\"Marcelo Montealegre particip\u00f3 en el Ciclo Pupila de \u00c1guila del Museo Violeta Parra\"}]},{\"@type\":\"WebSite\",\"@id\":\"http:\/\/vientosur.top\/museo\/#website\",\"url\":\"http:\/\/vientosur.top\/museo\/\",\"name\":\"Museo Violeta Parra\",\"description\":\"Espacio que alberga tanto la memoria y legado creativo de la artista\",\"potentialAction\":[{\"@type\":\"SearchAction\",\"target\":{\"@type\":\"EntryPoint\",\"urlTemplate\":\"http:\/\/vientosur.top\/museo\/?s={search_term_string}\"},\"query-input\":{\"@type\":\"PropertyValueSpecification\",\"valueRequired\":true,\"valueName\":\"search_term_string\"}}],\"inLanguage\":\"es\"},{\"@type\":\"Person\",\"@id\":\"http:\/\/vientosur.top\/museo\/#\/schema\/person\/20c79d3c38800971feec8c2693c3dd9c\",\"name\":\"admin\",\"image\":{\"@type\":\"ImageObject\",\"inLanguage\":\"es\",\"@id\":\"http:\/\/vientosur.top\/museo\/#\/schema\/person\/image\/\",\"url\":\"https:\/\/secure.gravatar.com\/avatar\/713677ece3ffa642287213a80e5b773bce9ab81c269dd6d95102a990951c922f?s=96&d=mm&r=g\",\"contentUrl\":\"https:\/\/secure.gravatar.com\/avatar\/713677ece3ffa642287213a80e5b773bce9ab81c269dd6d95102a990951c922f?s=96&d=mm&r=g\",\"caption\":\"admin\"},\"sameAs\":[\"http:\/\/vientosur.top\/museo\"],\"url\":\"http:\/\/vientosur.top\/museo\/author\/comunicacionesmvp\/\"}]}<\/script>\n<!-- \/ Yoast SEO plugin. -->","yoast_head_json":{"title":"Marcelo Montealegre particip\u00f3 en el Ciclo Pupila de \u00c1guila del Museo Violeta Parra - Museo Violeta Parra","robots":{"index":"index","follow":"follow","max-snippet":"max-snippet:-1","max-image-preview":"max-image-preview:large","max-video-preview":"max-video-preview:-1"},"canonical":"http:\/\/vientosur.top\/museo\/marcelo-montealegre-realizara-una-charla-obra-fotografica-este-viernes-museo-violeta-parra\/","og_locale":"es_ES","og_type":"article","og_title":"Marcelo Montealegre particip\u00f3 en el Ciclo Pupila de \u00c1guila del Museo Violeta Parra - Museo Violeta Parra","og_description":"Marcelo Montealegre (Puerto Montt, 1936) es fot\u00f3grafo, periodista y traductor residente en Nueva York desde 1968. Cuenta con estudios de las universidades de Chile, Cat\u00f3lica de Chile y en el Empire State College de Nueva York. Fue profesor ayudante en la Escuela de Periodismo de la Universidad de Chile, The New School de Nueva York [&hellip;]","og_url":"http:\/\/vientosur.top\/museo\/marcelo-montealegre-realizara-una-charla-obra-fotografica-este-viernes-museo-violeta-parra\/","og_site_name":"Museo Violeta Parra","article_published_time":"2018-08-24T17:36:26+00:00","og_image":[{"width":2046,"height":1288,"url":"http:\/\/vientosur.top\/museo\/wp-content\/uploads\/2018\/08\/pupilamm.jpg","type":"image\/jpeg"}],"author":"admin","twitter_card":"summary_large_image","twitter_misc":{"Escrito por":"admin","Tiempo de lectura":"1 minuto"},"schema":{"@context":"https:\/\/schema.org","@graph":[{"@type":"WebPage","@id":"http:\/\/vientosur.top\/museo\/marcelo-montealegre-realizara-una-charla-obra-fotografica-este-viernes-museo-violeta-parra\/","url":"http:\/\/vientosur.top\/museo\/marcelo-montealegre-realizara-una-charla-obra-fotografica-este-viernes-museo-violeta-parra\/","name":"Marcelo Montealegre particip\u00f3 en el Ciclo Pupila de \u00c1guila del Museo Violeta Parra - Museo Violeta Parra","isPartOf":{"@id":"http:\/\/vientosur.top\/museo\/#website"},"primaryImageOfPage":{"@id":"http:\/\/vientosur.top\/museo\/marcelo-montealegre-realizara-una-charla-obra-fotografica-este-viernes-museo-violeta-parra\/#primaryimage"},"image":{"@id":"http:\/\/vientosur.top\/museo\/marcelo-montealegre-realizara-una-charla-obra-fotografica-este-viernes-museo-violeta-parra\/#primaryimage"},"thumbnailUrl":"http:\/\/vientosur.top\/museo\/wp-content\/uploads\/2018\/08\/pupilamm.jpg","datePublished":"2018-08-24T17:36:26+00:00","author":{"@id":"http:\/\/vientosur.top\/museo\/#\/schema\/person\/20c79d3c38800971feec8c2693c3dd9c"},"breadcrumb":{"@id":"http:\/\/vientosur.top\/museo\/marcelo-montealegre-realizara-una-charla-obra-fotografica-este-viernes-museo-violeta-parra\/#breadcrumb"},"inLanguage":"es","potentialAction":[{"@type":"ReadAction","target":["http:\/\/vientosur.top\/museo\/marcelo-montealegre-realizara-una-charla-obra-fotografica-este-viernes-museo-violeta-parra\/"]}]},{"@type":"ImageObject","inLanguage":"es","@id":"http:\/\/vientosur.top\/museo\/marcelo-montealegre-realizara-una-charla-obra-fotografica-este-viernes-museo-violeta-parra\/#primaryimage","url":"http:\/\/vientosur.top\/museo\/wp-content\/uploads\/2018\/08\/pupilamm.jpg","contentUrl":"http:\/\/vientosur.top\/museo\/wp-content\/uploads\/2018\/08\/pupilamm.jpg","width":2046,"height":1288},{"@type":"BreadcrumbList","@id":"http:\/\/vientosur.top\/museo\/marcelo-montealegre-realizara-una-charla-obra-fotografica-este-viernes-museo-violeta-parra\/#breadcrumb","itemListElement":[{"@type":"ListItem","position":1,"name":"Portada","item":"http:\/\/vientosur.top\/museo\/"},{"@type":"ListItem","position":2,"name":"Marcelo Montealegre particip\u00f3 en el Ciclo Pupila de \u00c1guila del Museo Violeta Parra"}]},{"@type":"WebSite","@id":"http:\/\/vientosur.top\/museo\/#website","url":"http:\/\/vientosur.top\/museo\/","name":"Museo Violeta Parra","description":"Espacio que alberga tanto la memoria y legado creativo de la artista","potentialAction":[{"@type":"SearchAction","target":{"@type":"EntryPoint","urlTemplate":"http:\/\/vientosur.top\/museo\/?s={search_term_string}"},"query-input":{"@type":"PropertyValueSpecification","valueRequired":true,"valueName":"search_term_string"}}],"inLanguage":"es"},{"@type":"Person","@id":"http:\/\/vientosur.top\/museo\/#\/schema\/person\/20c79d3c38800971feec8c2693c3dd9c","name":"admin","image":{"@type":"ImageObject","inLanguage":"es","@id":"http:\/\/vientosur.top\/museo\/#\/schema\/person\/image\/","url":"https:\/\/secure.gravatar.com\/avatar\/713677ece3ffa642287213a80e5b773bce9ab81c269dd6d95102a990951c922f?s=96&d=mm&r=g","contentUrl":"https:\/\/secure.gravatar.com\/avatar\/713677ece3ffa642287213a80e5b773bce9ab81c269dd6d95102a990951c922f?s=96&d=mm&r=g","caption":"admin"},"sameAs":["http:\/\/vientosur.top\/museo"],"url":"http:\/\/vientosur.top\/museo\/author\/comunicacionesmvp\/"}]}},"_links":{"self":[{"href":"http:\/\/vientosur.top\/museo\/wp-json\/wp\/v2\/posts\/16054","targetHints":{"allow":["GET"]}}],"collection":[{"href":"http:\/\/vientosur.top\/museo\/wp-json\/wp\/v2\/posts"}],"about":[{"href":"http:\/\/vientosur.top\/museo\/wp-json\/wp\/v2\/types\/post"}],"author":[{"embeddable":true,"href":"http:\/\/vientosur.top\/museo\/wp-json\/wp\/v2\/users\/5"}],"replies":[{"embeddable":true,"href":"http:\/\/vientosur.top\/museo\/wp-json\/wp\/v2\/comments?post=16054"}],"version-history":[{"count":0,"href":"http:\/\/vientosur.top\/museo\/wp-json\/wp\/v2\/posts\/16054\/revisions"}],"wp:featuredmedia":[{"embeddable":true,"href":"http:\/\/vientosur.top\/museo\/wp-json\/wp\/v2\/media\/16208"}],"wp:attachment":[{"href":"http:\/\/vientosur.top\/museo\/wp-json\/wp\/v2\/media?parent=16054"}],"wp:term":[{"taxonomy":"category","embeddable":true,"href":"http:\/\/vientosur.top\/museo\/wp-json\/wp\/v2\/categories?post=16054"},{"taxonomy":"post_tag","embeddable":true,"href":"http:\/\/vientosur.top\/museo\/wp-json\/wp\/v2\/tags?post=16054"}],"curies":[{"name":"wp","href":"https:\/\/api.w.org\/{rel}","templated":true}]}}