{"id":16066,"date":"2018-08-22T15:56:15","date_gmt":"2018-08-22T20:56:15","guid":{"rendered":"http:\/\/vientosur.top\/museo\/?p=16066"},"modified":"2018-08-22T15:56:15","modified_gmt":"2018-08-22T20:56:15","slug":"programa-violeta-sin-fronteras-llevo-la-musica-tita-parra-greco-acuna-al-cmn-norte-del-sename","status":"publish","type":"post","link":"http:\/\/vientosur.top\/museo\/programa-violeta-sin-fronteras-llevo-la-musica-tita-parra-greco-acuna-al-cmn-norte-del-sename\/","title":{"rendered":"Programa \u201cVioleta sin fronteras\u201d llev\u00f3 la musica de Tita Parra y Greco Acu\u00f1a al CMN Norte del SENAME"},"content":{"rendered":"<p>En el marco del programa \u00abVioleta sin fronteras\u00bb del Museo Violeta Parra, Tita Parra y Greco Acu\u00f1a visitaron el Centro Metropolitano Norte del Servicio Nacional de Menores, en compa\u00f1\u00eda de Cecilia Garc\u00eda-Huidobro, Directora del museo.<\/p>\n<p>La ma\u00f1ana del 22 de agosto los m\u00fasicos interpretaron canciones de Violeta Parra ante los residentes de todas las casas del recinto. Luego del encuentro en el gimnasio, Parra, Acu\u00f1a y Garc\u00eda-Huidobro dialogaron con los j\u00f3venes, visitaron un mural realizado en homenaje a Violeta Parra y conocieron la compa\u00f1\u00eda de t\u00edteres del centro.<\/p>\n<p>\u201cCon esta segunda visita demostramos la sistematicidad que tiene el programa <em>Violeta sin fronteras. <\/em>Volveremos el jueves 6 de septiembre para seguir con los murales. Invitaremos a presentarse en la Sala Antar del museo a la compa\u00f1\u00eda de teatro de marionetas realizadas por los j\u00f3venes del Centro Metropolitano Norte Til Til. El legado de Violeta Parra va mucho m\u00e1s all\u00e1 de un museo y trasciende hacia todas las esferas de la sociedad\u201d, se\u00f1ala Cecilia Garc\u00eda-Huidobro, Directora del Museo Violeta Parra.<\/p>\n<p>\u201cLa actividad se enmarca en el convenio del SENAME con el museo que se hace carne en la presentaci\u00f3n de Tita Parra, nieta de Violeta y artista transversal de la cultura, que nos trajo su m\u00fasica al centro. Estamos muy contentos por la adhesi\u00f3n, el entusiasmo y el cari\u00f1o de los j\u00f3venes del centro y lo gratificante que fue contar con un espacio cultural sum\u00e1ndose a nuestas actividades socioeducativas\u00bb, a\u00f1ade Richard Castro, Director del CMN Til Til.<\/p>\n<p><strong><a href=\"https:\/\/www.facebook.com\/pg\/MuseoVioletaParra\/photos\/?tab=album&amp;album_id=2195934620649947\"><br \/>\nVer galer\u00eda de im\u00e1genes<\/a><\/strong><\/p>\n","protected":false},"excerpt":{"rendered":"<p>En el marco del programa \u00abVioleta sin fronteras\u00bb del Museo Violeta Parra, Tita Parra y Greco Acu\u00f1a visitaron el Centro Metropolitano Norte del Servicio Nacional de Menores, en compa\u00f1\u00eda de Cecilia Garc\u00eda-Huidobro, Directora del museo. La ma\u00f1ana del 22 de agosto los m\u00fasicos interpretaron canciones de Violeta Parra ante los residentes de todas las casas [&hellip;]<\/p>\n","protected":false},"author":5,"featured_media":16067,"comment_status":"open","ping_status":"open","sticky":false,"template":"","format":"standard","meta":{"site-sidebar-layout":"default","site-content-layout":"","ast-site-content-layout":"default","site-content-style":"default","site-sidebar-style":"default","ast-global-header-display":"","ast-banner-title-visibility":"","ast-main-header-display":"","ast-hfb-above-header-display":"","ast-hfb-below-header-display":"","ast-hfb-mobile-header-display":"","site-post-title":"","ast-breadcrumbs-content":"","ast-featured-img":"","footer-sml-layout":"","theme-transparent-header-meta":"","adv-header-id-meta":"","stick-header-meta":"","header-above-stick-meta":"","header-main-stick-meta":"","header-below-stick-meta":"","astra-migrate-meta-layouts":"default","ast-page-background-enabled":"default","ast-page-background-meta":{"desktop":{"background-color":"var(--ast-global-color-4)","background-image":"","background-repeat":"repeat","background-position":"center center","background-size":"auto","background-attachment":"scroll","background-type":"","background-media":"","overlay-type":"","overlay-color":"","overlay-opacity":"","overlay-gradient":""},"tablet":{"background-color":"","background-image":"","background-repeat":"repeat","background-position":"center center","background-size":"auto","background-attachment":"scroll","background-type":"","background-media":"","overlay-type":"","overlay-color":"","overlay-opacity":"","overlay-gradient":""},"mobile":{"background-color":"","background-image":"","background-repeat":"repeat","background-position":"center center","background-size":"auto","background-attachment":"scroll","background-type":"","background-media":"","overlay-type":"","overlay-color":"","overlay-opacity":"","overlay-gradient":""}},"ast-content-background-meta":{"desktop":{"background-color":"var(--ast-global-color-5)","background-image":"","background-repeat":"repeat","background-position":"center center","background-size":"auto","background-attachment":"scroll","background-type":"","background-media":"","overlay-type":"","overlay-color":"","overlay-opacity":"","overlay-gradient":""},"tablet":{"background-color":"var(--ast-global-color-5)","background-image":"","background-repeat":"repeat","background-position":"center center","background-size":"auto","background-attachment":"scroll","background-type":"","background-media":"","overlay-type":"","overlay-color":"","overlay-opacity":"","overlay-gradient":""},"mobile":{"background-color":"var(--ast-global-color-5)","background-image":"","background-repeat":"repeat","background-position":"center center","background-size":"auto","background-attachment":"scroll","background-type":"","background-media":"","overlay-type":"","overlay-color":"","overlay-opacity":"","overlay-gradient":""}},"footnotes":""},"categories":[59,8,61],"tags":[],"class_list":["post-16066","post","type-post","status-publish","format-standard","has-post-thumbnail","hentry","category-destacado-noticia","category-noticias","category-novedades"],"yoast_head":"<!-- This site is optimized with the Yoast SEO plugin v25.4 - https:\/\/yoast.com\/wordpress\/plugins\/seo\/ -->\n<title>Programa \u201cVioleta sin fronteras\u201d llev\u00f3 la musica de Tita Parra y Greco Acu\u00f1a al CMN Norte del SENAME - Museo Violeta Parra<\/title>\n<meta name=\"robots\" content=\"index, follow, max-snippet:-1, max-image-preview:large, max-video-preview:-1\" \/>\n<link rel=\"canonical\" href=\"http:\/\/vientosur.top\/museo\/programa-violeta-sin-fronteras-llevo-la-musica-tita-parra-greco-acuna-al-cmn-norte-del-sename\/\" \/>\n<meta property=\"og:locale\" content=\"es_ES\" \/>\n<meta property=\"og:type\" content=\"article\" \/>\n<meta property=\"og:title\" content=\"Programa \u201cVioleta sin fronteras\u201d llev\u00f3 la musica de Tita Parra y Greco Acu\u00f1a al CMN Norte del SENAME - Museo Violeta Parra\" \/>\n<meta property=\"og:description\" content=\"En el marco del programa \u00abVioleta sin fronteras\u00bb del Museo Violeta Parra, Tita Parra y Greco Acu\u00f1a visitaron el Centro Metropolitano Norte del Servicio Nacional de Menores, en compa\u00f1\u00eda de Cecilia Garc\u00eda-Huidobro, Directora del museo. La ma\u00f1ana del 22 de agosto los m\u00fasicos interpretaron canciones de Violeta Parra ante los residentes de todas las casas [&hellip;]\" \/>\n<meta property=\"og:url\" content=\"http:\/\/vientosur.top\/museo\/programa-violeta-sin-fronteras-llevo-la-musica-tita-parra-greco-acuna-al-cmn-norte-del-sename\/\" \/>\n<meta property=\"og:site_name\" content=\"Museo Violeta Parra\" \/>\n<meta property=\"article:published_time\" content=\"2018-08-22T20:56:15+00:00\" \/>\n<meta property=\"og:image\" content=\"http:\/\/vientosur.top\/museo\/wp-content\/uploads\/2018\/08\/DSC_1236-scaled.jpg\" \/>\n\t<meta property=\"og:image:width\" content=\"2560\" \/>\n\t<meta property=\"og:image:height\" content=\"1702\" \/>\n\t<meta property=\"og:image:type\" content=\"image\/jpeg\" \/>\n<meta name=\"author\" content=\"admin\" \/>\n<meta name=\"twitter:card\" content=\"summary_large_image\" \/>\n<meta name=\"twitter:label1\" content=\"Escrito por\" \/>\n\t<meta name=\"twitter:data1\" content=\"admin\" \/>\n\t<meta name=\"twitter:label2\" content=\"Tiempo de lectura\" \/>\n\t<meta name=\"twitter:data2\" content=\"1 minuto\" \/>\n<script type=\"application\/ld+json\" class=\"yoast-schema-graph\">{\"@context\":\"https:\/\/schema.org\",\"@graph\":[{\"@type\":\"WebPage\",\"@id\":\"http:\/\/vientosur.top\/museo\/programa-violeta-sin-fronteras-llevo-la-musica-tita-parra-greco-acuna-al-cmn-norte-del-sename\/\",\"url\":\"http:\/\/vientosur.top\/museo\/programa-violeta-sin-fronteras-llevo-la-musica-tita-parra-greco-acuna-al-cmn-norte-del-sename\/\",\"name\":\"Programa \u201cVioleta sin fronteras\u201d llev\u00f3 la musica de Tita Parra y Greco Acu\u00f1a al CMN Norte del SENAME - Museo Violeta Parra\",\"isPartOf\":{\"@id\":\"http:\/\/vientosur.top\/museo\/#website\"},\"primaryImageOfPage\":{\"@id\":\"http:\/\/vientosur.top\/museo\/programa-violeta-sin-fronteras-llevo-la-musica-tita-parra-greco-acuna-al-cmn-norte-del-sename\/#primaryimage\"},\"image\":{\"@id\":\"http:\/\/vientosur.top\/museo\/programa-violeta-sin-fronteras-llevo-la-musica-tita-parra-greco-acuna-al-cmn-norte-del-sename\/#primaryimage\"},\"thumbnailUrl\":\"http:\/\/vientosur.top\/museo\/wp-content\/uploads\/2018\/08\/DSC_1236-scaled.jpg\",\"datePublished\":\"2018-08-22T20:56:15+00:00\",\"author\":{\"@id\":\"http:\/\/vientosur.top\/museo\/#\/schema\/person\/20c79d3c38800971feec8c2693c3dd9c\"},\"breadcrumb\":{\"@id\":\"http:\/\/vientosur.top\/museo\/programa-violeta-sin-fronteras-llevo-la-musica-tita-parra-greco-acuna-al-cmn-norte-del-sename\/#breadcrumb\"},\"inLanguage\":\"es\",\"potentialAction\":[{\"@type\":\"ReadAction\",\"target\":[\"http:\/\/vientosur.top\/museo\/programa-violeta-sin-fronteras-llevo-la-musica-tita-parra-greco-acuna-al-cmn-norte-del-sename\/\"]}]},{\"@type\":\"ImageObject\",\"inLanguage\":\"es\",\"@id\":\"http:\/\/vientosur.top\/museo\/programa-violeta-sin-fronteras-llevo-la-musica-tita-parra-greco-acuna-al-cmn-norte-del-sename\/#primaryimage\",\"url\":\"http:\/\/vientosur.top\/museo\/wp-content\/uploads\/2018\/08\/DSC_1236-scaled.jpg\",\"contentUrl\":\"http:\/\/vientosur.top\/museo\/wp-content\/uploads\/2018\/08\/DSC_1236-scaled.jpg\",\"width\":2560,\"height\":1702},{\"@type\":\"BreadcrumbList\",\"@id\":\"http:\/\/vientosur.top\/museo\/programa-violeta-sin-fronteras-llevo-la-musica-tita-parra-greco-acuna-al-cmn-norte-del-sename\/#breadcrumb\",\"itemListElement\":[{\"@type\":\"ListItem\",\"position\":1,\"name\":\"Portada\",\"item\":\"http:\/\/vientosur.top\/museo\/\"},{\"@type\":\"ListItem\",\"position\":2,\"name\":\"Programa \u201cVioleta sin fronteras\u201d llev\u00f3 la musica de Tita Parra y Greco Acu\u00f1a al CMN Norte del SENAME\"}]},{\"@type\":\"WebSite\",\"@id\":\"http:\/\/vientosur.top\/museo\/#website\",\"url\":\"http:\/\/vientosur.top\/museo\/\",\"name\":\"Museo Violeta Parra\",\"description\":\"Espacio que alberga tanto la memoria y legado creativo de la artista\",\"potentialAction\":[{\"@type\":\"SearchAction\",\"target\":{\"@type\":\"EntryPoint\",\"urlTemplate\":\"http:\/\/vientosur.top\/museo\/?s={search_term_string}\"},\"query-input\":{\"@type\":\"PropertyValueSpecification\",\"valueRequired\":true,\"valueName\":\"search_term_string\"}}],\"inLanguage\":\"es\"},{\"@type\":\"Person\",\"@id\":\"http:\/\/vientosur.top\/museo\/#\/schema\/person\/20c79d3c38800971feec8c2693c3dd9c\",\"name\":\"admin\",\"image\":{\"@type\":\"ImageObject\",\"inLanguage\":\"es\",\"@id\":\"http:\/\/vientosur.top\/museo\/#\/schema\/person\/image\/\",\"url\":\"https:\/\/secure.gravatar.com\/avatar\/713677ece3ffa642287213a80e5b773bce9ab81c269dd6d95102a990951c922f?s=96&d=mm&r=g\",\"contentUrl\":\"https:\/\/secure.gravatar.com\/avatar\/713677ece3ffa642287213a80e5b773bce9ab81c269dd6d95102a990951c922f?s=96&d=mm&r=g\",\"caption\":\"admin\"},\"sameAs\":[\"http:\/\/vientosur.top\/museo\"],\"url\":\"http:\/\/vientosur.top\/museo\/author\/comunicacionesmvp\/\"}]}<\/script>\n<!-- \/ Yoast SEO plugin. -->","yoast_head_json":{"title":"Programa \u201cVioleta sin fronteras\u201d llev\u00f3 la musica de Tita Parra y Greco Acu\u00f1a al CMN Norte del SENAME - Museo Violeta Parra","robots":{"index":"index","follow":"follow","max-snippet":"max-snippet:-1","max-image-preview":"max-image-preview:large","max-video-preview":"max-video-preview:-1"},"canonical":"http:\/\/vientosur.top\/museo\/programa-violeta-sin-fronteras-llevo-la-musica-tita-parra-greco-acuna-al-cmn-norte-del-sename\/","og_locale":"es_ES","og_type":"article","og_title":"Programa \u201cVioleta sin fronteras\u201d llev\u00f3 la musica de Tita Parra y Greco Acu\u00f1a al CMN Norte del SENAME - Museo Violeta Parra","og_description":"En el marco del programa \u00abVioleta sin fronteras\u00bb del Museo Violeta Parra, Tita Parra y Greco Acu\u00f1a visitaron el Centro Metropolitano Norte del Servicio Nacional de Menores, en compa\u00f1\u00eda de Cecilia Garc\u00eda-Huidobro, Directora del museo. La ma\u00f1ana del 22 de agosto los m\u00fasicos interpretaron canciones de Violeta Parra ante los residentes de todas las casas [&hellip;]","og_url":"http:\/\/vientosur.top\/museo\/programa-violeta-sin-fronteras-llevo-la-musica-tita-parra-greco-acuna-al-cmn-norte-del-sename\/","og_site_name":"Museo Violeta Parra","article_published_time":"2018-08-22T20:56:15+00:00","og_image":[{"width":2560,"height":1702,"url":"http:\/\/vientosur.top\/museo\/wp-content\/uploads\/2018\/08\/DSC_1236-scaled.jpg","type":"image\/jpeg"}],"author":"admin","twitter_card":"summary_large_image","twitter_misc":{"Escrito por":"admin","Tiempo de lectura":"1 minuto"},"schema":{"@context":"https:\/\/schema.org","@graph":[{"@type":"WebPage","@id":"http:\/\/vientosur.top\/museo\/programa-violeta-sin-fronteras-llevo-la-musica-tita-parra-greco-acuna-al-cmn-norte-del-sename\/","url":"http:\/\/vientosur.top\/museo\/programa-violeta-sin-fronteras-llevo-la-musica-tita-parra-greco-acuna-al-cmn-norte-del-sename\/","name":"Programa \u201cVioleta sin fronteras\u201d llev\u00f3 la musica de Tita Parra y Greco Acu\u00f1a al CMN Norte del SENAME - Museo Violeta Parra","isPartOf":{"@id":"http:\/\/vientosur.top\/museo\/#website"},"primaryImageOfPage":{"@id":"http:\/\/vientosur.top\/museo\/programa-violeta-sin-fronteras-llevo-la-musica-tita-parra-greco-acuna-al-cmn-norte-del-sename\/#primaryimage"},"image":{"@id":"http:\/\/vientosur.top\/museo\/programa-violeta-sin-fronteras-llevo-la-musica-tita-parra-greco-acuna-al-cmn-norte-del-sename\/#primaryimage"},"thumbnailUrl":"http:\/\/vientosur.top\/museo\/wp-content\/uploads\/2018\/08\/DSC_1236-scaled.jpg","datePublished":"2018-08-22T20:56:15+00:00","author":{"@id":"http:\/\/vientosur.top\/museo\/#\/schema\/person\/20c79d3c38800971feec8c2693c3dd9c"},"breadcrumb":{"@id":"http:\/\/vientosur.top\/museo\/programa-violeta-sin-fronteras-llevo-la-musica-tita-parra-greco-acuna-al-cmn-norte-del-sename\/#breadcrumb"},"inLanguage":"es","potentialAction":[{"@type":"ReadAction","target":["http:\/\/vientosur.top\/museo\/programa-violeta-sin-fronteras-llevo-la-musica-tita-parra-greco-acuna-al-cmn-norte-del-sename\/"]}]},{"@type":"ImageObject","inLanguage":"es","@id":"http:\/\/vientosur.top\/museo\/programa-violeta-sin-fronteras-llevo-la-musica-tita-parra-greco-acuna-al-cmn-norte-del-sename\/#primaryimage","url":"http:\/\/vientosur.top\/museo\/wp-content\/uploads\/2018\/08\/DSC_1236-scaled.jpg","contentUrl":"http:\/\/vientosur.top\/museo\/wp-content\/uploads\/2018\/08\/DSC_1236-scaled.jpg","width":2560,"height":1702},{"@type":"BreadcrumbList","@id":"http:\/\/vientosur.top\/museo\/programa-violeta-sin-fronteras-llevo-la-musica-tita-parra-greco-acuna-al-cmn-norte-del-sename\/#breadcrumb","itemListElement":[{"@type":"ListItem","position":1,"name":"Portada","item":"http:\/\/vientosur.top\/museo\/"},{"@type":"ListItem","position":2,"name":"Programa \u201cVioleta sin fronteras\u201d llev\u00f3 la musica de Tita Parra y Greco Acu\u00f1a al CMN Norte del SENAME"}]},{"@type":"WebSite","@id":"http:\/\/vientosur.top\/museo\/#website","url":"http:\/\/vientosur.top\/museo\/","name":"Museo Violeta Parra","description":"Espacio que alberga tanto la memoria y legado creativo de la artista","potentialAction":[{"@type":"SearchAction","target":{"@type":"EntryPoint","urlTemplate":"http:\/\/vientosur.top\/museo\/?s={search_term_string}"},"query-input":{"@type":"PropertyValueSpecification","valueRequired":true,"valueName":"search_term_string"}}],"inLanguage":"es"},{"@type":"Person","@id":"http:\/\/vientosur.top\/museo\/#\/schema\/person\/20c79d3c38800971feec8c2693c3dd9c","name":"admin","image":{"@type":"ImageObject","inLanguage":"es","@id":"http:\/\/vientosur.top\/museo\/#\/schema\/person\/image\/","url":"https:\/\/secure.gravatar.com\/avatar\/713677ece3ffa642287213a80e5b773bce9ab81c269dd6d95102a990951c922f?s=96&d=mm&r=g","contentUrl":"https:\/\/secure.gravatar.com\/avatar\/713677ece3ffa642287213a80e5b773bce9ab81c269dd6d95102a990951c922f?s=96&d=mm&r=g","caption":"admin"},"sameAs":["http:\/\/vientosur.top\/museo"],"url":"http:\/\/vientosur.top\/museo\/author\/comunicacionesmvp\/"}]}},"_links":{"self":[{"href":"http:\/\/vientosur.top\/museo\/wp-json\/wp\/v2\/posts\/16066","targetHints":{"allow":["GET"]}}],"collection":[{"href":"http:\/\/vientosur.top\/museo\/wp-json\/wp\/v2\/posts"}],"about":[{"href":"http:\/\/vientosur.top\/museo\/wp-json\/wp\/v2\/types\/post"}],"author":[{"embeddable":true,"href":"http:\/\/vientosur.top\/museo\/wp-json\/wp\/v2\/users\/5"}],"replies":[{"embeddable":true,"href":"http:\/\/vientosur.top\/museo\/wp-json\/wp\/v2\/comments?post=16066"}],"version-history":[{"count":0,"href":"http:\/\/vientosur.top\/museo\/wp-json\/wp\/v2\/posts\/16066\/revisions"}],"wp:featuredmedia":[{"embeddable":true,"href":"http:\/\/vientosur.top\/museo\/wp-json\/wp\/v2\/media\/16067"}],"wp:attachment":[{"href":"http:\/\/vientosur.top\/museo\/wp-json\/wp\/v2\/media?parent=16066"}],"wp:term":[{"taxonomy":"category","embeddable":true,"href":"http:\/\/vientosur.top\/museo\/wp-json\/wp\/v2\/categories?post=16066"},{"taxonomy":"post_tag","embeddable":true,"href":"http:\/\/vientosur.top\/museo\/wp-json\/wp\/v2\/tags?post=16066"}],"curies":[{"name":"wp","href":"https:\/\/api.w.org\/{rel}","templated":true}]}}