{"id":16077,"date":"2018-08-24T07:45:39","date_gmt":"2018-08-24T12:45:39","guid":{"rendered":"http:\/\/vientosur.top\/museo\/?p=16077"},"modified":"2018-08-24T07:45:39","modified_gmt":"2018-08-24T12:45:39","slug":"museo-violeta-parra-exhibira-violeta-mas-viva-nunca-la-once-este-domingo","status":"publish","type":"post","link":"http:\/\/vientosur.top\/museo\/museo-violeta-parra-exhibira-violeta-mas-viva-nunca-la-once-este-domingo\/","title":{"rendered":"Museo Violeta Parra exhibi\u00f3 \u00abVioleta m\u00e1s viva que nunca\u00bb y \u00abLa once\u00bb"},"content":{"rendered":"<p><em>El domingo 26 de agosto se exhibieron los documentales \u201cLa Once\u201d, de Maite Alberdi y \u201cVioleta m\u00e1s viva que nunca\u201d, de \u00c1ngel Parra y Daniel Sandoval. Este \u00faltimo dialog\u00f3 con el p\u00fablico despu\u00e9s de la proyecci\u00f3n.<br \/>\n<\/em><br \/>\nLos documentales en el Museo Violeta Parra se han convertido en uno de los panoramas favoritos de los y las visitantes de este espacio cultural. Cada mes, la cartelera suma nuevos t\u00edtulos que dan cuenta del fruct\u00edfero trabajo de realizadores y realizadoras locales.<\/p>\n<p><iframe src=\"https:\/\/www.youtube.com\/embed\/8hRF6YezTYY\" width=\"560\" height=\"315\" frameborder=\"0\" allowfullscreen=\"allowfullscreen\"><\/iframe><\/p>\n<p><strong>De Francia a Chile<\/strong><\/p>\n<p>El primer trabajo que se exhibi\u00f3 el domingo 26 fue el documental \u201cVioleta m\u00e1s viva que nunca\u201d, de \u00c1ngel Parra y Daniel Sandoval. Fue en 2006 cuando se comenz\u00f3 a gestar este proyecto que indaga en los aspectos m\u00e1s \u00edntimos de la creadora a trav\u00e9s de conversaciones que \u00c1ngel Parra sostuvo con: Gonzalo Rojas, Gast\u00f3n Soublette, Alejandro Jodorowsky, Michele Saffar, Eduardo \u201cLalo\u201d Parra, Carmen Luisa Cereceda Parra y Paco Ib\u00e1\u00f1ez.<\/p>\n<p>Tras la partida de \u00c1ngel Parra, el 11 de marzo de 2017, el film surge como un doble homenaje: por un lado hace un repaso por la vida, obra y grandes pasiones de Violeta y tambi\u00e9n da cuenta sobre c\u00f3mo su familia se ha mantenido firme en la tarea de conservar y difundir su obra.<\/p>\n<p>Despu\u00e9s de la proyecci\u00f3n, programada para las 12:00 horas en la Sala Antar, Daniel Sandoval\u00a0\u2014audiovisualista chileno residente en Francia\u2014\u00a0tuvo una conversaci\u00f3n con el p\u00fablico en donde entreg\u00f3 detalles del proceso de creaci\u00f3n del documental.<\/p>\n<p>La jornada audiovisual sigui\u00f3 a las 16:00 horas con la exhibici\u00f3n del aplaudido documental \u201cLa\u00a0once\u201d, de Maite Alberdi.\u00a0El filme, alabado por la cr\u00edtica y distinguido en diversos cert\u00e1menes como los de\u00a0Miami,\u00a0Guadalajara,\u00a0Cartagena de Indias\u00a0y\u00a0Santiago, lleg\u00f3 al Museo Violeta Parra en el marco del Ciclo Chiledoc.<\/p>\n<p>Con humor y gracia, la directora chilena retrata a un grupo de mujeres que desde que salieron del colegio se juntan sagradamente. Los a\u00f1os han pasado, el mundo ha cambiado, han envejecido, pero su esp\u00edritu y amistad se mantienen inquebrantables.<\/p>\n<p>As\u00ed, el filme presenta los lazos entre\u00a0Mar\u00eda Teresa Mu\u00f1oz, Ximena Calder\u00f3n, Alicia P\u00e9rez, Ang\u00e9lica Charpentier, Gema Droguett, In\u00e9s Krisch, Nina Chiccarelli, Juanita V\u00e1squez\u00a0y\u00a0Manuela Rodr\u00edguez.<\/p>\n<p>Las dos funciones fueron con entrada liberada en la Sala Antar del museo, ubicado en\u00a0<a href=\"https:\/\/maps.google.com\/?q=Vicu%C3%B1a+Mackenna+37&amp;entry=gmail&amp;source=g\" data-saferedirecturl=\"https:\/\/www.google.com\/url?hl=es&amp;q=https:\/\/maps.google.com\/?q%3DVicu%25C3%25B1a%2BMackenna%2B37%26entry%3Dgmail%26source%3Dg&amp;source=gmail&amp;ust=1535200961364000&amp;usg=AFQjCNH-kq7WqhunlOJGsH4oQFeYhmpGig\">Vicu\u00f1a Mackenna 37<\/a>, metro Baquedano.<\/p>\n<p>Documentales en el Museo Violeta Parra<br \/>\nDomingo 26 de agosto \/ Sala Antar<br \/>\n<strong>12:00 horas: \u201cVioleta m\u00e1s viva que nunca\u201d + Encuentro con el realizador Daniel Sandov<\/strong>al<br \/>\n<strong>16:00 horas: \u201cLa once\u201d, dirigido por Maite Alberdi<\/strong><strong><br \/>\n<\/strong><\/p>\n","protected":false},"excerpt":{"rendered":"<p>El domingo 26 de agosto se exhibieron los documentales \u201cLa Once\u201d, de Maite Alberdi y \u201cVioleta m\u00e1s viva que nunca\u201d, de \u00c1ngel Parra y Daniel Sandoval. Este \u00faltimo dialog\u00f3 con el p\u00fablico despu\u00e9s de la proyecci\u00f3n. Los documentales en el Museo Violeta Parra se han convertido en uno de los panoramas favoritos de los y [&hellip;]<\/p>\n","protected":false},"author":5,"featured_media":16079,"comment_status":"open","ping_status":"open","sticky":false,"template":"","format":"standard","meta":{"site-sidebar-layout":"default","site-content-layout":"","ast-site-content-layout":"default","site-content-style":"default","site-sidebar-style":"default","ast-global-header-display":"","ast-banner-title-visibility":"","ast-main-header-display":"","ast-hfb-above-header-display":"","ast-hfb-below-header-display":"","ast-hfb-mobile-header-display":"","site-post-title":"","ast-breadcrumbs-content":"","ast-featured-img":"","footer-sml-layout":"","theme-transparent-header-meta":"","adv-header-id-meta":"","stick-header-meta":"","header-above-stick-meta":"","header-main-stick-meta":"","header-below-stick-meta":"","astra-migrate-meta-layouts":"default","ast-page-background-enabled":"default","ast-page-background-meta":{"desktop":{"background-color":"var(--ast-global-color-4)","background-image":"","background-repeat":"repeat","background-position":"center center","background-size":"auto","background-attachment":"scroll","background-type":"","background-media":"","overlay-type":"","overlay-color":"","overlay-opacity":"","overlay-gradient":""},"tablet":{"background-color":"","background-image":"","background-repeat":"repeat","background-position":"center center","background-size":"auto","background-attachment":"scroll","background-type":"","background-media":"","overlay-type":"","overlay-color":"","overlay-opacity":"","overlay-gradient":""},"mobile":{"background-color":"","background-image":"","background-repeat":"repeat","background-position":"center center","background-size":"auto","background-attachment":"scroll","background-type":"","background-media":"","overlay-type":"","overlay-color":"","overlay-opacity":"","overlay-gradient":""}},"ast-content-background-meta":{"desktop":{"background-color":"var(--ast-global-color-5)","background-image":"","background-repeat":"repeat","background-position":"center center","background-size":"auto","background-attachment":"scroll","background-type":"","background-media":"","overlay-type":"","overlay-color":"","overlay-opacity":"","overlay-gradient":""},"tablet":{"background-color":"var(--ast-global-color-5)","background-image":"","background-repeat":"repeat","background-position":"center center","background-size":"auto","background-attachment":"scroll","background-type":"","background-media":"","overlay-type":"","overlay-color":"","overlay-opacity":"","overlay-gradient":""},"mobile":{"background-color":"var(--ast-global-color-5)","background-image":"","background-repeat":"repeat","background-position":"center center","background-size":"auto","background-attachment":"scroll","background-type":"","background-media":"","overlay-type":"","overlay-color":"","overlay-opacity":"","overlay-gradient":""}},"footnotes":""},"categories":[59,8,61],"tags":[],"class_list":["post-16077","post","type-post","status-publish","format-standard","has-post-thumbnail","hentry","category-destacado-noticia","category-noticias","category-novedades"],"yoast_head":"<!-- This site is optimized with the Yoast SEO plugin v25.4 - https:\/\/yoast.com\/wordpress\/plugins\/seo\/ -->\n<title>Museo Violeta Parra exhibi\u00f3 &quot;Violeta m\u00e1s viva que nunca&quot; y &quot;La once&quot; - Museo Violeta Parra<\/title>\n<meta name=\"robots\" content=\"index, follow, max-snippet:-1, max-image-preview:large, max-video-preview:-1\" \/>\n<link rel=\"canonical\" href=\"http:\/\/vientosur.top\/museo\/museo-violeta-parra-exhibira-violeta-mas-viva-nunca-la-once-este-domingo\/\" \/>\n<meta property=\"og:locale\" content=\"es_ES\" \/>\n<meta property=\"og:type\" content=\"article\" \/>\n<meta property=\"og:title\" content=\"Museo Violeta Parra exhibi\u00f3 &quot;Violeta m\u00e1s viva que nunca&quot; y &quot;La once&quot; - Museo Violeta Parra\" \/>\n<meta property=\"og:description\" content=\"El domingo 26 de agosto se exhibieron los documentales \u201cLa Once\u201d, de Maite Alberdi y \u201cVioleta m\u00e1s viva que nunca\u201d, de \u00c1ngel Parra y Daniel Sandoval. Este \u00faltimo dialog\u00f3 con el p\u00fablico despu\u00e9s de la proyecci\u00f3n. Los documentales en el Museo Violeta Parra se han convertido en uno de los panoramas favoritos de los y [&hellip;]\" \/>\n<meta property=\"og:url\" content=\"http:\/\/vientosur.top\/museo\/museo-violeta-parra-exhibira-violeta-mas-viva-nunca-la-once-este-domingo\/\" \/>\n<meta property=\"og:site_name\" content=\"Museo Violeta Parra\" \/>\n<meta property=\"article:published_time\" content=\"2018-08-24T12:45:39+00:00\" \/>\n<meta property=\"og:image\" content=\"http:\/\/vientosur.top\/museo\/wp-content\/uploads\/2018\/08\/LAONCE1.jpg\" \/>\n\t<meta property=\"og:image:width\" content=\"2000\" \/>\n\t<meta property=\"og:image:height\" content=\"1145\" \/>\n\t<meta property=\"og:image:type\" content=\"image\/jpeg\" \/>\n<meta name=\"author\" content=\"admin\" \/>\n<meta name=\"twitter:card\" content=\"summary_large_image\" \/>\n<meta name=\"twitter:label1\" content=\"Escrito por\" \/>\n\t<meta name=\"twitter:data1\" content=\"admin\" \/>\n\t<meta name=\"twitter:label2\" content=\"Tiempo de lectura\" \/>\n\t<meta name=\"twitter:data2\" content=\"2 minutos\" \/>\n<script type=\"application\/ld+json\" class=\"yoast-schema-graph\">{\"@context\":\"https:\/\/schema.org\",\"@graph\":[{\"@type\":\"WebPage\",\"@id\":\"http:\/\/vientosur.top\/museo\/museo-violeta-parra-exhibira-violeta-mas-viva-nunca-la-once-este-domingo\/\",\"url\":\"http:\/\/vientosur.top\/museo\/museo-violeta-parra-exhibira-violeta-mas-viva-nunca-la-once-este-domingo\/\",\"name\":\"Museo Violeta Parra exhibi\u00f3 \\\"Violeta m\u00e1s viva que nunca\\\" y \\\"La once\\\" - Museo Violeta Parra\",\"isPartOf\":{\"@id\":\"http:\/\/vientosur.top\/museo\/#website\"},\"primaryImageOfPage\":{\"@id\":\"http:\/\/vientosur.top\/museo\/museo-violeta-parra-exhibira-violeta-mas-viva-nunca-la-once-este-domingo\/#primaryimage\"},\"image\":{\"@id\":\"http:\/\/vientosur.top\/museo\/museo-violeta-parra-exhibira-violeta-mas-viva-nunca-la-once-este-domingo\/#primaryimage\"},\"thumbnailUrl\":\"http:\/\/vientosur.top\/museo\/wp-content\/uploads\/2018\/08\/LAONCE1.jpg\",\"datePublished\":\"2018-08-24T12:45:39+00:00\",\"author\":{\"@id\":\"http:\/\/vientosur.top\/museo\/#\/schema\/person\/20c79d3c38800971feec8c2693c3dd9c\"},\"breadcrumb\":{\"@id\":\"http:\/\/vientosur.top\/museo\/museo-violeta-parra-exhibira-violeta-mas-viva-nunca-la-once-este-domingo\/#breadcrumb\"},\"inLanguage\":\"es\",\"potentialAction\":[{\"@type\":\"ReadAction\",\"target\":[\"http:\/\/vientosur.top\/museo\/museo-violeta-parra-exhibira-violeta-mas-viva-nunca-la-once-este-domingo\/\"]}]},{\"@type\":\"ImageObject\",\"inLanguage\":\"es\",\"@id\":\"http:\/\/vientosur.top\/museo\/museo-violeta-parra-exhibira-violeta-mas-viva-nunca-la-once-este-domingo\/#primaryimage\",\"url\":\"http:\/\/vientosur.top\/museo\/wp-content\/uploads\/2018\/08\/LAONCE1.jpg\",\"contentUrl\":\"http:\/\/vientosur.top\/museo\/wp-content\/uploads\/2018\/08\/LAONCE1.jpg\",\"width\":2000,\"height\":1145},{\"@type\":\"BreadcrumbList\",\"@id\":\"http:\/\/vientosur.top\/museo\/museo-violeta-parra-exhibira-violeta-mas-viva-nunca-la-once-este-domingo\/#breadcrumb\",\"itemListElement\":[{\"@type\":\"ListItem\",\"position\":1,\"name\":\"Portada\",\"item\":\"http:\/\/vientosur.top\/museo\/\"},{\"@type\":\"ListItem\",\"position\":2,\"name\":\"Museo Violeta Parra exhibi\u00f3 \u00abVioleta m\u00e1s viva que nunca\u00bb y \u00abLa once\u00bb\"}]},{\"@type\":\"WebSite\",\"@id\":\"http:\/\/vientosur.top\/museo\/#website\",\"url\":\"http:\/\/vientosur.top\/museo\/\",\"name\":\"Museo Violeta Parra\",\"description\":\"Espacio que alberga tanto la memoria y legado creativo de la artista\",\"potentialAction\":[{\"@type\":\"SearchAction\",\"target\":{\"@type\":\"EntryPoint\",\"urlTemplate\":\"http:\/\/vientosur.top\/museo\/?s={search_term_string}\"},\"query-input\":{\"@type\":\"PropertyValueSpecification\",\"valueRequired\":true,\"valueName\":\"search_term_string\"}}],\"inLanguage\":\"es\"},{\"@type\":\"Person\",\"@id\":\"http:\/\/vientosur.top\/museo\/#\/schema\/person\/20c79d3c38800971feec8c2693c3dd9c\",\"name\":\"admin\",\"image\":{\"@type\":\"ImageObject\",\"inLanguage\":\"es\",\"@id\":\"http:\/\/vientosur.top\/museo\/#\/schema\/person\/image\/\",\"url\":\"https:\/\/secure.gravatar.com\/avatar\/713677ece3ffa642287213a80e5b773bce9ab81c269dd6d95102a990951c922f?s=96&d=mm&r=g\",\"contentUrl\":\"https:\/\/secure.gravatar.com\/avatar\/713677ece3ffa642287213a80e5b773bce9ab81c269dd6d95102a990951c922f?s=96&d=mm&r=g\",\"caption\":\"admin\"},\"sameAs\":[\"http:\/\/vientosur.top\/museo\"],\"url\":\"http:\/\/vientosur.top\/museo\/author\/comunicacionesmvp\/\"}]}<\/script>\n<!-- \/ Yoast SEO plugin. -->","yoast_head_json":{"title":"Museo Violeta Parra exhibi\u00f3 \"Violeta m\u00e1s viva que nunca\" y \"La once\" - Museo Violeta Parra","robots":{"index":"index","follow":"follow","max-snippet":"max-snippet:-1","max-image-preview":"max-image-preview:large","max-video-preview":"max-video-preview:-1"},"canonical":"http:\/\/vientosur.top\/museo\/museo-violeta-parra-exhibira-violeta-mas-viva-nunca-la-once-este-domingo\/","og_locale":"es_ES","og_type":"article","og_title":"Museo Violeta Parra exhibi\u00f3 \"Violeta m\u00e1s viva que nunca\" y \"La once\" - Museo Violeta Parra","og_description":"El domingo 26 de agosto se exhibieron los documentales \u201cLa Once\u201d, de Maite Alberdi y \u201cVioleta m\u00e1s viva que nunca\u201d, de \u00c1ngel Parra y Daniel Sandoval. Este \u00faltimo dialog\u00f3 con el p\u00fablico despu\u00e9s de la proyecci\u00f3n. Los documentales en el Museo Violeta Parra se han convertido en uno de los panoramas favoritos de los y [&hellip;]","og_url":"http:\/\/vientosur.top\/museo\/museo-violeta-parra-exhibira-violeta-mas-viva-nunca-la-once-este-domingo\/","og_site_name":"Museo Violeta Parra","article_published_time":"2018-08-24T12:45:39+00:00","og_image":[{"width":2000,"height":1145,"url":"http:\/\/vientosur.top\/museo\/wp-content\/uploads\/2018\/08\/LAONCE1.jpg","type":"image\/jpeg"}],"author":"admin","twitter_card":"summary_large_image","twitter_misc":{"Escrito por":"admin","Tiempo de lectura":"2 minutos"},"schema":{"@context":"https:\/\/schema.org","@graph":[{"@type":"WebPage","@id":"http:\/\/vientosur.top\/museo\/museo-violeta-parra-exhibira-violeta-mas-viva-nunca-la-once-este-domingo\/","url":"http:\/\/vientosur.top\/museo\/museo-violeta-parra-exhibira-violeta-mas-viva-nunca-la-once-este-domingo\/","name":"Museo Violeta Parra exhibi\u00f3 \"Violeta m\u00e1s viva que nunca\" y \"La once\" - Museo Violeta Parra","isPartOf":{"@id":"http:\/\/vientosur.top\/museo\/#website"},"primaryImageOfPage":{"@id":"http:\/\/vientosur.top\/museo\/museo-violeta-parra-exhibira-violeta-mas-viva-nunca-la-once-este-domingo\/#primaryimage"},"image":{"@id":"http:\/\/vientosur.top\/museo\/museo-violeta-parra-exhibira-violeta-mas-viva-nunca-la-once-este-domingo\/#primaryimage"},"thumbnailUrl":"http:\/\/vientosur.top\/museo\/wp-content\/uploads\/2018\/08\/LAONCE1.jpg","datePublished":"2018-08-24T12:45:39+00:00","author":{"@id":"http:\/\/vientosur.top\/museo\/#\/schema\/person\/20c79d3c38800971feec8c2693c3dd9c"},"breadcrumb":{"@id":"http:\/\/vientosur.top\/museo\/museo-violeta-parra-exhibira-violeta-mas-viva-nunca-la-once-este-domingo\/#breadcrumb"},"inLanguage":"es","potentialAction":[{"@type":"ReadAction","target":["http:\/\/vientosur.top\/museo\/museo-violeta-parra-exhibira-violeta-mas-viva-nunca-la-once-este-domingo\/"]}]},{"@type":"ImageObject","inLanguage":"es","@id":"http:\/\/vientosur.top\/museo\/museo-violeta-parra-exhibira-violeta-mas-viva-nunca-la-once-este-domingo\/#primaryimage","url":"http:\/\/vientosur.top\/museo\/wp-content\/uploads\/2018\/08\/LAONCE1.jpg","contentUrl":"http:\/\/vientosur.top\/museo\/wp-content\/uploads\/2018\/08\/LAONCE1.jpg","width":2000,"height":1145},{"@type":"BreadcrumbList","@id":"http:\/\/vientosur.top\/museo\/museo-violeta-parra-exhibira-violeta-mas-viva-nunca-la-once-este-domingo\/#breadcrumb","itemListElement":[{"@type":"ListItem","position":1,"name":"Portada","item":"http:\/\/vientosur.top\/museo\/"},{"@type":"ListItem","position":2,"name":"Museo Violeta Parra exhibi\u00f3 \u00abVioleta m\u00e1s viva que nunca\u00bb y \u00abLa once\u00bb"}]},{"@type":"WebSite","@id":"http:\/\/vientosur.top\/museo\/#website","url":"http:\/\/vientosur.top\/museo\/","name":"Museo Violeta Parra","description":"Espacio que alberga tanto la memoria y legado creativo de la artista","potentialAction":[{"@type":"SearchAction","target":{"@type":"EntryPoint","urlTemplate":"http:\/\/vientosur.top\/museo\/?s={search_term_string}"},"query-input":{"@type":"PropertyValueSpecification","valueRequired":true,"valueName":"search_term_string"}}],"inLanguage":"es"},{"@type":"Person","@id":"http:\/\/vientosur.top\/museo\/#\/schema\/person\/20c79d3c38800971feec8c2693c3dd9c","name":"admin","image":{"@type":"ImageObject","inLanguage":"es","@id":"http:\/\/vientosur.top\/museo\/#\/schema\/person\/image\/","url":"https:\/\/secure.gravatar.com\/avatar\/713677ece3ffa642287213a80e5b773bce9ab81c269dd6d95102a990951c922f?s=96&d=mm&r=g","contentUrl":"https:\/\/secure.gravatar.com\/avatar\/713677ece3ffa642287213a80e5b773bce9ab81c269dd6d95102a990951c922f?s=96&d=mm&r=g","caption":"admin"},"sameAs":["http:\/\/vientosur.top\/museo"],"url":"http:\/\/vientosur.top\/museo\/author\/comunicacionesmvp\/"}]}},"_links":{"self":[{"href":"http:\/\/vientosur.top\/museo\/wp-json\/wp\/v2\/posts\/16077","targetHints":{"allow":["GET"]}}],"collection":[{"href":"http:\/\/vientosur.top\/museo\/wp-json\/wp\/v2\/posts"}],"about":[{"href":"http:\/\/vientosur.top\/museo\/wp-json\/wp\/v2\/types\/post"}],"author":[{"embeddable":true,"href":"http:\/\/vientosur.top\/museo\/wp-json\/wp\/v2\/users\/5"}],"replies":[{"embeddable":true,"href":"http:\/\/vientosur.top\/museo\/wp-json\/wp\/v2\/comments?post=16077"}],"version-history":[{"count":0,"href":"http:\/\/vientosur.top\/museo\/wp-json\/wp\/v2\/posts\/16077\/revisions"}],"wp:featuredmedia":[{"embeddable":true,"href":"http:\/\/vientosur.top\/museo\/wp-json\/wp\/v2\/media\/16079"}],"wp:attachment":[{"href":"http:\/\/vientosur.top\/museo\/wp-json\/wp\/v2\/media?parent=16077"}],"wp:term":[{"taxonomy":"category","embeddable":true,"href":"http:\/\/vientosur.top\/museo\/wp-json\/wp\/v2\/categories?post=16077"},{"taxonomy":"post_tag","embeddable":true,"href":"http:\/\/vientosur.top\/museo\/wp-json\/wp\/v2\/tags?post=16077"}],"curies":[{"name":"wp","href":"https:\/\/api.w.org\/{rel}","templated":true}]}}