{"id":16086,"date":"2018-08-24T13:12:03","date_gmt":"2018-08-24T18:12:03","guid":{"rendered":"http:\/\/vientosur.top\/museo\/?p=16086"},"modified":"2018-08-24T13:12:03","modified_gmt":"2018-08-24T18:12:03","slug":"escuela-artistica-argentina-cambia-nombre-honor-violeta-parra","status":"publish","type":"post","link":"http:\/\/vientosur.top\/museo\/escuela-artistica-argentina-cambia-nombre-honor-violeta-parra\/","title":{"rendered":"Escuela Art\u00edstica de Argentina cambia su nombre en honor a Violeta Parra"},"content":{"rendered":"<p>El 4 de octubre, d\u00eda del natalicio de la artista, se oficializar\u00e1 el nuevo nombre del establecimiento de educaci\u00f3n art\u00edstica, que fue elegido por votaci\u00f3n de la comunidad de San Mart\u00edn, en la Provincia de Buenos Aires.<\/p>\n<p>El legado art\u00edstico de Violeta Parra no tiene fronteras. La artista sigue inspirando a generaciones de creadores de todas las edades, quienes sin importar el lugar donde nacieron, ven en su multifac\u00e9tico trabajo el reflejo de todo un continente.<\/p>\n<p>Es por eso que la Escuela de Educaci\u00f3n Est\u00e9tica\u00a0\u00a0N\u00b01\u00a0\u00a0de San Mart\u00edn, en la Provincia de Buenos Aires, decidi\u00f3 cambiar su nombre a Escuela de Educaci\u00f3n Est\u00e9tica Violeta Parra. La elecci\u00f3n del nombre fue fruto de una votaci\u00f3n que cont\u00f3 con participaci\u00f3n de la comunidad y fue evaluado y aprobado por la Direcci\u00f3n Provincial de Educaci\u00f3n Art\u00edstica, la inspecci\u00f3n de \u00e1rea y el Consejo Escolar del distrito, en Argentina.<\/p>\n<p>\u201cEstamos muy felices de que una instituci\u00f3n p\u00fablica\u00a0\u00a0lleve el nombre de una artista mujer, latinoamericana, multifac\u00e9tica y que por sobre todo ha sabido ser la voz de su pueblo a lo ancho del mundo\u201d, explica Carolina Ferrari, Directora de la Escuela.<\/p>\n<p>El establecimiento, una escuela\u00a0de gesti\u00f3n estatal\u00a0ubicada en la provincia de Buenos Aires, lleva tres a\u00f1os funcionando. En sus dependencias se dictan talleres gratuitos de m\u00fasica, teatro, artes pl\u00e1sticas y\u00a0literatura para ni\u00f1os y ni\u00f1as desde los 5 hasta los 18 a\u00f1os de edad.<\/p>\n<p>El nombramiento se formalizar\u00e1 en una ceremonia el pr\u00f3ximo 4 de octubre, d\u00eda en que el mundo celebrar\u00e1 el natalicio n\u00famero 101 de la artista.<\/p>\n<p>&nbsp;<\/p>\n<p><a href=\"http:\/\/vientosur.top\/museo\/wp-content\/uploads\/2018\/08\/cartaargentina.jpg\"><img fetchpriority=\"high\" decoding=\"async\" class=\"alignnone size-large wp-image-16088\" src=\"http:\/\/vientosur.top\/museo\/wp-content\/uploads\/2018\/08\/cartaargentina-722x1024.jpg\" alt=\"\" width=\"722\" height=\"1024\" \/><\/a><\/p>\n","protected":false},"excerpt":{"rendered":"<p>El 4 de octubre, d\u00eda del natalicio de la artista, se oficializar\u00e1 el nuevo nombre del establecimiento de educaci\u00f3n art\u00edstica, que fue elegido por votaci\u00f3n de la comunidad de San Mart\u00edn, en la Provincia de Buenos Aires. El legado art\u00edstico de Violeta Parra no tiene fronteras. La artista sigue inspirando a generaciones de creadores de [&hellip;]<\/p>\n","protected":false},"author":5,"featured_media":16087,"comment_status":"open","ping_status":"open","sticky":false,"template":"","format":"standard","meta":{"site-sidebar-layout":"default","site-content-layout":"","ast-site-content-layout":"default","site-content-style":"default","site-sidebar-style":"default","ast-global-header-display":"","ast-banner-title-visibility":"","ast-main-header-display":"","ast-hfb-above-header-display":"","ast-hfb-below-header-display":"","ast-hfb-mobile-header-display":"","site-post-title":"","ast-breadcrumbs-content":"","ast-featured-img":"","footer-sml-layout":"","theme-transparent-header-meta":"","adv-header-id-meta":"","stick-header-meta":"","header-above-stick-meta":"","header-main-stick-meta":"","header-below-stick-meta":"","astra-migrate-meta-layouts":"default","ast-page-background-enabled":"default","ast-page-background-meta":{"desktop":{"background-color":"var(--ast-global-color-4)","background-image":"","background-repeat":"repeat","background-position":"center center","background-size":"auto","background-attachment":"scroll","background-type":"","background-media":"","overlay-type":"","overlay-color":"","overlay-opacity":"","overlay-gradient":""},"tablet":{"background-color":"","background-image":"","background-repeat":"repeat","background-position":"center center","background-size":"auto","background-attachment":"scroll","background-type":"","background-media":"","overlay-type":"","overlay-color":"","overlay-opacity":"","overlay-gradient":""},"mobile":{"background-color":"","background-image":"","background-repeat":"repeat","background-position":"center center","background-size":"auto","background-attachment":"scroll","background-type":"","background-media":"","overlay-type":"","overlay-color":"","overlay-opacity":"","overlay-gradient":""}},"ast-content-background-meta":{"desktop":{"background-color":"var(--ast-global-color-5)","background-image":"","background-repeat":"repeat","background-position":"center center","background-size":"auto","background-attachment":"scroll","background-type":"","background-media":"","overlay-type":"","overlay-color":"","overlay-opacity":"","overlay-gradient":""},"tablet":{"background-color":"var(--ast-global-color-5)","background-image":"","background-repeat":"repeat","background-position":"center center","background-size":"auto","background-attachment":"scroll","background-type":"","background-media":"","overlay-type":"","overlay-color":"","overlay-opacity":"","overlay-gradient":""},"mobile":{"background-color":"var(--ast-global-color-5)","background-image":"","background-repeat":"repeat","background-position":"center center","background-size":"auto","background-attachment":"scroll","background-type":"","background-media":"","overlay-type":"","overlay-color":"","overlay-opacity":"","overlay-gradient":""}},"footnotes":""},"categories":[59,8,61],"tags":[],"class_list":["post-16086","post","type-post","status-publish","format-standard","has-post-thumbnail","hentry","category-destacado-noticia","category-noticias","category-novedades"],"yoast_head":"<!-- This site is optimized with the Yoast SEO plugin v25.4 - https:\/\/yoast.com\/wordpress\/plugins\/seo\/ -->\n<title>Escuela Art\u00edstica de Argentina cambia su nombre en honor a Violeta Parra - Museo Violeta Parra<\/title>\n<meta name=\"robots\" content=\"index, follow, max-snippet:-1, max-image-preview:large, max-video-preview:-1\" \/>\n<link rel=\"canonical\" href=\"http:\/\/vientosur.top\/museo\/escuela-artistica-argentina-cambia-nombre-honor-violeta-parra\/\" \/>\n<meta property=\"og:locale\" content=\"es_ES\" \/>\n<meta property=\"og:type\" content=\"article\" \/>\n<meta property=\"og:title\" content=\"Escuela Art\u00edstica de Argentina cambia su nombre en honor a Violeta Parra - Museo Violeta Parra\" \/>\n<meta property=\"og:description\" content=\"El 4 de octubre, d\u00eda del natalicio de la artista, se oficializar\u00e1 el nuevo nombre del establecimiento de educaci\u00f3n art\u00edstica, que fue elegido por votaci\u00f3n de la comunidad de San Mart\u00edn, en la Provincia de Buenos Aires. El legado art\u00edstico de Violeta Parra no tiene fronteras. La artista sigue inspirando a generaciones de creadores de [&hellip;]\" \/>\n<meta property=\"og:url\" content=\"http:\/\/vientosur.top\/museo\/escuela-artistica-argentina-cambia-nombre-honor-violeta-parra\/\" \/>\n<meta property=\"og:site_name\" content=\"Museo Violeta Parra\" \/>\n<meta property=\"article:published_time\" content=\"2018-08-24T18:12:03+00:00\" \/>\n<meta property=\"og:image\" content=\"http:\/\/vientosur.top\/museo\/wp-content\/uploads\/2018\/08\/escuela-artistica-2.jpg\" \/>\n\t<meta property=\"og:image:width\" content=\"1280\" \/>\n\t<meta property=\"og:image:height\" content=\"768\" \/>\n\t<meta property=\"og:image:type\" content=\"image\/jpeg\" \/>\n<meta name=\"author\" content=\"admin\" \/>\n<meta name=\"twitter:card\" content=\"summary_large_image\" \/>\n<meta name=\"twitter:label1\" content=\"Escrito por\" \/>\n\t<meta name=\"twitter:data1\" content=\"admin\" \/>\n\t<meta name=\"twitter:label2\" content=\"Tiempo de lectura\" \/>\n\t<meta name=\"twitter:data2\" content=\"1 minuto\" \/>\n<script type=\"application\/ld+json\" class=\"yoast-schema-graph\">{\"@context\":\"https:\/\/schema.org\",\"@graph\":[{\"@type\":\"WebPage\",\"@id\":\"http:\/\/vientosur.top\/museo\/escuela-artistica-argentina-cambia-nombre-honor-violeta-parra\/\",\"url\":\"http:\/\/vientosur.top\/museo\/escuela-artistica-argentina-cambia-nombre-honor-violeta-parra\/\",\"name\":\"Escuela Art\u00edstica de Argentina cambia su nombre en honor a Violeta Parra - Museo Violeta Parra\",\"isPartOf\":{\"@id\":\"http:\/\/vientosur.top\/museo\/#website\"},\"primaryImageOfPage\":{\"@id\":\"http:\/\/vientosur.top\/museo\/escuela-artistica-argentina-cambia-nombre-honor-violeta-parra\/#primaryimage\"},\"image\":{\"@id\":\"http:\/\/vientosur.top\/museo\/escuela-artistica-argentina-cambia-nombre-honor-violeta-parra\/#primaryimage\"},\"thumbnailUrl\":\"http:\/\/vientosur.top\/museo\/wp-content\/uploads\/2018\/08\/escuela-artistica-2.jpg\",\"datePublished\":\"2018-08-24T18:12:03+00:00\",\"author\":{\"@id\":\"http:\/\/vientosur.top\/museo\/#\/schema\/person\/20c79d3c38800971feec8c2693c3dd9c\"},\"breadcrumb\":{\"@id\":\"http:\/\/vientosur.top\/museo\/escuela-artistica-argentina-cambia-nombre-honor-violeta-parra\/#breadcrumb\"},\"inLanguage\":\"es\",\"potentialAction\":[{\"@type\":\"ReadAction\",\"target\":[\"http:\/\/vientosur.top\/museo\/escuela-artistica-argentina-cambia-nombre-honor-violeta-parra\/\"]}]},{\"@type\":\"ImageObject\",\"inLanguage\":\"es\",\"@id\":\"http:\/\/vientosur.top\/museo\/escuela-artistica-argentina-cambia-nombre-honor-violeta-parra\/#primaryimage\",\"url\":\"http:\/\/vientosur.top\/museo\/wp-content\/uploads\/2018\/08\/escuela-artistica-2.jpg\",\"contentUrl\":\"http:\/\/vientosur.top\/museo\/wp-content\/uploads\/2018\/08\/escuela-artistica-2.jpg\",\"width\":1280,\"height\":768},{\"@type\":\"BreadcrumbList\",\"@id\":\"http:\/\/vientosur.top\/museo\/escuela-artistica-argentina-cambia-nombre-honor-violeta-parra\/#breadcrumb\",\"itemListElement\":[{\"@type\":\"ListItem\",\"position\":1,\"name\":\"Portada\",\"item\":\"http:\/\/vientosur.top\/museo\/\"},{\"@type\":\"ListItem\",\"position\":2,\"name\":\"Escuela Art\u00edstica de Argentina cambia su nombre en honor a Violeta Parra\"}]},{\"@type\":\"WebSite\",\"@id\":\"http:\/\/vientosur.top\/museo\/#website\",\"url\":\"http:\/\/vientosur.top\/museo\/\",\"name\":\"Museo Violeta Parra\",\"description\":\"Espacio que alberga tanto la memoria y legado creativo de la artista\",\"potentialAction\":[{\"@type\":\"SearchAction\",\"target\":{\"@type\":\"EntryPoint\",\"urlTemplate\":\"http:\/\/vientosur.top\/museo\/?s={search_term_string}\"},\"query-input\":{\"@type\":\"PropertyValueSpecification\",\"valueRequired\":true,\"valueName\":\"search_term_string\"}}],\"inLanguage\":\"es\"},{\"@type\":\"Person\",\"@id\":\"http:\/\/vientosur.top\/museo\/#\/schema\/person\/20c79d3c38800971feec8c2693c3dd9c\",\"name\":\"admin\",\"image\":{\"@type\":\"ImageObject\",\"inLanguage\":\"es\",\"@id\":\"http:\/\/vientosur.top\/museo\/#\/schema\/person\/image\/\",\"url\":\"https:\/\/secure.gravatar.com\/avatar\/713677ece3ffa642287213a80e5b773bce9ab81c269dd6d95102a990951c922f?s=96&d=mm&r=g\",\"contentUrl\":\"https:\/\/secure.gravatar.com\/avatar\/713677ece3ffa642287213a80e5b773bce9ab81c269dd6d95102a990951c922f?s=96&d=mm&r=g\",\"caption\":\"admin\"},\"sameAs\":[\"http:\/\/vientosur.top\/museo\"],\"url\":\"http:\/\/vientosur.top\/museo\/author\/comunicacionesmvp\/\"}]}<\/script>\n<!-- \/ Yoast SEO plugin. -->","yoast_head_json":{"title":"Escuela Art\u00edstica de Argentina cambia su nombre en honor a Violeta Parra - Museo Violeta Parra","robots":{"index":"index","follow":"follow","max-snippet":"max-snippet:-1","max-image-preview":"max-image-preview:large","max-video-preview":"max-video-preview:-1"},"canonical":"http:\/\/vientosur.top\/museo\/escuela-artistica-argentina-cambia-nombre-honor-violeta-parra\/","og_locale":"es_ES","og_type":"article","og_title":"Escuela Art\u00edstica de Argentina cambia su nombre en honor a Violeta Parra - Museo Violeta Parra","og_description":"El 4 de octubre, d\u00eda del natalicio de la artista, se oficializar\u00e1 el nuevo nombre del establecimiento de educaci\u00f3n art\u00edstica, que fue elegido por votaci\u00f3n de la comunidad de San Mart\u00edn, en la Provincia de Buenos Aires. El legado art\u00edstico de Violeta Parra no tiene fronteras. La artista sigue inspirando a generaciones de creadores de [&hellip;]","og_url":"http:\/\/vientosur.top\/museo\/escuela-artistica-argentina-cambia-nombre-honor-violeta-parra\/","og_site_name":"Museo Violeta Parra","article_published_time":"2018-08-24T18:12:03+00:00","og_image":[{"width":1280,"height":768,"url":"http:\/\/vientosur.top\/museo\/wp-content\/uploads\/2018\/08\/escuela-artistica-2.jpg","type":"image\/jpeg"}],"author":"admin","twitter_card":"summary_large_image","twitter_misc":{"Escrito por":"admin","Tiempo de lectura":"1 minuto"},"schema":{"@context":"https:\/\/schema.org","@graph":[{"@type":"WebPage","@id":"http:\/\/vientosur.top\/museo\/escuela-artistica-argentina-cambia-nombre-honor-violeta-parra\/","url":"http:\/\/vientosur.top\/museo\/escuela-artistica-argentina-cambia-nombre-honor-violeta-parra\/","name":"Escuela Art\u00edstica de Argentina cambia su nombre en honor a Violeta Parra - Museo Violeta Parra","isPartOf":{"@id":"http:\/\/vientosur.top\/museo\/#website"},"primaryImageOfPage":{"@id":"http:\/\/vientosur.top\/museo\/escuela-artistica-argentina-cambia-nombre-honor-violeta-parra\/#primaryimage"},"image":{"@id":"http:\/\/vientosur.top\/museo\/escuela-artistica-argentina-cambia-nombre-honor-violeta-parra\/#primaryimage"},"thumbnailUrl":"http:\/\/vientosur.top\/museo\/wp-content\/uploads\/2018\/08\/escuela-artistica-2.jpg","datePublished":"2018-08-24T18:12:03+00:00","author":{"@id":"http:\/\/vientosur.top\/museo\/#\/schema\/person\/20c79d3c38800971feec8c2693c3dd9c"},"breadcrumb":{"@id":"http:\/\/vientosur.top\/museo\/escuela-artistica-argentina-cambia-nombre-honor-violeta-parra\/#breadcrumb"},"inLanguage":"es","potentialAction":[{"@type":"ReadAction","target":["http:\/\/vientosur.top\/museo\/escuela-artistica-argentina-cambia-nombre-honor-violeta-parra\/"]}]},{"@type":"ImageObject","inLanguage":"es","@id":"http:\/\/vientosur.top\/museo\/escuela-artistica-argentina-cambia-nombre-honor-violeta-parra\/#primaryimage","url":"http:\/\/vientosur.top\/museo\/wp-content\/uploads\/2018\/08\/escuela-artistica-2.jpg","contentUrl":"http:\/\/vientosur.top\/museo\/wp-content\/uploads\/2018\/08\/escuela-artistica-2.jpg","width":1280,"height":768},{"@type":"BreadcrumbList","@id":"http:\/\/vientosur.top\/museo\/escuela-artistica-argentina-cambia-nombre-honor-violeta-parra\/#breadcrumb","itemListElement":[{"@type":"ListItem","position":1,"name":"Portada","item":"http:\/\/vientosur.top\/museo\/"},{"@type":"ListItem","position":2,"name":"Escuela Art\u00edstica de Argentina cambia su nombre en honor a Violeta Parra"}]},{"@type":"WebSite","@id":"http:\/\/vientosur.top\/museo\/#website","url":"http:\/\/vientosur.top\/museo\/","name":"Museo Violeta Parra","description":"Espacio que alberga tanto la memoria y legado creativo de la artista","potentialAction":[{"@type":"SearchAction","target":{"@type":"EntryPoint","urlTemplate":"http:\/\/vientosur.top\/museo\/?s={search_term_string}"},"query-input":{"@type":"PropertyValueSpecification","valueRequired":true,"valueName":"search_term_string"}}],"inLanguage":"es"},{"@type":"Person","@id":"http:\/\/vientosur.top\/museo\/#\/schema\/person\/20c79d3c38800971feec8c2693c3dd9c","name":"admin","image":{"@type":"ImageObject","inLanguage":"es","@id":"http:\/\/vientosur.top\/museo\/#\/schema\/person\/image\/","url":"https:\/\/secure.gravatar.com\/avatar\/713677ece3ffa642287213a80e5b773bce9ab81c269dd6d95102a990951c922f?s=96&d=mm&r=g","contentUrl":"https:\/\/secure.gravatar.com\/avatar\/713677ece3ffa642287213a80e5b773bce9ab81c269dd6d95102a990951c922f?s=96&d=mm&r=g","caption":"admin"},"sameAs":["http:\/\/vientosur.top\/museo"],"url":"http:\/\/vientosur.top\/museo\/author\/comunicacionesmvp\/"}]}},"_links":{"self":[{"href":"http:\/\/vientosur.top\/museo\/wp-json\/wp\/v2\/posts\/16086","targetHints":{"allow":["GET"]}}],"collection":[{"href":"http:\/\/vientosur.top\/museo\/wp-json\/wp\/v2\/posts"}],"about":[{"href":"http:\/\/vientosur.top\/museo\/wp-json\/wp\/v2\/types\/post"}],"author":[{"embeddable":true,"href":"http:\/\/vientosur.top\/museo\/wp-json\/wp\/v2\/users\/5"}],"replies":[{"embeddable":true,"href":"http:\/\/vientosur.top\/museo\/wp-json\/wp\/v2\/comments?post=16086"}],"version-history":[{"count":0,"href":"http:\/\/vientosur.top\/museo\/wp-json\/wp\/v2\/posts\/16086\/revisions"}],"wp:featuredmedia":[{"embeddable":true,"href":"http:\/\/vientosur.top\/museo\/wp-json\/wp\/v2\/media\/16087"}],"wp:attachment":[{"href":"http:\/\/vientosur.top\/museo\/wp-json\/wp\/v2\/media?parent=16086"}],"wp:term":[{"taxonomy":"category","embeddable":true,"href":"http:\/\/vientosur.top\/museo\/wp-json\/wp\/v2\/categories?post=16086"},{"taxonomy":"post_tag","embeddable":true,"href":"http:\/\/vientosur.top\/museo\/wp-json\/wp\/v2\/tags?post=16086"}],"curies":[{"name":"wp","href":"https:\/\/api.w.org\/{rel}","templated":true}]}}