{"id":16213,"date":"2018-08-28T16:05:12","date_gmt":"2018-08-28T21:05:12","guid":{"rendered":"http:\/\/vientosur.top\/museo\/?p=16213"},"modified":"2018-08-28T16:05:12","modified_gmt":"2018-08-28T21:05:12","slug":"museo-violeta-parra-recibe-septiembre-este-fin-semana-cuecas-vivo","status":"publish","type":"post","link":"http:\/\/vientosur.top\/museo\/museo-violeta-parra-recibe-septiembre-este-fin-semana-cuecas-vivo\/","title":{"rendered":"Museo Violeta Parra recibi\u00f3 septiembre con las cuecas de La Gallera y Mano a Mano"},"content":{"rendered":"<p style=\"font-weight: 400;\"><em>La Gallera se present\u00f3 el s\u00e1bado 1 de septiembre, jornada en que tambi\u00e9n se celebr\u00f3 el D\u00eda Nacional del Circo Chileno con la proyecci\u00f3n del premiado documental \u201cEl Parra menos Parra\u201d. El domingo 2, la agrupaci\u00f3n Mano a Mano lanz\u00f3 su disco \u201cCuecas re-tocadas\u201d.<\/em><\/p>\n<p>Las actividades festivas comenzaron el s\u00e1bado 1 de septiembre, fecha en que adem\u00e1s se celebr\u00f3 el D\u00eda Nacional del Circo Chileno. En ese contexto, a las 12:00 horas, se present\u00f3 el documental\u00a0\u00a0\u201cEl Parra menos Parra\u201d, dirigido por Jorge Catoni.<\/p>\n<p><iframe src=\"https:\/\/www.youtube.com\/embed\/KcLB-1CsQxw\" width=\"560\" height=\"315\" frameborder=\"0\" allowfullscreen=\"allowfullscreen\"><\/iframe><\/p>\n<p>La cinta aborda la historia del hermano de Violeta, \u00d3scar Parra (Chill\u00e1n, 1930), quien desarroll\u00f3 su vida art\u00edstica lejos de las aulas acad\u00e9micas de Nicanor, los escenarios europeos de su hermana o las tablas bohemias de Roberto. Bajos los apodos de \u201cTony Canarito\u201d y \u201cTata Picar\u00f3n\u201d, \u00d3scar le dedic\u00f3 su vida art\u00edstica al circo, donde gan\u00f3 su prestigio.<\/p>\n<p>Al finalizar la funci\u00f3n, los asistentes recibiron de regalo un im\u00e1n con la obra \u201cEl circo\u201d, creada por Violeta Parra en 1961.<\/p>\n<p style=\"font-weight: 400;\">\n<p><strong>Fiesta ciudadana con pa\u00f1uelo<\/strong><\/p>\n<p>La bienvenida a septiembre sigui\u00f3 con lo que se ha convertido en una verdadera fiesta ciudadana: el Ciclo de Cuecas del Museo Violeta Parra. Como cada mes, la explanada se convirti\u00f3 en una gran pista de baile para los cientos de visitantes que llegan con sus pa\u00f1uelos a disfrutar con las agrupaciones que se presentan en vivo.<\/p>\n<p>En s\u00e1bado 1 de septiembre a las 16:00 horas fue el turno de La Gallera, conjunto con m\u00e1s de una d\u00e9cada de trayectoria, quienes llegaron al Museo Violeta Parra a mostrar su poderosa interpretaci\u00f3n reflejada en cuatro discos:\u00a0<a href=\"http:\/\/lagalleracuecachilena.blogspot.com\/search\/label\/DISCOGRAF%C3%8DA\" data-saferedirecturl=\"https:\/\/www.google.com\/url?hl=es&amp;q=http:\/\/lagalleracuecachilena.blogspot.com\/search\/label\/DISCOGRAF%25C3%258DA&amp;source=gmail&amp;ust=1535575961609000&amp;usg=AFQjCNEvuyGO3Wkd_2WcRNG3GW2O4UxYmg\">\u00abCueca Chilena\u00bb<\/a>\u00a0(2010),\u00a0<a href=\"http:\/\/lagalleracuecachilena.blogspot.com\/search\/label\/DISCOGRAF%C3%8DA\" data-saferedirecturl=\"https:\/\/www.google.com\/url?hl=es&amp;q=http:\/\/lagalleracuecachilena.blogspot.com\/search\/label\/DISCOGRAF%25C3%258DA&amp;source=gmail&amp;ust=1535575961610000&amp;usg=AFQjCNGwHB5ZIFcs2jMB0KR487ijFm4qWA\">\u00abInvernal\u00bb<\/a>(2011),\u00a0\u00abCantando como Jugando\u00bb\u00a0(2012) y \u201cDe la Estaci\u00f3n a su mesa\u201d (2014).<\/p>\n<p>Adem\u00e1s de Villanueva, La Gallera est\u00e1 formada por Fernando Barrios, pandero y voz; Cristian Mancilla, piano\u00a0\u00a0y voz y Giancarlo Valdebenito, contrabajo y voz.<\/p>\n<p><a href=\"http:\/\/vientosur.top\/museo\/wp-content\/uploads\/2018\/08\/40555340_2203336863243056_52110108057927680_o.jpg\"><img fetchpriority=\"high\" decoding=\"async\" class=\"alignleft size-full wp-image-16248\" src=\"http:\/\/vientosur.top\/museo\/wp-content\/uploads\/2018\/08\/40555340_2203336863243056_52110108057927680_o.jpg\" alt=\"\" width=\"1280\" height=\"720\" \/><\/a><a href=\"http:\/\/vientosur.top\/museo\/wp-content\/uploads\/2018\/08\/manoamano2.jpg\"><br \/>\n<\/a><br \/>\n<strong>Lanzamiento cuequero<\/strong><\/p>\n<p>La m\u00fasica en vivo sigui\u00f3 el domingo 2 de septiembre con la presentaci\u00f3n de Mano a Mano. La agrupaci\u00f3n, integrada por Cristian C\u00e1ceres, Nicol\u00e1s Poblete, Federico Faure y Patricio Fuentes, lanz\u00f3 su primer trabajo discogr\u00e1fico: \u201cCuecas re-tocadas\u201d, en la Sala Antar del museo dedicado a la artista.<\/p>\n<p>Mano a Mano es un grupo de folclore urbano, creado hace un a\u00f1o por un grupo de m\u00fasicos provenientes de distintos estilos musicales, que buscan preservar la cueca y tambi\u00e9n innovar en los estilos, inspirados en los antiguos grupos cuequeros.<\/p>\n<p>\u201cEl nombre del disco tiene que ver con dos cosas: son cuecas antiguas y muy tocadas, como <em>Adi\u00f3s, Santiago querido<\/em> o\u00a0<em>Chicha de Curacav\u00ed<\/em>\u00a0y adem\u00e1s las presentamos con arreglos especiales. Lo grabamos en una presentaci\u00f3n en vivo que hicimos en el restaurante La Chimenea el 31 de mayo pasado. Son 18 canciones que est\u00e1n cantadas al estilo mano a mano\u201d, explica Cristian C\u00e1ceres.<\/p>\n<p>El estilo al que se refiere el m\u00fasico es aquel donde los cantores\u00a0 van interpretando en forma alternada una y otra cueca, en primera y segunda voz, desde el inicio, la copla, la seguidilla y el remate. El p\u00fablico podr\u00e1 comprar el disco escribiendo al correo <a href=\"mailto:contacto@manoamanocueca.cl\">contacto@manoamanocueca.cl<\/a>.<\/p>\n","protected":false},"excerpt":{"rendered":"<p>La Gallera se present\u00f3 el s\u00e1bado 1 de septiembre, jornada en que tambi\u00e9n se celebr\u00f3 el D\u00eda Nacional del Circo Chileno con la proyecci\u00f3n del premiado documental \u201cEl Parra menos Parra\u201d. El domingo 2, la agrupaci\u00f3n Mano a Mano lanz\u00f3 su disco \u201cCuecas re-tocadas\u201d. Las actividades festivas comenzaron el s\u00e1bado 1 de septiembre, fecha en [&hellip;]<\/p>\n","protected":false},"author":5,"featured_media":16246,"comment_status":"open","ping_status":"open","sticky":false,"template":"","format":"standard","meta":{"site-sidebar-layout":"default","site-content-layout":"","ast-site-content-layout":"default","site-content-style":"default","site-sidebar-style":"default","ast-global-header-display":"","ast-banner-title-visibility":"","ast-main-header-display":"","ast-hfb-above-header-display":"","ast-hfb-below-header-display":"","ast-hfb-mobile-header-display":"","site-post-title":"","ast-breadcrumbs-content":"","ast-featured-img":"","footer-sml-layout":"","theme-transparent-header-meta":"","adv-header-id-meta":"","stick-header-meta":"","header-above-stick-meta":"","header-main-stick-meta":"","header-below-stick-meta":"","astra-migrate-meta-layouts":"default","ast-page-background-enabled":"default","ast-page-background-meta":{"desktop":{"background-color":"var(--ast-global-color-4)","background-image":"","background-repeat":"repeat","background-position":"center center","background-size":"auto","background-attachment":"scroll","background-type":"","background-media":"","overlay-type":"","overlay-color":"","overlay-opacity":"","overlay-gradient":""},"tablet":{"background-color":"","background-image":"","background-repeat":"repeat","background-position":"center center","background-size":"auto","background-attachment":"scroll","background-type":"","background-media":"","overlay-type":"","overlay-color":"","overlay-opacity":"","overlay-gradient":""},"mobile":{"background-color":"","background-image":"","background-repeat":"repeat","background-position":"center center","background-size":"auto","background-attachment":"scroll","background-type":"","background-media":"","overlay-type":"","overlay-color":"","overlay-opacity":"","overlay-gradient":""}},"ast-content-background-meta":{"desktop":{"background-color":"var(--ast-global-color-5)","background-image":"","background-repeat":"repeat","background-position":"center center","background-size":"auto","background-attachment":"scroll","background-type":"","background-media":"","overlay-type":"","overlay-color":"","overlay-opacity":"","overlay-gradient":""},"tablet":{"background-color":"var(--ast-global-color-5)","background-image":"","background-repeat":"repeat","background-position":"center center","background-size":"auto","background-attachment":"scroll","background-type":"","background-media":"","overlay-type":"","overlay-color":"","overlay-opacity":"","overlay-gradient":""},"mobile":{"background-color":"var(--ast-global-color-5)","background-image":"","background-repeat":"repeat","background-position":"center center","background-size":"auto","background-attachment":"scroll","background-type":"","background-media":"","overlay-type":"","overlay-color":"","overlay-opacity":"","overlay-gradient":""}},"footnotes":""},"categories":[59,8,61],"tags":[],"class_list":["post-16213","post","type-post","status-publish","format-standard","has-post-thumbnail","hentry","category-destacado-noticia","category-noticias","category-novedades"],"yoast_head":"<!-- This site is optimized with the Yoast SEO plugin v25.4 - https:\/\/yoast.com\/wordpress\/plugins\/seo\/ -->\n<title>Museo Violeta Parra recibi\u00f3 septiembre con las cuecas de La Gallera y Mano a Mano - Museo Violeta Parra<\/title>\n<meta name=\"robots\" content=\"index, follow, max-snippet:-1, max-image-preview:large, max-video-preview:-1\" \/>\n<link rel=\"canonical\" href=\"http:\/\/vientosur.top\/museo\/museo-violeta-parra-recibe-septiembre-este-fin-semana-cuecas-vivo\/\" \/>\n<meta property=\"og:locale\" content=\"es_ES\" \/>\n<meta property=\"og:type\" content=\"article\" \/>\n<meta property=\"og:title\" content=\"Museo Violeta Parra recibi\u00f3 septiembre con las cuecas de La Gallera y Mano a Mano - Museo Violeta Parra\" \/>\n<meta property=\"og:description\" content=\"La Gallera se present\u00f3 el s\u00e1bado 1 de septiembre, jornada en que tambi\u00e9n se celebr\u00f3 el D\u00eda Nacional del Circo Chileno con la proyecci\u00f3n del premiado documental \u201cEl Parra menos Parra\u201d. El domingo 2, la agrupaci\u00f3n Mano a Mano lanz\u00f3 su disco \u201cCuecas re-tocadas\u201d. Las actividades festivas comenzaron el s\u00e1bado 1 de septiembre, fecha en [&hellip;]\" \/>\n<meta property=\"og:url\" content=\"http:\/\/vientosur.top\/museo\/museo-violeta-parra-recibe-septiembre-este-fin-semana-cuecas-vivo\/\" \/>\n<meta property=\"og:site_name\" content=\"Museo Violeta Parra\" \/>\n<meta property=\"article:published_time\" content=\"2018-08-28T21:05:12+00:00\" \/>\n<meta property=\"og:image\" content=\"http:\/\/vientosur.top\/museo\/wp-content\/uploads\/2018\/08\/40516968_2202847843291958_4141400637252304896_o.jpg\" \/>\n\t<meta property=\"og:image:width\" content=\"1692\" \/>\n\t<meta property=\"og:image:height\" content=\"1125\" \/>\n\t<meta property=\"og:image:type\" content=\"image\/jpeg\" \/>\n<meta name=\"author\" content=\"admin\" \/>\n<meta name=\"twitter:card\" content=\"summary_large_image\" \/>\n<meta name=\"twitter:label1\" content=\"Escrito por\" \/>\n\t<meta name=\"twitter:data1\" content=\"admin\" \/>\n\t<meta name=\"twitter:label2\" content=\"Tiempo de lectura\" \/>\n\t<meta name=\"twitter:data2\" content=\"3 minutos\" \/>\n<script type=\"application\/ld+json\" class=\"yoast-schema-graph\">{\"@context\":\"https:\/\/schema.org\",\"@graph\":[{\"@type\":\"WebPage\",\"@id\":\"http:\/\/vientosur.top\/museo\/museo-violeta-parra-recibe-septiembre-este-fin-semana-cuecas-vivo\/\",\"url\":\"http:\/\/vientosur.top\/museo\/museo-violeta-parra-recibe-septiembre-este-fin-semana-cuecas-vivo\/\",\"name\":\"Museo Violeta Parra recibi\u00f3 septiembre con las cuecas de La Gallera y Mano a Mano - Museo Violeta Parra\",\"isPartOf\":{\"@id\":\"http:\/\/vientosur.top\/museo\/#website\"},\"primaryImageOfPage\":{\"@id\":\"http:\/\/vientosur.top\/museo\/museo-violeta-parra-recibe-septiembre-este-fin-semana-cuecas-vivo\/#primaryimage\"},\"image\":{\"@id\":\"http:\/\/vientosur.top\/museo\/museo-violeta-parra-recibe-septiembre-este-fin-semana-cuecas-vivo\/#primaryimage\"},\"thumbnailUrl\":\"http:\/\/vientosur.top\/museo\/wp-content\/uploads\/2018\/08\/40516968_2202847843291958_4141400637252304896_o.jpg\",\"datePublished\":\"2018-08-28T21:05:12+00:00\",\"author\":{\"@id\":\"http:\/\/vientosur.top\/museo\/#\/schema\/person\/20c79d3c38800971feec8c2693c3dd9c\"},\"breadcrumb\":{\"@id\":\"http:\/\/vientosur.top\/museo\/museo-violeta-parra-recibe-septiembre-este-fin-semana-cuecas-vivo\/#breadcrumb\"},\"inLanguage\":\"es\",\"potentialAction\":[{\"@type\":\"ReadAction\",\"target\":[\"http:\/\/vientosur.top\/museo\/museo-violeta-parra-recibe-septiembre-este-fin-semana-cuecas-vivo\/\"]}]},{\"@type\":\"ImageObject\",\"inLanguage\":\"es\",\"@id\":\"http:\/\/vientosur.top\/museo\/museo-violeta-parra-recibe-septiembre-este-fin-semana-cuecas-vivo\/#primaryimage\",\"url\":\"http:\/\/vientosur.top\/museo\/wp-content\/uploads\/2018\/08\/40516968_2202847843291958_4141400637252304896_o.jpg\",\"contentUrl\":\"http:\/\/vientosur.top\/museo\/wp-content\/uploads\/2018\/08\/40516968_2202847843291958_4141400637252304896_o.jpg\",\"width\":1692,\"height\":1125},{\"@type\":\"BreadcrumbList\",\"@id\":\"http:\/\/vientosur.top\/museo\/museo-violeta-parra-recibe-septiembre-este-fin-semana-cuecas-vivo\/#breadcrumb\",\"itemListElement\":[{\"@type\":\"ListItem\",\"position\":1,\"name\":\"Portada\",\"item\":\"http:\/\/vientosur.top\/museo\/\"},{\"@type\":\"ListItem\",\"position\":2,\"name\":\"Museo Violeta Parra recibi\u00f3 septiembre con las cuecas de La Gallera y Mano a Mano\"}]},{\"@type\":\"WebSite\",\"@id\":\"http:\/\/vientosur.top\/museo\/#website\",\"url\":\"http:\/\/vientosur.top\/museo\/\",\"name\":\"Museo Violeta Parra\",\"description\":\"Espacio que alberga tanto la memoria y legado creativo de la artista\",\"potentialAction\":[{\"@type\":\"SearchAction\",\"target\":{\"@type\":\"EntryPoint\",\"urlTemplate\":\"http:\/\/vientosur.top\/museo\/?s={search_term_string}\"},\"query-input\":{\"@type\":\"PropertyValueSpecification\",\"valueRequired\":true,\"valueName\":\"search_term_string\"}}],\"inLanguage\":\"es\"},{\"@type\":\"Person\",\"@id\":\"http:\/\/vientosur.top\/museo\/#\/schema\/person\/20c79d3c38800971feec8c2693c3dd9c\",\"name\":\"admin\",\"image\":{\"@type\":\"ImageObject\",\"inLanguage\":\"es\",\"@id\":\"http:\/\/vientosur.top\/museo\/#\/schema\/person\/image\/\",\"url\":\"https:\/\/secure.gravatar.com\/avatar\/713677ece3ffa642287213a80e5b773bce9ab81c269dd6d95102a990951c922f?s=96&d=mm&r=g\",\"contentUrl\":\"https:\/\/secure.gravatar.com\/avatar\/713677ece3ffa642287213a80e5b773bce9ab81c269dd6d95102a990951c922f?s=96&d=mm&r=g\",\"caption\":\"admin\"},\"sameAs\":[\"http:\/\/vientosur.top\/museo\"],\"url\":\"http:\/\/vientosur.top\/museo\/author\/comunicacionesmvp\/\"}]}<\/script>\n<!-- \/ Yoast SEO plugin. -->","yoast_head_json":{"title":"Museo Violeta Parra recibi\u00f3 septiembre con las cuecas de La Gallera y Mano a Mano - Museo Violeta Parra","robots":{"index":"index","follow":"follow","max-snippet":"max-snippet:-1","max-image-preview":"max-image-preview:large","max-video-preview":"max-video-preview:-1"},"canonical":"http:\/\/vientosur.top\/museo\/museo-violeta-parra-recibe-septiembre-este-fin-semana-cuecas-vivo\/","og_locale":"es_ES","og_type":"article","og_title":"Museo Violeta Parra recibi\u00f3 septiembre con las cuecas de La Gallera y Mano a Mano - Museo Violeta Parra","og_description":"La Gallera se present\u00f3 el s\u00e1bado 1 de septiembre, jornada en que tambi\u00e9n se celebr\u00f3 el D\u00eda Nacional del Circo Chileno con la proyecci\u00f3n del premiado documental \u201cEl Parra menos Parra\u201d. El domingo 2, la agrupaci\u00f3n Mano a Mano lanz\u00f3 su disco \u201cCuecas re-tocadas\u201d. Las actividades festivas comenzaron el s\u00e1bado 1 de septiembre, fecha en [&hellip;]","og_url":"http:\/\/vientosur.top\/museo\/museo-violeta-parra-recibe-septiembre-este-fin-semana-cuecas-vivo\/","og_site_name":"Museo Violeta Parra","article_published_time":"2018-08-28T21:05:12+00:00","og_image":[{"width":1692,"height":1125,"url":"http:\/\/vientosur.top\/museo\/wp-content\/uploads\/2018\/08\/40516968_2202847843291958_4141400637252304896_o.jpg","type":"image\/jpeg"}],"author":"admin","twitter_card":"summary_large_image","twitter_misc":{"Escrito por":"admin","Tiempo de lectura":"3 minutos"},"schema":{"@context":"https:\/\/schema.org","@graph":[{"@type":"WebPage","@id":"http:\/\/vientosur.top\/museo\/museo-violeta-parra-recibe-septiembre-este-fin-semana-cuecas-vivo\/","url":"http:\/\/vientosur.top\/museo\/museo-violeta-parra-recibe-septiembre-este-fin-semana-cuecas-vivo\/","name":"Museo Violeta Parra recibi\u00f3 septiembre con las cuecas de La Gallera y Mano a Mano - Museo Violeta Parra","isPartOf":{"@id":"http:\/\/vientosur.top\/museo\/#website"},"primaryImageOfPage":{"@id":"http:\/\/vientosur.top\/museo\/museo-violeta-parra-recibe-septiembre-este-fin-semana-cuecas-vivo\/#primaryimage"},"image":{"@id":"http:\/\/vientosur.top\/museo\/museo-violeta-parra-recibe-septiembre-este-fin-semana-cuecas-vivo\/#primaryimage"},"thumbnailUrl":"http:\/\/vientosur.top\/museo\/wp-content\/uploads\/2018\/08\/40516968_2202847843291958_4141400637252304896_o.jpg","datePublished":"2018-08-28T21:05:12+00:00","author":{"@id":"http:\/\/vientosur.top\/museo\/#\/schema\/person\/20c79d3c38800971feec8c2693c3dd9c"},"breadcrumb":{"@id":"http:\/\/vientosur.top\/museo\/museo-violeta-parra-recibe-septiembre-este-fin-semana-cuecas-vivo\/#breadcrumb"},"inLanguage":"es","potentialAction":[{"@type":"ReadAction","target":["http:\/\/vientosur.top\/museo\/museo-violeta-parra-recibe-septiembre-este-fin-semana-cuecas-vivo\/"]}]},{"@type":"ImageObject","inLanguage":"es","@id":"http:\/\/vientosur.top\/museo\/museo-violeta-parra-recibe-septiembre-este-fin-semana-cuecas-vivo\/#primaryimage","url":"http:\/\/vientosur.top\/museo\/wp-content\/uploads\/2018\/08\/40516968_2202847843291958_4141400637252304896_o.jpg","contentUrl":"http:\/\/vientosur.top\/museo\/wp-content\/uploads\/2018\/08\/40516968_2202847843291958_4141400637252304896_o.jpg","width":1692,"height":1125},{"@type":"BreadcrumbList","@id":"http:\/\/vientosur.top\/museo\/museo-violeta-parra-recibe-septiembre-este-fin-semana-cuecas-vivo\/#breadcrumb","itemListElement":[{"@type":"ListItem","position":1,"name":"Portada","item":"http:\/\/vientosur.top\/museo\/"},{"@type":"ListItem","position":2,"name":"Museo Violeta Parra recibi\u00f3 septiembre con las cuecas de La Gallera y Mano a Mano"}]},{"@type":"WebSite","@id":"http:\/\/vientosur.top\/museo\/#website","url":"http:\/\/vientosur.top\/museo\/","name":"Museo Violeta Parra","description":"Espacio que alberga tanto la memoria y legado creativo de la artista","potentialAction":[{"@type":"SearchAction","target":{"@type":"EntryPoint","urlTemplate":"http:\/\/vientosur.top\/museo\/?s={search_term_string}"},"query-input":{"@type":"PropertyValueSpecification","valueRequired":true,"valueName":"search_term_string"}}],"inLanguage":"es"},{"@type":"Person","@id":"http:\/\/vientosur.top\/museo\/#\/schema\/person\/20c79d3c38800971feec8c2693c3dd9c","name":"admin","image":{"@type":"ImageObject","inLanguage":"es","@id":"http:\/\/vientosur.top\/museo\/#\/schema\/person\/image\/","url":"https:\/\/secure.gravatar.com\/avatar\/713677ece3ffa642287213a80e5b773bce9ab81c269dd6d95102a990951c922f?s=96&d=mm&r=g","contentUrl":"https:\/\/secure.gravatar.com\/avatar\/713677ece3ffa642287213a80e5b773bce9ab81c269dd6d95102a990951c922f?s=96&d=mm&r=g","caption":"admin"},"sameAs":["http:\/\/vientosur.top\/museo"],"url":"http:\/\/vientosur.top\/museo\/author\/comunicacionesmvp\/"}]}},"_links":{"self":[{"href":"http:\/\/vientosur.top\/museo\/wp-json\/wp\/v2\/posts\/16213","targetHints":{"allow":["GET"]}}],"collection":[{"href":"http:\/\/vientosur.top\/museo\/wp-json\/wp\/v2\/posts"}],"about":[{"href":"http:\/\/vientosur.top\/museo\/wp-json\/wp\/v2\/types\/post"}],"author":[{"embeddable":true,"href":"http:\/\/vientosur.top\/museo\/wp-json\/wp\/v2\/users\/5"}],"replies":[{"embeddable":true,"href":"http:\/\/vientosur.top\/museo\/wp-json\/wp\/v2\/comments?post=16213"}],"version-history":[{"count":0,"href":"http:\/\/vientosur.top\/museo\/wp-json\/wp\/v2\/posts\/16213\/revisions"}],"wp:featuredmedia":[{"embeddable":true,"href":"http:\/\/vientosur.top\/museo\/wp-json\/wp\/v2\/media\/16246"}],"wp:attachment":[{"href":"http:\/\/vientosur.top\/museo\/wp-json\/wp\/v2\/media?parent=16213"}],"wp:term":[{"taxonomy":"category","embeddable":true,"href":"http:\/\/vientosur.top\/museo\/wp-json\/wp\/v2\/categories?post=16213"},{"taxonomy":"post_tag","embeddable":true,"href":"http:\/\/vientosur.top\/museo\/wp-json\/wp\/v2\/tags?post=16213"}],"curies":[{"name":"wp","href":"https:\/\/api.w.org\/{rel}","templated":true}]}}