{"id":16263,"date":"2018-09-04T13:41:43","date_gmt":"2018-09-04T18:41:43","guid":{"rendered":"http:\/\/vientosur.top\/museo\/?p=16263"},"modified":"2018-09-04T13:41:43","modified_gmt":"2018-09-04T18:41:43","slug":"nino-codegua-cumple-sueno-conocer-museo-violeta-parra","status":"publish","type":"post","link":"http:\/\/vientosur.top\/museo\/nino-codegua-cumple-sueno-conocer-museo-violeta-parra\/","title":{"rendered":"Ni\u00f1o de Codegua cumple su sue\u00f1o de conocer el Museo Violeta Parra"},"content":{"rendered":"<p><em>Vicente Gonz\u00e1lez, estudiante del segundo b\u00e1sico de la Escuela Rural Cristo del Parque de Codegua, escribi\u00f3 una carta dirigida a la artista en la que le manifest\u00f3 su admiraci\u00f3n y el deseo de conocer su obra.<\/em><\/p>\n<p>\u201cVioleta Parra: Te escribo esta carta para contarte que yo siempre he cantado todas tus canciones y tambi\u00e9n te dibujo en hojas de papel y quiero decir que eres muy hermosa. Alg\u00fan d\u00eda te voy a ir a visitar al museo y te quiero mucho mucho\u201d, dice la misiva firmada \u2013el martes 28 de agosto\u2013 por el peque\u00f1o Vicente.<br \/>\n<strong><br \/>\n<\/strong>Al leer la carta, su profesora Gloria Lobos la envi\u00f3 al museo. Cecilia Garc\u00eda-Huidobro, Directora de la instituci\u00f3n que cautela el acervo de la artista, se comunic\u00f3 con el establecimiento de la Regi\u00f3n de O\u2019Higgins para invitar a Vicente \u2013junto a su curso\u2013 a conocer el espacio que alberga la obra visual de Parra, declarada Monumento Hist\u00f3rico Nacional en 2017.<\/p>\n<p>Al compartir la imagen en las redes sociales del museo gener\u00f3 gran inter\u00e9s en la comunidad, superando los 3.500 me gusta en\u00a0<a href=\"http:\/\/www.instagram.com\/museovioletaparra\">Instagram<\/a>\u00a0y m\u00e1s de 100 comentarios. Lo mismo sucedi\u00f3 en las cuentas de\u00a0<a href=\"http:\/\/www.facebook.com\/museovioletaparra\">Facebook<\/a>\u00a0y <a href=\"http:\/\/www.twitter.com\/museovparra\">Twitter<\/a>.<\/p>\n<p><a href=\"http:\/\/vientosur.top\/museo\/wp-content\/uploads\/2018\/09\/DSC_0210-2.jpg\"><img fetchpriority=\"high\" decoding=\"async\" class=\"alignnone size-large wp-image-16265\" src=\"http:\/\/vientosur.top\/museo\/wp-content\/uploads\/2018\/09\/DSC_0210-2-1024x680.jpg\" alt=\"\" width=\"840\" height=\"558\" \/><br \/>\n<\/a><br \/>\nLa delegaci\u00f3n de 32 personas viaj\u00f3, invitada por el museo, desde Codegua este martes, d\u00eda en que conocieron el lugar que cumplir\u00e1 tres a\u00f1os el 4 de octubre, d\u00eda del natalicio de la creadora de \u00abLa jardinera\u00bb.<\/p>\n<p>\u00abEstas son las noticias que le dan sentido al trabajo que realizamos diariamente. C\u00f3mo no va a ser estimulante saber que un ni\u00f1o de segundo b\u00e1sico de una escuela rural est\u00e1 conectado con la identidad chilena, siendo su sue\u00f1o visitar el Museo Violeta Parra. Para nosotros fue un gran honor recibir al curso y a su profesora, Gloria Lobos, y cumplir el sue\u00f1o de un ni\u00f1o. Se nota mucho cuando un maestro sabe estimular y sacar lo positivo de sus alumnos. Si ella no hubiera compartido esta carta, no hubi\u00e9ramos conocido esta bonita historia. \u00a1As\u00ed da gusto empezar las Fiestas Patrias!\u00bb, se\u00f1al\u00f3 \u00a0Cecilia Garc\u00eda-Huidobro, Directora del Museo.<\/p>\n<p>\u201c(A Violeta) la conoc\u00ed porque vi un video y ah\u00ed me encantaron sus canciones y sus pinturas. El museo me pareci\u00f3 muy lindo, quiero venir otro a\u00f1o m\u00e1s\u201d, dijo \u00a0Vicente Gonz\u00e1lez, luego de donar su carta al Centro de Documentaci\u00f3n de la instituci\u00f3n.<\/p>\n<p>El Museo Violeta Parra est\u00e1 ubicado en Avenida Vicu\u00f1a Mackenna 37, Santiago, y est\u00e1 abierto de martes a domingo de 9:30 a 18:00 horas y de 11:00 a 18:00 los fines de semana. La entrada y\u00a0<a href=\"http:\/\/vientosur.top\/museo\/actividades\/\">todas sus actividades son gratuitas<\/a>.<\/p>\n<p><a href=\"https:\/\/www.facebook.com\/pg\/MuseoVioletaParra\/photos\/?tab=album&amp;album_id=2204378039805605\" target=\"_blank\" rel=\"noopener noreferrer\"><strong>Ver galer\u00eda de im\u00e1genes\u00a0<\/strong><\/a><\/p>\n<p><a href=\"http:\/\/vientosur.top\/museo\/wp-content\/uploads\/2018\/09\/cartavicente.jpg\"><img decoding=\"async\" class=\"alignnone size-large wp-image-16273\" src=\"http:\/\/vientosur.top\/museo\/wp-content\/uploads\/2018\/09\/cartavicente-725x1024.jpg\" alt=\"\" width=\"725\" height=\"1024\" \/><\/a><\/p>\n<p>&nbsp;<\/p>\n","protected":false},"excerpt":{"rendered":"<p>Vicente Gonz\u00e1lez, estudiante del segundo b\u00e1sico de la Escuela Rural Cristo del Parque de Codegua, escribi\u00f3 una carta dirigida a la artista en la que le manifest\u00f3 su admiraci\u00f3n y el deseo de conocer su obra. \u201cVioleta Parra: Te escribo esta carta para contarte que yo siempre he cantado todas tus canciones y tambi\u00e9n te [&hellip;]<\/p>\n","protected":false},"author":5,"featured_media":16264,"comment_status":"open","ping_status":"open","sticky":false,"template":"","format":"standard","meta":{"site-sidebar-layout":"default","site-content-layout":"","ast-site-content-layout":"default","site-content-style":"default","site-sidebar-style":"default","ast-global-header-display":"","ast-banner-title-visibility":"","ast-main-header-display":"","ast-hfb-above-header-display":"","ast-hfb-below-header-display":"","ast-hfb-mobile-header-display":"","site-post-title":"","ast-breadcrumbs-content":"","ast-featured-img":"","footer-sml-layout":"","theme-transparent-header-meta":"","adv-header-id-meta":"","stick-header-meta":"","header-above-stick-meta":"","header-main-stick-meta":"","header-below-stick-meta":"","astra-migrate-meta-layouts":"default","ast-page-background-enabled":"default","ast-page-background-meta":{"desktop":{"background-color":"var(--ast-global-color-4)","background-image":"","background-repeat":"repeat","background-position":"center center","background-size":"auto","background-attachment":"scroll","background-type":"","background-media":"","overlay-type":"","overlay-color":"","overlay-opacity":"","overlay-gradient":""},"tablet":{"background-color":"","background-image":"","background-repeat":"repeat","background-position":"center center","background-size":"auto","background-attachment":"scroll","background-type":"","background-media":"","overlay-type":"","overlay-color":"","overlay-opacity":"","overlay-gradient":""},"mobile":{"background-color":"","background-image":"","background-repeat":"repeat","background-position":"center center","background-size":"auto","background-attachment":"scroll","background-type":"","background-media":"","overlay-type":"","overlay-color":"","overlay-opacity":"","overlay-gradient":""}},"ast-content-background-meta":{"desktop":{"background-color":"var(--ast-global-color-5)","background-image":"","background-repeat":"repeat","background-position":"center center","background-size":"auto","background-attachment":"scroll","background-type":"","background-media":"","overlay-type":"","overlay-color":"","overlay-opacity":"","overlay-gradient":""},"tablet":{"background-color":"var(--ast-global-color-5)","background-image":"","background-repeat":"repeat","background-position":"center center","background-size":"auto","background-attachment":"scroll","background-type":"","background-media":"","overlay-type":"","overlay-color":"","overlay-opacity":"","overlay-gradient":""},"mobile":{"background-color":"var(--ast-global-color-5)","background-image":"","background-repeat":"repeat","background-position":"center center","background-size":"auto","background-attachment":"scroll","background-type":"","background-media":"","overlay-type":"","overlay-color":"","overlay-opacity":"","overlay-gradient":""}},"footnotes":""},"categories":[59,8,61],"tags":[],"class_list":["post-16263","post","type-post","status-publish","format-standard","has-post-thumbnail","hentry","category-destacado-noticia","category-noticias","category-novedades"],"yoast_head":"<!-- This site is optimized with the Yoast SEO plugin v25.4 - https:\/\/yoast.com\/wordpress\/plugins\/seo\/ -->\n<title>Ni\u00f1o de Codegua cumple su sue\u00f1o de conocer el Museo Violeta Parra - Museo Violeta Parra<\/title>\n<meta name=\"robots\" content=\"index, follow, max-snippet:-1, max-image-preview:large, max-video-preview:-1\" \/>\n<link rel=\"canonical\" href=\"http:\/\/vientosur.top\/museo\/nino-codegua-cumple-sueno-conocer-museo-violeta-parra\/\" \/>\n<meta property=\"og:locale\" content=\"es_ES\" \/>\n<meta property=\"og:type\" content=\"article\" \/>\n<meta property=\"og:title\" content=\"Ni\u00f1o de Codegua cumple su sue\u00f1o de conocer el Museo Violeta Parra - Museo Violeta Parra\" \/>\n<meta property=\"og:description\" content=\"Vicente Gonz\u00e1lez, estudiante del segundo b\u00e1sico de la Escuela Rural Cristo del Parque de Codegua, escribi\u00f3 una carta dirigida a la artista en la que le manifest\u00f3 su admiraci\u00f3n y el deseo de conocer su obra. \u201cVioleta Parra: Te escribo esta carta para contarte que yo siempre he cantado todas tus canciones y tambi\u00e9n te [&hellip;]\" \/>\n<meta property=\"og:url\" content=\"http:\/\/vientosur.top\/museo\/nino-codegua-cumple-sueno-conocer-museo-violeta-parra\/\" \/>\n<meta property=\"og:site_name\" content=\"Museo Violeta Parra\" \/>\n<meta property=\"article:published_time\" content=\"2018-09-04T18:41:43+00:00\" \/>\n<meta property=\"og:image\" content=\"http:\/\/vientosur.top\/museo\/wp-content\/uploads\/2018\/09\/DSC_0190-scaled.jpg\" \/>\n\t<meta property=\"og:image:width\" content=\"2560\" \/>\n\t<meta property=\"og:image:height\" content=\"1770\" \/>\n\t<meta property=\"og:image:type\" content=\"image\/jpeg\" \/>\n<meta name=\"author\" content=\"admin\" \/>\n<meta name=\"twitter:card\" content=\"summary_large_image\" \/>\n<meta name=\"twitter:label1\" content=\"Escrito por\" \/>\n\t<meta name=\"twitter:data1\" content=\"admin\" \/>\n\t<meta name=\"twitter:label2\" content=\"Tiempo de lectura\" \/>\n\t<meta name=\"twitter:data2\" content=\"2 minutos\" \/>\n<script type=\"application\/ld+json\" class=\"yoast-schema-graph\">{\"@context\":\"https:\/\/schema.org\",\"@graph\":[{\"@type\":\"WebPage\",\"@id\":\"http:\/\/vientosur.top\/museo\/nino-codegua-cumple-sueno-conocer-museo-violeta-parra\/\",\"url\":\"http:\/\/vientosur.top\/museo\/nino-codegua-cumple-sueno-conocer-museo-violeta-parra\/\",\"name\":\"Ni\u00f1o de Codegua cumple su sue\u00f1o de conocer el Museo Violeta Parra - Museo Violeta Parra\",\"isPartOf\":{\"@id\":\"http:\/\/vientosur.top\/museo\/#website\"},\"primaryImageOfPage\":{\"@id\":\"http:\/\/vientosur.top\/museo\/nino-codegua-cumple-sueno-conocer-museo-violeta-parra\/#primaryimage\"},\"image\":{\"@id\":\"http:\/\/vientosur.top\/museo\/nino-codegua-cumple-sueno-conocer-museo-violeta-parra\/#primaryimage\"},\"thumbnailUrl\":\"http:\/\/vientosur.top\/museo\/wp-content\/uploads\/2018\/09\/DSC_0190-scaled.jpg\",\"datePublished\":\"2018-09-04T18:41:43+00:00\",\"author\":{\"@id\":\"http:\/\/vientosur.top\/museo\/#\/schema\/person\/20c79d3c38800971feec8c2693c3dd9c\"},\"breadcrumb\":{\"@id\":\"http:\/\/vientosur.top\/museo\/nino-codegua-cumple-sueno-conocer-museo-violeta-parra\/#breadcrumb\"},\"inLanguage\":\"es\",\"potentialAction\":[{\"@type\":\"ReadAction\",\"target\":[\"http:\/\/vientosur.top\/museo\/nino-codegua-cumple-sueno-conocer-museo-violeta-parra\/\"]}]},{\"@type\":\"ImageObject\",\"inLanguage\":\"es\",\"@id\":\"http:\/\/vientosur.top\/museo\/nino-codegua-cumple-sueno-conocer-museo-violeta-parra\/#primaryimage\",\"url\":\"http:\/\/vientosur.top\/museo\/wp-content\/uploads\/2018\/09\/DSC_0190-scaled.jpg\",\"contentUrl\":\"http:\/\/vientosur.top\/museo\/wp-content\/uploads\/2018\/09\/DSC_0190-scaled.jpg\",\"width\":2560,\"height\":1770},{\"@type\":\"BreadcrumbList\",\"@id\":\"http:\/\/vientosur.top\/museo\/nino-codegua-cumple-sueno-conocer-museo-violeta-parra\/#breadcrumb\",\"itemListElement\":[{\"@type\":\"ListItem\",\"position\":1,\"name\":\"Portada\",\"item\":\"http:\/\/vientosur.top\/museo\/\"},{\"@type\":\"ListItem\",\"position\":2,\"name\":\"Ni\u00f1o de Codegua cumple su sue\u00f1o de conocer el Museo Violeta Parra\"}]},{\"@type\":\"WebSite\",\"@id\":\"http:\/\/vientosur.top\/museo\/#website\",\"url\":\"http:\/\/vientosur.top\/museo\/\",\"name\":\"Museo Violeta Parra\",\"description\":\"Espacio que alberga tanto la memoria y legado creativo de la artista\",\"potentialAction\":[{\"@type\":\"SearchAction\",\"target\":{\"@type\":\"EntryPoint\",\"urlTemplate\":\"http:\/\/vientosur.top\/museo\/?s={search_term_string}\"},\"query-input\":{\"@type\":\"PropertyValueSpecification\",\"valueRequired\":true,\"valueName\":\"search_term_string\"}}],\"inLanguage\":\"es\"},{\"@type\":\"Person\",\"@id\":\"http:\/\/vientosur.top\/museo\/#\/schema\/person\/20c79d3c38800971feec8c2693c3dd9c\",\"name\":\"admin\",\"image\":{\"@type\":\"ImageObject\",\"inLanguage\":\"es\",\"@id\":\"http:\/\/vientosur.top\/museo\/#\/schema\/person\/image\/\",\"url\":\"https:\/\/secure.gravatar.com\/avatar\/713677ece3ffa642287213a80e5b773bce9ab81c269dd6d95102a990951c922f?s=96&d=mm&r=g\",\"contentUrl\":\"https:\/\/secure.gravatar.com\/avatar\/713677ece3ffa642287213a80e5b773bce9ab81c269dd6d95102a990951c922f?s=96&d=mm&r=g\",\"caption\":\"admin\"},\"sameAs\":[\"http:\/\/vientosur.top\/museo\"],\"url\":\"http:\/\/vientosur.top\/museo\/author\/comunicacionesmvp\/\"}]}<\/script>\n<!-- \/ Yoast SEO plugin. -->","yoast_head_json":{"title":"Ni\u00f1o de Codegua cumple su sue\u00f1o de conocer el Museo Violeta Parra - Museo Violeta Parra","robots":{"index":"index","follow":"follow","max-snippet":"max-snippet:-1","max-image-preview":"max-image-preview:large","max-video-preview":"max-video-preview:-1"},"canonical":"http:\/\/vientosur.top\/museo\/nino-codegua-cumple-sueno-conocer-museo-violeta-parra\/","og_locale":"es_ES","og_type":"article","og_title":"Ni\u00f1o de Codegua cumple su sue\u00f1o de conocer el Museo Violeta Parra - Museo Violeta Parra","og_description":"Vicente Gonz\u00e1lez, estudiante del segundo b\u00e1sico de la Escuela Rural Cristo del Parque de Codegua, escribi\u00f3 una carta dirigida a la artista en la que le manifest\u00f3 su admiraci\u00f3n y el deseo de conocer su obra. \u201cVioleta Parra: Te escribo esta carta para contarte que yo siempre he cantado todas tus canciones y tambi\u00e9n te [&hellip;]","og_url":"http:\/\/vientosur.top\/museo\/nino-codegua-cumple-sueno-conocer-museo-violeta-parra\/","og_site_name":"Museo Violeta Parra","article_published_time":"2018-09-04T18:41:43+00:00","og_image":[{"width":2560,"height":1770,"url":"http:\/\/vientosur.top\/museo\/wp-content\/uploads\/2018\/09\/DSC_0190-scaled.jpg","type":"image\/jpeg"}],"author":"admin","twitter_card":"summary_large_image","twitter_misc":{"Escrito por":"admin","Tiempo de lectura":"2 minutos"},"schema":{"@context":"https:\/\/schema.org","@graph":[{"@type":"WebPage","@id":"http:\/\/vientosur.top\/museo\/nino-codegua-cumple-sueno-conocer-museo-violeta-parra\/","url":"http:\/\/vientosur.top\/museo\/nino-codegua-cumple-sueno-conocer-museo-violeta-parra\/","name":"Ni\u00f1o de Codegua cumple su sue\u00f1o de conocer el Museo Violeta Parra - Museo Violeta Parra","isPartOf":{"@id":"http:\/\/vientosur.top\/museo\/#website"},"primaryImageOfPage":{"@id":"http:\/\/vientosur.top\/museo\/nino-codegua-cumple-sueno-conocer-museo-violeta-parra\/#primaryimage"},"image":{"@id":"http:\/\/vientosur.top\/museo\/nino-codegua-cumple-sueno-conocer-museo-violeta-parra\/#primaryimage"},"thumbnailUrl":"http:\/\/vientosur.top\/museo\/wp-content\/uploads\/2018\/09\/DSC_0190-scaled.jpg","datePublished":"2018-09-04T18:41:43+00:00","author":{"@id":"http:\/\/vientosur.top\/museo\/#\/schema\/person\/20c79d3c38800971feec8c2693c3dd9c"},"breadcrumb":{"@id":"http:\/\/vientosur.top\/museo\/nino-codegua-cumple-sueno-conocer-museo-violeta-parra\/#breadcrumb"},"inLanguage":"es","potentialAction":[{"@type":"ReadAction","target":["http:\/\/vientosur.top\/museo\/nino-codegua-cumple-sueno-conocer-museo-violeta-parra\/"]}]},{"@type":"ImageObject","inLanguage":"es","@id":"http:\/\/vientosur.top\/museo\/nino-codegua-cumple-sueno-conocer-museo-violeta-parra\/#primaryimage","url":"http:\/\/vientosur.top\/museo\/wp-content\/uploads\/2018\/09\/DSC_0190-scaled.jpg","contentUrl":"http:\/\/vientosur.top\/museo\/wp-content\/uploads\/2018\/09\/DSC_0190-scaled.jpg","width":2560,"height":1770},{"@type":"BreadcrumbList","@id":"http:\/\/vientosur.top\/museo\/nino-codegua-cumple-sueno-conocer-museo-violeta-parra\/#breadcrumb","itemListElement":[{"@type":"ListItem","position":1,"name":"Portada","item":"http:\/\/vientosur.top\/museo\/"},{"@type":"ListItem","position":2,"name":"Ni\u00f1o de Codegua cumple su sue\u00f1o de conocer el Museo Violeta Parra"}]},{"@type":"WebSite","@id":"http:\/\/vientosur.top\/museo\/#website","url":"http:\/\/vientosur.top\/museo\/","name":"Museo Violeta Parra","description":"Espacio que alberga tanto la memoria y legado creativo de la artista","potentialAction":[{"@type":"SearchAction","target":{"@type":"EntryPoint","urlTemplate":"http:\/\/vientosur.top\/museo\/?s={search_term_string}"},"query-input":{"@type":"PropertyValueSpecification","valueRequired":true,"valueName":"search_term_string"}}],"inLanguage":"es"},{"@type":"Person","@id":"http:\/\/vientosur.top\/museo\/#\/schema\/person\/20c79d3c38800971feec8c2693c3dd9c","name":"admin","image":{"@type":"ImageObject","inLanguage":"es","@id":"http:\/\/vientosur.top\/museo\/#\/schema\/person\/image\/","url":"https:\/\/secure.gravatar.com\/avatar\/713677ece3ffa642287213a80e5b773bce9ab81c269dd6d95102a990951c922f?s=96&d=mm&r=g","contentUrl":"https:\/\/secure.gravatar.com\/avatar\/713677ece3ffa642287213a80e5b773bce9ab81c269dd6d95102a990951c922f?s=96&d=mm&r=g","caption":"admin"},"sameAs":["http:\/\/vientosur.top\/museo"],"url":"http:\/\/vientosur.top\/museo\/author\/comunicacionesmvp\/"}]}},"_links":{"self":[{"href":"http:\/\/vientosur.top\/museo\/wp-json\/wp\/v2\/posts\/16263","targetHints":{"allow":["GET"]}}],"collection":[{"href":"http:\/\/vientosur.top\/museo\/wp-json\/wp\/v2\/posts"}],"about":[{"href":"http:\/\/vientosur.top\/museo\/wp-json\/wp\/v2\/types\/post"}],"author":[{"embeddable":true,"href":"http:\/\/vientosur.top\/museo\/wp-json\/wp\/v2\/users\/5"}],"replies":[{"embeddable":true,"href":"http:\/\/vientosur.top\/museo\/wp-json\/wp\/v2\/comments?post=16263"}],"version-history":[{"count":0,"href":"http:\/\/vientosur.top\/museo\/wp-json\/wp\/v2\/posts\/16263\/revisions"}],"wp:featuredmedia":[{"embeddable":true,"href":"http:\/\/vientosur.top\/museo\/wp-json\/wp\/v2\/media\/16264"}],"wp:attachment":[{"href":"http:\/\/vientosur.top\/museo\/wp-json\/wp\/v2\/media?parent=16263"}],"wp:term":[{"taxonomy":"category","embeddable":true,"href":"http:\/\/vientosur.top\/museo\/wp-json\/wp\/v2\/categories?post=16263"},{"taxonomy":"post_tag","embeddable":true,"href":"http:\/\/vientosur.top\/museo\/wp-json\/wp\/v2\/tags?post=16263"}],"curies":[{"name":"wp","href":"https:\/\/api.w.org\/{rel}","templated":true}]}}