{"id":16283,"date":"2018-09-06T08:11:16","date_gmt":"2018-09-06T13:11:16","guid":{"rendered":"http:\/\/vientosur.top\/museo\/?p=16283"},"modified":"2018-09-06T08:11:16","modified_gmt":"2018-09-06T13:11:16","slug":"reserva-entrada-gratis-pedro-urdemales-la-vendedora-globos","status":"publish","type":"post","link":"http:\/\/vientosur.top\/museo\/reserva-entrada-gratis-pedro-urdemales-la-vendedora-globos\/","title":{"rendered":"\u00abPedro Urdemales y la vendedora de globos\u00bb se present\u00f3 en el Ciclo de Teatro de T\u00edteres del Museo Violeta Parra"},"content":{"rendered":"<p><a href=\"http:\/\/vientosur.top\/museo\/wp-content\/uploads\/2018\/08\/Pedro-y-Panchita-1.jpg\"><img fetchpriority=\"high\" decoding=\"async\" class=\"alignnone wp-image-16234 size-large\" src=\"http:\/\/vientosur.top\/museo\/wp-content\/uploads\/2018\/08\/Pedro-y-Panchita-1-768x1024.jpg\" alt=\"\" width=\"768\" height=\"1024\" srcset=\"http:\/\/vientosur.top\/museo\/wp-content\/uploads\/2018\/08\/Pedro-y-Panchita-1-768x1024.jpg 768w, http:\/\/vientosur.top\/museo\/wp-content\/uploads\/2018\/08\/Pedro-y-Panchita-1-600x800.jpg 600w, http:\/\/vientosur.top\/museo\/wp-content\/uploads\/2018\/08\/Pedro-y-Panchita-1-225x300.jpg 225w, http:\/\/vientosur.top\/museo\/wp-content\/uploads\/2018\/08\/Pedro-y-Panchita-1-1152x1536.jpg 1152w, http:\/\/vientosur.top\/museo\/wp-content\/uploads\/2018\/08\/Pedro-y-Panchita-1.jpg 1200w\" sizes=\"(max-width: 768px) 100vw, 768px\" \/><\/a><\/p>\n<p>Pedro Urdemales es un personaje de la picaresca espa\u00f1ola inmortalizado por Cervantes en \u201cLa Comedia de Pedro Urdemales\u201d y transculturizado a Am\u00e9rica del Sur. Las correr\u00edas de este p\u00edcaro protagonizan a\u00fan hoy relatos que circulan entre campesinos de muchos pa\u00edses sudamericanos, especialmente en Chile, Argentina y Uruguay.<\/p>\n<p>En la segunda fecha del Ciclo de Teatro de T\u00edteres del Museo Violeta Parra, la Compa\u00f1\u00eda de Teatro Tradicional de T\u00edteres de Chile present\u00f3 \u00abPedro Urdemales y la vendedora de globos\u201d.<\/p>\n<p>El Teatro Tradicional de T\u00edteres de Chile fue fundado por Jaime Mor\u00e1n Briones y Luisa Morales Donoso, ambos formados en la Escuela de Teatro de la Universidad de Chile (1956-1962). Emprende su labor en 1958, llevando sus espect\u00e1culos por toda la geograf\u00eda nacional y recopilando cuentos de la tradici\u00f3n oral para luego ser representados a trav\u00e9s de los mu\u00f1ecos. Su extensa trayectoria durante todos estos a\u00f1os abarca representaciones y talleres en colegios, salas de teatros, centros culturales, plazas p\u00fablicas. Giras por Chile y el resto de Latinoam\u00e9rica, Espa\u00f1a e Italia. Temporadas en televisi\u00f3n chilena y espa\u00f1ola.<\/p>\n<p>&nbsp;<\/p>\n<p><strong>\u00abPedro Urdemales y la vendedora de globos\u00bb<br \/>\nDomingo 9 de septiembre \/ 12:00 horas \/ Sala Antar<br \/>\n<\/strong><\/p>\n<p>&nbsp;<\/p>\n<p>&nbsp;<\/p>\n","protected":false},"excerpt":{"rendered":"<p>Pedro Urdemales es un personaje de la picaresca espa\u00f1ola inmortalizado por Cervantes en \u201cLa Comedia de Pedro Urdemales\u201d y transculturizado a Am\u00e9rica del Sur. Las correr\u00edas de este p\u00edcaro protagonizan a\u00fan hoy relatos que circulan entre campesinos de muchos pa\u00edses sudamericanos, especialmente en Chile, Argentina y Uruguay. En la segunda fecha del Ciclo de Teatro [&hellip;]<\/p>\n","protected":false},"author":5,"featured_media":16234,"comment_status":"open","ping_status":"open","sticky":false,"template":"","format":"standard","meta":{"site-sidebar-layout":"default","site-content-layout":"","ast-site-content-layout":"default","site-content-style":"default","site-sidebar-style":"default","ast-global-header-display":"","ast-banner-title-visibility":"","ast-main-header-display":"","ast-hfb-above-header-display":"","ast-hfb-below-header-display":"","ast-hfb-mobile-header-display":"","site-post-title":"","ast-breadcrumbs-content":"","ast-featured-img":"","footer-sml-layout":"","theme-transparent-header-meta":"","adv-header-id-meta":"","stick-header-meta":"","header-above-stick-meta":"","header-main-stick-meta":"","header-below-stick-meta":"","astra-migrate-meta-layouts":"default","ast-page-background-enabled":"default","ast-page-background-meta":{"desktop":{"background-color":"var(--ast-global-color-4)","background-image":"","background-repeat":"repeat","background-position":"center center","background-size":"auto","background-attachment":"scroll","background-type":"","background-media":"","overlay-type":"","overlay-color":"","overlay-opacity":"","overlay-gradient":""},"tablet":{"background-color":"","background-image":"","background-repeat":"repeat","background-position":"center center","background-size":"auto","background-attachment":"scroll","background-type":"","background-media":"","overlay-type":"","overlay-color":"","overlay-opacity":"","overlay-gradient":""},"mobile":{"background-color":"","background-image":"","background-repeat":"repeat","background-position":"center center","background-size":"auto","background-attachment":"scroll","background-type":"","background-media":"","overlay-type":"","overlay-color":"","overlay-opacity":"","overlay-gradient":""}},"ast-content-background-meta":{"desktop":{"background-color":"var(--ast-global-color-5)","background-image":"","background-repeat":"repeat","background-position":"center center","background-size":"auto","background-attachment":"scroll","background-type":"","background-media":"","overlay-type":"","overlay-color":"","overlay-opacity":"","overlay-gradient":""},"tablet":{"background-color":"var(--ast-global-color-5)","background-image":"","background-repeat":"repeat","background-position":"center center","background-size":"auto","background-attachment":"scroll","background-type":"","background-media":"","overlay-type":"","overlay-color":"","overlay-opacity":"","overlay-gradient":""},"mobile":{"background-color":"var(--ast-global-color-5)","background-image":"","background-repeat":"repeat","background-position":"center center","background-size":"auto","background-attachment":"scroll","background-type":"","background-media":"","overlay-type":"","overlay-color":"","overlay-opacity":"","overlay-gradient":""}},"footnotes":""},"categories":[59,8,61],"tags":[],"class_list":["post-16283","post","type-post","status-publish","format-standard","has-post-thumbnail","hentry","category-destacado-noticia","category-noticias","category-novedades"],"yoast_head":"<!-- This site is optimized with the Yoast SEO plugin v25.4 - https:\/\/yoast.com\/wordpress\/plugins\/seo\/ -->\n<title>&quot;Pedro Urdemales y la vendedora de globos&quot; se present\u00f3 en el Ciclo de Teatro de T\u00edteres del Museo Violeta Parra - Museo Violeta Parra<\/title>\n<meta name=\"robots\" content=\"index, follow, max-snippet:-1, max-image-preview:large, max-video-preview:-1\" \/>\n<link rel=\"canonical\" href=\"http:\/\/vientosur.top\/museo\/reserva-entrada-gratis-pedro-urdemales-la-vendedora-globos\/\" \/>\n<meta property=\"og:locale\" content=\"es_ES\" \/>\n<meta property=\"og:type\" content=\"article\" \/>\n<meta property=\"og:title\" content=\"&quot;Pedro Urdemales y la vendedora de globos&quot; se present\u00f3 en el Ciclo de Teatro de T\u00edteres del Museo Violeta Parra - Museo Violeta Parra\" \/>\n<meta property=\"og:description\" content=\"Pedro Urdemales es un personaje de la picaresca espa\u00f1ola inmortalizado por Cervantes en \u201cLa Comedia de Pedro Urdemales\u201d y transculturizado a Am\u00e9rica del Sur. Las correr\u00edas de este p\u00edcaro protagonizan a\u00fan hoy relatos que circulan entre campesinos de muchos pa\u00edses sudamericanos, especialmente en Chile, Argentina y Uruguay. En la segunda fecha del Ciclo de Teatro [&hellip;]\" \/>\n<meta property=\"og:url\" content=\"http:\/\/vientosur.top\/museo\/reserva-entrada-gratis-pedro-urdemales-la-vendedora-globos\/\" \/>\n<meta property=\"og:site_name\" content=\"Museo Violeta Parra\" \/>\n<meta property=\"article:published_time\" content=\"2018-09-06T13:11:16+00:00\" \/>\n<meta property=\"og:image\" content=\"http:\/\/vientosur.top\/museo\/wp-content\/uploads\/2018\/08\/Pedro-y-Panchita-1.jpg\" \/>\n\t<meta property=\"og:image:width\" content=\"1200\" \/>\n\t<meta property=\"og:image:height\" content=\"1600\" \/>\n\t<meta property=\"og:image:type\" content=\"image\/jpeg\" \/>\n<meta name=\"author\" content=\"admin\" \/>\n<meta name=\"twitter:card\" content=\"summary_large_image\" \/>\n<meta name=\"twitter:label1\" content=\"Escrito por\" \/>\n\t<meta name=\"twitter:data1\" content=\"admin\" \/>\n\t<meta name=\"twitter:label2\" content=\"Tiempo de lectura\" \/>\n\t<meta name=\"twitter:data2\" content=\"1 minuto\" \/>\n<script type=\"application\/ld+json\" class=\"yoast-schema-graph\">{\"@context\":\"https:\/\/schema.org\",\"@graph\":[{\"@type\":\"WebPage\",\"@id\":\"http:\/\/vientosur.top\/museo\/reserva-entrada-gratis-pedro-urdemales-la-vendedora-globos\/\",\"url\":\"http:\/\/vientosur.top\/museo\/reserva-entrada-gratis-pedro-urdemales-la-vendedora-globos\/\",\"name\":\"\\\"Pedro Urdemales y la vendedora de globos\\\" se present\u00f3 en el Ciclo de Teatro de T\u00edteres del Museo Violeta Parra - Museo Violeta Parra\",\"isPartOf\":{\"@id\":\"http:\/\/vientosur.top\/museo\/#website\"},\"primaryImageOfPage\":{\"@id\":\"http:\/\/vientosur.top\/museo\/reserva-entrada-gratis-pedro-urdemales-la-vendedora-globos\/#primaryimage\"},\"image\":{\"@id\":\"http:\/\/vientosur.top\/museo\/reserva-entrada-gratis-pedro-urdemales-la-vendedora-globos\/#primaryimage\"},\"thumbnailUrl\":\"http:\/\/vientosur.top\/museo\/wp-content\/uploads\/2018\/08\/Pedro-y-Panchita-1.jpg\",\"datePublished\":\"2018-09-06T13:11:16+00:00\",\"author\":{\"@id\":\"http:\/\/vientosur.top\/museo\/#\/schema\/person\/20c79d3c38800971feec8c2693c3dd9c\"},\"breadcrumb\":{\"@id\":\"http:\/\/vientosur.top\/museo\/reserva-entrada-gratis-pedro-urdemales-la-vendedora-globos\/#breadcrumb\"},\"inLanguage\":\"es\",\"potentialAction\":[{\"@type\":\"ReadAction\",\"target\":[\"http:\/\/vientosur.top\/museo\/reserva-entrada-gratis-pedro-urdemales-la-vendedora-globos\/\"]}]},{\"@type\":\"ImageObject\",\"inLanguage\":\"es\",\"@id\":\"http:\/\/vientosur.top\/museo\/reserva-entrada-gratis-pedro-urdemales-la-vendedora-globos\/#primaryimage\",\"url\":\"http:\/\/vientosur.top\/museo\/wp-content\/uploads\/2018\/08\/Pedro-y-Panchita-1.jpg\",\"contentUrl\":\"http:\/\/vientosur.top\/museo\/wp-content\/uploads\/2018\/08\/Pedro-y-Panchita-1.jpg\",\"width\":1200,\"height\":1600},{\"@type\":\"BreadcrumbList\",\"@id\":\"http:\/\/vientosur.top\/museo\/reserva-entrada-gratis-pedro-urdemales-la-vendedora-globos\/#breadcrumb\",\"itemListElement\":[{\"@type\":\"ListItem\",\"position\":1,\"name\":\"Portada\",\"item\":\"http:\/\/vientosur.top\/museo\/\"},{\"@type\":\"ListItem\",\"position\":2,\"name\":\"\u00abPedro Urdemales y la vendedora de globos\u00bb se present\u00f3 en el Ciclo de Teatro de T\u00edteres del Museo Violeta Parra\"}]},{\"@type\":\"WebSite\",\"@id\":\"http:\/\/vientosur.top\/museo\/#website\",\"url\":\"http:\/\/vientosur.top\/museo\/\",\"name\":\"Museo Violeta Parra\",\"description\":\"Espacio que alberga tanto la memoria y legado creativo de la artista\",\"potentialAction\":[{\"@type\":\"SearchAction\",\"target\":{\"@type\":\"EntryPoint\",\"urlTemplate\":\"http:\/\/vientosur.top\/museo\/?s={search_term_string}\"},\"query-input\":{\"@type\":\"PropertyValueSpecification\",\"valueRequired\":true,\"valueName\":\"search_term_string\"}}],\"inLanguage\":\"es\"},{\"@type\":\"Person\",\"@id\":\"http:\/\/vientosur.top\/museo\/#\/schema\/person\/20c79d3c38800971feec8c2693c3dd9c\",\"name\":\"admin\",\"image\":{\"@type\":\"ImageObject\",\"inLanguage\":\"es\",\"@id\":\"http:\/\/vientosur.top\/museo\/#\/schema\/person\/image\/\",\"url\":\"https:\/\/secure.gravatar.com\/avatar\/713677ece3ffa642287213a80e5b773bce9ab81c269dd6d95102a990951c922f?s=96&d=mm&r=g\",\"contentUrl\":\"https:\/\/secure.gravatar.com\/avatar\/713677ece3ffa642287213a80e5b773bce9ab81c269dd6d95102a990951c922f?s=96&d=mm&r=g\",\"caption\":\"admin\"},\"sameAs\":[\"http:\/\/vientosur.top\/museo\"],\"url\":\"http:\/\/vientosur.top\/museo\/author\/comunicacionesmvp\/\"}]}<\/script>\n<!-- \/ Yoast SEO plugin. -->","yoast_head_json":{"title":"\"Pedro Urdemales y la vendedora de globos\" se present\u00f3 en el Ciclo de Teatro de T\u00edteres del Museo Violeta Parra - Museo Violeta Parra","robots":{"index":"index","follow":"follow","max-snippet":"max-snippet:-1","max-image-preview":"max-image-preview:large","max-video-preview":"max-video-preview:-1"},"canonical":"http:\/\/vientosur.top\/museo\/reserva-entrada-gratis-pedro-urdemales-la-vendedora-globos\/","og_locale":"es_ES","og_type":"article","og_title":"\"Pedro Urdemales y la vendedora de globos\" se present\u00f3 en el Ciclo de Teatro de T\u00edteres del Museo Violeta Parra - Museo Violeta Parra","og_description":"Pedro Urdemales es un personaje de la picaresca espa\u00f1ola inmortalizado por Cervantes en \u201cLa Comedia de Pedro Urdemales\u201d y transculturizado a Am\u00e9rica del Sur. Las correr\u00edas de este p\u00edcaro protagonizan a\u00fan hoy relatos que circulan entre campesinos de muchos pa\u00edses sudamericanos, especialmente en Chile, Argentina y Uruguay. En la segunda fecha del Ciclo de Teatro [&hellip;]","og_url":"http:\/\/vientosur.top\/museo\/reserva-entrada-gratis-pedro-urdemales-la-vendedora-globos\/","og_site_name":"Museo Violeta Parra","article_published_time":"2018-09-06T13:11:16+00:00","og_image":[{"width":1200,"height":1600,"url":"http:\/\/vientosur.top\/museo\/wp-content\/uploads\/2018\/08\/Pedro-y-Panchita-1.jpg","type":"image\/jpeg"}],"author":"admin","twitter_card":"summary_large_image","twitter_misc":{"Escrito por":"admin","Tiempo de lectura":"1 minuto"},"schema":{"@context":"https:\/\/schema.org","@graph":[{"@type":"WebPage","@id":"http:\/\/vientosur.top\/museo\/reserva-entrada-gratis-pedro-urdemales-la-vendedora-globos\/","url":"http:\/\/vientosur.top\/museo\/reserva-entrada-gratis-pedro-urdemales-la-vendedora-globos\/","name":"\"Pedro Urdemales y la vendedora de globos\" se present\u00f3 en el Ciclo de Teatro de T\u00edteres del Museo Violeta Parra - Museo Violeta Parra","isPartOf":{"@id":"http:\/\/vientosur.top\/museo\/#website"},"primaryImageOfPage":{"@id":"http:\/\/vientosur.top\/museo\/reserva-entrada-gratis-pedro-urdemales-la-vendedora-globos\/#primaryimage"},"image":{"@id":"http:\/\/vientosur.top\/museo\/reserva-entrada-gratis-pedro-urdemales-la-vendedora-globos\/#primaryimage"},"thumbnailUrl":"http:\/\/vientosur.top\/museo\/wp-content\/uploads\/2018\/08\/Pedro-y-Panchita-1.jpg","datePublished":"2018-09-06T13:11:16+00:00","author":{"@id":"http:\/\/vientosur.top\/museo\/#\/schema\/person\/20c79d3c38800971feec8c2693c3dd9c"},"breadcrumb":{"@id":"http:\/\/vientosur.top\/museo\/reserva-entrada-gratis-pedro-urdemales-la-vendedora-globos\/#breadcrumb"},"inLanguage":"es","potentialAction":[{"@type":"ReadAction","target":["http:\/\/vientosur.top\/museo\/reserva-entrada-gratis-pedro-urdemales-la-vendedora-globos\/"]}]},{"@type":"ImageObject","inLanguage":"es","@id":"http:\/\/vientosur.top\/museo\/reserva-entrada-gratis-pedro-urdemales-la-vendedora-globos\/#primaryimage","url":"http:\/\/vientosur.top\/museo\/wp-content\/uploads\/2018\/08\/Pedro-y-Panchita-1.jpg","contentUrl":"http:\/\/vientosur.top\/museo\/wp-content\/uploads\/2018\/08\/Pedro-y-Panchita-1.jpg","width":1200,"height":1600},{"@type":"BreadcrumbList","@id":"http:\/\/vientosur.top\/museo\/reserva-entrada-gratis-pedro-urdemales-la-vendedora-globos\/#breadcrumb","itemListElement":[{"@type":"ListItem","position":1,"name":"Portada","item":"http:\/\/vientosur.top\/museo\/"},{"@type":"ListItem","position":2,"name":"\u00abPedro Urdemales y la vendedora de globos\u00bb se present\u00f3 en el Ciclo de Teatro de T\u00edteres del Museo Violeta Parra"}]},{"@type":"WebSite","@id":"http:\/\/vientosur.top\/museo\/#website","url":"http:\/\/vientosur.top\/museo\/","name":"Museo Violeta Parra","description":"Espacio que alberga tanto la memoria y legado creativo de la artista","potentialAction":[{"@type":"SearchAction","target":{"@type":"EntryPoint","urlTemplate":"http:\/\/vientosur.top\/museo\/?s={search_term_string}"},"query-input":{"@type":"PropertyValueSpecification","valueRequired":true,"valueName":"search_term_string"}}],"inLanguage":"es"},{"@type":"Person","@id":"http:\/\/vientosur.top\/museo\/#\/schema\/person\/20c79d3c38800971feec8c2693c3dd9c","name":"admin","image":{"@type":"ImageObject","inLanguage":"es","@id":"http:\/\/vientosur.top\/museo\/#\/schema\/person\/image\/","url":"https:\/\/secure.gravatar.com\/avatar\/713677ece3ffa642287213a80e5b773bce9ab81c269dd6d95102a990951c922f?s=96&d=mm&r=g","contentUrl":"https:\/\/secure.gravatar.com\/avatar\/713677ece3ffa642287213a80e5b773bce9ab81c269dd6d95102a990951c922f?s=96&d=mm&r=g","caption":"admin"},"sameAs":["http:\/\/vientosur.top\/museo"],"url":"http:\/\/vientosur.top\/museo\/author\/comunicacionesmvp\/"}]}},"_links":{"self":[{"href":"http:\/\/vientosur.top\/museo\/wp-json\/wp\/v2\/posts\/16283","targetHints":{"allow":["GET"]}}],"collection":[{"href":"http:\/\/vientosur.top\/museo\/wp-json\/wp\/v2\/posts"}],"about":[{"href":"http:\/\/vientosur.top\/museo\/wp-json\/wp\/v2\/types\/post"}],"author":[{"embeddable":true,"href":"http:\/\/vientosur.top\/museo\/wp-json\/wp\/v2\/users\/5"}],"replies":[{"embeddable":true,"href":"http:\/\/vientosur.top\/museo\/wp-json\/wp\/v2\/comments?post=16283"}],"version-history":[{"count":0,"href":"http:\/\/vientosur.top\/museo\/wp-json\/wp\/v2\/posts\/16283\/revisions"}],"wp:featuredmedia":[{"embeddable":true,"href":"http:\/\/vientosur.top\/museo\/wp-json\/wp\/v2\/media\/16234"}],"wp:attachment":[{"href":"http:\/\/vientosur.top\/museo\/wp-json\/wp\/v2\/media?parent=16283"}],"wp:term":[{"taxonomy":"category","embeddable":true,"href":"http:\/\/vientosur.top\/museo\/wp-json\/wp\/v2\/categories?post=16283"},{"taxonomy":"post_tag","embeddable":true,"href":"http:\/\/vientosur.top\/museo\/wp-json\/wp\/v2\/tags?post=16283"}],"curies":[{"name":"wp","href":"https:\/\/api.w.org\/{rel}","templated":true}]}}