{"id":16292,"date":"2018-09-06T08:34:21","date_gmt":"2018-09-06T13:34:21","guid":{"rendered":"http:\/\/vientosur.top\/museo\/?p=16292"},"modified":"2018-09-06T08:34:21","modified_gmt":"2018-09-06T13:34:21","slug":"museo-violeta-parra-celebra-septiembre-programacion-especial","status":"publish","type":"post","link":"http:\/\/vientosur.top\/museo\/museo-violeta-parra-celebra-septiembre-programacion-especial\/","title":{"rendered":"Museo Violeta Parra celebra septiembre con programaci\u00f3n especial"},"content":{"rendered":"<p><em>Septiembre es un mes para celebrar en el Museo Violeta Parra. Cada fin de semana, la instituci\u00f3n que conserva el legado de la artista, ofrecer\u00e1 recitales,\u00a0\u00a0teatro, charlas, documentales y visitas mediadas.<br \/>\n<\/em><br \/>\nYa se respiran las fiestas patrias en el Museo Violeta Parra. Las presentaciones de las agrupaciones La Gallera y Mano a Mano, el primer fin de semana de septiembre, le dieron la bienvenida a un mes cargado de m\u00fasica y celebraciones en la casa de Violeta.<\/p>\n<p>Pero ese fue solo el comienzo, ya que los festejos seguir\u00e1n todo el mes. El<a href=\"http:\/\/vientosur.top\/museo\/actividades\/actividad\/legado-margot-loyola-cuncumen\/\" target=\"_blank\" rel=\"noopener noreferrer\"> Conjunto\u00a0Cuncum\u00e9n\u00a0le rendir\u00e1 un homenaje a su maestra Margot Loyola Palacios<\/a> el s\u00e1bado 8 de septiembre a las 16:00 horas. En el marco de las celebraciones por los 100 a\u00f1os del natalicio de la folclorista, la agrupaci\u00f3n dar\u00e1 a conocer, a trav\u00e9s de un recital, la profunda relaci\u00f3n que mantuvo con ella desde 1955.<\/p>\n<p><a href=\"http:\/\/vientosur.top\/museo\/wp-content\/uploads\/2018\/08\/cuncumen.jpg\"><img fetchpriority=\"high\" decoding=\"async\" class=\"alignnone wp-image-16140 size-large\" src=\"http:\/\/vientosur.top\/museo\/wp-content\/uploads\/2018\/08\/cuncumen-1024x682.jpg\" alt=\"\" width=\"840\" height=\"559\" \/><\/a><\/p>\n<p>\u201cMargot est\u00e1 aqu\u00ed, presente entre nosotros y nosotras. Seguiremos haciendo el canto y danza de la zona central de nuestro pa\u00eds que ella tan generosamente nos fue entregando hasta los \u00faltimos a\u00f1os de su vida. Porque somos los depositarios y tambi\u00e9n responsables de cuidar este patrimonio\u201d, explica Gabriela Campa\u00f1a, integrante de Cuncum\u00e9n.<\/p>\n<p>El p\u00fablico familiar tambi\u00e9n tendr\u00e1 oportunidad de disfrutar de panoramas gratuitos, con la segunda funci\u00f3n del <a href=\"http:\/\/vientosur.top\/museo\/actividades\/actividad\/teatro-titeres-aventuras-pedro-urdemales\/\" target=\"_blank\" rel=\"noopener noreferrer\">Ciclo Teatro de T\u00edteres\u00a0y la presentaci\u00f3n de la obra \u201cPedro Urdemales y la vendedora de globos\u201d,<\/a> de la Compa\u00f1\u00eda de Teatro Tradicional de T\u00edteres de Chile.<\/p>\n<p>La historia de este p\u00edcaro personaje- popular entre campesinos de muchos pa\u00edses sudamericanos, especialmente en Chile, Argentina y Uruguay- llegar\u00e1 a la Sala Antar del museo al mediod\u00eda del domingo 9 de septiembre.<\/p>\n<p><a href=\"http:\/\/vientosur.top\/museo\/wp-content\/uploads\/2018\/08\/purascuecased.jpg\"><img decoding=\"async\" class=\"alignnone wp-image-16151 size-large\" src=\"http:\/\/vientosur.top\/museo\/wp-content\/uploads\/2018\/08\/purascuecased-1024x926.jpg\" alt=\"\" width=\"840\" height=\"760\" \/><\/a><\/p>\n<p><strong>Puras cuecas<\/strong><\/p>\n<p>La cueca, la gran protagonista de este mes, volver\u00e1 a tener un fin de semana entero dedicado a ella. Para darle comienzo oficial al gran fin de semana de fiestas patrias, <a href=\"http:\/\/vientosur.top\/museo\/actividades\/actividad\/puras-cuecas-isabel-parra-tita-parra-vivo\/\" target=\"_blank\" rel=\"noopener noreferrer\">Isabel Parra y Tita Parra presentar\u00e1n en vivo el \u00e1lbum\u00a0 \u201cPuras cuecas\u201d.<\/a><\/p>\n<p>\u201cCueca del balance\u201d, \u201cUn viejo me pidi\u00f3 un beso\u201d, \u201cVen ac\u00e1, regalo m\u00edo\u201d, \u201cCueca de los picaos\u201d y \u201cLos pueblos americanos\u201d, son algunas de las canciones que sonar\u00e1n en la Sala Antar del museo el s\u00e1bado 15 de septiembre a las 16:00 horas.<\/p>\n<p>Un d\u00eda despu\u00e9s, el domingo 16, Isabel y Tita volver\u00e1n a encontrarse con el p\u00fablico en el <a href=\"http:\/\/vientosur.top\/museo\/actividades\/actividad\/septiembre-cuecas-victor-jara-isabel-parra-vivo\/\" target=\"_blank\" rel=\"noopener noreferrer\">recital \u201cSeptiembre con cuecas de V\u00edctor Jara\u201d,<\/a> donde interpretar\u00e1n diversas canciones del artista, a quien recordar\u00e1n en el marco del mes de su nacimiento (28 de septiembre de 1932).<\/p>\n<p>El comienzo de la primavera traer\u00e1 m\u00e1s m\u00fasica al recinto ubicado a pasos de la Plaza Italia. Los Santiaguinos,\u00a0\u00a0agrupaci\u00f3n pionera en retomar la cueca urbana durante la d\u00e9cada de los noventa, celebrar\u00e1n sus 20 a\u00f1os de trayectoria en la \u201ccasa de Violeta\u201d.<\/p>\n<p>El s\u00e1bado 22 de septiembre <a href=\"http:\/\/vientosur.top\/museo\/actividades\/actividad\/los-santiaguinos-presentan-intimo\/\" target=\"_blank\" rel=\"noopener noreferrer\">Los Santiaguinos presentar\u00e1n el\u00a0\u00a0recital \u201c\u00cdntimo\u201d<\/a>, en el que renovar\u00e1n su repertorio e incursionan en diferentes ritmos latinoamericanos, as\u00ed como en la autor\u00eda y composici\u00f3n de la mayor\u00eda de las canciones.<\/p>\n<p><a href=\"http:\/\/vientosur.top\/museo\/wp-content\/uploads\/2018\/08\/lostric.jpg\"><img decoding=\"async\" class=\"alignnone wp-image-16202 size-large\" src=\"http:\/\/vientosur.top\/museo\/wp-content\/uploads\/2018\/08\/lostric-1024x1024.jpg\" alt=\"\" width=\"840\" height=\"840\" \/><\/a><\/p>\n<p>Para cerrar el mes, el s\u00e1bado 29 de septiembre, ser\u00e1 el turno de <a href=\"http:\/\/vientosur.top\/museo\/actividades\/actividad\/los-tricolores-presentan-disco-viva-la-fiesta-chilena\/\" target=\"_blank\" rel=\"noopener noreferrer\">Los Tricolores, quienes presentar\u00e1n en vivo su disco \u201c\u00a1Viva la fiesta chilena!\u201d<\/a>. Herederos de Los Chileneros, el sello distintivo de Los Tricolores est\u00e1 en la fiel y pr\u00e1cticamente id\u00e9ntica reproducci\u00f3n de la chilena brava de los conventillos del siglo XX.<\/p>\n<p>De esta manera, el museo se volver\u00e1 a convertir en un recinto clave en la escena cuequera actual, que atrae a cientos de entusiastas fan\u00e1ticos y fan\u00e1ticas del baile nacional, de su m\u00fasica, letras y pasi\u00f3n.<\/p>\n<p><a href=\"http:\/\/vientosur.top\/museo\/wp-content\/uploads\/2018\/08\/capoeira.jpg\"><img loading=\"lazy\" decoding=\"async\" class=\"alignnone wp-image-16242 size-large\" src=\"http:\/\/vientosur.top\/museo\/wp-content\/uploads\/2018\/08\/capoeira-1024x768.jpg\" alt=\"\" width=\"840\" height=\"630\" \/><\/a><\/p>\n<p><strong>Celebraci\u00f3n sin fronteras<\/strong><\/p>\n<p>Las actividades con que el museo recibir\u00e1 a sus visitantes este mes van m\u00e1s all\u00e1 de las fronteras locales. En septiembre tambi\u00e9n se inaugurar\u00e1 el Ciclo Los Pueblos Americanos, con que el museo celebrar\u00e1 los d\u00edas nacionales de pa\u00edses vecinos.<\/p>\n<p>El ciclo comenzar\u00e1 con un saludo a Brasil, con la <a href=\"http:\/\/vientosur.top\/museo\/actividades\/actividad\/dia-nacional-brasil-capoeira-raca-ciclo-los-pueblos-americanos\/\" target=\"_blank\" rel=\"noopener noreferrer\">presentaci\u00f3n del grupo Capoeira Ra\u00e7a<\/a>. La actividad, organizada junto a la Embajada de Brasil en Chile y el Centro Cultural Brasil Chile, se realizar\u00e1 el domingo 9 de septiembre a las 16:00 horas.<\/p>\n<p><a href=\"http:\/\/vientosur.top\/museo\/wp-content\/uploads\/2018\/08\/giancarlosol.jpg\"><img loading=\"lazy\" decoding=\"async\" class=\"alignnone wp-image-16157 size-large\" src=\"http:\/\/vientosur.top\/museo\/wp-content\/uploads\/2018\/08\/giancarlosol-1024x858.jpg\" alt=\"\" width=\"840\" height=\"704\" \/><\/a><\/p>\n<p>Los ritmos brasile\u00f1os volver\u00e1n a estar presentes\u00a0 con <a href=\"http:\/\/vientosur.top\/museo\/actividades\/actividad\/del-lado-giancarlo-borba-sol-bueno-vivo\/\" target=\"_blank\" rel=\"noopener noreferrer\">\u201cDel lado\u201d<\/a>, espect\u00e1culo que presentar\u00e1 el encuentro de dos artistas de mencionado pa\u00eds \u2013Sol Bueno\u00a0\u00a0y Giancarlo Borba\u2013 y sus miradas acerca de sus memorias afectivas y sonoras, por los caminos de las luchas sociales.<\/p>\n<p>La viola caipira, el handpan, las percusiones, la guitarra y las voces de estos artistas traer\u00e1n a la Sala Antar del Museo toda la sonoridad de Brasil en un concierto \u00fanico el domingo 30 de septiembre.<\/p>\n<p><a href=\"http:\/\/vientosur.top\/museo\/wp-content\/uploads\/2018\/08\/Pebre-y-Terremoto.jpg\"><img loading=\"lazy\" decoding=\"async\" class=\"alignnone wp-image-16187 size-large\" src=\"http:\/\/vientosur.top\/museo\/wp-content\/uploads\/2018\/08\/Pebre-y-Terremoto-1024x681.jpg\" alt=\"\" width=\"840\" height=\"559\" \/><\/a><strong><br \/>\nAro aro aro<\/strong><\/p>\n<p>No todo ser\u00e1 m\u00fasica en septiembre en el Museo Violeta Parra. Otra de las actividades favoritas de los visitantes al museo son los talleres gratuitos que se imparten cada s\u00e1bado. En septiembre la programaci\u00f3n incluye el <a href=\"http:\/\/vientosur.top\/museo\/actividades\/actividad\/taller-confeccion-panuelo-cueca-urbana\/\" target=\"_blank\" rel=\"noopener noreferrer\">Taller de Confecci\u00f3n de Pa\u00f1uelo de Cueca Urbana<\/a> (8 de septiembre), el <a href=\"http:\/\/vientosur.top\/museo\/actividades\/actividad\/taller-elaboracion-pebres-terremoto\/\" target=\"_blank\" rel=\"noopener noreferrer\">Taller de Elaboraci\u00f3n de Pebres y Terremoto<\/a> (15 septiembre),\u00a0\u00a0el <a href=\"http:\/\/vientosur.top\/museo\/actividades\/actividad\/taller-casa-pajaritos\/\" target=\"_blank\" rel=\"noopener noreferrer\">Taller de Casa de Pajaritos<\/a> (22 septiembre) y el <a href=\"http:\/\/vientosur.top\/museo\/actividades\/actividad\/taller-creacion-podcast-audio\/\" target=\"_blank\" rel=\"noopener noreferrer\">Taller de Creaci\u00f3n de Podcast de Audio<\/a> (29 septiembre).<\/p>\n<p>A estas actividades formativas que se imparten de manera gratuita los s\u00e1bados a las 15:00 horas, se suman el <a href=\"http:\/\/vientosur.top\/museo\/actividades\/actividad\/taller-chonchas-neclas\/\" target=\"_blank\" rel=\"noopener noreferrer\">Taller de Chonchas y \u00d1eclas<\/a> y el <a href=\"http:\/\/vientosur.top\/museo\/actividades\/actividad\/taller-chonchas-neclas\/\" target=\"_blank\" rel=\"noopener noreferrer\">Taller de Herramientas de Jardiner\u00eda con Material Reutilizado<\/a>, que se impartir\u00e1n los d\u00edas 20 y 21 de septiembre respectivamente, en el marco de las vacaciones de fiestas patrias.\u00a0\u00a0Todos los talleres son gratuitos, previa reserva llamando al + 56 2 23554648.<\/p>\n<p><a href=\"http:\/\/vientosur.top\/museo\/wp-content\/uploads\/2018\/08\/pupiladeaguila.jpg\"><img loading=\"lazy\" decoding=\"async\" class=\"alignnone wp-image-16115 size-large\" src=\"http:\/\/vientosur.top\/museo\/wp-content\/uploads\/2018\/08\/pupiladeaguila-1024x812.jpg\" alt=\"\" width=\"840\" height=\"666\" \/><\/a><\/p>\n<p>En septiembre tambi\u00e9n habr\u00e1 espacio para las charlas,<a href=\"http:\/\/vientosur.top\/museo\/actividades\/actividad\/francisco-bermejo-obra-fotografica-ciclo-pupila-aguila\/\" target=\"_blank\" rel=\"noopener noreferrer\"> Francisco Bermejo ser\u00e1 el cuarto invitado al Ciclo Pupila de \u00c1guila<\/a>. En el mes de la patria, el 13 de septiembre a las 16:00 horas, el investigador realizar\u00e1 un repaso por su proyecto \u201cA la chilena \u2013 Fotograf\u00edas 2006-2016\u201d, en el que registr\u00f3 lugares emblem\u00e1ticos como La Casa de la Cueca, La Biseca y El Club H\u00edpico, y a maestros del g\u00e9nero como El Baucha y Rafael Cubillos.<\/p>\n<p><a href=\"http:\/\/vientosur.top\/museo\/wp-content\/uploads\/2018\/08\/violetaparratocandoelbombob.jpg\"><img loading=\"lazy\" decoding=\"async\" class=\"size-medium wp-image-16169 alignleft\" src=\"http:\/\/vientosur.top\/museo\/wp-content\/uploads\/2018\/08\/violetaparratocandoelbombob-213x300.jpg\" alt=\"\" width=\"213\" height=\"300\" \/><\/a>Para quienes quieran conocer m\u00e1s detalles sobre <a href=\"http:\/\/vientosur.top\/museo\/actividades\/actividad\/charla-violeta-parra-evolucion-canto-popular\/\" target=\"_blank\" rel=\"noopener noreferrer\">Violeta Parra y su evoluci\u00f3n en el canto popular<\/a>, Milena Rojas Cereceda, Jefa de Colecci\u00f3n y Patrimonio del Museo y nieta de Violeta Parra, realizar\u00e1 una presentaci\u00f3n el martes 25 de septiembre a las 12:00 horas en la Sala Run Run.<\/p>\n<p>Diego del Pozo, director del <a href=\"http:\/\/vientosur.top\/museo\/actividades\/actividad\/documental-cantalao-secuestro-legado-conversatorio-diego-del-pozo\/\" target=\"_blank\" rel=\"noopener noreferrer\">documental \u201cCantalao. El secuestro de un legado\u201d, dialogar\u00e1 con el p\u00fablico luego de la proyecci\u00f3n del filme, que reflexiona en torno al legado del Premio Nobel<\/a>. El realizador participar\u00e1 de un conservatorio con los y las asistentes el domingo 23 de septiembre a las 16:00 horas.<\/p>\n<p>Junto a todas estas actividades gratuitas, cada fin de semana a las 12:00 horas se ofrecer\u00e1n recorridos mediados por el museo de manera gratuita. Para conocer m\u00e1s detalles de la cartelera visita\u00a0<u><a href=\"http:\/\/vientosur.top\/museo\/actividades\u00a0\u00a0\">www.museovioletaparra.cl\/actividades<\/a><\/u><\/p>\n<p>&nbsp;<\/p>\n","protected":false},"excerpt":{"rendered":"<p>Septiembre es un mes para celebrar en el Museo Violeta Parra. Cada fin de semana, la instituci\u00f3n que conserva el legado de la artista, ofrecer\u00e1 recitales,\u00a0\u00a0teatro, charlas, documentales y visitas mediadas. Ya se respiran las fiestas patrias en el Museo Violeta Parra. Las presentaciones de las agrupaciones La Gallera y Mano a Mano, el primer [&hellip;]<\/p>\n","protected":false},"author":5,"featured_media":16308,"comment_status":"open","ping_status":"open","sticky":false,"template":"","format":"standard","meta":{"site-sidebar-layout":"default","site-content-layout":"","ast-site-content-layout":"default","site-content-style":"default","site-sidebar-style":"default","ast-global-header-display":"","ast-banner-title-visibility":"","ast-main-header-display":"","ast-hfb-above-header-display":"","ast-hfb-below-header-display":"","ast-hfb-mobile-header-display":"","site-post-title":"","ast-breadcrumbs-content":"","ast-featured-img":"","footer-sml-layout":"","theme-transparent-header-meta":"","adv-header-id-meta":"","stick-header-meta":"","header-above-stick-meta":"","header-main-stick-meta":"","header-below-stick-meta":"","astra-migrate-meta-layouts":"default","ast-page-background-enabled":"default","ast-page-background-meta":{"desktop":{"background-color":"var(--ast-global-color-4)","background-image":"","background-repeat":"repeat","background-position":"center center","background-size":"auto","background-attachment":"scroll","background-type":"","background-media":"","overlay-type":"","overlay-color":"","overlay-opacity":"","overlay-gradient":""},"tablet":{"background-color":"","background-image":"","background-repeat":"repeat","background-position":"center center","background-size":"auto","background-attachment":"scroll","background-type":"","background-media":"","overlay-type":"","overlay-color":"","overlay-opacity":"","overlay-gradient":""},"mobile":{"background-color":"","background-image":"","background-repeat":"repeat","background-position":"center center","background-size":"auto","background-attachment":"scroll","background-type":"","background-media":"","overlay-type":"","overlay-color":"","overlay-opacity":"","overlay-gradient":""}},"ast-content-background-meta":{"desktop":{"background-color":"var(--ast-global-color-5)","background-image":"","background-repeat":"repeat","background-position":"center center","background-size":"auto","background-attachment":"scroll","background-type":"","background-media":"","overlay-type":"","overlay-color":"","overlay-opacity":"","overlay-gradient":""},"tablet":{"background-color":"var(--ast-global-color-5)","background-image":"","background-repeat":"repeat","background-position":"center center","background-size":"auto","background-attachment":"scroll","background-type":"","background-media":"","overlay-type":"","overlay-color":"","overlay-opacity":"","overlay-gradient":""},"mobile":{"background-color":"var(--ast-global-color-5)","background-image":"","background-repeat":"repeat","background-position":"center center","background-size":"auto","background-attachment":"scroll","background-type":"","background-media":"","overlay-type":"","overlay-color":"","overlay-opacity":"","overlay-gradient":""}},"footnotes":""},"categories":[59,8,61],"tags":[],"class_list":["post-16292","post","type-post","status-publish","format-standard","has-post-thumbnail","hentry","category-destacado-noticia","category-noticias","category-novedades"],"yoast_head":"<!-- This site is optimized with the Yoast SEO plugin v25.4 - https:\/\/yoast.com\/wordpress\/plugins\/seo\/ -->\n<title>Museo Violeta Parra celebra septiembre con programaci\u00f3n especial - Museo Violeta Parra<\/title>\n<meta name=\"robots\" content=\"index, follow, max-snippet:-1, max-image-preview:large, max-video-preview:-1\" \/>\n<link rel=\"canonical\" href=\"http:\/\/vientosur.top\/museo\/museo-violeta-parra-celebra-septiembre-programacion-especial\/\" \/>\n<meta property=\"og:locale\" content=\"es_ES\" \/>\n<meta property=\"og:type\" content=\"article\" \/>\n<meta property=\"og:title\" content=\"Museo Violeta Parra celebra septiembre con programaci\u00f3n especial - Museo Violeta Parra\" \/>\n<meta property=\"og:description\" content=\"Septiembre es un mes para celebrar en el Museo Violeta Parra. Cada fin de semana, la instituci\u00f3n que conserva el legado de la artista, ofrecer\u00e1 recitales,\u00a0\u00a0teatro, charlas, documentales y visitas mediadas. Ya se respiran las fiestas patrias en el Museo Violeta Parra. Las presentaciones de las agrupaciones La Gallera y Mano a Mano, el primer [&hellip;]\" \/>\n<meta property=\"og:url\" content=\"http:\/\/vientosur.top\/museo\/museo-violeta-parra-celebra-septiembre-programacion-especial\/\" \/>\n<meta property=\"og:site_name\" content=\"Museo Violeta Parra\" \/>\n<meta property=\"article:published_time\" content=\"2018-09-06T13:34:21+00:00\" \/>\n<meta property=\"og:image\" content=\"http:\/\/vientosur.top\/museo\/wp-content\/uploads\/2018\/09\/violetabandera.jpg\" \/>\n\t<meta property=\"og:image:width\" content=\"1041\" \/>\n\t<meta property=\"og:image:height\" content=\"1041\" \/>\n\t<meta property=\"og:image:type\" content=\"image\/jpeg\" \/>\n<meta name=\"author\" content=\"admin\" \/>\n<meta name=\"twitter:card\" content=\"summary_large_image\" \/>\n<meta name=\"twitter:label1\" content=\"Escrito por\" \/>\n\t<meta name=\"twitter:data1\" content=\"admin\" \/>\n\t<meta name=\"twitter:label2\" content=\"Tiempo de lectura\" \/>\n\t<meta name=\"twitter:data2\" content=\"6 minutos\" \/>\n<script type=\"application\/ld+json\" class=\"yoast-schema-graph\">{\"@context\":\"https:\/\/schema.org\",\"@graph\":[{\"@type\":\"WebPage\",\"@id\":\"http:\/\/vientosur.top\/museo\/museo-violeta-parra-celebra-septiembre-programacion-especial\/\",\"url\":\"http:\/\/vientosur.top\/museo\/museo-violeta-parra-celebra-septiembre-programacion-especial\/\",\"name\":\"Museo Violeta Parra celebra septiembre con programaci\u00f3n especial - Museo Violeta Parra\",\"isPartOf\":{\"@id\":\"http:\/\/vientosur.top\/museo\/#website\"},\"primaryImageOfPage\":{\"@id\":\"http:\/\/vientosur.top\/museo\/museo-violeta-parra-celebra-septiembre-programacion-especial\/#primaryimage\"},\"image\":{\"@id\":\"http:\/\/vientosur.top\/museo\/museo-violeta-parra-celebra-septiembre-programacion-especial\/#primaryimage\"},\"thumbnailUrl\":\"http:\/\/vientosur.top\/museo\/wp-content\/uploads\/2018\/09\/violetabandera.jpg\",\"datePublished\":\"2018-09-06T13:34:21+00:00\",\"author\":{\"@id\":\"http:\/\/vientosur.top\/museo\/#\/schema\/person\/20c79d3c38800971feec8c2693c3dd9c\"},\"breadcrumb\":{\"@id\":\"http:\/\/vientosur.top\/museo\/museo-violeta-parra-celebra-septiembre-programacion-especial\/#breadcrumb\"},\"inLanguage\":\"es\",\"potentialAction\":[{\"@type\":\"ReadAction\",\"target\":[\"http:\/\/vientosur.top\/museo\/museo-violeta-parra-celebra-septiembre-programacion-especial\/\"]}]},{\"@type\":\"ImageObject\",\"inLanguage\":\"es\",\"@id\":\"http:\/\/vientosur.top\/museo\/museo-violeta-parra-celebra-septiembre-programacion-especial\/#primaryimage\",\"url\":\"http:\/\/vientosur.top\/museo\/wp-content\/uploads\/2018\/09\/violetabandera.jpg\",\"contentUrl\":\"http:\/\/vientosur.top\/museo\/wp-content\/uploads\/2018\/09\/violetabandera.jpg\",\"width\":1041,\"height\":1041},{\"@type\":\"BreadcrumbList\",\"@id\":\"http:\/\/vientosur.top\/museo\/museo-violeta-parra-celebra-septiembre-programacion-especial\/#breadcrumb\",\"itemListElement\":[{\"@type\":\"ListItem\",\"position\":1,\"name\":\"Portada\",\"item\":\"http:\/\/vientosur.top\/museo\/\"},{\"@type\":\"ListItem\",\"position\":2,\"name\":\"Museo Violeta Parra celebra septiembre con programaci\u00f3n especial\"}]},{\"@type\":\"WebSite\",\"@id\":\"http:\/\/vientosur.top\/museo\/#website\",\"url\":\"http:\/\/vientosur.top\/museo\/\",\"name\":\"Museo Violeta Parra\",\"description\":\"Espacio que alberga tanto la memoria y legado creativo de la artista\",\"potentialAction\":[{\"@type\":\"SearchAction\",\"target\":{\"@type\":\"EntryPoint\",\"urlTemplate\":\"http:\/\/vientosur.top\/museo\/?s={search_term_string}\"},\"query-input\":{\"@type\":\"PropertyValueSpecification\",\"valueRequired\":true,\"valueName\":\"search_term_string\"}}],\"inLanguage\":\"es\"},{\"@type\":\"Person\",\"@id\":\"http:\/\/vientosur.top\/museo\/#\/schema\/person\/20c79d3c38800971feec8c2693c3dd9c\",\"name\":\"admin\",\"image\":{\"@type\":\"ImageObject\",\"inLanguage\":\"es\",\"@id\":\"http:\/\/vientosur.top\/museo\/#\/schema\/person\/image\/\",\"url\":\"https:\/\/secure.gravatar.com\/avatar\/713677ece3ffa642287213a80e5b773bce9ab81c269dd6d95102a990951c922f?s=96&d=mm&r=g\",\"contentUrl\":\"https:\/\/secure.gravatar.com\/avatar\/713677ece3ffa642287213a80e5b773bce9ab81c269dd6d95102a990951c922f?s=96&d=mm&r=g\",\"caption\":\"admin\"},\"sameAs\":[\"http:\/\/vientosur.top\/museo\"],\"url\":\"http:\/\/vientosur.top\/museo\/author\/comunicacionesmvp\/\"}]}<\/script>\n<!-- \/ Yoast SEO plugin. -->","yoast_head_json":{"title":"Museo Violeta Parra celebra septiembre con programaci\u00f3n especial - Museo Violeta Parra","robots":{"index":"index","follow":"follow","max-snippet":"max-snippet:-1","max-image-preview":"max-image-preview:large","max-video-preview":"max-video-preview:-1"},"canonical":"http:\/\/vientosur.top\/museo\/museo-violeta-parra-celebra-septiembre-programacion-especial\/","og_locale":"es_ES","og_type":"article","og_title":"Museo Violeta Parra celebra septiembre con programaci\u00f3n especial - Museo Violeta Parra","og_description":"Septiembre es un mes para celebrar en el Museo Violeta Parra. Cada fin de semana, la instituci\u00f3n que conserva el legado de la artista, ofrecer\u00e1 recitales,\u00a0\u00a0teatro, charlas, documentales y visitas mediadas. Ya se respiran las fiestas patrias en el Museo Violeta Parra. Las presentaciones de las agrupaciones La Gallera y Mano a Mano, el primer [&hellip;]","og_url":"http:\/\/vientosur.top\/museo\/museo-violeta-parra-celebra-septiembre-programacion-especial\/","og_site_name":"Museo Violeta Parra","article_published_time":"2018-09-06T13:34:21+00:00","og_image":[{"width":1041,"height":1041,"url":"http:\/\/vientosur.top\/museo\/wp-content\/uploads\/2018\/09\/violetabandera.jpg","type":"image\/jpeg"}],"author":"admin","twitter_card":"summary_large_image","twitter_misc":{"Escrito por":"admin","Tiempo de lectura":"6 minutos"},"schema":{"@context":"https:\/\/schema.org","@graph":[{"@type":"WebPage","@id":"http:\/\/vientosur.top\/museo\/museo-violeta-parra-celebra-septiembre-programacion-especial\/","url":"http:\/\/vientosur.top\/museo\/museo-violeta-parra-celebra-septiembre-programacion-especial\/","name":"Museo Violeta Parra celebra septiembre con programaci\u00f3n especial - Museo Violeta Parra","isPartOf":{"@id":"http:\/\/vientosur.top\/museo\/#website"},"primaryImageOfPage":{"@id":"http:\/\/vientosur.top\/museo\/museo-violeta-parra-celebra-septiembre-programacion-especial\/#primaryimage"},"image":{"@id":"http:\/\/vientosur.top\/museo\/museo-violeta-parra-celebra-septiembre-programacion-especial\/#primaryimage"},"thumbnailUrl":"http:\/\/vientosur.top\/museo\/wp-content\/uploads\/2018\/09\/violetabandera.jpg","datePublished":"2018-09-06T13:34:21+00:00","author":{"@id":"http:\/\/vientosur.top\/museo\/#\/schema\/person\/20c79d3c38800971feec8c2693c3dd9c"},"breadcrumb":{"@id":"http:\/\/vientosur.top\/museo\/museo-violeta-parra-celebra-septiembre-programacion-especial\/#breadcrumb"},"inLanguage":"es","potentialAction":[{"@type":"ReadAction","target":["http:\/\/vientosur.top\/museo\/museo-violeta-parra-celebra-septiembre-programacion-especial\/"]}]},{"@type":"ImageObject","inLanguage":"es","@id":"http:\/\/vientosur.top\/museo\/museo-violeta-parra-celebra-septiembre-programacion-especial\/#primaryimage","url":"http:\/\/vientosur.top\/museo\/wp-content\/uploads\/2018\/09\/violetabandera.jpg","contentUrl":"http:\/\/vientosur.top\/museo\/wp-content\/uploads\/2018\/09\/violetabandera.jpg","width":1041,"height":1041},{"@type":"BreadcrumbList","@id":"http:\/\/vientosur.top\/museo\/museo-violeta-parra-celebra-septiembre-programacion-especial\/#breadcrumb","itemListElement":[{"@type":"ListItem","position":1,"name":"Portada","item":"http:\/\/vientosur.top\/museo\/"},{"@type":"ListItem","position":2,"name":"Museo Violeta Parra celebra septiembre con programaci\u00f3n especial"}]},{"@type":"WebSite","@id":"http:\/\/vientosur.top\/museo\/#website","url":"http:\/\/vientosur.top\/museo\/","name":"Museo Violeta Parra","description":"Espacio que alberga tanto la memoria y legado creativo de la artista","potentialAction":[{"@type":"SearchAction","target":{"@type":"EntryPoint","urlTemplate":"http:\/\/vientosur.top\/museo\/?s={search_term_string}"},"query-input":{"@type":"PropertyValueSpecification","valueRequired":true,"valueName":"search_term_string"}}],"inLanguage":"es"},{"@type":"Person","@id":"http:\/\/vientosur.top\/museo\/#\/schema\/person\/20c79d3c38800971feec8c2693c3dd9c","name":"admin","image":{"@type":"ImageObject","inLanguage":"es","@id":"http:\/\/vientosur.top\/museo\/#\/schema\/person\/image\/","url":"https:\/\/secure.gravatar.com\/avatar\/713677ece3ffa642287213a80e5b773bce9ab81c269dd6d95102a990951c922f?s=96&d=mm&r=g","contentUrl":"https:\/\/secure.gravatar.com\/avatar\/713677ece3ffa642287213a80e5b773bce9ab81c269dd6d95102a990951c922f?s=96&d=mm&r=g","caption":"admin"},"sameAs":["http:\/\/vientosur.top\/museo"],"url":"http:\/\/vientosur.top\/museo\/author\/comunicacionesmvp\/"}]}},"_links":{"self":[{"href":"http:\/\/vientosur.top\/museo\/wp-json\/wp\/v2\/posts\/16292","targetHints":{"allow":["GET"]}}],"collection":[{"href":"http:\/\/vientosur.top\/museo\/wp-json\/wp\/v2\/posts"}],"about":[{"href":"http:\/\/vientosur.top\/museo\/wp-json\/wp\/v2\/types\/post"}],"author":[{"embeddable":true,"href":"http:\/\/vientosur.top\/museo\/wp-json\/wp\/v2\/users\/5"}],"replies":[{"embeddable":true,"href":"http:\/\/vientosur.top\/museo\/wp-json\/wp\/v2\/comments?post=16292"}],"version-history":[{"count":0,"href":"http:\/\/vientosur.top\/museo\/wp-json\/wp\/v2\/posts\/16292\/revisions"}],"wp:featuredmedia":[{"embeddable":true,"href":"http:\/\/vientosur.top\/museo\/wp-json\/wp\/v2\/media\/16308"}],"wp:attachment":[{"href":"http:\/\/vientosur.top\/museo\/wp-json\/wp\/v2\/media?parent=16292"}],"wp:term":[{"taxonomy":"category","embeddable":true,"href":"http:\/\/vientosur.top\/museo\/wp-json\/wp\/v2\/categories?post=16292"},{"taxonomy":"post_tag","embeddable":true,"href":"http:\/\/vientosur.top\/museo\/wp-json\/wp\/v2\/tags?post=16292"}],"curies":[{"name":"wp","href":"https:\/\/api.w.org\/{rel}","templated":true}]}}