{"id":16314,"date":"2018-09-07T09:16:11","date_gmt":"2018-09-07T14:16:11","guid":{"rendered":"http:\/\/vientosur.top\/museo\/?p=16314"},"modified":"2018-09-07T09:16:11","modified_gmt":"2018-09-07T14:16:11","slug":"museo-violeta-parra-llevo-las-cuecas-la-gallera-la-maleta-violeta-al-cmn-til-til-del-sename","status":"publish","type":"post","link":"http:\/\/vientosur.top\/museo\/museo-violeta-parra-llevo-las-cuecas-la-gallera-la-maleta-violeta-al-cmn-til-til-del-sename\/","title":{"rendered":"Museo Violeta Parra llev\u00f3 las cuecas de La Gallera y \u00abLa Maleta de Violeta\u00bb al CMN Til Til del SENAME"},"content":{"rendered":"<p>El equipo del Museo Violeta Parra lleg\u00f3 el jueves 6 de septiembre, junto al grupo La Gallera, hasta el Centro Metropolitano Norte Til Til del Servicio Nacional de Menores. En la actividad, que forma parte del programa \u00abVioleta sin fronteras\u00bb, la agrupaci\u00f3n interpret\u00f3 sus cuecas a los j\u00f3venes residentes del centro.<\/p>\n<p>Cecilia Garc\u00eda-Huidobro, Directora del museo, hizo entrega \u2014junto al equipo del \u00e1rea\u2014 de los materiales para la realizaci\u00f3n de un mural en homenaje a la artista en el marco del proyecto piloto \u00abCanciones que se pintan\u00bb. Esta iniciativa, que se comienza a ejecutar esta semana, se encuentra participando en el Premio Iberoamericano de Educaci\u00f3n en Museos de Ibermuseos.<\/p>\n<p><strong><a href=\"https:\/\/www.facebook.com\/pg\/MuseoVioletaParra\/photos\/?tab=album&amp;album_id=2205405696369506\" target=\"_blank\" rel=\"noopener noreferrer\">Ver galer\u00eda de im\u00e1genes\u00a0<\/a><\/strong><\/p>\n","protected":false},"excerpt":{"rendered":"<p>El equipo del Museo Violeta Parra lleg\u00f3 el jueves 6 de septiembre, junto al grupo La Gallera, hasta el Centro Metropolitano Norte Til Til del Servicio Nacional de Menores. En la actividad, que forma parte del programa \u00abVioleta sin fronteras\u00bb, la agrupaci\u00f3n interpret\u00f3 sus cuecas a los j\u00f3venes residentes del centro. Cecilia Garc\u00eda-Huidobro, Directora del [&hellip;]<\/p>\n","protected":false},"author":5,"featured_media":16315,"comment_status":"open","ping_status":"open","sticky":false,"template":"","format":"standard","meta":{"site-sidebar-layout":"default","site-content-layout":"","ast-site-content-layout":"default","site-content-style":"default","site-sidebar-style":"default","ast-global-header-display":"","ast-banner-title-visibility":"","ast-main-header-display":"","ast-hfb-above-header-display":"","ast-hfb-below-header-display":"","ast-hfb-mobile-header-display":"","site-post-title":"","ast-breadcrumbs-content":"","ast-featured-img":"","footer-sml-layout":"","theme-transparent-header-meta":"","adv-header-id-meta":"","stick-header-meta":"","header-above-stick-meta":"","header-main-stick-meta":"","header-below-stick-meta":"","astra-migrate-meta-layouts":"default","ast-page-background-enabled":"default","ast-page-background-meta":{"desktop":{"background-color":"var(--ast-global-color-4)","background-image":"","background-repeat":"repeat","background-position":"center center","background-size":"auto","background-attachment":"scroll","background-type":"","background-media":"","overlay-type":"","overlay-color":"","overlay-opacity":"","overlay-gradient":""},"tablet":{"background-color":"","background-image":"","background-repeat":"repeat","background-position":"center center","background-size":"auto","background-attachment":"scroll","background-type":"","background-media":"","overlay-type":"","overlay-color":"","overlay-opacity":"","overlay-gradient":""},"mobile":{"background-color":"","background-image":"","background-repeat":"repeat","background-position":"center center","background-size":"auto","background-attachment":"scroll","background-type":"","background-media":"","overlay-type":"","overlay-color":"","overlay-opacity":"","overlay-gradient":""}},"ast-content-background-meta":{"desktop":{"background-color":"var(--ast-global-color-5)","background-image":"","background-repeat":"repeat","background-position":"center center","background-size":"auto","background-attachment":"scroll","background-type":"","background-media":"","overlay-type":"","overlay-color":"","overlay-opacity":"","overlay-gradient":""},"tablet":{"background-color":"var(--ast-global-color-5)","background-image":"","background-repeat":"repeat","background-position":"center center","background-size":"auto","background-attachment":"scroll","background-type":"","background-media":"","overlay-type":"","overlay-color":"","overlay-opacity":"","overlay-gradient":""},"mobile":{"background-color":"var(--ast-global-color-5)","background-image":"","background-repeat":"repeat","background-position":"center center","background-size":"auto","background-attachment":"scroll","background-type":"","background-media":"","overlay-type":"","overlay-color":"","overlay-opacity":"","overlay-gradient":""}},"footnotes":""},"categories":[59,8,61],"tags":[],"class_list":["post-16314","post","type-post","status-publish","format-standard","has-post-thumbnail","hentry","category-destacado-noticia","category-noticias","category-novedades"],"yoast_head":"<!-- This site is optimized with the Yoast SEO plugin v25.4 - https:\/\/yoast.com\/wordpress\/plugins\/seo\/ -->\n<title>Museo Violeta Parra llev\u00f3 las cuecas de La Gallera y &quot;La Maleta de Violeta&quot; al CMN Til Til del SENAME - Museo Violeta Parra<\/title>\n<meta name=\"robots\" content=\"index, follow, max-snippet:-1, max-image-preview:large, max-video-preview:-1\" \/>\n<link rel=\"canonical\" href=\"http:\/\/vientosur.top\/museo\/museo-violeta-parra-llevo-las-cuecas-la-gallera-la-maleta-violeta-al-cmn-til-til-del-sename\/\" \/>\n<meta property=\"og:locale\" content=\"es_ES\" \/>\n<meta property=\"og:type\" content=\"article\" \/>\n<meta property=\"og:title\" content=\"Museo Violeta Parra llev\u00f3 las cuecas de La Gallera y &quot;La Maleta de Violeta&quot; al CMN Til Til del SENAME - Museo Violeta Parra\" \/>\n<meta property=\"og:description\" content=\"El equipo del Museo Violeta Parra lleg\u00f3 el jueves 6 de septiembre, junto al grupo La Gallera, hasta el Centro Metropolitano Norte Til Til del Servicio Nacional de Menores. En la actividad, que forma parte del programa \u00abVioleta sin fronteras\u00bb, la agrupaci\u00f3n interpret\u00f3 sus cuecas a los j\u00f3venes residentes del centro. Cecilia Garc\u00eda-Huidobro, Directora del [&hellip;]\" \/>\n<meta property=\"og:url\" content=\"http:\/\/vientosur.top\/museo\/museo-violeta-parra-llevo-las-cuecas-la-gallera-la-maleta-violeta-al-cmn-til-til-del-sename\/\" \/>\n<meta property=\"og:site_name\" content=\"Museo Violeta Parra\" \/>\n<meta property=\"article:published_time\" content=\"2018-09-07T14:16:11+00:00\" \/>\n<meta property=\"og:image\" content=\"http:\/\/vientosur.top\/museo\/wp-content\/uploads\/2018\/09\/DSC_3865-scaled.jpg\" \/>\n\t<meta property=\"og:image:width\" content=\"2560\" \/>\n\t<meta property=\"og:image:height\" content=\"1702\" \/>\n\t<meta property=\"og:image:type\" content=\"image\/jpeg\" \/>\n<meta name=\"author\" content=\"admin\" \/>\n<meta name=\"twitter:card\" content=\"summary_large_image\" \/>\n<meta name=\"twitter:label1\" content=\"Escrito por\" \/>\n\t<meta name=\"twitter:data1\" content=\"admin\" \/>\n\t<meta name=\"twitter:label2\" content=\"Tiempo de lectura\" \/>\n\t<meta name=\"twitter:data2\" content=\"1 minuto\" \/>\n<script type=\"application\/ld+json\" class=\"yoast-schema-graph\">{\"@context\":\"https:\/\/schema.org\",\"@graph\":[{\"@type\":\"WebPage\",\"@id\":\"http:\/\/vientosur.top\/museo\/museo-violeta-parra-llevo-las-cuecas-la-gallera-la-maleta-violeta-al-cmn-til-til-del-sename\/\",\"url\":\"http:\/\/vientosur.top\/museo\/museo-violeta-parra-llevo-las-cuecas-la-gallera-la-maleta-violeta-al-cmn-til-til-del-sename\/\",\"name\":\"Museo Violeta Parra llev\u00f3 las cuecas de La Gallera y \\\"La Maleta de Violeta\\\" al CMN Til Til del SENAME - Museo Violeta Parra\",\"isPartOf\":{\"@id\":\"http:\/\/vientosur.top\/museo\/#website\"},\"primaryImageOfPage\":{\"@id\":\"http:\/\/vientosur.top\/museo\/museo-violeta-parra-llevo-las-cuecas-la-gallera-la-maleta-violeta-al-cmn-til-til-del-sename\/#primaryimage\"},\"image\":{\"@id\":\"http:\/\/vientosur.top\/museo\/museo-violeta-parra-llevo-las-cuecas-la-gallera-la-maleta-violeta-al-cmn-til-til-del-sename\/#primaryimage\"},\"thumbnailUrl\":\"http:\/\/vientosur.top\/museo\/wp-content\/uploads\/2018\/09\/DSC_3865-scaled.jpg\",\"datePublished\":\"2018-09-07T14:16:11+00:00\",\"author\":{\"@id\":\"http:\/\/vientosur.top\/museo\/#\/schema\/person\/20c79d3c38800971feec8c2693c3dd9c\"},\"breadcrumb\":{\"@id\":\"http:\/\/vientosur.top\/museo\/museo-violeta-parra-llevo-las-cuecas-la-gallera-la-maleta-violeta-al-cmn-til-til-del-sename\/#breadcrumb\"},\"inLanguage\":\"es\",\"potentialAction\":[{\"@type\":\"ReadAction\",\"target\":[\"http:\/\/vientosur.top\/museo\/museo-violeta-parra-llevo-las-cuecas-la-gallera-la-maleta-violeta-al-cmn-til-til-del-sename\/\"]}]},{\"@type\":\"ImageObject\",\"inLanguage\":\"es\",\"@id\":\"http:\/\/vientosur.top\/museo\/museo-violeta-parra-llevo-las-cuecas-la-gallera-la-maleta-violeta-al-cmn-til-til-del-sename\/#primaryimage\",\"url\":\"http:\/\/vientosur.top\/museo\/wp-content\/uploads\/2018\/09\/DSC_3865-scaled.jpg\",\"contentUrl\":\"http:\/\/vientosur.top\/museo\/wp-content\/uploads\/2018\/09\/DSC_3865-scaled.jpg\",\"width\":2560,\"height\":1702},{\"@type\":\"BreadcrumbList\",\"@id\":\"http:\/\/vientosur.top\/museo\/museo-violeta-parra-llevo-las-cuecas-la-gallera-la-maleta-violeta-al-cmn-til-til-del-sename\/#breadcrumb\",\"itemListElement\":[{\"@type\":\"ListItem\",\"position\":1,\"name\":\"Portada\",\"item\":\"http:\/\/vientosur.top\/museo\/\"},{\"@type\":\"ListItem\",\"position\":2,\"name\":\"Museo Violeta Parra llev\u00f3 las cuecas de La Gallera y \u00abLa Maleta de Violeta\u00bb al CMN Til Til del SENAME\"}]},{\"@type\":\"WebSite\",\"@id\":\"http:\/\/vientosur.top\/museo\/#website\",\"url\":\"http:\/\/vientosur.top\/museo\/\",\"name\":\"Museo Violeta Parra\",\"description\":\"Espacio que alberga tanto la memoria y legado creativo de la artista\",\"potentialAction\":[{\"@type\":\"SearchAction\",\"target\":{\"@type\":\"EntryPoint\",\"urlTemplate\":\"http:\/\/vientosur.top\/museo\/?s={search_term_string}\"},\"query-input\":{\"@type\":\"PropertyValueSpecification\",\"valueRequired\":true,\"valueName\":\"search_term_string\"}}],\"inLanguage\":\"es\"},{\"@type\":\"Person\",\"@id\":\"http:\/\/vientosur.top\/museo\/#\/schema\/person\/20c79d3c38800971feec8c2693c3dd9c\",\"name\":\"admin\",\"image\":{\"@type\":\"ImageObject\",\"inLanguage\":\"es\",\"@id\":\"http:\/\/vientosur.top\/museo\/#\/schema\/person\/image\/\",\"url\":\"https:\/\/secure.gravatar.com\/avatar\/713677ece3ffa642287213a80e5b773bce9ab81c269dd6d95102a990951c922f?s=96&d=mm&r=g\",\"contentUrl\":\"https:\/\/secure.gravatar.com\/avatar\/713677ece3ffa642287213a80e5b773bce9ab81c269dd6d95102a990951c922f?s=96&d=mm&r=g\",\"caption\":\"admin\"},\"sameAs\":[\"http:\/\/vientosur.top\/museo\"],\"url\":\"http:\/\/vientosur.top\/museo\/author\/comunicacionesmvp\/\"}]}<\/script>\n<!-- \/ Yoast SEO plugin. -->","yoast_head_json":{"title":"Museo Violeta Parra llev\u00f3 las cuecas de La Gallera y \"La Maleta de Violeta\" al CMN Til Til del SENAME - Museo Violeta Parra","robots":{"index":"index","follow":"follow","max-snippet":"max-snippet:-1","max-image-preview":"max-image-preview:large","max-video-preview":"max-video-preview:-1"},"canonical":"http:\/\/vientosur.top\/museo\/museo-violeta-parra-llevo-las-cuecas-la-gallera-la-maleta-violeta-al-cmn-til-til-del-sename\/","og_locale":"es_ES","og_type":"article","og_title":"Museo Violeta Parra llev\u00f3 las cuecas de La Gallera y \"La Maleta de Violeta\" al CMN Til Til del SENAME - Museo Violeta Parra","og_description":"El equipo del Museo Violeta Parra lleg\u00f3 el jueves 6 de septiembre, junto al grupo La Gallera, hasta el Centro Metropolitano Norte Til Til del Servicio Nacional de Menores. En la actividad, que forma parte del programa \u00abVioleta sin fronteras\u00bb, la agrupaci\u00f3n interpret\u00f3 sus cuecas a los j\u00f3venes residentes del centro. Cecilia Garc\u00eda-Huidobro, Directora del [&hellip;]","og_url":"http:\/\/vientosur.top\/museo\/museo-violeta-parra-llevo-las-cuecas-la-gallera-la-maleta-violeta-al-cmn-til-til-del-sename\/","og_site_name":"Museo Violeta Parra","article_published_time":"2018-09-07T14:16:11+00:00","og_image":[{"width":2560,"height":1702,"url":"http:\/\/vientosur.top\/museo\/wp-content\/uploads\/2018\/09\/DSC_3865-scaled.jpg","type":"image\/jpeg"}],"author":"admin","twitter_card":"summary_large_image","twitter_misc":{"Escrito por":"admin","Tiempo de lectura":"1 minuto"},"schema":{"@context":"https:\/\/schema.org","@graph":[{"@type":"WebPage","@id":"http:\/\/vientosur.top\/museo\/museo-violeta-parra-llevo-las-cuecas-la-gallera-la-maleta-violeta-al-cmn-til-til-del-sename\/","url":"http:\/\/vientosur.top\/museo\/museo-violeta-parra-llevo-las-cuecas-la-gallera-la-maleta-violeta-al-cmn-til-til-del-sename\/","name":"Museo Violeta Parra llev\u00f3 las cuecas de La Gallera y \"La Maleta de Violeta\" al CMN Til Til del SENAME - Museo Violeta Parra","isPartOf":{"@id":"http:\/\/vientosur.top\/museo\/#website"},"primaryImageOfPage":{"@id":"http:\/\/vientosur.top\/museo\/museo-violeta-parra-llevo-las-cuecas-la-gallera-la-maleta-violeta-al-cmn-til-til-del-sename\/#primaryimage"},"image":{"@id":"http:\/\/vientosur.top\/museo\/museo-violeta-parra-llevo-las-cuecas-la-gallera-la-maleta-violeta-al-cmn-til-til-del-sename\/#primaryimage"},"thumbnailUrl":"http:\/\/vientosur.top\/museo\/wp-content\/uploads\/2018\/09\/DSC_3865-scaled.jpg","datePublished":"2018-09-07T14:16:11+00:00","author":{"@id":"http:\/\/vientosur.top\/museo\/#\/schema\/person\/20c79d3c38800971feec8c2693c3dd9c"},"breadcrumb":{"@id":"http:\/\/vientosur.top\/museo\/museo-violeta-parra-llevo-las-cuecas-la-gallera-la-maleta-violeta-al-cmn-til-til-del-sename\/#breadcrumb"},"inLanguage":"es","potentialAction":[{"@type":"ReadAction","target":["http:\/\/vientosur.top\/museo\/museo-violeta-parra-llevo-las-cuecas-la-gallera-la-maleta-violeta-al-cmn-til-til-del-sename\/"]}]},{"@type":"ImageObject","inLanguage":"es","@id":"http:\/\/vientosur.top\/museo\/museo-violeta-parra-llevo-las-cuecas-la-gallera-la-maleta-violeta-al-cmn-til-til-del-sename\/#primaryimage","url":"http:\/\/vientosur.top\/museo\/wp-content\/uploads\/2018\/09\/DSC_3865-scaled.jpg","contentUrl":"http:\/\/vientosur.top\/museo\/wp-content\/uploads\/2018\/09\/DSC_3865-scaled.jpg","width":2560,"height":1702},{"@type":"BreadcrumbList","@id":"http:\/\/vientosur.top\/museo\/museo-violeta-parra-llevo-las-cuecas-la-gallera-la-maleta-violeta-al-cmn-til-til-del-sename\/#breadcrumb","itemListElement":[{"@type":"ListItem","position":1,"name":"Portada","item":"http:\/\/vientosur.top\/museo\/"},{"@type":"ListItem","position":2,"name":"Museo Violeta Parra llev\u00f3 las cuecas de La Gallera y \u00abLa Maleta de Violeta\u00bb al CMN Til Til del SENAME"}]},{"@type":"WebSite","@id":"http:\/\/vientosur.top\/museo\/#website","url":"http:\/\/vientosur.top\/museo\/","name":"Museo Violeta Parra","description":"Espacio que alberga tanto la memoria y legado creativo de la artista","potentialAction":[{"@type":"SearchAction","target":{"@type":"EntryPoint","urlTemplate":"http:\/\/vientosur.top\/museo\/?s={search_term_string}"},"query-input":{"@type":"PropertyValueSpecification","valueRequired":true,"valueName":"search_term_string"}}],"inLanguage":"es"},{"@type":"Person","@id":"http:\/\/vientosur.top\/museo\/#\/schema\/person\/20c79d3c38800971feec8c2693c3dd9c","name":"admin","image":{"@type":"ImageObject","inLanguage":"es","@id":"http:\/\/vientosur.top\/museo\/#\/schema\/person\/image\/","url":"https:\/\/secure.gravatar.com\/avatar\/713677ece3ffa642287213a80e5b773bce9ab81c269dd6d95102a990951c922f?s=96&d=mm&r=g","contentUrl":"https:\/\/secure.gravatar.com\/avatar\/713677ece3ffa642287213a80e5b773bce9ab81c269dd6d95102a990951c922f?s=96&d=mm&r=g","caption":"admin"},"sameAs":["http:\/\/vientosur.top\/museo"],"url":"http:\/\/vientosur.top\/museo\/author\/comunicacionesmvp\/"}]}},"_links":{"self":[{"href":"http:\/\/vientosur.top\/museo\/wp-json\/wp\/v2\/posts\/16314","targetHints":{"allow":["GET"]}}],"collection":[{"href":"http:\/\/vientosur.top\/museo\/wp-json\/wp\/v2\/posts"}],"about":[{"href":"http:\/\/vientosur.top\/museo\/wp-json\/wp\/v2\/types\/post"}],"author":[{"embeddable":true,"href":"http:\/\/vientosur.top\/museo\/wp-json\/wp\/v2\/users\/5"}],"replies":[{"embeddable":true,"href":"http:\/\/vientosur.top\/museo\/wp-json\/wp\/v2\/comments?post=16314"}],"version-history":[{"count":0,"href":"http:\/\/vientosur.top\/museo\/wp-json\/wp\/v2\/posts\/16314\/revisions"}],"wp:featuredmedia":[{"embeddable":true,"href":"http:\/\/vientosur.top\/museo\/wp-json\/wp\/v2\/media\/16315"}],"wp:attachment":[{"href":"http:\/\/vientosur.top\/museo\/wp-json\/wp\/v2\/media?parent=16314"}],"wp:term":[{"taxonomy":"category","embeddable":true,"href":"http:\/\/vientosur.top\/museo\/wp-json\/wp\/v2\/categories?post=16314"},{"taxonomy":"post_tag","embeddable":true,"href":"http:\/\/vientosur.top\/museo\/wp-json\/wp\/v2\/tags?post=16314"}],"curies":[{"name":"wp","href":"https:\/\/api.w.org\/{rel}","templated":true}]}}