{"id":16339,"date":"2018-09-16T10:46:21","date_gmt":"2018-09-16T15:46:21","guid":{"rendered":"http:\/\/vientosur.top\/museo\/?p=16339"},"modified":"2018-09-16T10:46:21","modified_gmt":"2018-09-16T15:46:21","slug":"isabel-parra-tita-parra-celebran-fiestas-patrias-puras-cuecas-este-fin-semana-museo-violeta-parra","status":"publish","type":"post","link":"http:\/\/vientosur.top\/museo\/isabel-parra-tita-parra-celebran-fiestas-patrias-puras-cuecas-este-fin-semana-museo-violeta-parra\/","title":{"rendered":"Isabel Parra y Tita Parra celebraron fiestas patrias con dos recitales en Sala Antar"},"content":{"rendered":"<p><em style=\"font-weight: 400;\">El s\u00e1bado 15 presentaron \u00abPuras cuecas\u00bb y el domingo 16 realizaron un repaso musical y homenaje a\u00a0 por las canciones de V\u00edctor Jara.\u00a0<\/em><\/p>\n<p>Para darle comienzo oficial al gran fin de semana de fiestas patrias,\u00a0<u>Isabel Parra y Tita Parra presentaron en vivo el \u00e1lbum\u00a0 \u201cPuras cuecas<\/u>\u201d, el s\u00e1bado pasado.<\/p>\n<p><a href=\"http:\/\/vientosur.top\/museo\/wp-content\/uploads\/2018\/09\/iparrab.jpg\"><img fetchpriority=\"high\" decoding=\"async\" class=\"alignnone size-large wp-image-16340\" src=\"http:\/\/vientosur.top\/museo\/wp-content\/uploads\/2018\/09\/iparrab-1024x987.jpg\" alt=\"\" width=\"840\" height=\"810\" \/><\/a><\/p>\n<p>Sobre este trabajo discogr\u00e1fico, editado en 2012, Tita Parra explica que \u201cabre los o\u00eddos y diversifica los caminos por donde se puede hacer cueca chilena, desde la casi cueca canci\u00f3n, como\u00a0<em>El desconfiado\u00a0<\/em>de Isabel Parra (1970) o la cueca urbana conversada con acompa\u00f1amiento de banjo, de Payo Grondona\u201d.<\/p>\n<p>\u201cCueca del balance\u201d, \u201cUn viejo me pidi\u00f3 un beso\u201d, \u201cVen ac\u00e1, regalo m\u00edo\u201d, \u201cCueca de los picaos\u201d y \u201cLos pueblos americanos\u201d, son algunas de las canciones que sonaron en la Sala Antar del museo ubicado en\u00a0<a href=\"https:\/\/maps.google.com\/?q=Vicu%C3%B1a+Mackenna+37&amp;entry=gmail&amp;source=g\">Vicu\u00f1a Mackenna 37<\/a>, metro Baquedano.<\/p>\n<p>Un d\u00eda despu\u00e9s, el domingo 16 de septiembre, Isabel y Tita volvieron a encontrarse con el p\u00fablico en el\u00a0<a href=\"http:\/\/vientosur.top\/museo\/actividades\/actividad\/septiembre-cuecas-victor-jara-isabel-parra-vivo\/\" data-saferedirecturl=\"https:\/\/www.google.com\/url?hl=es&amp;q=http:\/\/vientosur.top\/museo\/actividades\/actividad\/septiembre-cuecas-victor-jara-isabel-parra-vivo\/&amp;source=gmail&amp;ust=1536766285834000&amp;usg=AFQjCNHfKEPSOjb9UZZy_cZYmDgqiYoe4w\">recital \u201cSeptiembre\u00a0con cuecas de V\u00edctor Jara\u201d,<\/a>\u00a0en el que interpretaron diversas canciones del artista, a quien homenajearon en el marco del mes de su nacimiento (28 de\u00a0septiembre\u00a0de 1932).<\/p>\n<p>&nbsp;<\/p>\n<p>&nbsp;<\/p>\n","protected":false},"excerpt":{"rendered":"<p>El s\u00e1bado 15 presentaron \u00abPuras cuecas\u00bb y el domingo 16 realizaron un repaso musical y homenaje a\u00a0 por las canciones de V\u00edctor Jara.\u00a0 Para darle comienzo oficial al gran fin de semana de fiestas patrias,\u00a0Isabel Parra y Tita Parra presentaron en vivo el \u00e1lbum\u00a0 \u201cPuras cuecas\u201d, el s\u00e1bado pasado. Sobre este trabajo discogr\u00e1fico, editado en [&hellip;]<\/p>\n","protected":false},"author":5,"featured_media":16395,"comment_status":"open","ping_status":"open","sticky":false,"template":"","format":"standard","meta":{"site-sidebar-layout":"default","site-content-layout":"","ast-site-content-layout":"default","site-content-style":"default","site-sidebar-style":"default","ast-global-header-display":"","ast-banner-title-visibility":"","ast-main-header-display":"","ast-hfb-above-header-display":"","ast-hfb-below-header-display":"","ast-hfb-mobile-header-display":"","site-post-title":"","ast-breadcrumbs-content":"","ast-featured-img":"","footer-sml-layout":"","theme-transparent-header-meta":"","adv-header-id-meta":"","stick-header-meta":"","header-above-stick-meta":"","header-main-stick-meta":"","header-below-stick-meta":"","astra-migrate-meta-layouts":"default","ast-page-background-enabled":"default","ast-page-background-meta":{"desktop":{"background-color":"var(--ast-global-color-4)","background-image":"","background-repeat":"repeat","background-position":"center center","background-size":"auto","background-attachment":"scroll","background-type":"","background-media":"","overlay-type":"","overlay-color":"","overlay-opacity":"","overlay-gradient":""},"tablet":{"background-color":"","background-image":"","background-repeat":"repeat","background-position":"center center","background-size":"auto","background-attachment":"scroll","background-type":"","background-media":"","overlay-type":"","overlay-color":"","overlay-opacity":"","overlay-gradient":""},"mobile":{"background-color":"","background-image":"","background-repeat":"repeat","background-position":"center center","background-size":"auto","background-attachment":"scroll","background-type":"","background-media":"","overlay-type":"","overlay-color":"","overlay-opacity":"","overlay-gradient":""}},"ast-content-background-meta":{"desktop":{"background-color":"var(--ast-global-color-5)","background-image":"","background-repeat":"repeat","background-position":"center center","background-size":"auto","background-attachment":"scroll","background-type":"","background-media":"","overlay-type":"","overlay-color":"","overlay-opacity":"","overlay-gradient":""},"tablet":{"background-color":"var(--ast-global-color-5)","background-image":"","background-repeat":"repeat","background-position":"center center","background-size":"auto","background-attachment":"scroll","background-type":"","background-media":"","overlay-type":"","overlay-color":"","overlay-opacity":"","overlay-gradient":""},"mobile":{"background-color":"var(--ast-global-color-5)","background-image":"","background-repeat":"repeat","background-position":"center center","background-size":"auto","background-attachment":"scroll","background-type":"","background-media":"","overlay-type":"","overlay-color":"","overlay-opacity":"","overlay-gradient":""}},"footnotes":""},"categories":[59,8,61],"tags":[],"class_list":["post-16339","post","type-post","status-publish","format-standard","has-post-thumbnail","hentry","category-destacado-noticia","category-noticias","category-novedades"],"yoast_head":"<!-- This site is optimized with the Yoast SEO plugin v25.4 - https:\/\/yoast.com\/wordpress\/plugins\/seo\/ -->\n<title>Isabel Parra y Tita Parra celebraron fiestas patrias con dos recitales en Sala Antar - Museo Violeta Parra<\/title>\n<meta name=\"robots\" content=\"index, follow, max-snippet:-1, max-image-preview:large, max-video-preview:-1\" \/>\n<link rel=\"canonical\" href=\"http:\/\/vientosur.top\/museo\/isabel-parra-tita-parra-celebran-fiestas-patrias-puras-cuecas-este-fin-semana-museo-violeta-parra\/\" \/>\n<meta property=\"og:locale\" content=\"es_ES\" \/>\n<meta property=\"og:type\" content=\"article\" \/>\n<meta property=\"og:title\" content=\"Isabel Parra y Tita Parra celebraron fiestas patrias con dos recitales en Sala Antar - Museo Violeta Parra\" \/>\n<meta property=\"og:description\" content=\"El s\u00e1bado 15 presentaron \u00abPuras cuecas\u00bb y el domingo 16 realizaron un repaso musical y homenaje a\u00a0 por las canciones de V\u00edctor Jara.\u00a0 Para darle comienzo oficial al gran fin de semana de fiestas patrias,\u00a0Isabel Parra y Tita Parra presentaron en vivo el \u00e1lbum\u00a0 \u201cPuras cuecas\u201d, el s\u00e1bado pasado. Sobre este trabajo discogr\u00e1fico, editado en [&hellip;]\" \/>\n<meta property=\"og:url\" content=\"http:\/\/vientosur.top\/museo\/isabel-parra-tita-parra-celebran-fiestas-patrias-puras-cuecas-este-fin-semana-museo-violeta-parra\/\" \/>\n<meta property=\"og:site_name\" content=\"Museo Violeta Parra\" \/>\n<meta property=\"article:published_time\" content=\"2018-09-16T15:46:21+00:00\" \/>\n<meta property=\"og:image\" content=\"http:\/\/vientosur.top\/museo\/wp-content\/uploads\/2018\/09\/IMG_0863.jpg\" \/>\n\t<meta property=\"og:image:width\" content=\"1920\" \/>\n\t<meta property=\"og:image:height\" content=\"1080\" \/>\n\t<meta property=\"og:image:type\" content=\"image\/jpeg\" \/>\n<meta name=\"author\" content=\"admin\" \/>\n<meta name=\"twitter:card\" content=\"summary_large_image\" \/>\n<meta name=\"twitter:label1\" content=\"Escrito por\" \/>\n\t<meta name=\"twitter:data1\" content=\"admin\" \/>\n\t<meta name=\"twitter:label2\" content=\"Tiempo de lectura\" \/>\n\t<meta name=\"twitter:data2\" content=\"1 minuto\" \/>\n<script type=\"application\/ld+json\" class=\"yoast-schema-graph\">{\"@context\":\"https:\/\/schema.org\",\"@graph\":[{\"@type\":\"WebPage\",\"@id\":\"http:\/\/vientosur.top\/museo\/isabel-parra-tita-parra-celebran-fiestas-patrias-puras-cuecas-este-fin-semana-museo-violeta-parra\/\",\"url\":\"http:\/\/vientosur.top\/museo\/isabel-parra-tita-parra-celebran-fiestas-patrias-puras-cuecas-este-fin-semana-museo-violeta-parra\/\",\"name\":\"Isabel Parra y Tita Parra celebraron fiestas patrias con dos recitales en Sala Antar - Museo Violeta Parra\",\"isPartOf\":{\"@id\":\"http:\/\/vientosur.top\/museo\/#website\"},\"primaryImageOfPage\":{\"@id\":\"http:\/\/vientosur.top\/museo\/isabel-parra-tita-parra-celebran-fiestas-patrias-puras-cuecas-este-fin-semana-museo-violeta-parra\/#primaryimage\"},\"image\":{\"@id\":\"http:\/\/vientosur.top\/museo\/isabel-parra-tita-parra-celebran-fiestas-patrias-puras-cuecas-este-fin-semana-museo-violeta-parra\/#primaryimage\"},\"thumbnailUrl\":\"http:\/\/vientosur.top\/museo\/wp-content\/uploads\/2018\/09\/IMG_0863.jpg\",\"datePublished\":\"2018-09-16T15:46:21+00:00\",\"author\":{\"@id\":\"http:\/\/vientosur.top\/museo\/#\/schema\/person\/20c79d3c38800971feec8c2693c3dd9c\"},\"breadcrumb\":{\"@id\":\"http:\/\/vientosur.top\/museo\/isabel-parra-tita-parra-celebran-fiestas-patrias-puras-cuecas-este-fin-semana-museo-violeta-parra\/#breadcrumb\"},\"inLanguage\":\"es\",\"potentialAction\":[{\"@type\":\"ReadAction\",\"target\":[\"http:\/\/vientosur.top\/museo\/isabel-parra-tita-parra-celebran-fiestas-patrias-puras-cuecas-este-fin-semana-museo-violeta-parra\/\"]}]},{\"@type\":\"ImageObject\",\"inLanguage\":\"es\",\"@id\":\"http:\/\/vientosur.top\/museo\/isabel-parra-tita-parra-celebran-fiestas-patrias-puras-cuecas-este-fin-semana-museo-violeta-parra\/#primaryimage\",\"url\":\"http:\/\/vientosur.top\/museo\/wp-content\/uploads\/2018\/09\/IMG_0863.jpg\",\"contentUrl\":\"http:\/\/vientosur.top\/museo\/wp-content\/uploads\/2018\/09\/IMG_0863.jpg\",\"width\":1920,\"height\":1080},{\"@type\":\"BreadcrumbList\",\"@id\":\"http:\/\/vientosur.top\/museo\/isabel-parra-tita-parra-celebran-fiestas-patrias-puras-cuecas-este-fin-semana-museo-violeta-parra\/#breadcrumb\",\"itemListElement\":[{\"@type\":\"ListItem\",\"position\":1,\"name\":\"Portada\",\"item\":\"http:\/\/vientosur.top\/museo\/\"},{\"@type\":\"ListItem\",\"position\":2,\"name\":\"Isabel Parra y Tita Parra celebraron fiestas patrias con dos recitales en Sala Antar\"}]},{\"@type\":\"WebSite\",\"@id\":\"http:\/\/vientosur.top\/museo\/#website\",\"url\":\"http:\/\/vientosur.top\/museo\/\",\"name\":\"Museo Violeta Parra\",\"description\":\"Espacio que alberga tanto la memoria y legado creativo de la artista\",\"potentialAction\":[{\"@type\":\"SearchAction\",\"target\":{\"@type\":\"EntryPoint\",\"urlTemplate\":\"http:\/\/vientosur.top\/museo\/?s={search_term_string}\"},\"query-input\":{\"@type\":\"PropertyValueSpecification\",\"valueRequired\":true,\"valueName\":\"search_term_string\"}}],\"inLanguage\":\"es\"},{\"@type\":\"Person\",\"@id\":\"http:\/\/vientosur.top\/museo\/#\/schema\/person\/20c79d3c38800971feec8c2693c3dd9c\",\"name\":\"admin\",\"image\":{\"@type\":\"ImageObject\",\"inLanguage\":\"es\",\"@id\":\"http:\/\/vientosur.top\/museo\/#\/schema\/person\/image\/\",\"url\":\"https:\/\/secure.gravatar.com\/avatar\/713677ece3ffa642287213a80e5b773bce9ab81c269dd6d95102a990951c922f?s=96&d=mm&r=g\",\"contentUrl\":\"https:\/\/secure.gravatar.com\/avatar\/713677ece3ffa642287213a80e5b773bce9ab81c269dd6d95102a990951c922f?s=96&d=mm&r=g\",\"caption\":\"admin\"},\"sameAs\":[\"http:\/\/vientosur.top\/museo\"],\"url\":\"http:\/\/vientosur.top\/museo\/author\/comunicacionesmvp\/\"}]}<\/script>\n<!-- \/ Yoast SEO plugin. -->","yoast_head_json":{"title":"Isabel Parra y Tita Parra celebraron fiestas patrias con dos recitales en Sala Antar - Museo Violeta Parra","robots":{"index":"index","follow":"follow","max-snippet":"max-snippet:-1","max-image-preview":"max-image-preview:large","max-video-preview":"max-video-preview:-1"},"canonical":"http:\/\/vientosur.top\/museo\/isabel-parra-tita-parra-celebran-fiestas-patrias-puras-cuecas-este-fin-semana-museo-violeta-parra\/","og_locale":"es_ES","og_type":"article","og_title":"Isabel Parra y Tita Parra celebraron fiestas patrias con dos recitales en Sala Antar - Museo Violeta Parra","og_description":"El s\u00e1bado 15 presentaron \u00abPuras cuecas\u00bb y el domingo 16 realizaron un repaso musical y homenaje a\u00a0 por las canciones de V\u00edctor Jara.\u00a0 Para darle comienzo oficial al gran fin de semana de fiestas patrias,\u00a0Isabel Parra y Tita Parra presentaron en vivo el \u00e1lbum\u00a0 \u201cPuras cuecas\u201d, el s\u00e1bado pasado. Sobre este trabajo discogr\u00e1fico, editado en [&hellip;]","og_url":"http:\/\/vientosur.top\/museo\/isabel-parra-tita-parra-celebran-fiestas-patrias-puras-cuecas-este-fin-semana-museo-violeta-parra\/","og_site_name":"Museo Violeta Parra","article_published_time":"2018-09-16T15:46:21+00:00","og_image":[{"width":1920,"height":1080,"url":"http:\/\/vientosur.top\/museo\/wp-content\/uploads\/2018\/09\/IMG_0863.jpg","type":"image\/jpeg"}],"author":"admin","twitter_card":"summary_large_image","twitter_misc":{"Escrito por":"admin","Tiempo de lectura":"1 minuto"},"schema":{"@context":"https:\/\/schema.org","@graph":[{"@type":"WebPage","@id":"http:\/\/vientosur.top\/museo\/isabel-parra-tita-parra-celebran-fiestas-patrias-puras-cuecas-este-fin-semana-museo-violeta-parra\/","url":"http:\/\/vientosur.top\/museo\/isabel-parra-tita-parra-celebran-fiestas-patrias-puras-cuecas-este-fin-semana-museo-violeta-parra\/","name":"Isabel Parra y Tita Parra celebraron fiestas patrias con dos recitales en Sala Antar - Museo Violeta Parra","isPartOf":{"@id":"http:\/\/vientosur.top\/museo\/#website"},"primaryImageOfPage":{"@id":"http:\/\/vientosur.top\/museo\/isabel-parra-tita-parra-celebran-fiestas-patrias-puras-cuecas-este-fin-semana-museo-violeta-parra\/#primaryimage"},"image":{"@id":"http:\/\/vientosur.top\/museo\/isabel-parra-tita-parra-celebran-fiestas-patrias-puras-cuecas-este-fin-semana-museo-violeta-parra\/#primaryimage"},"thumbnailUrl":"http:\/\/vientosur.top\/museo\/wp-content\/uploads\/2018\/09\/IMG_0863.jpg","datePublished":"2018-09-16T15:46:21+00:00","author":{"@id":"http:\/\/vientosur.top\/museo\/#\/schema\/person\/20c79d3c38800971feec8c2693c3dd9c"},"breadcrumb":{"@id":"http:\/\/vientosur.top\/museo\/isabel-parra-tita-parra-celebran-fiestas-patrias-puras-cuecas-este-fin-semana-museo-violeta-parra\/#breadcrumb"},"inLanguage":"es","potentialAction":[{"@type":"ReadAction","target":["http:\/\/vientosur.top\/museo\/isabel-parra-tita-parra-celebran-fiestas-patrias-puras-cuecas-este-fin-semana-museo-violeta-parra\/"]}]},{"@type":"ImageObject","inLanguage":"es","@id":"http:\/\/vientosur.top\/museo\/isabel-parra-tita-parra-celebran-fiestas-patrias-puras-cuecas-este-fin-semana-museo-violeta-parra\/#primaryimage","url":"http:\/\/vientosur.top\/museo\/wp-content\/uploads\/2018\/09\/IMG_0863.jpg","contentUrl":"http:\/\/vientosur.top\/museo\/wp-content\/uploads\/2018\/09\/IMG_0863.jpg","width":1920,"height":1080},{"@type":"BreadcrumbList","@id":"http:\/\/vientosur.top\/museo\/isabel-parra-tita-parra-celebran-fiestas-patrias-puras-cuecas-este-fin-semana-museo-violeta-parra\/#breadcrumb","itemListElement":[{"@type":"ListItem","position":1,"name":"Portada","item":"http:\/\/vientosur.top\/museo\/"},{"@type":"ListItem","position":2,"name":"Isabel Parra y Tita Parra celebraron fiestas patrias con dos recitales en Sala Antar"}]},{"@type":"WebSite","@id":"http:\/\/vientosur.top\/museo\/#website","url":"http:\/\/vientosur.top\/museo\/","name":"Museo Violeta Parra","description":"Espacio que alberga tanto la memoria y legado creativo de la artista","potentialAction":[{"@type":"SearchAction","target":{"@type":"EntryPoint","urlTemplate":"http:\/\/vientosur.top\/museo\/?s={search_term_string}"},"query-input":{"@type":"PropertyValueSpecification","valueRequired":true,"valueName":"search_term_string"}}],"inLanguage":"es"},{"@type":"Person","@id":"http:\/\/vientosur.top\/museo\/#\/schema\/person\/20c79d3c38800971feec8c2693c3dd9c","name":"admin","image":{"@type":"ImageObject","inLanguage":"es","@id":"http:\/\/vientosur.top\/museo\/#\/schema\/person\/image\/","url":"https:\/\/secure.gravatar.com\/avatar\/713677ece3ffa642287213a80e5b773bce9ab81c269dd6d95102a990951c922f?s=96&d=mm&r=g","contentUrl":"https:\/\/secure.gravatar.com\/avatar\/713677ece3ffa642287213a80e5b773bce9ab81c269dd6d95102a990951c922f?s=96&d=mm&r=g","caption":"admin"},"sameAs":["http:\/\/vientosur.top\/museo"],"url":"http:\/\/vientosur.top\/museo\/author\/comunicacionesmvp\/"}]}},"_links":{"self":[{"href":"http:\/\/vientosur.top\/museo\/wp-json\/wp\/v2\/posts\/16339","targetHints":{"allow":["GET"]}}],"collection":[{"href":"http:\/\/vientosur.top\/museo\/wp-json\/wp\/v2\/posts"}],"about":[{"href":"http:\/\/vientosur.top\/museo\/wp-json\/wp\/v2\/types\/post"}],"author":[{"embeddable":true,"href":"http:\/\/vientosur.top\/museo\/wp-json\/wp\/v2\/users\/5"}],"replies":[{"embeddable":true,"href":"http:\/\/vientosur.top\/museo\/wp-json\/wp\/v2\/comments?post=16339"}],"version-history":[{"count":0,"href":"http:\/\/vientosur.top\/museo\/wp-json\/wp\/v2\/posts\/16339\/revisions"}],"wp:featuredmedia":[{"embeddable":true,"href":"http:\/\/vientosur.top\/museo\/wp-json\/wp\/v2\/media\/16395"}],"wp:attachment":[{"href":"http:\/\/vientosur.top\/museo\/wp-json\/wp\/v2\/media?parent=16339"}],"wp:term":[{"taxonomy":"category","embeddable":true,"href":"http:\/\/vientosur.top\/museo\/wp-json\/wp\/v2\/categories?post=16339"},{"taxonomy":"post_tag","embeddable":true,"href":"http:\/\/vientosur.top\/museo\/wp-json\/wp\/v2\/tags?post=16339"}],"curies":[{"name":"wp","href":"https:\/\/api.w.org\/{rel}","templated":true}]}}