{"id":16361,"date":"2018-09-12T10:21:16","date_gmt":"2018-09-12T15:21:16","guid":{"rendered":"http:\/\/vientosur.top\/museo\/?p=16361"},"modified":"2018-09-12T10:21:16","modified_gmt":"2018-09-12T15:21:16","slug":"francisco-bermejo-repasara-obra-fotografica-torno-la-cueca-este-jueves-museo-violeta-parra","status":"publish","type":"post","link":"http:\/\/vientosur.top\/museo\/francisco-bermejo-repasara-obra-fotografica-torno-la-cueca-este-jueves-museo-violeta-parra\/","title":{"rendered":"Francisco Bermejo present\u00f3 su obra fotogr\u00e1fica en torno a la cueca en el Museo Violeta Parra"},"content":{"rendered":"<p>Francisco Bermejo fue el cuarto invitado al Ciclo Pupila de \u00c1guila, actividad en la que diversos fot\u00f3grafos dan cuenta de su trabajo en torno a la identidad chilena. El jueves \u00a013 de septiembre a las 16:00 horas, el investigador y fot\u00f3grafo\u00a0\u00a0realiz\u00f3 un repaso por su proyecto \u201cA la chilena \u2013 Fotograf\u00edas 2006-2016\u201d.<\/p>\n<p>En este encuentro con el p\u00fablico, Bermejo revel\u00f3 detalles de la investigaci\u00f3n y registro que realiz\u00f3 durante una d\u00e9cada, registrando lugares emblem\u00e1ticos de la escena cuequera, como La Casa de la Cueca, La Biseca y El Club H\u00edpico, y a maestros del g\u00e9nero como El Baucha y Rafael Cubillos. \u201cSer\u00e1 un recorrido fotogr\u00e1fico y sonoro por la cueca. Fueron 10 a\u00f1os de trabajo, de recorridos por Santiago, Valpara\u00edso\u00a0\u00a0y por distintos cultores de la cueca\u201d, adelanta.<\/p>\n<p><a href=\"http:\/\/vientosur.top\/museo\/wp-content\/uploads\/2018\/09\/bermejo01.jpg\"><img fetchpriority=\"high\" decoding=\"async\" class=\"alignnone size-large wp-image-16366\" src=\"http:\/\/vientosur.top\/museo\/wp-content\/uploads\/2018\/09\/bermejo01-1024x812.jpg\" alt=\"\" width=\"840\" height=\"666\" \/><\/a><\/p>\n<p><strong>Sobre el fot\u00f3grafo<\/strong><\/p>\n<p>Francisco Bermejo Justiniano (1972) estudi\u00f3 en la Escuela de Cine de Chile. Ha trabajado como productor y director de varias empresas de producci\u00f3n nacional y actualmente est\u00e1 desarrollando tres documentales: \u00abCantoras de Chile\u00bb, \u00abM\u00fasica de Rapa Nui\u00bb y \u00abAnacoreta\u00bb, cintas que reflejan la l\u00ednea de inter\u00e9s del autor, quien adem\u00e1s es el director de la corporaci\u00f3n sin fines de lucro \u00abVamos Pa\u2019 Chile\u00bb, dedicada a la promoci\u00f3n y difusi\u00f3n del patrimonio chileno y la cultura tradicional.<\/p>\n<p>Bermejo tambi\u00e9n se ha dedicado a la investigaci\u00f3n del folclore chileno y ha producido dos discos: \u00abAs\u00ed fueron las cuecas\u00bb (2012), con m\u00e1s de 30 m\u00fasicos del escenario musical folcl\u00f3rico chileno, y \u00abYo Nac\u00ed para cantar cuecas\u00bb(2014), del cantante chileno Luis Araneda \u00abEl Baucha \u00ab, fallecido en 2014.<\/p>\n<p>Otros de sus trabajos m\u00e1s destacados son las series: \u00abRetratos de oficios 2007-2010\u00bb, \u00abRapa Nui: 1998-2009\u00bb, \u00abCantoras criollas 2011\u00bb,\u00a0 \u00abCirco hoy 2009-2011\u00bb,\u00a0y la edici\u00f3n del libro fotogr\u00e1fico \u00abLa rosa separada\u00bb, junto a los poemas de Pablo Neruda.<\/p>\n<p>&nbsp;<\/p>\n<p><strong>Ciclo Pupila de \u00c1guila: Francisco Bermejo y su obra fotogr\u00e1fica<br \/>\nJueves 13 de septiembre \/ 16:00 horas \/ Sala Antar<br \/>\nAvenida Vicu\u00f1a Mackenna 37\u00a0<\/strong><br \/>\n<strong>Entrada liberada<\/strong><\/p>\n","protected":false},"excerpt":{"rendered":"<p>Francisco Bermejo fue el cuarto invitado al Ciclo Pupila de \u00c1guila, actividad en la que diversos fot\u00f3grafos dan cuenta de su trabajo en torno a la identidad chilena. El jueves \u00a013 de septiembre a las 16:00 horas, el investigador y fot\u00f3grafo\u00a0\u00a0realiz\u00f3 un repaso por su proyecto \u201cA la chilena \u2013 Fotograf\u00edas 2006-2016\u201d. En este encuentro [&hellip;]<\/p>\n","protected":false},"author":5,"featured_media":16383,"comment_status":"open","ping_status":"open","sticky":false,"template":"","format":"standard","meta":{"site-sidebar-layout":"default","site-content-layout":"","ast-site-content-layout":"default","site-content-style":"default","site-sidebar-style":"default","ast-global-header-display":"","ast-banner-title-visibility":"","ast-main-header-display":"","ast-hfb-above-header-display":"","ast-hfb-below-header-display":"","ast-hfb-mobile-header-display":"","site-post-title":"","ast-breadcrumbs-content":"","ast-featured-img":"","footer-sml-layout":"","theme-transparent-header-meta":"","adv-header-id-meta":"","stick-header-meta":"","header-above-stick-meta":"","header-main-stick-meta":"","header-below-stick-meta":"","astra-migrate-meta-layouts":"default","ast-page-background-enabled":"default","ast-page-background-meta":{"desktop":{"background-color":"var(--ast-global-color-4)","background-image":"","background-repeat":"repeat","background-position":"center center","background-size":"auto","background-attachment":"scroll","background-type":"","background-media":"","overlay-type":"","overlay-color":"","overlay-opacity":"","overlay-gradient":""},"tablet":{"background-color":"","background-image":"","background-repeat":"repeat","background-position":"center center","background-size":"auto","background-attachment":"scroll","background-type":"","background-media":"","overlay-type":"","overlay-color":"","overlay-opacity":"","overlay-gradient":""},"mobile":{"background-color":"","background-image":"","background-repeat":"repeat","background-position":"center center","background-size":"auto","background-attachment":"scroll","background-type":"","background-media":"","overlay-type":"","overlay-color":"","overlay-opacity":"","overlay-gradient":""}},"ast-content-background-meta":{"desktop":{"background-color":"var(--ast-global-color-5)","background-image":"","background-repeat":"repeat","background-position":"center center","background-size":"auto","background-attachment":"scroll","background-type":"","background-media":"","overlay-type":"","overlay-color":"","overlay-opacity":"","overlay-gradient":""},"tablet":{"background-color":"var(--ast-global-color-5)","background-image":"","background-repeat":"repeat","background-position":"center center","background-size":"auto","background-attachment":"scroll","background-type":"","background-media":"","overlay-type":"","overlay-color":"","overlay-opacity":"","overlay-gradient":""},"mobile":{"background-color":"var(--ast-global-color-5)","background-image":"","background-repeat":"repeat","background-position":"center center","background-size":"auto","background-attachment":"scroll","background-type":"","background-media":"","overlay-type":"","overlay-color":"","overlay-opacity":"","overlay-gradient":""}},"footnotes":""},"categories":[59,8,61],"tags":[],"class_list":["post-16361","post","type-post","status-publish","format-standard","has-post-thumbnail","hentry","category-destacado-noticia","category-noticias","category-novedades"],"yoast_head":"<!-- This site is optimized with the Yoast SEO plugin v25.4 - https:\/\/yoast.com\/wordpress\/plugins\/seo\/ -->\n<title>Francisco Bermejo present\u00f3 su obra fotogr\u00e1fica en torno a la cueca en el Museo Violeta Parra - Museo Violeta Parra<\/title>\n<meta name=\"robots\" content=\"index, follow, max-snippet:-1, max-image-preview:large, max-video-preview:-1\" \/>\n<link rel=\"canonical\" href=\"http:\/\/vientosur.top\/museo\/francisco-bermejo-repasara-obra-fotografica-torno-la-cueca-este-jueves-museo-violeta-parra\/\" \/>\n<meta property=\"og:locale\" content=\"es_ES\" \/>\n<meta property=\"og:type\" content=\"article\" \/>\n<meta property=\"og:title\" content=\"Francisco Bermejo present\u00f3 su obra fotogr\u00e1fica en torno a la cueca en el Museo Violeta Parra - Museo Violeta Parra\" \/>\n<meta property=\"og:description\" content=\"Francisco Bermejo fue el cuarto invitado al Ciclo Pupila de \u00c1guila, actividad en la que diversos fot\u00f3grafos dan cuenta de su trabajo en torno a la identidad chilena. El jueves \u00a013 de septiembre a las 16:00 horas, el investigador y fot\u00f3grafo\u00a0\u00a0realiz\u00f3 un repaso por su proyecto \u201cA la chilena \u2013 Fotograf\u00edas 2006-2016\u201d. En este encuentro [&hellip;]\" \/>\n<meta property=\"og:url\" content=\"http:\/\/vientosur.top\/museo\/francisco-bermejo-repasara-obra-fotografica-torno-la-cueca-este-jueves-museo-violeta-parra\/\" \/>\n<meta property=\"og:site_name\" content=\"Museo Violeta Parra\" \/>\n<meta property=\"article:published_time\" content=\"2018-09-12T15:21:16+00:00\" \/>\n<meta property=\"og:image\" content=\"http:\/\/vientosur.top\/museo\/wp-content\/uploads\/2018\/09\/berme.jpg\" \/>\n\t<meta property=\"og:image:width\" content=\"1200\" \/>\n\t<meta property=\"og:image:height\" content=\"788\" \/>\n\t<meta property=\"og:image:type\" content=\"image\/jpeg\" \/>\n<meta name=\"author\" content=\"admin\" \/>\n<meta name=\"twitter:card\" content=\"summary_large_image\" \/>\n<meta name=\"twitter:label1\" content=\"Escrito por\" \/>\n\t<meta name=\"twitter:data1\" content=\"admin\" \/>\n\t<meta name=\"twitter:label2\" content=\"Tiempo de lectura\" \/>\n\t<meta name=\"twitter:data2\" content=\"2 minutos\" \/>\n<script type=\"application\/ld+json\" class=\"yoast-schema-graph\">{\"@context\":\"https:\/\/schema.org\",\"@graph\":[{\"@type\":\"WebPage\",\"@id\":\"http:\/\/vientosur.top\/museo\/francisco-bermejo-repasara-obra-fotografica-torno-la-cueca-este-jueves-museo-violeta-parra\/\",\"url\":\"http:\/\/vientosur.top\/museo\/francisco-bermejo-repasara-obra-fotografica-torno-la-cueca-este-jueves-museo-violeta-parra\/\",\"name\":\"Francisco Bermejo present\u00f3 su obra fotogr\u00e1fica en torno a la cueca en el Museo Violeta Parra - Museo Violeta Parra\",\"isPartOf\":{\"@id\":\"http:\/\/vientosur.top\/museo\/#website\"},\"primaryImageOfPage\":{\"@id\":\"http:\/\/vientosur.top\/museo\/francisco-bermejo-repasara-obra-fotografica-torno-la-cueca-este-jueves-museo-violeta-parra\/#primaryimage\"},\"image\":{\"@id\":\"http:\/\/vientosur.top\/museo\/francisco-bermejo-repasara-obra-fotografica-torno-la-cueca-este-jueves-museo-violeta-parra\/#primaryimage\"},\"thumbnailUrl\":\"http:\/\/vientosur.top\/museo\/wp-content\/uploads\/2018\/09\/berme.jpg\",\"datePublished\":\"2018-09-12T15:21:16+00:00\",\"author\":{\"@id\":\"http:\/\/vientosur.top\/museo\/#\/schema\/person\/20c79d3c38800971feec8c2693c3dd9c\"},\"breadcrumb\":{\"@id\":\"http:\/\/vientosur.top\/museo\/francisco-bermejo-repasara-obra-fotografica-torno-la-cueca-este-jueves-museo-violeta-parra\/#breadcrumb\"},\"inLanguage\":\"es\",\"potentialAction\":[{\"@type\":\"ReadAction\",\"target\":[\"http:\/\/vientosur.top\/museo\/francisco-bermejo-repasara-obra-fotografica-torno-la-cueca-este-jueves-museo-violeta-parra\/\"]}]},{\"@type\":\"ImageObject\",\"inLanguage\":\"es\",\"@id\":\"http:\/\/vientosur.top\/museo\/francisco-bermejo-repasara-obra-fotografica-torno-la-cueca-este-jueves-museo-violeta-parra\/#primaryimage\",\"url\":\"http:\/\/vientosur.top\/museo\/wp-content\/uploads\/2018\/09\/berme.jpg\",\"contentUrl\":\"http:\/\/vientosur.top\/museo\/wp-content\/uploads\/2018\/09\/berme.jpg\",\"width\":1200,\"height\":788},{\"@type\":\"BreadcrumbList\",\"@id\":\"http:\/\/vientosur.top\/museo\/francisco-bermejo-repasara-obra-fotografica-torno-la-cueca-este-jueves-museo-violeta-parra\/#breadcrumb\",\"itemListElement\":[{\"@type\":\"ListItem\",\"position\":1,\"name\":\"Portada\",\"item\":\"http:\/\/vientosur.top\/museo\/\"},{\"@type\":\"ListItem\",\"position\":2,\"name\":\"Francisco Bermejo present\u00f3 su obra fotogr\u00e1fica en torno a la cueca en el Museo Violeta Parra\"}]},{\"@type\":\"WebSite\",\"@id\":\"http:\/\/vientosur.top\/museo\/#website\",\"url\":\"http:\/\/vientosur.top\/museo\/\",\"name\":\"Museo Violeta Parra\",\"description\":\"Espacio que alberga tanto la memoria y legado creativo de la artista\",\"potentialAction\":[{\"@type\":\"SearchAction\",\"target\":{\"@type\":\"EntryPoint\",\"urlTemplate\":\"http:\/\/vientosur.top\/museo\/?s={search_term_string}\"},\"query-input\":{\"@type\":\"PropertyValueSpecification\",\"valueRequired\":true,\"valueName\":\"search_term_string\"}}],\"inLanguage\":\"es\"},{\"@type\":\"Person\",\"@id\":\"http:\/\/vientosur.top\/museo\/#\/schema\/person\/20c79d3c38800971feec8c2693c3dd9c\",\"name\":\"admin\",\"image\":{\"@type\":\"ImageObject\",\"inLanguage\":\"es\",\"@id\":\"http:\/\/vientosur.top\/museo\/#\/schema\/person\/image\/\",\"url\":\"https:\/\/secure.gravatar.com\/avatar\/713677ece3ffa642287213a80e5b773bce9ab81c269dd6d95102a990951c922f?s=96&d=mm&r=g\",\"contentUrl\":\"https:\/\/secure.gravatar.com\/avatar\/713677ece3ffa642287213a80e5b773bce9ab81c269dd6d95102a990951c922f?s=96&d=mm&r=g\",\"caption\":\"admin\"},\"sameAs\":[\"http:\/\/vientosur.top\/museo\"],\"url\":\"http:\/\/vientosur.top\/museo\/author\/comunicacionesmvp\/\"}]}<\/script>\n<!-- \/ Yoast SEO plugin. -->","yoast_head_json":{"title":"Francisco Bermejo present\u00f3 su obra fotogr\u00e1fica en torno a la cueca en el Museo Violeta Parra - Museo Violeta Parra","robots":{"index":"index","follow":"follow","max-snippet":"max-snippet:-1","max-image-preview":"max-image-preview:large","max-video-preview":"max-video-preview:-1"},"canonical":"http:\/\/vientosur.top\/museo\/francisco-bermejo-repasara-obra-fotografica-torno-la-cueca-este-jueves-museo-violeta-parra\/","og_locale":"es_ES","og_type":"article","og_title":"Francisco Bermejo present\u00f3 su obra fotogr\u00e1fica en torno a la cueca en el Museo Violeta Parra - Museo Violeta Parra","og_description":"Francisco Bermejo fue el cuarto invitado al Ciclo Pupila de \u00c1guila, actividad en la que diversos fot\u00f3grafos dan cuenta de su trabajo en torno a la identidad chilena. El jueves \u00a013 de septiembre a las 16:00 horas, el investigador y fot\u00f3grafo\u00a0\u00a0realiz\u00f3 un repaso por su proyecto \u201cA la chilena \u2013 Fotograf\u00edas 2006-2016\u201d. En este encuentro [&hellip;]","og_url":"http:\/\/vientosur.top\/museo\/francisco-bermejo-repasara-obra-fotografica-torno-la-cueca-este-jueves-museo-violeta-parra\/","og_site_name":"Museo Violeta Parra","article_published_time":"2018-09-12T15:21:16+00:00","og_image":[{"width":1200,"height":788,"url":"http:\/\/vientosur.top\/museo\/wp-content\/uploads\/2018\/09\/berme.jpg","type":"image\/jpeg"}],"author":"admin","twitter_card":"summary_large_image","twitter_misc":{"Escrito por":"admin","Tiempo de lectura":"2 minutos"},"schema":{"@context":"https:\/\/schema.org","@graph":[{"@type":"WebPage","@id":"http:\/\/vientosur.top\/museo\/francisco-bermejo-repasara-obra-fotografica-torno-la-cueca-este-jueves-museo-violeta-parra\/","url":"http:\/\/vientosur.top\/museo\/francisco-bermejo-repasara-obra-fotografica-torno-la-cueca-este-jueves-museo-violeta-parra\/","name":"Francisco Bermejo present\u00f3 su obra fotogr\u00e1fica en torno a la cueca en el Museo Violeta Parra - Museo Violeta Parra","isPartOf":{"@id":"http:\/\/vientosur.top\/museo\/#website"},"primaryImageOfPage":{"@id":"http:\/\/vientosur.top\/museo\/francisco-bermejo-repasara-obra-fotografica-torno-la-cueca-este-jueves-museo-violeta-parra\/#primaryimage"},"image":{"@id":"http:\/\/vientosur.top\/museo\/francisco-bermejo-repasara-obra-fotografica-torno-la-cueca-este-jueves-museo-violeta-parra\/#primaryimage"},"thumbnailUrl":"http:\/\/vientosur.top\/museo\/wp-content\/uploads\/2018\/09\/berme.jpg","datePublished":"2018-09-12T15:21:16+00:00","author":{"@id":"http:\/\/vientosur.top\/museo\/#\/schema\/person\/20c79d3c38800971feec8c2693c3dd9c"},"breadcrumb":{"@id":"http:\/\/vientosur.top\/museo\/francisco-bermejo-repasara-obra-fotografica-torno-la-cueca-este-jueves-museo-violeta-parra\/#breadcrumb"},"inLanguage":"es","potentialAction":[{"@type":"ReadAction","target":["http:\/\/vientosur.top\/museo\/francisco-bermejo-repasara-obra-fotografica-torno-la-cueca-este-jueves-museo-violeta-parra\/"]}]},{"@type":"ImageObject","inLanguage":"es","@id":"http:\/\/vientosur.top\/museo\/francisco-bermejo-repasara-obra-fotografica-torno-la-cueca-este-jueves-museo-violeta-parra\/#primaryimage","url":"http:\/\/vientosur.top\/museo\/wp-content\/uploads\/2018\/09\/berme.jpg","contentUrl":"http:\/\/vientosur.top\/museo\/wp-content\/uploads\/2018\/09\/berme.jpg","width":1200,"height":788},{"@type":"BreadcrumbList","@id":"http:\/\/vientosur.top\/museo\/francisco-bermejo-repasara-obra-fotografica-torno-la-cueca-este-jueves-museo-violeta-parra\/#breadcrumb","itemListElement":[{"@type":"ListItem","position":1,"name":"Portada","item":"http:\/\/vientosur.top\/museo\/"},{"@type":"ListItem","position":2,"name":"Francisco Bermejo present\u00f3 su obra fotogr\u00e1fica en torno a la cueca en el Museo Violeta Parra"}]},{"@type":"WebSite","@id":"http:\/\/vientosur.top\/museo\/#website","url":"http:\/\/vientosur.top\/museo\/","name":"Museo Violeta Parra","description":"Espacio que alberga tanto la memoria y legado creativo de la artista","potentialAction":[{"@type":"SearchAction","target":{"@type":"EntryPoint","urlTemplate":"http:\/\/vientosur.top\/museo\/?s={search_term_string}"},"query-input":{"@type":"PropertyValueSpecification","valueRequired":true,"valueName":"search_term_string"}}],"inLanguage":"es"},{"@type":"Person","@id":"http:\/\/vientosur.top\/museo\/#\/schema\/person\/20c79d3c38800971feec8c2693c3dd9c","name":"admin","image":{"@type":"ImageObject","inLanguage":"es","@id":"http:\/\/vientosur.top\/museo\/#\/schema\/person\/image\/","url":"https:\/\/secure.gravatar.com\/avatar\/713677ece3ffa642287213a80e5b773bce9ab81c269dd6d95102a990951c922f?s=96&d=mm&r=g","contentUrl":"https:\/\/secure.gravatar.com\/avatar\/713677ece3ffa642287213a80e5b773bce9ab81c269dd6d95102a990951c922f?s=96&d=mm&r=g","caption":"admin"},"sameAs":["http:\/\/vientosur.top\/museo"],"url":"http:\/\/vientosur.top\/museo\/author\/comunicacionesmvp\/"}]}},"_links":{"self":[{"href":"http:\/\/vientosur.top\/museo\/wp-json\/wp\/v2\/posts\/16361","targetHints":{"allow":["GET"]}}],"collection":[{"href":"http:\/\/vientosur.top\/museo\/wp-json\/wp\/v2\/posts"}],"about":[{"href":"http:\/\/vientosur.top\/museo\/wp-json\/wp\/v2\/types\/post"}],"author":[{"embeddable":true,"href":"http:\/\/vientosur.top\/museo\/wp-json\/wp\/v2\/users\/5"}],"replies":[{"embeddable":true,"href":"http:\/\/vientosur.top\/museo\/wp-json\/wp\/v2\/comments?post=16361"}],"version-history":[{"count":0,"href":"http:\/\/vientosur.top\/museo\/wp-json\/wp\/v2\/posts\/16361\/revisions"}],"wp:featuredmedia":[{"embeddable":true,"href":"http:\/\/vientosur.top\/museo\/wp-json\/wp\/v2\/media\/16383"}],"wp:attachment":[{"href":"http:\/\/vientosur.top\/museo\/wp-json\/wp\/v2\/media?parent=16361"}],"wp:term":[{"taxonomy":"category","embeddable":true,"href":"http:\/\/vientosur.top\/museo\/wp-json\/wp\/v2\/categories?post=16361"},{"taxonomy":"post_tag","embeddable":true,"href":"http:\/\/vientosur.top\/museo\/wp-json\/wp\/v2\/tags?post=16361"}],"curies":[{"name":"wp","href":"https:\/\/api.w.org\/{rel}","templated":true}]}}