{"id":16400,"date":"2018-09-20T13:23:59","date_gmt":"2018-09-20T18:23:59","guid":{"rendered":"http:\/\/vientosur.top\/museo\/?p=16400"},"modified":"2018-09-20T13:23:59","modified_gmt":"2018-09-20T18:23:59","slug":"los-santiaguinos-presentan-intimo-este-sabado-museo-violeta-parra","status":"publish","type":"post","link":"http:\/\/vientosur.top\/museo\/los-santiaguinos-presentan-intimo-este-sabado-museo-violeta-parra\/","title":{"rendered":"Los Santiaguinos presentaron \u00ab\u00cdntimo\u00bb en Museo Violeta Parra"},"content":{"rendered":"<p>Los Santiaguinos celebraron sus 20 a\u00f1os de trayectoria con este recital, en el que renovaron su repertorio e incursionaron en diferentes ritmos latinoamericanos, as\u00ed como en la autor\u00eda y composici\u00f3n de la mayor\u00eda de las canciones.<\/p>\n<p>Esta agrupaci\u00f3n est\u00e1 integrada por j\u00f3venes profesionales de diferentes \u00e1reas, 6 m\u00fasicos que han combinado sus actividades cotidianas con la vocaci\u00f3n de perpetuar las tradiciones, plasmando un espect\u00e1culo din\u00e1mico que expresa la fusi\u00f3n perfecta entre cultura y entretenci\u00f3n.<\/p>\n<p>Los Santiaguinos nacieron en 1998 y fueron los primeros en retomar, durante esa d\u00e9cada, la cueca urbana. En 2000 editaron el disco \u201cLa cueca capitalina\u201d y participaron en el documental \u201cLa cueca brava de Nano N\u00fa\u00f1ez\u201d, dirigida por Mario Rojas. Han sido nominados a los premios Altazor, APES y Pulsar.<\/p>\n<p><strong><br \/>\nS\u00e1bado 22 de septiembre \/ 16:00 horas \/ Sala Antar<\/p>\n<p><\/strong><\/p>\n","protected":false},"excerpt":{"rendered":"<p>Los Santiaguinos celebraron sus 20 a\u00f1os de trayectoria con este recital, en el que renovaron su repertorio e incursionaron en diferentes ritmos latinoamericanos, as\u00ed como en la autor\u00eda y composici\u00f3n de la mayor\u00eda de las canciones. Esta agrupaci\u00f3n est\u00e1 integrada por j\u00f3venes profesionales de diferentes \u00e1reas, 6 m\u00fasicos que han combinado sus actividades cotidianas con [&hellip;]<\/p>\n","protected":false},"author":5,"featured_media":16432,"comment_status":"open","ping_status":"open","sticky":false,"template":"","format":"standard","meta":{"site-sidebar-layout":"default","site-content-layout":"","ast-site-content-layout":"default","site-content-style":"default","site-sidebar-style":"default","ast-global-header-display":"","ast-banner-title-visibility":"","ast-main-header-display":"","ast-hfb-above-header-display":"","ast-hfb-below-header-display":"","ast-hfb-mobile-header-display":"","site-post-title":"","ast-breadcrumbs-content":"","ast-featured-img":"","footer-sml-layout":"","theme-transparent-header-meta":"","adv-header-id-meta":"","stick-header-meta":"","header-above-stick-meta":"","header-main-stick-meta":"","header-below-stick-meta":"","astra-migrate-meta-layouts":"default","ast-page-background-enabled":"default","ast-page-background-meta":{"desktop":{"background-color":"var(--ast-global-color-4)","background-image":"","background-repeat":"repeat","background-position":"center center","background-size":"auto","background-attachment":"scroll","background-type":"","background-media":"","overlay-type":"","overlay-color":"","overlay-opacity":"","overlay-gradient":""},"tablet":{"background-color":"","background-image":"","background-repeat":"repeat","background-position":"center center","background-size":"auto","background-attachment":"scroll","background-type":"","background-media":"","overlay-type":"","overlay-color":"","overlay-opacity":"","overlay-gradient":""},"mobile":{"background-color":"","background-image":"","background-repeat":"repeat","background-position":"center center","background-size":"auto","background-attachment":"scroll","background-type":"","background-media":"","overlay-type":"","overlay-color":"","overlay-opacity":"","overlay-gradient":""}},"ast-content-background-meta":{"desktop":{"background-color":"var(--ast-global-color-5)","background-image":"","background-repeat":"repeat","background-position":"center center","background-size":"auto","background-attachment":"scroll","background-type":"","background-media":"","overlay-type":"","overlay-color":"","overlay-opacity":"","overlay-gradient":""},"tablet":{"background-color":"var(--ast-global-color-5)","background-image":"","background-repeat":"repeat","background-position":"center center","background-size":"auto","background-attachment":"scroll","background-type":"","background-media":"","overlay-type":"","overlay-color":"","overlay-opacity":"","overlay-gradient":""},"mobile":{"background-color":"var(--ast-global-color-5)","background-image":"","background-repeat":"repeat","background-position":"center center","background-size":"auto","background-attachment":"scroll","background-type":"","background-media":"","overlay-type":"","overlay-color":"","overlay-opacity":"","overlay-gradient":""}},"footnotes":""},"categories":[59,8,61],"tags":[],"class_list":["post-16400","post","type-post","status-publish","format-standard","has-post-thumbnail","hentry","category-destacado-noticia","category-noticias","category-novedades"],"yoast_head":"<!-- This site is optimized with the Yoast SEO plugin v25.4 - https:\/\/yoast.com\/wordpress\/plugins\/seo\/ -->\n<title>Los Santiaguinos presentaron &quot;\u00cdntimo&quot; en Museo Violeta Parra - Museo Violeta Parra<\/title>\n<meta name=\"robots\" content=\"index, follow, max-snippet:-1, max-image-preview:large, max-video-preview:-1\" \/>\n<link rel=\"canonical\" href=\"http:\/\/vientosur.top\/museo\/los-santiaguinos-presentan-intimo-este-sabado-museo-violeta-parra\/\" \/>\n<meta property=\"og:locale\" content=\"es_ES\" \/>\n<meta property=\"og:type\" content=\"article\" \/>\n<meta property=\"og:title\" content=\"Los Santiaguinos presentaron &quot;\u00cdntimo&quot; en Museo Violeta Parra - Museo Violeta Parra\" \/>\n<meta property=\"og:description\" content=\"Los Santiaguinos celebraron sus 20 a\u00f1os de trayectoria con este recital, en el que renovaron su repertorio e incursionaron en diferentes ritmos latinoamericanos, as\u00ed como en la autor\u00eda y composici\u00f3n de la mayor\u00eda de las canciones. Esta agrupaci\u00f3n est\u00e1 integrada por j\u00f3venes profesionales de diferentes \u00e1reas, 6 m\u00fasicos que han combinado sus actividades cotidianas con [&hellip;]\" \/>\n<meta property=\"og:url\" content=\"http:\/\/vientosur.top\/museo\/los-santiaguinos-presentan-intimo-este-sabado-museo-violeta-parra\/\" \/>\n<meta property=\"og:site_name\" content=\"Museo Violeta Parra\" \/>\n<meta property=\"article:published_time\" content=\"2018-09-20T18:23:59+00:00\" \/>\n<meta property=\"og:image\" content=\"http:\/\/vientosur.top\/museo\/wp-content\/uploads\/2018\/09\/42298558_340127366550730_3364200573892034560_n-scaled.jpg\" \/>\n\t<meta property=\"og:image:width\" content=\"2560\" \/>\n\t<meta property=\"og:image:height\" content=\"1920\" \/>\n\t<meta property=\"og:image:type\" content=\"image\/jpeg\" \/>\n<meta name=\"author\" content=\"admin\" \/>\n<meta name=\"twitter:card\" content=\"summary_large_image\" \/>\n<meta name=\"twitter:label1\" content=\"Escrito por\" \/>\n\t<meta name=\"twitter:data1\" content=\"admin\" \/>\n\t<meta name=\"twitter:label2\" content=\"Tiempo de lectura\" \/>\n\t<meta name=\"twitter:data2\" content=\"1 minuto\" \/>\n<script type=\"application\/ld+json\" class=\"yoast-schema-graph\">{\"@context\":\"https:\/\/schema.org\",\"@graph\":[{\"@type\":\"WebPage\",\"@id\":\"http:\/\/vientosur.top\/museo\/los-santiaguinos-presentan-intimo-este-sabado-museo-violeta-parra\/\",\"url\":\"http:\/\/vientosur.top\/museo\/los-santiaguinos-presentan-intimo-este-sabado-museo-violeta-parra\/\",\"name\":\"Los Santiaguinos presentaron \\\"\u00cdntimo\\\" en Museo Violeta Parra - Museo Violeta Parra\",\"isPartOf\":{\"@id\":\"http:\/\/vientosur.top\/museo\/#website\"},\"primaryImageOfPage\":{\"@id\":\"http:\/\/vientosur.top\/museo\/los-santiaguinos-presentan-intimo-este-sabado-museo-violeta-parra\/#primaryimage\"},\"image\":{\"@id\":\"http:\/\/vientosur.top\/museo\/los-santiaguinos-presentan-intimo-este-sabado-museo-violeta-parra\/#primaryimage\"},\"thumbnailUrl\":\"http:\/\/vientosur.top\/museo\/wp-content\/uploads\/2018\/09\/42298558_340127366550730_3364200573892034560_n-scaled.jpg\",\"datePublished\":\"2018-09-20T18:23:59+00:00\",\"author\":{\"@id\":\"http:\/\/vientosur.top\/museo\/#\/schema\/person\/20c79d3c38800971feec8c2693c3dd9c\"},\"breadcrumb\":{\"@id\":\"http:\/\/vientosur.top\/museo\/los-santiaguinos-presentan-intimo-este-sabado-museo-violeta-parra\/#breadcrumb\"},\"inLanguage\":\"es\",\"potentialAction\":[{\"@type\":\"ReadAction\",\"target\":[\"http:\/\/vientosur.top\/museo\/los-santiaguinos-presentan-intimo-este-sabado-museo-violeta-parra\/\"]}]},{\"@type\":\"ImageObject\",\"inLanguage\":\"es\",\"@id\":\"http:\/\/vientosur.top\/museo\/los-santiaguinos-presentan-intimo-este-sabado-museo-violeta-parra\/#primaryimage\",\"url\":\"http:\/\/vientosur.top\/museo\/wp-content\/uploads\/2018\/09\/42298558_340127366550730_3364200573892034560_n-scaled.jpg\",\"contentUrl\":\"http:\/\/vientosur.top\/museo\/wp-content\/uploads\/2018\/09\/42298558_340127366550730_3364200573892034560_n-scaled.jpg\",\"width\":2560,\"height\":1920},{\"@type\":\"BreadcrumbList\",\"@id\":\"http:\/\/vientosur.top\/museo\/los-santiaguinos-presentan-intimo-este-sabado-museo-violeta-parra\/#breadcrumb\",\"itemListElement\":[{\"@type\":\"ListItem\",\"position\":1,\"name\":\"Portada\",\"item\":\"http:\/\/vientosur.top\/museo\/\"},{\"@type\":\"ListItem\",\"position\":2,\"name\":\"Los Santiaguinos presentaron \u00ab\u00cdntimo\u00bb en Museo Violeta Parra\"}]},{\"@type\":\"WebSite\",\"@id\":\"http:\/\/vientosur.top\/museo\/#website\",\"url\":\"http:\/\/vientosur.top\/museo\/\",\"name\":\"Museo Violeta Parra\",\"description\":\"Espacio que alberga tanto la memoria y legado creativo de la artista\",\"potentialAction\":[{\"@type\":\"SearchAction\",\"target\":{\"@type\":\"EntryPoint\",\"urlTemplate\":\"http:\/\/vientosur.top\/museo\/?s={search_term_string}\"},\"query-input\":{\"@type\":\"PropertyValueSpecification\",\"valueRequired\":true,\"valueName\":\"search_term_string\"}}],\"inLanguage\":\"es\"},{\"@type\":\"Person\",\"@id\":\"http:\/\/vientosur.top\/museo\/#\/schema\/person\/20c79d3c38800971feec8c2693c3dd9c\",\"name\":\"admin\",\"image\":{\"@type\":\"ImageObject\",\"inLanguage\":\"es\",\"@id\":\"http:\/\/vientosur.top\/museo\/#\/schema\/person\/image\/\",\"url\":\"https:\/\/secure.gravatar.com\/avatar\/713677ece3ffa642287213a80e5b773bce9ab81c269dd6d95102a990951c922f?s=96&d=mm&r=g\",\"contentUrl\":\"https:\/\/secure.gravatar.com\/avatar\/713677ece3ffa642287213a80e5b773bce9ab81c269dd6d95102a990951c922f?s=96&d=mm&r=g\",\"caption\":\"admin\"},\"sameAs\":[\"http:\/\/vientosur.top\/museo\"],\"url\":\"http:\/\/vientosur.top\/museo\/author\/comunicacionesmvp\/\"}]}<\/script>\n<!-- \/ Yoast SEO plugin. -->","yoast_head_json":{"title":"Los Santiaguinos presentaron \"\u00cdntimo\" en Museo Violeta Parra - Museo Violeta Parra","robots":{"index":"index","follow":"follow","max-snippet":"max-snippet:-1","max-image-preview":"max-image-preview:large","max-video-preview":"max-video-preview:-1"},"canonical":"http:\/\/vientosur.top\/museo\/los-santiaguinos-presentan-intimo-este-sabado-museo-violeta-parra\/","og_locale":"es_ES","og_type":"article","og_title":"Los Santiaguinos presentaron \"\u00cdntimo\" en Museo Violeta Parra - Museo Violeta Parra","og_description":"Los Santiaguinos celebraron sus 20 a\u00f1os de trayectoria con este recital, en el que renovaron su repertorio e incursionaron en diferentes ritmos latinoamericanos, as\u00ed como en la autor\u00eda y composici\u00f3n de la mayor\u00eda de las canciones. Esta agrupaci\u00f3n est\u00e1 integrada por j\u00f3venes profesionales de diferentes \u00e1reas, 6 m\u00fasicos que han combinado sus actividades cotidianas con [&hellip;]","og_url":"http:\/\/vientosur.top\/museo\/los-santiaguinos-presentan-intimo-este-sabado-museo-violeta-parra\/","og_site_name":"Museo Violeta Parra","article_published_time":"2018-09-20T18:23:59+00:00","og_image":[{"width":2560,"height":1920,"url":"http:\/\/vientosur.top\/museo\/wp-content\/uploads\/2018\/09\/42298558_340127366550730_3364200573892034560_n-scaled.jpg","type":"image\/jpeg"}],"author":"admin","twitter_card":"summary_large_image","twitter_misc":{"Escrito por":"admin","Tiempo de lectura":"1 minuto"},"schema":{"@context":"https:\/\/schema.org","@graph":[{"@type":"WebPage","@id":"http:\/\/vientosur.top\/museo\/los-santiaguinos-presentan-intimo-este-sabado-museo-violeta-parra\/","url":"http:\/\/vientosur.top\/museo\/los-santiaguinos-presentan-intimo-este-sabado-museo-violeta-parra\/","name":"Los Santiaguinos presentaron \"\u00cdntimo\" en Museo Violeta Parra - Museo Violeta Parra","isPartOf":{"@id":"http:\/\/vientosur.top\/museo\/#website"},"primaryImageOfPage":{"@id":"http:\/\/vientosur.top\/museo\/los-santiaguinos-presentan-intimo-este-sabado-museo-violeta-parra\/#primaryimage"},"image":{"@id":"http:\/\/vientosur.top\/museo\/los-santiaguinos-presentan-intimo-este-sabado-museo-violeta-parra\/#primaryimage"},"thumbnailUrl":"http:\/\/vientosur.top\/museo\/wp-content\/uploads\/2018\/09\/42298558_340127366550730_3364200573892034560_n-scaled.jpg","datePublished":"2018-09-20T18:23:59+00:00","author":{"@id":"http:\/\/vientosur.top\/museo\/#\/schema\/person\/20c79d3c38800971feec8c2693c3dd9c"},"breadcrumb":{"@id":"http:\/\/vientosur.top\/museo\/los-santiaguinos-presentan-intimo-este-sabado-museo-violeta-parra\/#breadcrumb"},"inLanguage":"es","potentialAction":[{"@type":"ReadAction","target":["http:\/\/vientosur.top\/museo\/los-santiaguinos-presentan-intimo-este-sabado-museo-violeta-parra\/"]}]},{"@type":"ImageObject","inLanguage":"es","@id":"http:\/\/vientosur.top\/museo\/los-santiaguinos-presentan-intimo-este-sabado-museo-violeta-parra\/#primaryimage","url":"http:\/\/vientosur.top\/museo\/wp-content\/uploads\/2018\/09\/42298558_340127366550730_3364200573892034560_n-scaled.jpg","contentUrl":"http:\/\/vientosur.top\/museo\/wp-content\/uploads\/2018\/09\/42298558_340127366550730_3364200573892034560_n-scaled.jpg","width":2560,"height":1920},{"@type":"BreadcrumbList","@id":"http:\/\/vientosur.top\/museo\/los-santiaguinos-presentan-intimo-este-sabado-museo-violeta-parra\/#breadcrumb","itemListElement":[{"@type":"ListItem","position":1,"name":"Portada","item":"http:\/\/vientosur.top\/museo\/"},{"@type":"ListItem","position":2,"name":"Los Santiaguinos presentaron \u00ab\u00cdntimo\u00bb en Museo Violeta Parra"}]},{"@type":"WebSite","@id":"http:\/\/vientosur.top\/museo\/#website","url":"http:\/\/vientosur.top\/museo\/","name":"Museo Violeta Parra","description":"Espacio que alberga tanto la memoria y legado creativo de la artista","potentialAction":[{"@type":"SearchAction","target":{"@type":"EntryPoint","urlTemplate":"http:\/\/vientosur.top\/museo\/?s={search_term_string}"},"query-input":{"@type":"PropertyValueSpecification","valueRequired":true,"valueName":"search_term_string"}}],"inLanguage":"es"},{"@type":"Person","@id":"http:\/\/vientosur.top\/museo\/#\/schema\/person\/20c79d3c38800971feec8c2693c3dd9c","name":"admin","image":{"@type":"ImageObject","inLanguage":"es","@id":"http:\/\/vientosur.top\/museo\/#\/schema\/person\/image\/","url":"https:\/\/secure.gravatar.com\/avatar\/713677ece3ffa642287213a80e5b773bce9ab81c269dd6d95102a990951c922f?s=96&d=mm&r=g","contentUrl":"https:\/\/secure.gravatar.com\/avatar\/713677ece3ffa642287213a80e5b773bce9ab81c269dd6d95102a990951c922f?s=96&d=mm&r=g","caption":"admin"},"sameAs":["http:\/\/vientosur.top\/museo"],"url":"http:\/\/vientosur.top\/museo\/author\/comunicacionesmvp\/"}]}},"_links":{"self":[{"href":"http:\/\/vientosur.top\/museo\/wp-json\/wp\/v2\/posts\/16400","targetHints":{"allow":["GET"]}}],"collection":[{"href":"http:\/\/vientosur.top\/museo\/wp-json\/wp\/v2\/posts"}],"about":[{"href":"http:\/\/vientosur.top\/museo\/wp-json\/wp\/v2\/types\/post"}],"author":[{"embeddable":true,"href":"http:\/\/vientosur.top\/museo\/wp-json\/wp\/v2\/users\/5"}],"replies":[{"embeddable":true,"href":"http:\/\/vientosur.top\/museo\/wp-json\/wp\/v2\/comments?post=16400"}],"version-history":[{"count":0,"href":"http:\/\/vientosur.top\/museo\/wp-json\/wp\/v2\/posts\/16400\/revisions"}],"wp:featuredmedia":[{"embeddable":true,"href":"http:\/\/vientosur.top\/museo\/wp-json\/wp\/v2\/media\/16432"}],"wp:attachment":[{"href":"http:\/\/vientosur.top\/museo\/wp-json\/wp\/v2\/media?parent=16400"}],"wp:term":[{"taxonomy":"category","embeddable":true,"href":"http:\/\/vientosur.top\/museo\/wp-json\/wp\/v2\/categories?post=16400"},{"taxonomy":"post_tag","embeddable":true,"href":"http:\/\/vientosur.top\/museo\/wp-json\/wp\/v2\/tags?post=16400"}],"curies":[{"name":"wp","href":"https:\/\/api.w.org\/{rel}","templated":true}]}}