{"id":16456,"date":"2018-09-27T07:57:16","date_gmt":"2018-09-27T12:57:16","guid":{"rendered":"http:\/\/vientosur.top\/museo\/?p=16456"},"modified":"2018-09-27T07:57:16","modified_gmt":"2018-09-27T12:57:16","slug":"museo-violeta-parra-despide-septiembre-disco-nuevo-los-tricolores-premiados-musicos-brasil","status":"publish","type":"post","link":"http:\/\/vientosur.top\/museo\/museo-violeta-parra-despide-septiembre-disco-nuevo-los-tricolores-premiados-musicos-brasil\/","title":{"rendered":"Museo Violeta Parra despidi\u00f3 septiembre con disco nuevo de Los Tricolores y premiados m\u00fasicos de Brasil"},"content":{"rendered":"<p style=\"font-weight: 400;\"><em>El s\u00e1bado 29 de septiembre Los Tricolores lanzaron el disco \u201c\u00a1Viva la fiesta chilena!\u201d y el domingo 30, dos artistas de Brasil, \u00a0Sol Bueno y Giancarlo Borba, se presentaron en la Sala Antar.\u00a0<\/em><\/p>\n<p>La m\u00fasica fue la protagonista en septiembre en el Museo Violeta Parra. El s\u00e1bado 29 de septiembre, para despedir el mes y seguir celebrando fiestas patrias, Los\u00a0<a href=\"http:\/\/vientosur.top\/museo\/actividades\/actividad\/los-tricolores-presentan-disco-viva-la-fiesta-chilena\/\" data-saferedirecturl=\"https:\/\/www.google.com\/url?hl=es&amp;q=http:\/\/vientosur.top\/museo\/actividades\/actividad\/los-tricolores-presentan-disco-viva-la-fiesta-chilena\/&amp;source=gmail&amp;ust=1538139304816000&amp;usg=AFQjCNHHOfdrmXzgfuS2I32u91YnIgAqAw\">Tricolores presentaron su nuevo disco: \u201c\u00a1Viva la fiesta chilena!\u201d<\/a>.<\/p>\n<p>\u201cEs un disco festivo, de alegr\u00eda y de recordar viejos tiempos, de volver a la bohemia antigua de fines del Siglo XX, eso fue lo que nos motiv\u00f3 a hacerlo\u201d, explic\u00f3 Sebasti\u00e1n Vega, voz y bajo en Los Tricolores. El \u00e1lbum contiene 14 temas, entre cuecas, foxtrot, tonadas y valses peruanos, con letras que hablan del amor y el desamor, entre otras tem\u00e1ticas.<\/p>\n<p>Sobre presentar su nuevo trabajo en el museo, Vega a\u00f1adi\u00f3 que \u201cpara nosotros era fundamental lanzarlo ah\u00ed en la Casa de Violeta, por todo su aporte a la m\u00fasica chilena. Nosotros estamos muy enfocados en rescatar la tradici\u00f3n y Violeta Parra es un estandarte de eso\u201d, dijo.<\/p>\n<p>La agrupaci\u00f3n la completan Carlos\u00a0<u>Mart\u00ednez (voz y\u00a0<\/u>guitarra), Daniel S\u00e1nchez (acorde\u00f3n), Aldo Oreg\u00f3n (piano), Joselo Oses (voz) y Daniel Pezoa (bater\u00eda).<\/p>\n<p><a href=\"http:\/\/vientosur.top\/museo\/wp-content\/uploads\/2018\/09\/giab.jpg\"><img fetchpriority=\"high\" decoding=\"async\" class=\"alignnone wp-image-16453 size-large\" src=\"http:\/\/vientosur.top\/museo\/wp-content\/uploads\/2018\/09\/giab-1024x554.jpg\" alt=\"\" width=\"840\" height=\"454\" srcset=\"http:\/\/vientosur.top\/museo\/wp-content\/uploads\/2018\/09\/giab-1024x554.jpg 1024w, http:\/\/vientosur.top\/museo\/wp-content\/uploads\/2018\/09\/giab-600x324.jpg 600w, http:\/\/vientosur.top\/museo\/wp-content\/uploads\/2018\/09\/giab-300x162.jpg 300w, http:\/\/vientosur.top\/museo\/wp-content\/uploads\/2018\/09\/giab-768x415.jpg 768w, http:\/\/vientosur.top\/museo\/wp-content\/uploads\/2018\/09\/giab-1536x830.jpg 1536w, http:\/\/vientosur.top\/museo\/wp-content\/uploads\/2018\/09\/giab-1200x649.jpg 1200w, http:\/\/vientosur.top\/museo\/wp-content\/uploads\/2018\/09\/giab.jpg 1600w\" sizes=\"(max-width: 840px) 100vw, 840px\" \/><\/a><\/p>\n<p><strong>Desde Brasil<\/strong><\/p>\n<p>No solo m\u00fasica chilena ofreci\u00f3 el Museo Violeta Parra. El domingo 30 de septiembre se present\u00f3\u00a0<a href=\"http:\/\/vientosur.top\/museo\/reserva-entrada-del-lado-recital-los-musicos-brasilenos-giancarlo-barba-sol-bueno\/\" data-saferedirecturl=\"https:\/\/www.google.com\/url?hl=es&amp;q=http:\/\/vientosur.top\/museo\/reserva-entrada-del-lado-recital-los-musicos-brasilenos-giancarlo-barba-sol-bueno\/&amp;source=gmail&amp;ust=1538139304816000&amp;usg=AFQjCNErtIlcIOTPPobVSCltFfwuoYW4eA\">\u00abDel lado\u201d<\/a>, espect\u00e1culo de dos artistas de Brasil: Sol Bueno y Giancarlo Borba, quienes contaron con la participaci\u00f3n de la chilena Cecilia Concha Laborde, en el rol de anfitriona.<\/p>\n<p>Ambos artistas llegaron a este encuentro con el p\u00fablico chileno precedidos por una contundente carrera art\u00edstica. Giancarlo Borba es m\u00fasico, multi-instrumentista y compositor de la Regi\u00f3n de R\u00edo Grande do Sul. Su primer disco \u201cMilongador\u201d, presentado en 2013, recibi\u00f3 tres nominaciones en la categor\u00eda MPB al I Premio Brasil Sul de M\u00fasica y fue nominado como Artista Revelaci\u00f3n al Premio A\u00e7orianos de M\u00fasica, el m\u00e1s importante de Rio Grande do Sul.<\/p>\n<p>Por otro lado, Sol Bueno, compositora y cantora de voz suave y s\u00f3lida, lleg\u00f3 a Chile tras lanzar su primer disco autoral el 2017: \u201cPoeira Dan\u00e7ante. En 2018 fue finalista \u2013junto a otras cinco mujeres\u2013 en la categor\u00eda compositora en el Pr\u00eamio Profissionais da M\u00fasica do Brasil.<\/p>\n<p>La viola caipira, el handpan, las percusiones, la guitarra y las voces de estos artistas trajeron a la Sala Antar del museo toda la sonoridad de Brasil en un concierto \u00fanico y gratuito.<\/p>\n","protected":false},"excerpt":{"rendered":"<p>El s\u00e1bado 29 de septiembre Los Tricolores lanzaron el disco \u201c\u00a1Viva la fiesta chilena!\u201d y el domingo 30, dos artistas de Brasil, \u00a0Sol Bueno y Giancarlo Borba, se presentaron en la Sala Antar.\u00a0 La m\u00fasica fue la protagonista en septiembre en el Museo Violeta Parra. El s\u00e1bado 29 de septiembre, para despedir el mes y [&hellip;]<\/p>\n","protected":false},"author":5,"featured_media":16457,"comment_status":"open","ping_status":"open","sticky":false,"template":"","format":"standard","meta":{"site-sidebar-layout":"default","site-content-layout":"","ast-site-content-layout":"default","site-content-style":"default","site-sidebar-style":"default","ast-global-header-display":"","ast-banner-title-visibility":"","ast-main-header-display":"","ast-hfb-above-header-display":"","ast-hfb-below-header-display":"","ast-hfb-mobile-header-display":"","site-post-title":"","ast-breadcrumbs-content":"","ast-featured-img":"","footer-sml-layout":"","theme-transparent-header-meta":"","adv-header-id-meta":"","stick-header-meta":"","header-above-stick-meta":"","header-main-stick-meta":"","header-below-stick-meta":"","astra-migrate-meta-layouts":"default","ast-page-background-enabled":"default","ast-page-background-meta":{"desktop":{"background-color":"var(--ast-global-color-4)","background-image":"","background-repeat":"repeat","background-position":"center center","background-size":"auto","background-attachment":"scroll","background-type":"","background-media":"","overlay-type":"","overlay-color":"","overlay-opacity":"","overlay-gradient":""},"tablet":{"background-color":"","background-image":"","background-repeat":"repeat","background-position":"center center","background-size":"auto","background-attachment":"scroll","background-type":"","background-media":"","overlay-type":"","overlay-color":"","overlay-opacity":"","overlay-gradient":""},"mobile":{"background-color":"","background-image":"","background-repeat":"repeat","background-position":"center center","background-size":"auto","background-attachment":"scroll","background-type":"","background-media":"","overlay-type":"","overlay-color":"","overlay-opacity":"","overlay-gradient":""}},"ast-content-background-meta":{"desktop":{"background-color":"var(--ast-global-color-5)","background-image":"","background-repeat":"repeat","background-position":"center center","background-size":"auto","background-attachment":"scroll","background-type":"","background-media":"","overlay-type":"","overlay-color":"","overlay-opacity":"","overlay-gradient":""},"tablet":{"background-color":"var(--ast-global-color-5)","background-image":"","background-repeat":"repeat","background-position":"center center","background-size":"auto","background-attachment":"scroll","background-type":"","background-media":"","overlay-type":"","overlay-color":"","overlay-opacity":"","overlay-gradient":""},"mobile":{"background-color":"var(--ast-global-color-5)","background-image":"","background-repeat":"repeat","background-position":"center center","background-size":"auto","background-attachment":"scroll","background-type":"","background-media":"","overlay-type":"","overlay-color":"","overlay-opacity":"","overlay-gradient":""}},"footnotes":""},"categories":[59,8,61],"tags":[],"class_list":["post-16456","post","type-post","status-publish","format-standard","has-post-thumbnail","hentry","category-destacado-noticia","category-noticias","category-novedades"],"yoast_head":"<!-- This site is optimized with the Yoast SEO plugin v25.4 - https:\/\/yoast.com\/wordpress\/plugins\/seo\/ -->\n<title>Museo Violeta Parra despidi\u00f3 septiembre con disco nuevo de Los Tricolores y premiados m\u00fasicos de Brasil - Museo Violeta Parra<\/title>\n<meta name=\"robots\" content=\"index, follow, max-snippet:-1, max-image-preview:large, max-video-preview:-1\" \/>\n<link rel=\"canonical\" href=\"http:\/\/vientosur.top\/museo\/museo-violeta-parra-despide-septiembre-disco-nuevo-los-tricolores-premiados-musicos-brasil\/\" \/>\n<meta property=\"og:locale\" content=\"es_ES\" \/>\n<meta property=\"og:type\" content=\"article\" \/>\n<meta property=\"og:title\" content=\"Museo Violeta Parra despidi\u00f3 septiembre con disco nuevo de Los Tricolores y premiados m\u00fasicos de Brasil - Museo Violeta Parra\" \/>\n<meta property=\"og:description\" content=\"El s\u00e1bado 29 de septiembre Los Tricolores lanzaron el disco \u201c\u00a1Viva la fiesta chilena!\u201d y el domingo 30, dos artistas de Brasil, \u00a0Sol Bueno y Giancarlo Borba, se presentaron en la Sala Antar.\u00a0 La m\u00fasica fue la protagonista en septiembre en el Museo Violeta Parra. El s\u00e1bado 29 de septiembre, para despedir el mes y [&hellip;]\" \/>\n<meta property=\"og:url\" content=\"http:\/\/vientosur.top\/museo\/museo-violeta-parra-despide-septiembre-disco-nuevo-los-tricolores-premiados-musicos-brasil\/\" \/>\n<meta property=\"og:site_name\" content=\"Museo Violeta Parra\" \/>\n<meta property=\"article:published_time\" content=\"2018-09-27T12:57:16+00:00\" \/>\n<meta property=\"og:image\" content=\"http:\/\/vientosur.top\/museo\/wp-content\/uploads\/2018\/09\/lostricoloresbanda.jpg\" \/>\n\t<meta property=\"og:image:width\" content=\"1181\" \/>\n\t<meta property=\"og:image:height\" content=\"693\" \/>\n\t<meta property=\"og:image:type\" content=\"image\/jpeg\" \/>\n<meta name=\"author\" content=\"admin\" \/>\n<meta name=\"twitter:card\" content=\"summary_large_image\" \/>\n<meta name=\"twitter:label1\" content=\"Escrito por\" \/>\n\t<meta name=\"twitter:data1\" content=\"admin\" \/>\n\t<meta name=\"twitter:label2\" content=\"Tiempo de lectura\" \/>\n\t<meta name=\"twitter:data2\" content=\"2 minutos\" \/>\n<script type=\"application\/ld+json\" class=\"yoast-schema-graph\">{\"@context\":\"https:\/\/schema.org\",\"@graph\":[{\"@type\":\"WebPage\",\"@id\":\"http:\/\/vientosur.top\/museo\/museo-violeta-parra-despide-septiembre-disco-nuevo-los-tricolores-premiados-musicos-brasil\/\",\"url\":\"http:\/\/vientosur.top\/museo\/museo-violeta-parra-despide-septiembre-disco-nuevo-los-tricolores-premiados-musicos-brasil\/\",\"name\":\"Museo Violeta Parra despidi\u00f3 septiembre con disco nuevo de Los Tricolores y premiados m\u00fasicos de Brasil - Museo Violeta Parra\",\"isPartOf\":{\"@id\":\"http:\/\/vientosur.top\/museo\/#website\"},\"primaryImageOfPage\":{\"@id\":\"http:\/\/vientosur.top\/museo\/museo-violeta-parra-despide-septiembre-disco-nuevo-los-tricolores-premiados-musicos-brasil\/#primaryimage\"},\"image\":{\"@id\":\"http:\/\/vientosur.top\/museo\/museo-violeta-parra-despide-septiembre-disco-nuevo-los-tricolores-premiados-musicos-brasil\/#primaryimage\"},\"thumbnailUrl\":\"http:\/\/vientosur.top\/museo\/wp-content\/uploads\/2018\/09\/lostricoloresbanda.jpg\",\"datePublished\":\"2018-09-27T12:57:16+00:00\",\"author\":{\"@id\":\"http:\/\/vientosur.top\/museo\/#\/schema\/person\/20c79d3c38800971feec8c2693c3dd9c\"},\"breadcrumb\":{\"@id\":\"http:\/\/vientosur.top\/museo\/museo-violeta-parra-despide-septiembre-disco-nuevo-los-tricolores-premiados-musicos-brasil\/#breadcrumb\"},\"inLanguage\":\"es\",\"potentialAction\":[{\"@type\":\"ReadAction\",\"target\":[\"http:\/\/vientosur.top\/museo\/museo-violeta-parra-despide-septiembre-disco-nuevo-los-tricolores-premiados-musicos-brasil\/\"]}]},{\"@type\":\"ImageObject\",\"inLanguage\":\"es\",\"@id\":\"http:\/\/vientosur.top\/museo\/museo-violeta-parra-despide-septiembre-disco-nuevo-los-tricolores-premiados-musicos-brasil\/#primaryimage\",\"url\":\"http:\/\/vientosur.top\/museo\/wp-content\/uploads\/2018\/09\/lostricoloresbanda.jpg\",\"contentUrl\":\"http:\/\/vientosur.top\/museo\/wp-content\/uploads\/2018\/09\/lostricoloresbanda.jpg\",\"width\":1181,\"height\":693},{\"@type\":\"BreadcrumbList\",\"@id\":\"http:\/\/vientosur.top\/museo\/museo-violeta-parra-despide-septiembre-disco-nuevo-los-tricolores-premiados-musicos-brasil\/#breadcrumb\",\"itemListElement\":[{\"@type\":\"ListItem\",\"position\":1,\"name\":\"Portada\",\"item\":\"http:\/\/vientosur.top\/museo\/\"},{\"@type\":\"ListItem\",\"position\":2,\"name\":\"Museo Violeta Parra despidi\u00f3 septiembre con disco nuevo de Los Tricolores y premiados m\u00fasicos de Brasil\"}]},{\"@type\":\"WebSite\",\"@id\":\"http:\/\/vientosur.top\/museo\/#website\",\"url\":\"http:\/\/vientosur.top\/museo\/\",\"name\":\"Museo Violeta Parra\",\"description\":\"Espacio que alberga tanto la memoria y legado creativo de la artista\",\"potentialAction\":[{\"@type\":\"SearchAction\",\"target\":{\"@type\":\"EntryPoint\",\"urlTemplate\":\"http:\/\/vientosur.top\/museo\/?s={search_term_string}\"},\"query-input\":{\"@type\":\"PropertyValueSpecification\",\"valueRequired\":true,\"valueName\":\"search_term_string\"}}],\"inLanguage\":\"es\"},{\"@type\":\"Person\",\"@id\":\"http:\/\/vientosur.top\/museo\/#\/schema\/person\/20c79d3c38800971feec8c2693c3dd9c\",\"name\":\"admin\",\"image\":{\"@type\":\"ImageObject\",\"inLanguage\":\"es\",\"@id\":\"http:\/\/vientosur.top\/museo\/#\/schema\/person\/image\/\",\"url\":\"https:\/\/secure.gravatar.com\/avatar\/713677ece3ffa642287213a80e5b773bce9ab81c269dd6d95102a990951c922f?s=96&d=mm&r=g\",\"contentUrl\":\"https:\/\/secure.gravatar.com\/avatar\/713677ece3ffa642287213a80e5b773bce9ab81c269dd6d95102a990951c922f?s=96&d=mm&r=g\",\"caption\":\"admin\"},\"sameAs\":[\"http:\/\/vientosur.top\/museo\"],\"url\":\"http:\/\/vientosur.top\/museo\/author\/comunicacionesmvp\/\"}]}<\/script>\n<!-- \/ Yoast SEO plugin. -->","yoast_head_json":{"title":"Museo Violeta Parra despidi\u00f3 septiembre con disco nuevo de Los Tricolores y premiados m\u00fasicos de Brasil - Museo Violeta Parra","robots":{"index":"index","follow":"follow","max-snippet":"max-snippet:-1","max-image-preview":"max-image-preview:large","max-video-preview":"max-video-preview:-1"},"canonical":"http:\/\/vientosur.top\/museo\/museo-violeta-parra-despide-septiembre-disco-nuevo-los-tricolores-premiados-musicos-brasil\/","og_locale":"es_ES","og_type":"article","og_title":"Museo Violeta Parra despidi\u00f3 septiembre con disco nuevo de Los Tricolores y premiados m\u00fasicos de Brasil - Museo Violeta Parra","og_description":"El s\u00e1bado 29 de septiembre Los Tricolores lanzaron el disco \u201c\u00a1Viva la fiesta chilena!\u201d y el domingo 30, dos artistas de Brasil, \u00a0Sol Bueno y Giancarlo Borba, se presentaron en la Sala Antar.\u00a0 La m\u00fasica fue la protagonista en septiembre en el Museo Violeta Parra. El s\u00e1bado 29 de septiembre, para despedir el mes y [&hellip;]","og_url":"http:\/\/vientosur.top\/museo\/museo-violeta-parra-despide-septiembre-disco-nuevo-los-tricolores-premiados-musicos-brasil\/","og_site_name":"Museo Violeta Parra","article_published_time":"2018-09-27T12:57:16+00:00","og_image":[{"width":1181,"height":693,"url":"http:\/\/vientosur.top\/museo\/wp-content\/uploads\/2018\/09\/lostricoloresbanda.jpg","type":"image\/jpeg"}],"author":"admin","twitter_card":"summary_large_image","twitter_misc":{"Escrito por":"admin","Tiempo de lectura":"2 minutos"},"schema":{"@context":"https:\/\/schema.org","@graph":[{"@type":"WebPage","@id":"http:\/\/vientosur.top\/museo\/museo-violeta-parra-despide-septiembre-disco-nuevo-los-tricolores-premiados-musicos-brasil\/","url":"http:\/\/vientosur.top\/museo\/museo-violeta-parra-despide-septiembre-disco-nuevo-los-tricolores-premiados-musicos-brasil\/","name":"Museo Violeta Parra despidi\u00f3 septiembre con disco nuevo de Los Tricolores y premiados m\u00fasicos de Brasil - Museo Violeta Parra","isPartOf":{"@id":"http:\/\/vientosur.top\/museo\/#website"},"primaryImageOfPage":{"@id":"http:\/\/vientosur.top\/museo\/museo-violeta-parra-despide-septiembre-disco-nuevo-los-tricolores-premiados-musicos-brasil\/#primaryimage"},"image":{"@id":"http:\/\/vientosur.top\/museo\/museo-violeta-parra-despide-septiembre-disco-nuevo-los-tricolores-premiados-musicos-brasil\/#primaryimage"},"thumbnailUrl":"http:\/\/vientosur.top\/museo\/wp-content\/uploads\/2018\/09\/lostricoloresbanda.jpg","datePublished":"2018-09-27T12:57:16+00:00","author":{"@id":"http:\/\/vientosur.top\/museo\/#\/schema\/person\/20c79d3c38800971feec8c2693c3dd9c"},"breadcrumb":{"@id":"http:\/\/vientosur.top\/museo\/museo-violeta-parra-despide-septiembre-disco-nuevo-los-tricolores-premiados-musicos-brasil\/#breadcrumb"},"inLanguage":"es","potentialAction":[{"@type":"ReadAction","target":["http:\/\/vientosur.top\/museo\/museo-violeta-parra-despide-septiembre-disco-nuevo-los-tricolores-premiados-musicos-brasil\/"]}]},{"@type":"ImageObject","inLanguage":"es","@id":"http:\/\/vientosur.top\/museo\/museo-violeta-parra-despide-septiembre-disco-nuevo-los-tricolores-premiados-musicos-brasil\/#primaryimage","url":"http:\/\/vientosur.top\/museo\/wp-content\/uploads\/2018\/09\/lostricoloresbanda.jpg","contentUrl":"http:\/\/vientosur.top\/museo\/wp-content\/uploads\/2018\/09\/lostricoloresbanda.jpg","width":1181,"height":693},{"@type":"BreadcrumbList","@id":"http:\/\/vientosur.top\/museo\/museo-violeta-parra-despide-septiembre-disco-nuevo-los-tricolores-premiados-musicos-brasil\/#breadcrumb","itemListElement":[{"@type":"ListItem","position":1,"name":"Portada","item":"http:\/\/vientosur.top\/museo\/"},{"@type":"ListItem","position":2,"name":"Museo Violeta Parra despidi\u00f3 septiembre con disco nuevo de Los Tricolores y premiados m\u00fasicos de Brasil"}]},{"@type":"WebSite","@id":"http:\/\/vientosur.top\/museo\/#website","url":"http:\/\/vientosur.top\/museo\/","name":"Museo Violeta Parra","description":"Espacio que alberga tanto la memoria y legado creativo de la artista","potentialAction":[{"@type":"SearchAction","target":{"@type":"EntryPoint","urlTemplate":"http:\/\/vientosur.top\/museo\/?s={search_term_string}"},"query-input":{"@type":"PropertyValueSpecification","valueRequired":true,"valueName":"search_term_string"}}],"inLanguage":"es"},{"@type":"Person","@id":"http:\/\/vientosur.top\/museo\/#\/schema\/person\/20c79d3c38800971feec8c2693c3dd9c","name":"admin","image":{"@type":"ImageObject","inLanguage":"es","@id":"http:\/\/vientosur.top\/museo\/#\/schema\/person\/image\/","url":"https:\/\/secure.gravatar.com\/avatar\/713677ece3ffa642287213a80e5b773bce9ab81c269dd6d95102a990951c922f?s=96&d=mm&r=g","contentUrl":"https:\/\/secure.gravatar.com\/avatar\/713677ece3ffa642287213a80e5b773bce9ab81c269dd6d95102a990951c922f?s=96&d=mm&r=g","caption":"admin"},"sameAs":["http:\/\/vientosur.top\/museo"],"url":"http:\/\/vientosur.top\/museo\/author\/comunicacionesmvp\/"}]}},"_links":{"self":[{"href":"http:\/\/vientosur.top\/museo\/wp-json\/wp\/v2\/posts\/16456","targetHints":{"allow":["GET"]}}],"collection":[{"href":"http:\/\/vientosur.top\/museo\/wp-json\/wp\/v2\/posts"}],"about":[{"href":"http:\/\/vientosur.top\/museo\/wp-json\/wp\/v2\/types\/post"}],"author":[{"embeddable":true,"href":"http:\/\/vientosur.top\/museo\/wp-json\/wp\/v2\/users\/5"}],"replies":[{"embeddable":true,"href":"http:\/\/vientosur.top\/museo\/wp-json\/wp\/v2\/comments?post=16456"}],"version-history":[{"count":0,"href":"http:\/\/vientosur.top\/museo\/wp-json\/wp\/v2\/posts\/16456\/revisions"}],"wp:featuredmedia":[{"embeddable":true,"href":"http:\/\/vientosur.top\/museo\/wp-json\/wp\/v2\/media\/16457"}],"wp:attachment":[{"href":"http:\/\/vientosur.top\/museo\/wp-json\/wp\/v2\/media?parent=16456"}],"wp:term":[{"taxonomy":"category","embeddable":true,"href":"http:\/\/vientosur.top\/museo\/wp-json\/wp\/v2\/categories?post=16456"},{"taxonomy":"post_tag","embeddable":true,"href":"http:\/\/vientosur.top\/museo\/wp-json\/wp\/v2\/tags?post=16456"}],"curies":[{"name":"wp","href":"https:\/\/api.w.org\/{rel}","templated":true}]}}