{"id":1647,"date":"2016-10-07T21:55:09","date_gmt":"2016-10-07T21:55:09","guid":{"rendered":"http:\/\/vientosur.top\/museo\/\/?p=1647"},"modified":"2016-10-07T21:55:09","modified_gmt":"2016-10-07T21:55:09","slug":"comenzo-recorrido-de-la-maleta-de-violeta-en-la-pintana","status":"publish","type":"post","link":"http:\/\/vientosur.top\/museo\/comenzo-recorrido-de-la-maleta-de-violeta-en-la-pintana\/","title":{"rendered":"Comenz\u00f3 recorrido de la \u201cMaleta de Violeta\u201d en La Pintana"},"content":{"rendered":"<ul>\n<li><strong>La presentaci\u00f3n se realiz\u00f3 en el colegio Violeta Parra, en el marco de la celebraci\u00f3n de sus 46 a\u00f1os de existencia.<\/strong><\/li>\n<\/ul>\n<p><!--more--><\/p>\n<p>Este viernes comenz\u00f3 el recorrido de la nueva \u201cMaleta de Violeta\u201d, que cuenta con una serie de art\u00edculos educativos para realizar muestras itinerantes en distintos establecimientos educacionales del pa\u00eds.<\/p>\n<p>La presentaci\u00f3n se realiz\u00f3 en el colegio Violeta Parra de La Pintana, en el marco de la celebraci\u00f3n de sus 46 a\u00f1os de existencia.<\/p>\n<p>En la oportunidad, los miembros del equipo de Educaci\u00f3n del Museo Violeta Parra, Esteban Torres y Lorena Bruna, explicaron el objetivo de la maleta, la inauguraron, y realizaron las primeras actividades, que contemplaron la muestra de documentales, el armado de un rompecabezas gigante de la obra \u201cContra la Guerra\u201d y un taller de bordado en arpillera.<\/p>\n<p>En los pr\u00f3ximos d\u00edas, la maleta y sus art\u00edculos visitar\u00e1n la ciudad de Valpara\u00edso, espec\u00edficamente las escuelas b\u00e1sicas \u201cCirujano Videla\u201d y \u201cLaguna Verde\u201d.<\/p>\n","protected":false},"excerpt":{"rendered":"<p>La presentaci\u00f3n se realiz\u00f3 en el colegio Violeta Parra, en el marco de la celebraci\u00f3n de sus 46 a\u00f1os de existencia.<\/p>\n","protected":false},"author":5,"featured_media":1648,"comment_status":"open","ping_status":"open","sticky":false,"template":"","format":"standard","meta":{"site-sidebar-layout":"default","site-content-layout":"","ast-site-content-layout":"default","site-content-style":"default","site-sidebar-style":"default","ast-global-header-display":"","ast-banner-title-visibility":"","ast-main-header-display":"","ast-hfb-above-header-display":"","ast-hfb-below-header-display":"","ast-hfb-mobile-header-display":"","site-post-title":"","ast-breadcrumbs-content":"","ast-featured-img":"","footer-sml-layout":"","theme-transparent-header-meta":"","adv-header-id-meta":"","stick-header-meta":"","header-above-stick-meta":"","header-main-stick-meta":"","header-below-stick-meta":"","astra-migrate-meta-layouts":"default","ast-page-background-enabled":"default","ast-page-background-meta":{"desktop":{"background-color":"var(--ast-global-color-4)","background-image":"","background-repeat":"repeat","background-position":"center center","background-size":"auto","background-attachment":"scroll","background-type":"","background-media":"","overlay-type":"","overlay-color":"","overlay-opacity":"","overlay-gradient":""},"tablet":{"background-color":"","background-image":"","background-repeat":"repeat","background-position":"center center","background-size":"auto","background-attachment":"scroll","background-type":"","background-media":"","overlay-type":"","overlay-color":"","overlay-opacity":"","overlay-gradient":""},"mobile":{"background-color":"","background-image":"","background-repeat":"repeat","background-position":"center center","background-size":"auto","background-attachment":"scroll","background-type":"","background-media":"","overlay-type":"","overlay-color":"","overlay-opacity":"","overlay-gradient":""}},"ast-content-background-meta":{"desktop":{"background-color":"var(--ast-global-color-5)","background-image":"","background-repeat":"repeat","background-position":"center center","background-size":"auto","background-attachment":"scroll","background-type":"","background-media":"","overlay-type":"","overlay-color":"","overlay-opacity":"","overlay-gradient":""},"tablet":{"background-color":"var(--ast-global-color-5)","background-image":"","background-repeat":"repeat","background-position":"center center","background-size":"auto","background-attachment":"scroll","background-type":"","background-media":"","overlay-type":"","overlay-color":"","overlay-opacity":"","overlay-gradient":""},"mobile":{"background-color":"var(--ast-global-color-5)","background-image":"","background-repeat":"repeat","background-position":"center center","background-size":"auto","background-attachment":"scroll","background-type":"","background-media":"","overlay-type":"","overlay-color":"","overlay-opacity":"","overlay-gradient":""}},"footnotes":""},"categories":[59,8,61],"tags":[],"class_list":["post-1647","post","type-post","status-publish","format-standard","has-post-thumbnail","hentry","category-destacado-noticia","category-noticias","category-novedades"],"yoast_head":"<!-- This site is optimized with the Yoast SEO plugin v25.4 - https:\/\/yoast.com\/wordpress\/plugins\/seo\/ -->\n<title>Comenz\u00f3 recorrido de la \u201cMaleta de Violeta\u201d en La Pintana - Museo Violeta Parra<\/title>\n<meta name=\"robots\" content=\"index, follow, max-snippet:-1, max-image-preview:large, max-video-preview:-1\" \/>\n<link rel=\"canonical\" href=\"http:\/\/vientosur.top\/museo\/comenzo-recorrido-de-la-maleta-de-violeta-en-la-pintana\/\" \/>\n<meta property=\"og:locale\" content=\"es_ES\" \/>\n<meta property=\"og:type\" content=\"article\" \/>\n<meta property=\"og:title\" content=\"Comenz\u00f3 recorrido de la \u201cMaleta de Violeta\u201d en La Pintana - Museo Violeta Parra\" \/>\n<meta property=\"og:description\" content=\"La presentaci\u00f3n se realiz\u00f3 en el colegio Violeta Parra, en el marco de la celebraci\u00f3n de sus 46 a\u00f1os de existencia.\" \/>\n<meta property=\"og:url\" content=\"http:\/\/vientosur.top\/museo\/comenzo-recorrido-de-la-maleta-de-violeta-en-la-pintana\/\" \/>\n<meta property=\"og:site_name\" content=\"Museo Violeta Parra\" \/>\n<meta property=\"article:published_time\" content=\"2016-10-07T21:55:09+00:00\" \/>\n<meta property=\"og:image\" content=\"http:\/\/vientosur.top\/museo\/wp-content\/uploads\/2016\/10\/DSC_0151.jpg\" \/>\n\t<meta property=\"og:image:width\" content=\"1925\" \/>\n\t<meta property=\"og:image:height\" content=\"1280\" \/>\n\t<meta property=\"og:image:type\" content=\"image\/jpeg\" \/>\n<meta name=\"author\" content=\"admin\" \/>\n<meta name=\"twitter:card\" content=\"summary_large_image\" \/>\n<meta name=\"twitter:label1\" content=\"Escrito por\" \/>\n\t<meta name=\"twitter:data1\" content=\"admin\" \/>\n\t<meta name=\"twitter:label2\" content=\"Tiempo de lectura\" \/>\n\t<meta name=\"twitter:data2\" content=\"1 minuto\" \/>\n<script type=\"application\/ld+json\" class=\"yoast-schema-graph\">{\"@context\":\"https:\/\/schema.org\",\"@graph\":[{\"@type\":\"WebPage\",\"@id\":\"http:\/\/vientosur.top\/museo\/comenzo-recorrido-de-la-maleta-de-violeta-en-la-pintana\/\",\"url\":\"http:\/\/vientosur.top\/museo\/comenzo-recorrido-de-la-maleta-de-violeta-en-la-pintana\/\",\"name\":\"Comenz\u00f3 recorrido de la \u201cMaleta de Violeta\u201d en La Pintana - Museo Violeta Parra\",\"isPartOf\":{\"@id\":\"http:\/\/vientosur.top\/museo\/#website\"},\"primaryImageOfPage\":{\"@id\":\"http:\/\/vientosur.top\/museo\/comenzo-recorrido-de-la-maleta-de-violeta-en-la-pintana\/#primaryimage\"},\"image\":{\"@id\":\"http:\/\/vientosur.top\/museo\/comenzo-recorrido-de-la-maleta-de-violeta-en-la-pintana\/#primaryimage\"},\"thumbnailUrl\":\"http:\/\/vientosur.top\/museo\/wp-content\/uploads\/2016\/10\/DSC_0151.jpg\",\"datePublished\":\"2016-10-07T21:55:09+00:00\",\"author\":{\"@id\":\"http:\/\/vientosur.top\/museo\/#\/schema\/person\/20c79d3c38800971feec8c2693c3dd9c\"},\"breadcrumb\":{\"@id\":\"http:\/\/vientosur.top\/museo\/comenzo-recorrido-de-la-maleta-de-violeta-en-la-pintana\/#breadcrumb\"},\"inLanguage\":\"es\",\"potentialAction\":[{\"@type\":\"ReadAction\",\"target\":[\"http:\/\/vientosur.top\/museo\/comenzo-recorrido-de-la-maleta-de-violeta-en-la-pintana\/\"]}]},{\"@type\":\"ImageObject\",\"inLanguage\":\"es\",\"@id\":\"http:\/\/vientosur.top\/museo\/comenzo-recorrido-de-la-maleta-de-violeta-en-la-pintana\/#primaryimage\",\"url\":\"http:\/\/vientosur.top\/museo\/wp-content\/uploads\/2016\/10\/DSC_0151.jpg\",\"contentUrl\":\"http:\/\/vientosur.top\/museo\/wp-content\/uploads\/2016\/10\/DSC_0151.jpg\",\"width\":1925,\"height\":1280},{\"@type\":\"BreadcrumbList\",\"@id\":\"http:\/\/vientosur.top\/museo\/comenzo-recorrido-de-la-maleta-de-violeta-en-la-pintana\/#breadcrumb\",\"itemListElement\":[{\"@type\":\"ListItem\",\"position\":1,\"name\":\"Portada\",\"item\":\"http:\/\/vientosur.top\/museo\/\"},{\"@type\":\"ListItem\",\"position\":2,\"name\":\"Comenz\u00f3 recorrido de la \u201cMaleta de Violeta\u201d en La Pintana\"}]},{\"@type\":\"WebSite\",\"@id\":\"http:\/\/vientosur.top\/museo\/#website\",\"url\":\"http:\/\/vientosur.top\/museo\/\",\"name\":\"Museo Violeta Parra\",\"description\":\"Espacio que alberga tanto la memoria y legado creativo de la artista\",\"potentialAction\":[{\"@type\":\"SearchAction\",\"target\":{\"@type\":\"EntryPoint\",\"urlTemplate\":\"http:\/\/vientosur.top\/museo\/?s={search_term_string}\"},\"query-input\":{\"@type\":\"PropertyValueSpecification\",\"valueRequired\":true,\"valueName\":\"search_term_string\"}}],\"inLanguage\":\"es\"},{\"@type\":\"Person\",\"@id\":\"http:\/\/vientosur.top\/museo\/#\/schema\/person\/20c79d3c38800971feec8c2693c3dd9c\",\"name\":\"admin\",\"image\":{\"@type\":\"ImageObject\",\"inLanguage\":\"es\",\"@id\":\"http:\/\/vientosur.top\/museo\/#\/schema\/person\/image\/\",\"url\":\"https:\/\/secure.gravatar.com\/avatar\/713677ece3ffa642287213a80e5b773bce9ab81c269dd6d95102a990951c922f?s=96&d=mm&r=g\",\"contentUrl\":\"https:\/\/secure.gravatar.com\/avatar\/713677ece3ffa642287213a80e5b773bce9ab81c269dd6d95102a990951c922f?s=96&d=mm&r=g\",\"caption\":\"admin\"},\"sameAs\":[\"http:\/\/vientosur.top\/museo\"],\"url\":\"http:\/\/vientosur.top\/museo\/author\/comunicacionesmvp\/\"}]}<\/script>\n<!-- \/ Yoast SEO plugin. -->","yoast_head_json":{"title":"Comenz\u00f3 recorrido de la \u201cMaleta de Violeta\u201d en La Pintana - Museo Violeta Parra","robots":{"index":"index","follow":"follow","max-snippet":"max-snippet:-1","max-image-preview":"max-image-preview:large","max-video-preview":"max-video-preview:-1"},"canonical":"http:\/\/vientosur.top\/museo\/comenzo-recorrido-de-la-maleta-de-violeta-en-la-pintana\/","og_locale":"es_ES","og_type":"article","og_title":"Comenz\u00f3 recorrido de la \u201cMaleta de Violeta\u201d en La Pintana - Museo Violeta Parra","og_description":"La presentaci\u00f3n se realiz\u00f3 en el colegio Violeta Parra, en el marco de la celebraci\u00f3n de sus 46 a\u00f1os de existencia.","og_url":"http:\/\/vientosur.top\/museo\/comenzo-recorrido-de-la-maleta-de-violeta-en-la-pintana\/","og_site_name":"Museo Violeta Parra","article_published_time":"2016-10-07T21:55:09+00:00","og_image":[{"width":1925,"height":1280,"url":"http:\/\/vientosur.top\/museo\/wp-content\/uploads\/2016\/10\/DSC_0151.jpg","type":"image\/jpeg"}],"author":"admin","twitter_card":"summary_large_image","twitter_misc":{"Escrito por":"admin","Tiempo de lectura":"1 minuto"},"schema":{"@context":"https:\/\/schema.org","@graph":[{"@type":"WebPage","@id":"http:\/\/vientosur.top\/museo\/comenzo-recorrido-de-la-maleta-de-violeta-en-la-pintana\/","url":"http:\/\/vientosur.top\/museo\/comenzo-recorrido-de-la-maleta-de-violeta-en-la-pintana\/","name":"Comenz\u00f3 recorrido de la \u201cMaleta de Violeta\u201d en La Pintana - Museo Violeta Parra","isPartOf":{"@id":"http:\/\/vientosur.top\/museo\/#website"},"primaryImageOfPage":{"@id":"http:\/\/vientosur.top\/museo\/comenzo-recorrido-de-la-maleta-de-violeta-en-la-pintana\/#primaryimage"},"image":{"@id":"http:\/\/vientosur.top\/museo\/comenzo-recorrido-de-la-maleta-de-violeta-en-la-pintana\/#primaryimage"},"thumbnailUrl":"http:\/\/vientosur.top\/museo\/wp-content\/uploads\/2016\/10\/DSC_0151.jpg","datePublished":"2016-10-07T21:55:09+00:00","author":{"@id":"http:\/\/vientosur.top\/museo\/#\/schema\/person\/20c79d3c38800971feec8c2693c3dd9c"},"breadcrumb":{"@id":"http:\/\/vientosur.top\/museo\/comenzo-recorrido-de-la-maleta-de-violeta-en-la-pintana\/#breadcrumb"},"inLanguage":"es","potentialAction":[{"@type":"ReadAction","target":["http:\/\/vientosur.top\/museo\/comenzo-recorrido-de-la-maleta-de-violeta-en-la-pintana\/"]}]},{"@type":"ImageObject","inLanguage":"es","@id":"http:\/\/vientosur.top\/museo\/comenzo-recorrido-de-la-maleta-de-violeta-en-la-pintana\/#primaryimage","url":"http:\/\/vientosur.top\/museo\/wp-content\/uploads\/2016\/10\/DSC_0151.jpg","contentUrl":"http:\/\/vientosur.top\/museo\/wp-content\/uploads\/2016\/10\/DSC_0151.jpg","width":1925,"height":1280},{"@type":"BreadcrumbList","@id":"http:\/\/vientosur.top\/museo\/comenzo-recorrido-de-la-maleta-de-violeta-en-la-pintana\/#breadcrumb","itemListElement":[{"@type":"ListItem","position":1,"name":"Portada","item":"http:\/\/vientosur.top\/museo\/"},{"@type":"ListItem","position":2,"name":"Comenz\u00f3 recorrido de la \u201cMaleta de Violeta\u201d en La Pintana"}]},{"@type":"WebSite","@id":"http:\/\/vientosur.top\/museo\/#website","url":"http:\/\/vientosur.top\/museo\/","name":"Museo Violeta Parra","description":"Espacio que alberga tanto la memoria y legado creativo de la artista","potentialAction":[{"@type":"SearchAction","target":{"@type":"EntryPoint","urlTemplate":"http:\/\/vientosur.top\/museo\/?s={search_term_string}"},"query-input":{"@type":"PropertyValueSpecification","valueRequired":true,"valueName":"search_term_string"}}],"inLanguage":"es"},{"@type":"Person","@id":"http:\/\/vientosur.top\/museo\/#\/schema\/person\/20c79d3c38800971feec8c2693c3dd9c","name":"admin","image":{"@type":"ImageObject","inLanguage":"es","@id":"http:\/\/vientosur.top\/museo\/#\/schema\/person\/image\/","url":"https:\/\/secure.gravatar.com\/avatar\/713677ece3ffa642287213a80e5b773bce9ab81c269dd6d95102a990951c922f?s=96&d=mm&r=g","contentUrl":"https:\/\/secure.gravatar.com\/avatar\/713677ece3ffa642287213a80e5b773bce9ab81c269dd6d95102a990951c922f?s=96&d=mm&r=g","caption":"admin"},"sameAs":["http:\/\/vientosur.top\/museo"],"url":"http:\/\/vientosur.top\/museo\/author\/comunicacionesmvp\/"}]}},"_links":{"self":[{"href":"http:\/\/vientosur.top\/museo\/wp-json\/wp\/v2\/posts\/1647","targetHints":{"allow":["GET"]}}],"collection":[{"href":"http:\/\/vientosur.top\/museo\/wp-json\/wp\/v2\/posts"}],"about":[{"href":"http:\/\/vientosur.top\/museo\/wp-json\/wp\/v2\/types\/post"}],"author":[{"embeddable":true,"href":"http:\/\/vientosur.top\/museo\/wp-json\/wp\/v2\/users\/5"}],"replies":[{"embeddable":true,"href":"http:\/\/vientosur.top\/museo\/wp-json\/wp\/v2\/comments?post=1647"}],"version-history":[{"count":0,"href":"http:\/\/vientosur.top\/museo\/wp-json\/wp\/v2\/posts\/1647\/revisions"}],"wp:featuredmedia":[{"embeddable":true,"href":"http:\/\/vientosur.top\/museo\/wp-json\/wp\/v2\/media\/1648"}],"wp:attachment":[{"href":"http:\/\/vientosur.top\/museo\/wp-json\/wp\/v2\/media?parent=1647"}],"wp:term":[{"taxonomy":"category","embeddable":true,"href":"http:\/\/vientosur.top\/museo\/wp-json\/wp\/v2\/categories?post=1647"},{"taxonomy":"post_tag","embeddable":true,"href":"http:\/\/vientosur.top\/museo\/wp-json\/wp\/v2\/tags?post=1647"}],"curies":[{"name":"wp","href":"https:\/\/api.w.org\/{rel}","templated":true}]}}