{"id":16516,"date":"2018-10-04T16:26:09","date_gmt":"2018-10-04T21:26:09","guid":{"rendered":"http:\/\/vientosur.top\/museo\/?p=16516"},"modified":"2018-10-04T16:26:09","modified_gmt":"2018-10-04T21:26:09","slug":"museo-violeta-parra-celebrara-dia-la-musica-las-mononas-los-tricolores","status":"publish","type":"post","link":"http:\/\/vientosur.top\/museo\/museo-violeta-parra-celebrara-dia-la-musica-las-mononas-los-tricolores\/","title":{"rendered":"Museo Violeta Parra celebr\u00f3 101 a\u00f1os de la artista con fiesta ciudadana y exhibici\u00f3n de tres obras nunca antes vistas en Chile"},"content":{"rendered":"<p><em>El jueves 4 de octubre, la instituci\u00f3n festej\u00f3 su tercer aniversario con las cuecas de Las Mononas y Los Trukeros, un taller masivo de bordado, la proyecci\u00f3n de un recital de Isabel y \u00c1ngel Parra y con el cl\u00e1sico juego de las sillas musicales.<\/em><\/p>\n<p>El 4 de octubre es un d\u00eda clave para la cultura en Chile. A prop\u00f3sito de la fecha de nacimiento de Violeta Parra (4 de octubre de 1917), se celebr\u00f3 en todo el pa\u00eds el D\u00eda de la M\u00fasica y los M\u00fasicos Chilenos. En ese contexto, el museo dedicado a la multifac\u00e9tica\u00a0creadora, que ese mismo d\u00eda cumple tres a\u00f1os de funcionamiento, celebr\u00f3 con una programaci\u00f3n gratuita para el p\u00fablico.<\/p>\n<p>La jornada se inici\u00f3 con una ceremonia en la Sala Antar, en la que la Directora Cecilia Garc\u00eda-Huidobro realiz\u00f3 una revisi\u00f3n de los tres a\u00f1os del museo y Carmen Luisa Letelier, Presidenta del Directorio de la Fundaci\u00f3n Museo Violeta Parra, dedic\u00f3 unas palabras a Violeta e interpret\u00f3 una canci\u00f3n en su honor.<\/p>\n<p>M\u00e1s tarde, y para cerrar la ceremonia, Isabel Parra y Tita Parra realizaron una intervenci\u00f3n musical que incluy\u00f3 una versi\u00f3n de \u00abEl d\u00eda de tu cumplea\u00f1os\u00bb, canci\u00f3n que interpretaron junto a Javiera Parra.<\/p>\n<p><iframe style=\"border: none; overflow: hidden;\" src=\"https:\/\/www.facebook.com\/plugins\/video.php?href=https%3A%2F%2Fwww.facebook.com%2FMuseoVioletaParra%2Fvideos%2F329796451159013%2F&amp;show_text=0&amp;width=560\" width=\"560\" height=\"315\" frameborder=\"0\" scrolling=\"no\" allowfullscreen=\"allowfullscreen\"><\/iframe><\/p>\n<p>Luego de la ceremonia, Milena Rojas, Jefa de Colecci\u00f3n y Patrimonio del museo, present\u00f3 la\u00a0muestra \u201cEl D\u00eda de tu cumplea\u00f1os\u201d, que incluye tres obras de Violeta Parra nunca antes exhibidas en Chile y que, recientemente, fueron donadas al museo por el ciudadano suizo Freddy Buache, gracias a las gestiones de la Asociaci\u00f3n Art\u00edsticamente, de Suiza.<\/p>\n<p>Se trata de una ronda de ni\u00f1os hecha de papel mach\u00e9; una pintura en la que se ve una festiva escena; y una arpillera en la que retrat\u00f3 a uno m\u00e1s de sus seres imaginarios; \u201cLa Brujita\u201d, \u00a0y que aparece en la car\u00e1tula del disco \u201cVioleta Parra en Ginebra\u201d, de 1965. Las tres obras podr\u00e1n ser vistas por el p\u00fablico en la Sala Divina del museo.<\/p>\n<p><a href=\"https:\/\/www.facebook.com\/media\/set\/?set=ms.c.eJxF0dkNAzAIA9CNKjBHYP~%3BFqpDi~%3Bj5xOASAmAeyIFWFDwb0SEEaVgvlGo4IQuOB~%3BAACrxN1jFADeRbUpgW9gB7QbTH123JSFzBbHELoqfBccLtJJWMhJ7r4JrUz0S0JZXdG9r42TG4FlAB~%3B9~%3BAF1dsSSZBzK1o2aXjcGdqHoDMj~%3B4AHyS3xthiH9kA3oSaY7VrveQv4OO85chxuiZoZ~%3BJeImAqeMNxf0mJFToU2h06w5r945wN8AbNCcDU~-.bps.a.2220341698209239&amp;type=1&amp;__xts__[0]=68.ARAtp3qSwGAz2AWxYBM3p1AtfqZdg18aFip897yNbm_46B4s8cp54ylQySUxGcXUFLIuHwSgrYQEhstBVUSVu4LY0D0uutjMFbw2_Id9LMDu2qd7dohuzZssyfpaxDEQ9bMtSnPnoMyT92NIsk8VRcK5bwgewBVYkub4JXOA4qahzwrEYAmrxQ&amp;__tn__=HH-R\" target=\"_blank\" rel=\"noopener noreferrer\">Ver galer\u00eda de im\u00e1genes\u00a0<\/a><\/p>\n<p><strong>Fiesta Ciudadana<\/strong><\/p>\n<p>Luego de la inauguraci\u00f3n de la exhibici\u00f3n comenz\u00f3 una fiesta ciudadana que convoc\u00f3 a m\u00e1s de 600 personas durante todo el d\u00eda.\u00a0\u00a0Las encargadas de dar inicio a los festejos fueron Las\u00a0Mononas, agrupaci\u00f3n de mujeres que naci\u00f3 en 2016 en la Universidad Metropolitana de Ciencias de la Educaci\u00f3n. A trav\u00e9s del acorde\u00f3n, la guitarra, el contrabajo y el pandero, este conjunto cuequero llen\u00f3 de m\u00fasica y baile la explanada del museo desde las 13:30 horas.<\/p>\n<p><a href=\"http:\/\/vientosur.top\/museo\/wp-content\/uploads\/2018\/09\/43074533_2220295518213857_3611872182298214400_n.jpg\"><img fetchpriority=\"high\" decoding=\"async\" class=\"aligncenter wp-image-16582 size-full\" src=\"http:\/\/vientosur.top\/museo\/wp-content\/uploads\/2018\/09\/43074533_2220295518213857_3611872182298214400_n.jpg\" alt=\"\" width=\"960\" height=\"638\" \/><\/a><\/p>\n<p>M\u00e1s tarde, a las 14:30 horas, se realiz\u00f3 un taller masivo de bordado en la explanada del recinto ubicado en\u00a0<a href=\"https:\/\/maps.google.com\/?q=Vicu%C3%B1a+Mackenna+37&amp;entry=gmail&amp;source=g\">Vicu\u00f1a Mackenna 37<\/a>, metro Baquedano. \u00a0\u201cVioletas para Violeta\u201d, fue el nombre de la actividad en donde las y los participantes bordaron una violeta en homenaje a la artista.<\/p>\n<p><a href=\"https:\/\/www.facebook.com\/pg\/MuseoVioletaParra\/photos\/?tab=album&amp;album_id=2220212231555519&amp;__xts__%5B0%5D=68.ARB0KBfRamGVJw_gIHiZXN6dVJAq0i7TOmUbMxYag3Wnn9z7RVIBxegdJSznCP6O49mcz71KJ4qIw7MloiCNMmhHuZnRIGaMUH1sGuHgweToVB30RQEWexsv0e9Lj29LGaTFlC-q8ZmpG8nDPl2MOXnK7IeuFjF7B-KpF_UUxkdsKRj0m9Nmpg&amp;__tn__=-UC-R\" target=\"_blank\" rel=\"noopener noreferrer\">Ver galer\u00eda de im\u00e1genes<\/a><\/p>\n<p>A las 15:30 horas, recordando uno de los juegos que practicaba Violeta Parra, el museo organiz\u00f3 un Torneo de Sillas Musicales.<\/p>\n<p><a href=\"https:\/\/www.facebook.com\/media\/set\/?set=ms.c.eJw9zMENACEMxMCOTuCwZNN~%3BYwhO8B1ZBhpRDtNroI8DztYlnFyQDjgvzPqLeMXcD4kFzbUQ7w~-~-.bps.a.2220238514886224&amp;type=1&amp;__tn__=HH-R\" target=\"_blank\" rel=\"noopener noreferrer\">Ver galer\u00eda de im\u00e1genes<\/a><\/p>\n<p>Para cerrar esta fiesta, las cuecas volvieron a sonar en la explanada del museo.\u00a0Los Trukeros, agrupaci\u00f3n que cuenta\u00a0con m\u00e1s de dos d\u00e9cadas de trayectoria,\u00a0realizaron una presentaci\u00f3n musical en donde el p\u00fablico particip\u00f3 bailando. Todas las actividades fueron gratuitas, al igual que el ingreso al museo.<\/p>\n<p><a href=\"https:\/\/www.facebook.com\/media\/set\/?set=ms.c.eJw1yskJACAMBMCOxOwRk~%3B4bEyJ~_hwGw0d27EFTUwoA9UH5AsE9YovyHMCPzAsnmDX0~-.bps.a.2220294551547287&amp;type=1&amp;__tn__=HH-R\" target=\"_blank\" rel=\"noopener noreferrer\">Ver galer\u00eda de im\u00e1genes<\/a><\/p>\n<p><iframe src=\"https:\/\/www.youtube.com\/embed\/sCfoHZ9cww0\" width=\"560\" height=\"315\" frameborder=\"0\" allowfullscreen=\"allowfullscreen\"><\/iframe><\/p>\n","protected":false},"excerpt":{"rendered":"<p>El jueves 4 de octubre, la instituci\u00f3n festej\u00f3 su tercer aniversario con las cuecas de Las Mononas y Los Trukeros, un taller masivo de bordado, la proyecci\u00f3n de un recital de Isabel y \u00c1ngel Parra y con el cl\u00e1sico juego de las sillas musicales. El 4 de octubre es un d\u00eda clave para la cultura [&hellip;]<\/p>\n","protected":false},"author":5,"featured_media":16583,"comment_status":"open","ping_status":"open","sticky":false,"template":"","format":"standard","meta":{"site-sidebar-layout":"default","site-content-layout":"","ast-site-content-layout":"default","site-content-style":"default","site-sidebar-style":"default","ast-global-header-display":"","ast-banner-title-visibility":"","ast-main-header-display":"","ast-hfb-above-header-display":"","ast-hfb-below-header-display":"","ast-hfb-mobile-header-display":"","site-post-title":"","ast-breadcrumbs-content":"","ast-featured-img":"","footer-sml-layout":"","theme-transparent-header-meta":"","adv-header-id-meta":"","stick-header-meta":"","header-above-stick-meta":"","header-main-stick-meta":"","header-below-stick-meta":"","astra-migrate-meta-layouts":"default","ast-page-background-enabled":"default","ast-page-background-meta":{"desktop":{"background-color":"var(--ast-global-color-4)","background-image":"","background-repeat":"repeat","background-position":"center center","background-size":"auto","background-attachment":"scroll","background-type":"","background-media":"","overlay-type":"","overlay-color":"","overlay-opacity":"","overlay-gradient":""},"tablet":{"background-color":"","background-image":"","background-repeat":"repeat","background-position":"center center","background-size":"auto","background-attachment":"scroll","background-type":"","background-media":"","overlay-type":"","overlay-color":"","overlay-opacity":"","overlay-gradient":""},"mobile":{"background-color":"","background-image":"","background-repeat":"repeat","background-position":"center center","background-size":"auto","background-attachment":"scroll","background-type":"","background-media":"","overlay-type":"","overlay-color":"","overlay-opacity":"","overlay-gradient":""}},"ast-content-background-meta":{"desktop":{"background-color":"var(--ast-global-color-5)","background-image":"","background-repeat":"repeat","background-position":"center center","background-size":"auto","background-attachment":"scroll","background-type":"","background-media":"","overlay-type":"","overlay-color":"","overlay-opacity":"","overlay-gradient":""},"tablet":{"background-color":"var(--ast-global-color-5)","background-image":"","background-repeat":"repeat","background-position":"center center","background-size":"auto","background-attachment":"scroll","background-type":"","background-media":"","overlay-type":"","overlay-color":"","overlay-opacity":"","overlay-gradient":""},"mobile":{"background-color":"var(--ast-global-color-5)","background-image":"","background-repeat":"repeat","background-position":"center center","background-size":"auto","background-attachment":"scroll","background-type":"","background-media":"","overlay-type":"","overlay-color":"","overlay-opacity":"","overlay-gradient":""}},"footnotes":""},"categories":[59,8,61],"tags":[],"class_list":["post-16516","post","type-post","status-publish","format-standard","has-post-thumbnail","hentry","category-destacado-noticia","category-noticias","category-novedades"],"yoast_head":"<!-- This site is optimized with the Yoast SEO plugin v25.4 - https:\/\/yoast.com\/wordpress\/plugins\/seo\/ -->\n<title>Museo Violeta Parra celebr\u00f3 101 a\u00f1os de la artista con fiesta ciudadana y exhibici\u00f3n de tres obras nunca antes vistas en Chile - Museo Violeta Parra<\/title>\n<meta name=\"robots\" content=\"index, follow, max-snippet:-1, max-image-preview:large, max-video-preview:-1\" \/>\n<link rel=\"canonical\" href=\"http:\/\/vientosur.top\/museo\/museo-violeta-parra-celebrara-dia-la-musica-las-mononas-los-tricolores\/\" \/>\n<meta property=\"og:locale\" content=\"es_ES\" \/>\n<meta property=\"og:type\" content=\"article\" \/>\n<meta property=\"og:title\" content=\"Museo Violeta Parra celebr\u00f3 101 a\u00f1os de la artista con fiesta ciudadana y exhibici\u00f3n de tres obras nunca antes vistas en Chile - Museo Violeta Parra\" \/>\n<meta property=\"og:description\" content=\"El jueves 4 de octubre, la instituci\u00f3n festej\u00f3 su tercer aniversario con las cuecas de Las Mononas y Los Trukeros, un taller masivo de bordado, la proyecci\u00f3n de un recital de Isabel y \u00c1ngel Parra y con el cl\u00e1sico juego de las sillas musicales. El 4 de octubre es un d\u00eda clave para la cultura [&hellip;]\" \/>\n<meta property=\"og:url\" content=\"http:\/\/vientosur.top\/museo\/museo-violeta-parra-celebrara-dia-la-musica-las-mononas-los-tricolores\/\" \/>\n<meta property=\"og:site_name\" content=\"Museo Violeta Parra\" \/>\n<meta property=\"article:published_time\" content=\"2018-10-04T21:26:09+00:00\" \/>\n<meta property=\"og:image\" content=\"http:\/\/vientosur.top\/museo\/wp-content\/uploads\/2018\/09\/43117877_2220343838209025_5327544783340568576_n.jpg\" \/>\n\t<meta property=\"og:image:width\" content=\"960\" \/>\n\t<meta property=\"og:image:height\" content=\"640\" \/>\n\t<meta property=\"og:image:type\" content=\"image\/jpeg\" \/>\n<meta name=\"author\" content=\"admin\" \/>\n<meta name=\"twitter:card\" content=\"summary_large_image\" \/>\n<meta name=\"twitter:label1\" content=\"Escrito por\" \/>\n\t<meta name=\"twitter:data1\" content=\"admin\" \/>\n\t<meta name=\"twitter:label2\" content=\"Tiempo de lectura\" \/>\n\t<meta name=\"twitter:data2\" content=\"3 minutos\" \/>\n<script type=\"application\/ld+json\" class=\"yoast-schema-graph\">{\"@context\":\"https:\/\/schema.org\",\"@graph\":[{\"@type\":\"WebPage\",\"@id\":\"http:\/\/vientosur.top\/museo\/museo-violeta-parra-celebrara-dia-la-musica-las-mononas-los-tricolores\/\",\"url\":\"http:\/\/vientosur.top\/museo\/museo-violeta-parra-celebrara-dia-la-musica-las-mononas-los-tricolores\/\",\"name\":\"Museo Violeta Parra celebr\u00f3 101 a\u00f1os de la artista con fiesta ciudadana y exhibici\u00f3n de tres obras nunca antes vistas en Chile - Museo Violeta Parra\",\"isPartOf\":{\"@id\":\"http:\/\/vientosur.top\/museo\/#website\"},\"primaryImageOfPage\":{\"@id\":\"http:\/\/vientosur.top\/museo\/museo-violeta-parra-celebrara-dia-la-musica-las-mononas-los-tricolores\/#primaryimage\"},\"image\":{\"@id\":\"http:\/\/vientosur.top\/museo\/museo-violeta-parra-celebrara-dia-la-musica-las-mononas-los-tricolores\/#primaryimage\"},\"thumbnailUrl\":\"http:\/\/vientosur.top\/museo\/wp-content\/uploads\/2018\/09\/43117877_2220343838209025_5327544783340568576_n.jpg\",\"datePublished\":\"2018-10-04T21:26:09+00:00\",\"author\":{\"@id\":\"http:\/\/vientosur.top\/museo\/#\/schema\/person\/20c79d3c38800971feec8c2693c3dd9c\"},\"breadcrumb\":{\"@id\":\"http:\/\/vientosur.top\/museo\/museo-violeta-parra-celebrara-dia-la-musica-las-mononas-los-tricolores\/#breadcrumb\"},\"inLanguage\":\"es\",\"potentialAction\":[{\"@type\":\"ReadAction\",\"target\":[\"http:\/\/vientosur.top\/museo\/museo-violeta-parra-celebrara-dia-la-musica-las-mononas-los-tricolores\/\"]}]},{\"@type\":\"ImageObject\",\"inLanguage\":\"es\",\"@id\":\"http:\/\/vientosur.top\/museo\/museo-violeta-parra-celebrara-dia-la-musica-las-mononas-los-tricolores\/#primaryimage\",\"url\":\"http:\/\/vientosur.top\/museo\/wp-content\/uploads\/2018\/09\/43117877_2220343838209025_5327544783340568576_n.jpg\",\"contentUrl\":\"http:\/\/vientosur.top\/museo\/wp-content\/uploads\/2018\/09\/43117877_2220343838209025_5327544783340568576_n.jpg\",\"width\":960,\"height\":640},{\"@type\":\"BreadcrumbList\",\"@id\":\"http:\/\/vientosur.top\/museo\/museo-violeta-parra-celebrara-dia-la-musica-las-mononas-los-tricolores\/#breadcrumb\",\"itemListElement\":[{\"@type\":\"ListItem\",\"position\":1,\"name\":\"Portada\",\"item\":\"http:\/\/vientosur.top\/museo\/\"},{\"@type\":\"ListItem\",\"position\":2,\"name\":\"Museo Violeta Parra celebr\u00f3 101 a\u00f1os de la artista con fiesta ciudadana y exhibici\u00f3n de tres obras nunca antes vistas en Chile\"}]},{\"@type\":\"WebSite\",\"@id\":\"http:\/\/vientosur.top\/museo\/#website\",\"url\":\"http:\/\/vientosur.top\/museo\/\",\"name\":\"Museo Violeta Parra\",\"description\":\"Espacio que alberga tanto la memoria y legado creativo de la artista\",\"potentialAction\":[{\"@type\":\"SearchAction\",\"target\":{\"@type\":\"EntryPoint\",\"urlTemplate\":\"http:\/\/vientosur.top\/museo\/?s={search_term_string}\"},\"query-input\":{\"@type\":\"PropertyValueSpecification\",\"valueRequired\":true,\"valueName\":\"search_term_string\"}}],\"inLanguage\":\"es\"},{\"@type\":\"Person\",\"@id\":\"http:\/\/vientosur.top\/museo\/#\/schema\/person\/20c79d3c38800971feec8c2693c3dd9c\",\"name\":\"admin\",\"image\":{\"@type\":\"ImageObject\",\"inLanguage\":\"es\",\"@id\":\"http:\/\/vientosur.top\/museo\/#\/schema\/person\/image\/\",\"url\":\"https:\/\/secure.gravatar.com\/avatar\/713677ece3ffa642287213a80e5b773bce9ab81c269dd6d95102a990951c922f?s=96&d=mm&r=g\",\"contentUrl\":\"https:\/\/secure.gravatar.com\/avatar\/713677ece3ffa642287213a80e5b773bce9ab81c269dd6d95102a990951c922f?s=96&d=mm&r=g\",\"caption\":\"admin\"},\"sameAs\":[\"http:\/\/vientosur.top\/museo\"],\"url\":\"http:\/\/vientosur.top\/museo\/author\/comunicacionesmvp\/\"}]}<\/script>\n<!-- \/ Yoast SEO plugin. -->","yoast_head_json":{"title":"Museo Violeta Parra celebr\u00f3 101 a\u00f1os de la artista con fiesta ciudadana y exhibici\u00f3n de tres obras nunca antes vistas en Chile - Museo Violeta Parra","robots":{"index":"index","follow":"follow","max-snippet":"max-snippet:-1","max-image-preview":"max-image-preview:large","max-video-preview":"max-video-preview:-1"},"canonical":"http:\/\/vientosur.top\/museo\/museo-violeta-parra-celebrara-dia-la-musica-las-mononas-los-tricolores\/","og_locale":"es_ES","og_type":"article","og_title":"Museo Violeta Parra celebr\u00f3 101 a\u00f1os de la artista con fiesta ciudadana y exhibici\u00f3n de tres obras nunca antes vistas en Chile - Museo Violeta Parra","og_description":"El jueves 4 de octubre, la instituci\u00f3n festej\u00f3 su tercer aniversario con las cuecas de Las Mononas y Los Trukeros, un taller masivo de bordado, la proyecci\u00f3n de un recital de Isabel y \u00c1ngel Parra y con el cl\u00e1sico juego de las sillas musicales. El 4 de octubre es un d\u00eda clave para la cultura [&hellip;]","og_url":"http:\/\/vientosur.top\/museo\/museo-violeta-parra-celebrara-dia-la-musica-las-mononas-los-tricolores\/","og_site_name":"Museo Violeta Parra","article_published_time":"2018-10-04T21:26:09+00:00","og_image":[{"width":960,"height":640,"url":"http:\/\/vientosur.top\/museo\/wp-content\/uploads\/2018\/09\/43117877_2220343838209025_5327544783340568576_n.jpg","type":"image\/jpeg"}],"author":"admin","twitter_card":"summary_large_image","twitter_misc":{"Escrito por":"admin","Tiempo de lectura":"3 minutos"},"schema":{"@context":"https:\/\/schema.org","@graph":[{"@type":"WebPage","@id":"http:\/\/vientosur.top\/museo\/museo-violeta-parra-celebrara-dia-la-musica-las-mononas-los-tricolores\/","url":"http:\/\/vientosur.top\/museo\/museo-violeta-parra-celebrara-dia-la-musica-las-mononas-los-tricolores\/","name":"Museo Violeta Parra celebr\u00f3 101 a\u00f1os de la artista con fiesta ciudadana y exhibici\u00f3n de tres obras nunca antes vistas en Chile - Museo Violeta Parra","isPartOf":{"@id":"http:\/\/vientosur.top\/museo\/#website"},"primaryImageOfPage":{"@id":"http:\/\/vientosur.top\/museo\/museo-violeta-parra-celebrara-dia-la-musica-las-mononas-los-tricolores\/#primaryimage"},"image":{"@id":"http:\/\/vientosur.top\/museo\/museo-violeta-parra-celebrara-dia-la-musica-las-mononas-los-tricolores\/#primaryimage"},"thumbnailUrl":"http:\/\/vientosur.top\/museo\/wp-content\/uploads\/2018\/09\/43117877_2220343838209025_5327544783340568576_n.jpg","datePublished":"2018-10-04T21:26:09+00:00","author":{"@id":"http:\/\/vientosur.top\/museo\/#\/schema\/person\/20c79d3c38800971feec8c2693c3dd9c"},"breadcrumb":{"@id":"http:\/\/vientosur.top\/museo\/museo-violeta-parra-celebrara-dia-la-musica-las-mononas-los-tricolores\/#breadcrumb"},"inLanguage":"es","potentialAction":[{"@type":"ReadAction","target":["http:\/\/vientosur.top\/museo\/museo-violeta-parra-celebrara-dia-la-musica-las-mononas-los-tricolores\/"]}]},{"@type":"ImageObject","inLanguage":"es","@id":"http:\/\/vientosur.top\/museo\/museo-violeta-parra-celebrara-dia-la-musica-las-mononas-los-tricolores\/#primaryimage","url":"http:\/\/vientosur.top\/museo\/wp-content\/uploads\/2018\/09\/43117877_2220343838209025_5327544783340568576_n.jpg","contentUrl":"http:\/\/vientosur.top\/museo\/wp-content\/uploads\/2018\/09\/43117877_2220343838209025_5327544783340568576_n.jpg","width":960,"height":640},{"@type":"BreadcrumbList","@id":"http:\/\/vientosur.top\/museo\/museo-violeta-parra-celebrara-dia-la-musica-las-mononas-los-tricolores\/#breadcrumb","itemListElement":[{"@type":"ListItem","position":1,"name":"Portada","item":"http:\/\/vientosur.top\/museo\/"},{"@type":"ListItem","position":2,"name":"Museo Violeta Parra celebr\u00f3 101 a\u00f1os de la artista con fiesta ciudadana y exhibici\u00f3n de tres obras nunca antes vistas en Chile"}]},{"@type":"WebSite","@id":"http:\/\/vientosur.top\/museo\/#website","url":"http:\/\/vientosur.top\/museo\/","name":"Museo Violeta Parra","description":"Espacio que alberga tanto la memoria y legado creativo de la artista","potentialAction":[{"@type":"SearchAction","target":{"@type":"EntryPoint","urlTemplate":"http:\/\/vientosur.top\/museo\/?s={search_term_string}"},"query-input":{"@type":"PropertyValueSpecification","valueRequired":true,"valueName":"search_term_string"}}],"inLanguage":"es"},{"@type":"Person","@id":"http:\/\/vientosur.top\/museo\/#\/schema\/person\/20c79d3c38800971feec8c2693c3dd9c","name":"admin","image":{"@type":"ImageObject","inLanguage":"es","@id":"http:\/\/vientosur.top\/museo\/#\/schema\/person\/image\/","url":"https:\/\/secure.gravatar.com\/avatar\/713677ece3ffa642287213a80e5b773bce9ab81c269dd6d95102a990951c922f?s=96&d=mm&r=g","contentUrl":"https:\/\/secure.gravatar.com\/avatar\/713677ece3ffa642287213a80e5b773bce9ab81c269dd6d95102a990951c922f?s=96&d=mm&r=g","caption":"admin"},"sameAs":["http:\/\/vientosur.top\/museo"],"url":"http:\/\/vientosur.top\/museo\/author\/comunicacionesmvp\/"}]}},"_links":{"self":[{"href":"http:\/\/vientosur.top\/museo\/wp-json\/wp\/v2\/posts\/16516","targetHints":{"allow":["GET"]}}],"collection":[{"href":"http:\/\/vientosur.top\/museo\/wp-json\/wp\/v2\/posts"}],"about":[{"href":"http:\/\/vientosur.top\/museo\/wp-json\/wp\/v2\/types\/post"}],"author":[{"embeddable":true,"href":"http:\/\/vientosur.top\/museo\/wp-json\/wp\/v2\/users\/5"}],"replies":[{"embeddable":true,"href":"http:\/\/vientosur.top\/museo\/wp-json\/wp\/v2\/comments?post=16516"}],"version-history":[{"count":0,"href":"http:\/\/vientosur.top\/museo\/wp-json\/wp\/v2\/posts\/16516\/revisions"}],"wp:featuredmedia":[{"embeddable":true,"href":"http:\/\/vientosur.top\/museo\/wp-json\/wp\/v2\/media\/16583"}],"wp:attachment":[{"href":"http:\/\/vientosur.top\/museo\/wp-json\/wp\/v2\/media?parent=16516"}],"wp:term":[{"taxonomy":"category","embeddable":true,"href":"http:\/\/vientosur.top\/museo\/wp-json\/wp\/v2\/categories?post=16516"},{"taxonomy":"post_tag","embeddable":true,"href":"http:\/\/vientosur.top\/museo\/wp-json\/wp\/v2\/tags?post=16516"}],"curies":[{"name":"wp","href":"https:\/\/api.w.org\/{rel}","templated":true}]}}