{"id":16714,"date":"2018-10-16T10:00:55","date_gmt":"2018-10-16T15:00:55","guid":{"rendered":"http:\/\/vientosur.top\/museo\/?p=16714"},"modified":"2018-10-16T10:00:55","modified_gmt":"2018-10-16T15:00:55","slug":"ciclo-teatro-titeres-presenta-arbol-ko-este-domingo-museo-violeta-parra","status":"publish","type":"post","link":"http:\/\/vientosur.top\/museo\/ciclo-teatro-titeres-presenta-arbol-ko-este-domingo-museo-violeta-parra\/","title":{"rendered":"Ciclo de teatro de t\u00edteres present\u00f3 \u00abEl \u00e1rbol de Ko\u00bb en el Museo Violeta Parra"},"content":{"rendered":"<p><a href=\"http:\/\/vientosur.top\/museo\/wp-content\/uploads\/2018\/10\/elarboldek.jpg\"><img fetchpriority=\"high\" decoding=\"async\" class=\"alignnone size-full wp-image-16565\" src=\"http:\/\/vientosur.top\/museo\/wp-content\/uploads\/2018\/10\/elarboldek.jpg\" alt=\"\" width=\"1000\" height=\"657\" srcset=\"http:\/\/vientosur.top\/museo\/wp-content\/uploads\/2018\/10\/elarboldek.jpg 1000w, http:\/\/vientosur.top\/museo\/wp-content\/uploads\/2018\/10\/elarboldek-600x394.jpg 600w, http:\/\/vientosur.top\/museo\/wp-content\/uploads\/2018\/10\/elarboldek-300x197.jpg 300w, http:\/\/vientosur.top\/museo\/wp-content\/uploads\/2018\/10\/elarboldek-768x505.jpg 768w\" sizes=\"(max-width: 1000px) 100vw, 1000px\" \/><\/a><\/p>\n<p>\u00abUn ni\u00f1o y su abuela, los cuentos a la manera antigua de transmitir las ense\u00f1anzas. Un \u00e1rbol nacer\u00e1 donde la abuela termina su camino; subir al \u00e1rbol ser\u00e1 como estar en sus brazos. Todas las historias van y vienen, solo necesitan alguien que quiera escucharlas, el \u00faltimo guerrero de una tribu, un chupacabras perseguido, un cocodrilo hambriento, una gallina perdida.\u00a0En el \u00e1rbol-abuela es donde se protege un ni\u00f1o llamado Ko. Ah\u00ed abundan los peligros, pero tambi\u00e9n aparecen los amigos\u00bb, indica la rese\u00f1a del espect\u00e1culo que se present\u00f3 el domingo 21 de octubre al mediod\u00eda en la Sala Antar del Museo Violeta Parra.<\/p>\n","protected":false},"excerpt":{"rendered":"<p>\u00abUn ni\u00f1o y su abuela, los cuentos a la manera antigua de transmitir las ense\u00f1anzas. Un \u00e1rbol nacer\u00e1 donde la abuela termina su camino; subir al \u00e1rbol ser\u00e1 como estar en sus brazos. Todas las historias van y vienen, solo necesitan alguien que quiera escucharlas, el \u00faltimo guerrero de una tribu, un chupacabras perseguido, un [&hellip;]<\/p>\n","protected":false},"author":5,"featured_media":16565,"comment_status":"open","ping_status":"open","sticky":false,"template":"","format":"standard","meta":{"site-sidebar-layout":"default","site-content-layout":"","ast-site-content-layout":"default","site-content-style":"default","site-sidebar-style":"default","ast-global-header-display":"","ast-banner-title-visibility":"","ast-main-header-display":"","ast-hfb-above-header-display":"","ast-hfb-below-header-display":"","ast-hfb-mobile-header-display":"","site-post-title":"","ast-breadcrumbs-content":"","ast-featured-img":"","footer-sml-layout":"","theme-transparent-header-meta":"","adv-header-id-meta":"","stick-header-meta":"","header-above-stick-meta":"","header-main-stick-meta":"","header-below-stick-meta":"","astra-migrate-meta-layouts":"default","ast-page-background-enabled":"default","ast-page-background-meta":{"desktop":{"background-color":"var(--ast-global-color-4)","background-image":"","background-repeat":"repeat","background-position":"center center","background-size":"auto","background-attachment":"scroll","background-type":"","background-media":"","overlay-type":"","overlay-color":"","overlay-opacity":"","overlay-gradient":""},"tablet":{"background-color":"","background-image":"","background-repeat":"repeat","background-position":"center center","background-size":"auto","background-attachment":"scroll","background-type":"","background-media":"","overlay-type":"","overlay-color":"","overlay-opacity":"","overlay-gradient":""},"mobile":{"background-color":"","background-image":"","background-repeat":"repeat","background-position":"center center","background-size":"auto","background-attachment":"scroll","background-type":"","background-media":"","overlay-type":"","overlay-color":"","overlay-opacity":"","overlay-gradient":""}},"ast-content-background-meta":{"desktop":{"background-color":"var(--ast-global-color-5)","background-image":"","background-repeat":"repeat","background-position":"center center","background-size":"auto","background-attachment":"scroll","background-type":"","background-media":"","overlay-type":"","overlay-color":"","overlay-opacity":"","overlay-gradient":""},"tablet":{"background-color":"var(--ast-global-color-5)","background-image":"","background-repeat":"repeat","background-position":"center center","background-size":"auto","background-attachment":"scroll","background-type":"","background-media":"","overlay-type":"","overlay-color":"","overlay-opacity":"","overlay-gradient":""},"mobile":{"background-color":"var(--ast-global-color-5)","background-image":"","background-repeat":"repeat","background-position":"center center","background-size":"auto","background-attachment":"scroll","background-type":"","background-media":"","overlay-type":"","overlay-color":"","overlay-opacity":"","overlay-gradient":""}},"footnotes":""},"categories":[59,8,61],"tags":[],"class_list":["post-16714","post","type-post","status-publish","format-standard","has-post-thumbnail","hentry","category-destacado-noticia","category-noticias","category-novedades"],"yoast_head":"<!-- This site is optimized with the Yoast SEO plugin v25.4 - https:\/\/yoast.com\/wordpress\/plugins\/seo\/ -->\n<title>Ciclo de teatro de t\u00edteres present\u00f3 &quot;El \u00e1rbol de Ko&quot; en el Museo Violeta Parra - Museo Violeta Parra<\/title>\n<meta name=\"robots\" content=\"index, follow, max-snippet:-1, max-image-preview:large, max-video-preview:-1\" \/>\n<link rel=\"canonical\" href=\"http:\/\/vientosur.top\/museo\/ciclo-teatro-titeres-presenta-arbol-ko-este-domingo-museo-violeta-parra\/\" \/>\n<meta property=\"og:locale\" content=\"es_ES\" \/>\n<meta property=\"og:type\" content=\"article\" \/>\n<meta property=\"og:title\" content=\"Ciclo de teatro de t\u00edteres present\u00f3 &quot;El \u00e1rbol de Ko&quot; en el Museo Violeta Parra - Museo Violeta Parra\" \/>\n<meta property=\"og:description\" content=\"\u00abUn ni\u00f1o y su abuela, los cuentos a la manera antigua de transmitir las ense\u00f1anzas. Un \u00e1rbol nacer\u00e1 donde la abuela termina su camino; subir al \u00e1rbol ser\u00e1 como estar en sus brazos. Todas las historias van y vienen, solo necesitan alguien que quiera escucharlas, el \u00faltimo guerrero de una tribu, un chupacabras perseguido, un [&hellip;]\" \/>\n<meta property=\"og:url\" content=\"http:\/\/vientosur.top\/museo\/ciclo-teatro-titeres-presenta-arbol-ko-este-domingo-museo-violeta-parra\/\" \/>\n<meta property=\"og:site_name\" content=\"Museo Violeta Parra\" \/>\n<meta property=\"article:published_time\" content=\"2018-10-16T15:00:55+00:00\" \/>\n<meta property=\"og:image\" content=\"http:\/\/vientosur.top\/museo\/wp-content\/uploads\/2018\/10\/elarboldek.jpg\" \/>\n\t<meta property=\"og:image:width\" content=\"1000\" \/>\n\t<meta property=\"og:image:height\" content=\"657\" \/>\n\t<meta property=\"og:image:type\" content=\"image\/jpeg\" \/>\n<meta name=\"author\" content=\"admin\" \/>\n<meta name=\"twitter:card\" content=\"summary_large_image\" \/>\n<meta name=\"twitter:label1\" content=\"Escrito por\" \/>\n\t<meta name=\"twitter:data1\" content=\"admin\" \/>\n\t<meta name=\"twitter:label2\" content=\"Tiempo de lectura\" \/>\n\t<meta name=\"twitter:data2\" content=\"1 minuto\" \/>\n<script type=\"application\/ld+json\" class=\"yoast-schema-graph\">{\"@context\":\"https:\/\/schema.org\",\"@graph\":[{\"@type\":\"WebPage\",\"@id\":\"http:\/\/vientosur.top\/museo\/ciclo-teatro-titeres-presenta-arbol-ko-este-domingo-museo-violeta-parra\/\",\"url\":\"http:\/\/vientosur.top\/museo\/ciclo-teatro-titeres-presenta-arbol-ko-este-domingo-museo-violeta-parra\/\",\"name\":\"Ciclo de teatro de t\u00edteres present\u00f3 \\\"El \u00e1rbol de Ko\\\" en el Museo Violeta Parra - Museo Violeta Parra\",\"isPartOf\":{\"@id\":\"http:\/\/vientosur.top\/museo\/#website\"},\"primaryImageOfPage\":{\"@id\":\"http:\/\/vientosur.top\/museo\/ciclo-teatro-titeres-presenta-arbol-ko-este-domingo-museo-violeta-parra\/#primaryimage\"},\"image\":{\"@id\":\"http:\/\/vientosur.top\/museo\/ciclo-teatro-titeres-presenta-arbol-ko-este-domingo-museo-violeta-parra\/#primaryimage\"},\"thumbnailUrl\":\"http:\/\/vientosur.top\/museo\/wp-content\/uploads\/2018\/10\/elarboldek.jpg\",\"datePublished\":\"2018-10-16T15:00:55+00:00\",\"author\":{\"@id\":\"http:\/\/vientosur.top\/museo\/#\/schema\/person\/20c79d3c38800971feec8c2693c3dd9c\"},\"breadcrumb\":{\"@id\":\"http:\/\/vientosur.top\/museo\/ciclo-teatro-titeres-presenta-arbol-ko-este-domingo-museo-violeta-parra\/#breadcrumb\"},\"inLanguage\":\"es\",\"potentialAction\":[{\"@type\":\"ReadAction\",\"target\":[\"http:\/\/vientosur.top\/museo\/ciclo-teatro-titeres-presenta-arbol-ko-este-domingo-museo-violeta-parra\/\"]}]},{\"@type\":\"ImageObject\",\"inLanguage\":\"es\",\"@id\":\"http:\/\/vientosur.top\/museo\/ciclo-teatro-titeres-presenta-arbol-ko-este-domingo-museo-violeta-parra\/#primaryimage\",\"url\":\"http:\/\/vientosur.top\/museo\/wp-content\/uploads\/2018\/10\/elarboldek.jpg\",\"contentUrl\":\"http:\/\/vientosur.top\/museo\/wp-content\/uploads\/2018\/10\/elarboldek.jpg\",\"width\":1000,\"height\":657},{\"@type\":\"BreadcrumbList\",\"@id\":\"http:\/\/vientosur.top\/museo\/ciclo-teatro-titeres-presenta-arbol-ko-este-domingo-museo-violeta-parra\/#breadcrumb\",\"itemListElement\":[{\"@type\":\"ListItem\",\"position\":1,\"name\":\"Portada\",\"item\":\"http:\/\/vientosur.top\/museo\/\"},{\"@type\":\"ListItem\",\"position\":2,\"name\":\"Ciclo de teatro de t\u00edteres present\u00f3 \u00abEl \u00e1rbol de Ko\u00bb en el Museo Violeta Parra\"}]},{\"@type\":\"WebSite\",\"@id\":\"http:\/\/vientosur.top\/museo\/#website\",\"url\":\"http:\/\/vientosur.top\/museo\/\",\"name\":\"Museo Violeta Parra\",\"description\":\"Espacio que alberga tanto la memoria y legado creativo de la artista\",\"potentialAction\":[{\"@type\":\"SearchAction\",\"target\":{\"@type\":\"EntryPoint\",\"urlTemplate\":\"http:\/\/vientosur.top\/museo\/?s={search_term_string}\"},\"query-input\":{\"@type\":\"PropertyValueSpecification\",\"valueRequired\":true,\"valueName\":\"search_term_string\"}}],\"inLanguage\":\"es\"},{\"@type\":\"Person\",\"@id\":\"http:\/\/vientosur.top\/museo\/#\/schema\/person\/20c79d3c38800971feec8c2693c3dd9c\",\"name\":\"admin\",\"image\":{\"@type\":\"ImageObject\",\"inLanguage\":\"es\",\"@id\":\"http:\/\/vientosur.top\/museo\/#\/schema\/person\/image\/\",\"url\":\"https:\/\/secure.gravatar.com\/avatar\/713677ece3ffa642287213a80e5b773bce9ab81c269dd6d95102a990951c922f?s=96&d=mm&r=g\",\"contentUrl\":\"https:\/\/secure.gravatar.com\/avatar\/713677ece3ffa642287213a80e5b773bce9ab81c269dd6d95102a990951c922f?s=96&d=mm&r=g\",\"caption\":\"admin\"},\"sameAs\":[\"http:\/\/vientosur.top\/museo\"],\"url\":\"http:\/\/vientosur.top\/museo\/author\/comunicacionesmvp\/\"}]}<\/script>\n<!-- \/ Yoast SEO plugin. -->","yoast_head_json":{"title":"Ciclo de teatro de t\u00edteres present\u00f3 \"El \u00e1rbol de Ko\" en el Museo Violeta Parra - Museo Violeta Parra","robots":{"index":"index","follow":"follow","max-snippet":"max-snippet:-1","max-image-preview":"max-image-preview:large","max-video-preview":"max-video-preview:-1"},"canonical":"http:\/\/vientosur.top\/museo\/ciclo-teatro-titeres-presenta-arbol-ko-este-domingo-museo-violeta-parra\/","og_locale":"es_ES","og_type":"article","og_title":"Ciclo de teatro de t\u00edteres present\u00f3 \"El \u00e1rbol de Ko\" en el Museo Violeta Parra - Museo Violeta Parra","og_description":"\u00abUn ni\u00f1o y su abuela, los cuentos a la manera antigua de transmitir las ense\u00f1anzas. Un \u00e1rbol nacer\u00e1 donde la abuela termina su camino; subir al \u00e1rbol ser\u00e1 como estar en sus brazos. Todas las historias van y vienen, solo necesitan alguien que quiera escucharlas, el \u00faltimo guerrero de una tribu, un chupacabras perseguido, un [&hellip;]","og_url":"http:\/\/vientosur.top\/museo\/ciclo-teatro-titeres-presenta-arbol-ko-este-domingo-museo-violeta-parra\/","og_site_name":"Museo Violeta Parra","article_published_time":"2018-10-16T15:00:55+00:00","og_image":[{"width":1000,"height":657,"url":"http:\/\/vientosur.top\/museo\/wp-content\/uploads\/2018\/10\/elarboldek.jpg","type":"image\/jpeg"}],"author":"admin","twitter_card":"summary_large_image","twitter_misc":{"Escrito por":"admin","Tiempo de lectura":"1 minuto"},"schema":{"@context":"https:\/\/schema.org","@graph":[{"@type":"WebPage","@id":"http:\/\/vientosur.top\/museo\/ciclo-teatro-titeres-presenta-arbol-ko-este-domingo-museo-violeta-parra\/","url":"http:\/\/vientosur.top\/museo\/ciclo-teatro-titeres-presenta-arbol-ko-este-domingo-museo-violeta-parra\/","name":"Ciclo de teatro de t\u00edteres present\u00f3 \"El \u00e1rbol de Ko\" en el Museo Violeta Parra - Museo Violeta Parra","isPartOf":{"@id":"http:\/\/vientosur.top\/museo\/#website"},"primaryImageOfPage":{"@id":"http:\/\/vientosur.top\/museo\/ciclo-teatro-titeres-presenta-arbol-ko-este-domingo-museo-violeta-parra\/#primaryimage"},"image":{"@id":"http:\/\/vientosur.top\/museo\/ciclo-teatro-titeres-presenta-arbol-ko-este-domingo-museo-violeta-parra\/#primaryimage"},"thumbnailUrl":"http:\/\/vientosur.top\/museo\/wp-content\/uploads\/2018\/10\/elarboldek.jpg","datePublished":"2018-10-16T15:00:55+00:00","author":{"@id":"http:\/\/vientosur.top\/museo\/#\/schema\/person\/20c79d3c38800971feec8c2693c3dd9c"},"breadcrumb":{"@id":"http:\/\/vientosur.top\/museo\/ciclo-teatro-titeres-presenta-arbol-ko-este-domingo-museo-violeta-parra\/#breadcrumb"},"inLanguage":"es","potentialAction":[{"@type":"ReadAction","target":["http:\/\/vientosur.top\/museo\/ciclo-teatro-titeres-presenta-arbol-ko-este-domingo-museo-violeta-parra\/"]}]},{"@type":"ImageObject","inLanguage":"es","@id":"http:\/\/vientosur.top\/museo\/ciclo-teatro-titeres-presenta-arbol-ko-este-domingo-museo-violeta-parra\/#primaryimage","url":"http:\/\/vientosur.top\/museo\/wp-content\/uploads\/2018\/10\/elarboldek.jpg","contentUrl":"http:\/\/vientosur.top\/museo\/wp-content\/uploads\/2018\/10\/elarboldek.jpg","width":1000,"height":657},{"@type":"BreadcrumbList","@id":"http:\/\/vientosur.top\/museo\/ciclo-teatro-titeres-presenta-arbol-ko-este-domingo-museo-violeta-parra\/#breadcrumb","itemListElement":[{"@type":"ListItem","position":1,"name":"Portada","item":"http:\/\/vientosur.top\/museo\/"},{"@type":"ListItem","position":2,"name":"Ciclo de teatro de t\u00edteres present\u00f3 \u00abEl \u00e1rbol de Ko\u00bb en el Museo Violeta Parra"}]},{"@type":"WebSite","@id":"http:\/\/vientosur.top\/museo\/#website","url":"http:\/\/vientosur.top\/museo\/","name":"Museo Violeta Parra","description":"Espacio que alberga tanto la memoria y legado creativo de la artista","potentialAction":[{"@type":"SearchAction","target":{"@type":"EntryPoint","urlTemplate":"http:\/\/vientosur.top\/museo\/?s={search_term_string}"},"query-input":{"@type":"PropertyValueSpecification","valueRequired":true,"valueName":"search_term_string"}}],"inLanguage":"es"},{"@type":"Person","@id":"http:\/\/vientosur.top\/museo\/#\/schema\/person\/20c79d3c38800971feec8c2693c3dd9c","name":"admin","image":{"@type":"ImageObject","inLanguage":"es","@id":"http:\/\/vientosur.top\/museo\/#\/schema\/person\/image\/","url":"https:\/\/secure.gravatar.com\/avatar\/713677ece3ffa642287213a80e5b773bce9ab81c269dd6d95102a990951c922f?s=96&d=mm&r=g","contentUrl":"https:\/\/secure.gravatar.com\/avatar\/713677ece3ffa642287213a80e5b773bce9ab81c269dd6d95102a990951c922f?s=96&d=mm&r=g","caption":"admin"},"sameAs":["http:\/\/vientosur.top\/museo"],"url":"http:\/\/vientosur.top\/museo\/author\/comunicacionesmvp\/"}]}},"_links":{"self":[{"href":"http:\/\/vientosur.top\/museo\/wp-json\/wp\/v2\/posts\/16714","targetHints":{"allow":["GET"]}}],"collection":[{"href":"http:\/\/vientosur.top\/museo\/wp-json\/wp\/v2\/posts"}],"about":[{"href":"http:\/\/vientosur.top\/museo\/wp-json\/wp\/v2\/types\/post"}],"author":[{"embeddable":true,"href":"http:\/\/vientosur.top\/museo\/wp-json\/wp\/v2\/users\/5"}],"replies":[{"embeddable":true,"href":"http:\/\/vientosur.top\/museo\/wp-json\/wp\/v2\/comments?post=16714"}],"version-history":[{"count":0,"href":"http:\/\/vientosur.top\/museo\/wp-json\/wp\/v2\/posts\/16714\/revisions"}],"wp:featuredmedia":[{"embeddable":true,"href":"http:\/\/vientosur.top\/museo\/wp-json\/wp\/v2\/media\/16565"}],"wp:attachment":[{"href":"http:\/\/vientosur.top\/museo\/wp-json\/wp\/v2\/media?parent=16714"}],"wp:term":[{"taxonomy":"category","embeddable":true,"href":"http:\/\/vientosur.top\/museo\/wp-json\/wp\/v2\/categories?post=16714"},{"taxonomy":"post_tag","embeddable":true,"href":"http:\/\/vientosur.top\/museo\/wp-json\/wp\/v2\/tags?post=16714"}],"curies":[{"name":"wp","href":"https:\/\/api.w.org\/{rel}","templated":true}]}}